{"id":45426,"date":"2023-09-26T21:44:30","date_gmt":"2023-09-26T19:44:30","guid":{"rendered":"https:\/\/www.docenti.it\/blog\/?p=45426"},"modified":"2023-09-26T21:44:31","modified_gmt":"2023-09-26T19:44:31","slug":"24-cfu-e-riforma-reclutamento-docenti","status":"publish","type":"post","link":"https:\/\/www.docenti.it\/blog\/24-cfu-e-riforma-reclutamento-docenti\/","title":{"rendered":"24 CFU e riforma reclutamento docenti"},"content":{"rendered":"\n<p>La riforma riguardante la selezione e la formazione dei docenti, insieme al relativo Decreto del Presidente del Consiglio dei Ministri, non scartano completamente l&#8217;importanza dei 24 CFU.<\/p>\n\n\n\n<p>\u00c8 importante notare che il percorso di abilitazione tramite i 60 CFU diventer\u00e0 obbligatorio per partecipare ai concorsi per l&#8217;ingresso nella professione docente a partire dal 2025. Tuttavia, fino a dicembre 2024, in una fase transitoria, i docenti con almeno tre anni di servizio e coloro che hanno completato i 24 CFU entro il 31 ottobre 2022 avranno la possibilit\u00e0 di accedere ai concorsi senza aver ottenuto l&#8217;abilitazione tramite i 60 CFU.<\/p>\n\n\n\n<p>Una volta superato il concorso, queste persone dovranno poi integrare i CFU mancanti per raggiungere il totale di 60 CFU necessari per ottenere l&#8217;abilitazione completa.<\/p>\n\n\n\n<p>Approfittane per scoprire il programma dei 60 CFU:&nbsp;<\/p>\n\n\n\n<p><a href=\"https:\/\/docenti.it\/formazione-docenti\/percorsi-formativi.html?tc=28\">https:\/\/docenti.it\/formazione-docenti\/percorsi-formativi.html?tc=28<\/a><\/p>\n\n\n\n<h2>Validit\u00e0 dei 24 CFU<\/h2>\n\n\n\n<p>I <strong>24 CFU<\/strong> sono un requisito di accesso ai concorsi per l\u2019abilitazione all\u2019insegnamento introdotti dalla precedente normativa scolastica in Italia.&nbsp;<\/p>\n\n\n\n<p>\u201cPrecedente\u201d in quanto sostituita dal nuovo percorso di abilitazione all\u2019insegnamento dei<strong> 60 CFU<\/strong> introdotto con la <strong>Riforma sul reclutamento del personale scolastico.&nbsp;<\/strong><\/p>\n\n\n\n<p>Per chiunque, per\u00f2, abbia conseguito i 24 CFU entro il 31 ottobre 2022, <strong>conserver\u00e0 la validit\u00e0 del requisito dei 24 CFU conseguiti.&nbsp;<\/strong><\/p>\n\n\n\n<p>Naturalmente sar\u00e0, poi, necessario integrare, in caso di superamento del concorso, integrare il numero di CFU mancanti per il raggiungimento dei 60 CFU.&nbsp;<\/p>\n\n\n\n<p>Che aspetti? Scopri il programma dei 60 CFU:\u00a0<\/p>\n\n\n\n<p><a href=\"https:\/\/docenti.it\/formazione-docenti\/percorsi-formativi.html?tc=28\">https:\/\/docenti.it\/formazione-docenti\/percorsi-formativi.html?tc=28<\/a><\/p>\n","protected":false},"excerpt":{"rendered":"<p>La riforma riguardante la selezione e la formazione dei docenti, insieme al relativo Decreto [&hellip;]<\/p>\n","protected":false},"author":25,"featured_media":45276,"comment_status":"open","ping_status":"open","sticky":false,"template":"","format":"standard","meta":[],"categories":[15],"tags":[189,642],"yoast_head":"<!-- This site is optimized with the Yoast SEO plugin v20.4 - https:\/\/yoast.com\/wordpress\/plugins\/seo\/ -->\n<title>24 CFU e riforma reclutamento docenti - Blog | Docenti.it<\/title>\n<meta name=\"description\" content=\"La riforma sul reclutamento del personale scolastico ha eliminato i 24 CFU come requisito di partecipazione ai concorsi? No, ecco perch\u00e9.\" \/>\n<meta name=\"robots\" content=\"index, follow, max-snippet:-1, max-image-preview:large, max-video-preview:-1\" \/>\n<link rel=\"canonical\" href=\"https:\/\/www.docenti.it\/blog\/24-cfu-e-riforma-reclutamento-docenti\/\" \/>\n<meta property=\"og:locale\" content=\"it_IT\" \/>\n<meta property=\"og:type\" content=\"article\" \/>\n<meta property=\"og:title\" content=\"24 CFU e riforma reclutamento docenti - Blog | Docenti.it\" \/>\n<meta property=\"og:description\" content=\"La riforma sul reclutamento del personale scolastico ha eliminato i 24 CFU come requisito di partecipazione ai concorsi? No, ecco perch\u00e9.\" \/>\n<meta property=\"og:url\" content=\"https:\/\/www.docenti.it\/blog\/24-cfu-e-riforma-reclutamento-docenti\/\" \/>\n<meta property=\"og:site_name\" content=\"Blog | Docenti.it\" \/>\n<meta property=\"article:publisher\" content=\"https:\/\/www.facebook.com\/docenti.it\" \/>\n<meta property=\"article:published_time\" content=\"2023-09-26T19:44:30+00:00\" \/>\n<meta property=\"article:modified_time\" content=\"2023-09-26T19:44:31+00:00\" \/>\n<meta property=\"og:image\" content=\"https:\/\/www.docenti.it\/blog\/wp-content\/uploads\/2023\/07\/pexels-rdne-stock-project-8499580-scaled.jpg\" \/>\n\t<meta property=\"og:image:width\" content=\"2560\" \/>\n\t<meta property=\"og:image:height\" content=\"1707\" \/>\n\t<meta property=\"og:image:type\" content=\"image\/jpeg\" \/>\n<meta name=\"author\" content=\"Gabriella Capraro\" \/>\n<meta name=\"twitter:card\" content=\"summary_large_image\" \/>\n<meta name=\"twitter:label1\" content=\"Written by\" \/>\n\t<meta name=\"twitter:data1\" content=\"Gabriella Capraro\" \/>\n\t<meta name=\"twitter:label2\" content=\"Est. reading time\" \/>\n\t<meta name=\"twitter:data2\" content=\"1 minuto\" \/>\n<script type=\"application\/ld+json\" class=\"yoast-schema-graph\">{\"@context\":\"https:\/\/schema.org\",\"@graph\":[{\"@type\":\"Article\",\"@id\":\"https:\/\/www.docenti.it\/blog\/24-cfu-e-riforma-reclutamento-docenti\/#article\",\"isPartOf\":{\"@id\":\"https:\/\/www.docenti.it\/blog\/24-cfu-e-riforma-reclutamento-docenti\/\"},\"author\":{\"name\":\"Gabriella Capraro\",\"@id\":\"https:\/\/www.docenti.it\/blog\/#\/schema\/person\/773963d3c0645bd34c150c41a13e5754\"},\"headline\":\"24 CFU e riforma reclutamento docenti\",\"datePublished\":\"2023-09-26T19:44:30+00:00\",\"dateModified\":\"2023-09-26T19:44:31+00:00\",\"mainEntityOfPage\":{\"@id\":\"https:\/\/www.docenti.it\/blog\/24-cfu-e-riforma-reclutamento-docenti\/\"},\"wordCount\":238,\"commentCount\":0,\"publisher\":{\"@id\":\"https:\/\/www.docenti.it\/blog\/#organization\"},\"keywords\":[\"24 CFU\",\"reclutamento docenti\"],\"articleSection\":[\"24 CFU\"],\"inLanguage\":\"it-IT\",\"potentialAction\":[{\"@type\":\"CommentAction\",\"name\":\"Comment\",\"target\":[\"https:\/\/www.docenti.it\/blog\/24-cfu-e-riforma-reclutamento-docenti\/#respond\"]}]},{\"@type\":\"WebPage\",\"@id\":\"https:\/\/www.docenti.it\/blog\/24-cfu-e-riforma-reclutamento-docenti\/\",\"url\":\"https:\/\/www.docenti.it\/blog\/24-cfu-e-riforma-reclutamento-docenti\/\",\"name\":\"24 CFU e riforma reclutamento docenti - Blog | Docenti.it\",\"isPartOf\":{\"@id\":\"https:\/\/www.docenti.it\/blog\/#website\"},\"datePublished\":\"2023-09-26T19:44:30+00:00\",\"dateModified\":\"2023-09-26T19:44:31+00:00\",\"description\":\"La riforma sul reclutamento del personale scolastico ha eliminato i 24 CFU come requisito di partecipazione ai concorsi? No, ecco perch\u00e9.\",\"breadcrumb\":{\"@id\":\"https:\/\/www.docenti.it\/blog\/24-cfu-e-riforma-reclutamento-docenti\/#breadcrumb\"},\"inLanguage\":\"it-IT\",\"potentialAction\":[{\"@type\":\"ReadAction\",\"target\":[\"https:\/\/www.docenti.it\/blog\/24-cfu-e-riforma-reclutamento-docenti\/\"]}]},{\"@type\":\"BreadcrumbList\",\"@id\":\"https:\/\/www.docenti.it\/blog\/24-cfu-e-riforma-reclutamento-docenti\/#breadcrumb\",\"itemListElement\":[{\"@type\":\"ListItem\",\"position\":1,\"name\":\"Home\",\"item\":\"https:\/\/www.docenti.it\/blog\/\"},{\"@type\":\"ListItem\",\"position\":2,\"name\":\"24 CFU e riforma reclutamento docenti\"}]},{\"@type\":\"WebSite\",\"@id\":\"https:\/\/www.docenti.it\/blog\/#website\",\"url\":\"https:\/\/www.docenti.it\/blog\/\",\"name\":\"Blog | Docenti.it\",\"description\":\"Tutte le notizie e gli aggiornamenti dal mondo della scuola\",\"publisher\":{\"@id\":\"https:\/\/www.docenti.it\/blog\/#organization\"},\"potentialAction\":[{\"@type\":\"SearchAction\",\"target\":{\"@type\":\"EntryPoint\",\"urlTemplate\":\"https:\/\/www.docenti.it\/blog\/?s={search_term_string}\"},\"query-input\":\"required name=search_term_string\"}],\"inLanguage\":\"it-IT\"},{\"@type\":\"Organization\",\"@id\":\"https:\/\/www.docenti.it\/blog\/#organization\",\"name\":\"Blog | Docenti.it\",\"url\":\"https:\/\/www.docenti.it\/blog\/\",\"logo\":{\"@type\":\"ImageObject\",\"inLanguage\":\"it-IT\",\"@id\":\"https:\/\/www.docenti.it\/blog\/#\/schema\/logo\/image\/\",\"url\":\"https:\/\/www.docenti.it\/blog\/wp-content\/uploads\/2025\/06\/fb_mad_img.png\",\"contentUrl\":\"https:\/\/www.docenti.it\/blog\/wp-content\/uploads\/2025\/06\/fb_mad_img.png\",\"width\":1140,\"height\":620,\"caption\":\"Blog | Docenti.it\"},\"image\":{\"@id\":\"https:\/\/www.docenti.it\/blog\/#\/schema\/logo\/image\/\"},\"sameAs\":[\"https:\/\/www.facebook.com\/docenti.it\"]},{\"@type\":\"Person\",\"@id\":\"https:\/\/www.docenti.it\/blog\/#\/schema\/person\/773963d3c0645bd34c150c41a13e5754\",\"name\":\"Gabriella Capraro\",\"image\":{\"@type\":\"ImageObject\",\"inLanguage\":\"it-IT\",\"@id\":\"https:\/\/www.docenti.it\/blog\/#\/schema\/person\/image\/\",\"url\":\"https:\/\/secure.gravatar.com\/avatar\/17e0ab06bea064a8a7c5bef443cb7153?s=96&d=mm&r=g\",\"contentUrl\":\"https:\/\/secure.gravatar.com\/avatar\/17e0ab06bea064a8a7c5bef443cb7153?s=96&d=mm&r=g\",\"caption\":\"Gabriella Capraro\"},\"description\":\"Copywriter e digital strategist, collabora come articolista e autrice per diverse piattaforme online, spaziando da tematiche scolastiche\/istituzionali a letterarie e musicali.\",\"url\":\"https:\/\/www.docenti.it\/blog\/author\/gcapraro\/\"}]}<\/script>\n<!-- \/ Yoast SEO plugin. -->","yoast_head_json":{"title":"24 CFU e riforma reclutamento docenti - Blog | Docenti.it","description":"La riforma sul reclutamento del personale scolastico ha eliminato i 24 CFU come requisito di partecipazione ai concorsi? No, ecco perch\u00e9.","robots":{"index":"index","follow":"follow","max-snippet":"max-snippet:-1","max-image-preview":"max-image-preview:large","max-video-preview":"max-video-preview:-1"},"canonical":"https:\/\/www.docenti.it\/blog\/24-cfu-e-riforma-reclutamento-docenti\/","og_locale":"it_IT","og_type":"article","og_title":"24 CFU e riforma reclutamento docenti - Blog | Docenti.it","og_description":"La riforma sul reclutamento del personale scolastico ha eliminato i 24 CFU come requisito di partecipazione ai concorsi? No, ecco perch\u00e9.","og_url":"https:\/\/www.docenti.it\/blog\/24-cfu-e-riforma-reclutamento-docenti\/","og_site_name":"Blog | Docenti.it","article_publisher":"https:\/\/www.facebook.com\/docenti.it","article_published_time":"2023-09-26T19:44:30+00:00","article_modified_time":"2023-09-26T19:44:31+00:00","og_image":[{"width":2560,"height":1707,"url":"https:\/\/www.docenti.it\/blog\/wp-content\/uploads\/2023\/07\/pexels-rdne-stock-project-8499580-scaled.jpg","type":"image\/jpeg"}],"author":"Gabriella Capraro","twitter_card":"summary_large_image","twitter_misc":{"Written by":"Gabriella Capraro","Est. reading time":"1 minuto"},"schema":{"@context":"https:\/\/schema.org","@graph":[{"@type":"Article","@id":"https:\/\/www.docenti.it\/blog\/24-cfu-e-riforma-reclutamento-docenti\/#article","isPartOf":{"@id":"https:\/\/www.docenti.it\/blog\/24-cfu-e-riforma-reclutamento-docenti\/"},"author":{"name":"Gabriella Capraro","@id":"https:\/\/www.docenti.it\/blog\/#\/schema\/person\/773963d3c0645bd34c150c41a13e5754"},"headline":"24 CFU e riforma reclutamento docenti","datePublished":"2023-09-26T19:44:30+00:00","dateModified":"2023-09-26T19:44:31+00:00","mainEntityOfPage":{"@id":"https:\/\/www.docenti.it\/blog\/24-cfu-e-riforma-reclutamento-docenti\/"},"wordCount":238,"commentCount":0,"publisher":{"@id":"https:\/\/www.docenti.it\/blog\/#organization"},"keywords":["24 CFU","reclutamento docenti"],"articleSection":["24 CFU"],"inLanguage":"it-IT","potentialAction":[{"@type":"CommentAction","name":"Comment","target":["https:\/\/www.docenti.it\/blog\/24-cfu-e-riforma-reclutamento-docenti\/#respond"]}]},{"@type":"WebPage","@id":"https:\/\/www.docenti.it\/blog\/24-cfu-e-riforma-reclutamento-docenti\/","url":"https:\/\/www.docenti.it\/blog\/24-cfu-e-riforma-reclutamento-docenti\/","name":"24 CFU e riforma reclutamento docenti - Blog | Docenti.it","isPartOf":{"@id":"https:\/\/www.docenti.it\/blog\/#website"},"datePublished":"2023-09-26T19:44:30+00:00","dateModified":"2023-09-26T19:44:31+00:00","description":"La riforma sul reclutamento del personale scolastico ha eliminato i 24 CFU come requisito di partecipazione ai concorsi? No, ecco perch\u00e9.","breadcrumb":{"@id":"https:\/\/www.docenti.it\/blog\/24-cfu-e-riforma-reclutamento-docenti\/#breadcrumb"},"inLanguage":"it-IT","potentialAction":[{"@type":"ReadAction","target":["https:\/\/www.docenti.it\/blog\/24-cfu-e-riforma-reclutamento-docenti\/"]}]},{"@type":"BreadcrumbList","@id":"https:\/\/www.docenti.it\/blog\/24-cfu-e-riforma-reclutamento-docenti\/#breadcrumb","itemListElement":[{"@type":"ListItem","position":1,"name":"Home","item":"https:\/\/www.docenti.it\/blog\/"},{"@type":"ListItem","position":2,"name":"24 CFU e riforma reclutamento docenti"}]},{"@type":"WebSite","@id":"https:\/\/www.docenti.it\/blog\/#website","url":"https:\/\/www.docenti.it\/blog\/","name":"Blog | Docenti.it","description":"Tutte le notizie e gli aggiornamenti dal mondo della scuola","publisher":{"@id":"https:\/\/www.docenti.it\/blog\/#organization"},"potentialAction":[{"@type":"SearchAction","target":{"@type":"EntryPoint","urlTemplate":"https:\/\/www.docenti.it\/blog\/?s={search_term_string}"},"query-input":"required name=search_term_string"}],"inLanguage":"it-IT"},{"@type":"Organization","@id":"https:\/\/www.docenti.it\/blog\/#organization","name":"Blog | Docenti.it","url":"https:\/\/www.docenti.it\/blog\/","logo":{"@type":"ImageObject","inLanguage":"it-IT","@id":"https:\/\/www.docenti.it\/blog\/#\/schema\/logo\/image\/","url":"https:\/\/www.docenti.it\/blog\/wp-content\/uploads\/2025\/06\/fb_mad_img.png","contentUrl":"https:\/\/www.docenti.it\/blog\/wp-content\/uploads\/2025\/06\/fb_mad_img.png","width":1140,"height":620,"caption":"Blog | Docenti.it"},"image":{"@id":"https:\/\/www.docenti.it\/blog\/#\/schema\/logo\/image\/"},"sameAs":["https:\/\/www.facebook.com\/docenti.it"]},{"@type":"Person","@id":"https:\/\/www.docenti.it\/blog\/#\/schema\/person\/773963d3c0645bd34c150c41a13e5754","name":"Gabriella Capraro","image":{"@type":"ImageObject","inLanguage":"it-IT","@id":"https:\/\/www.docenti.it\/blog\/#\/schema\/person\/image\/","url":"https:\/\/secure.gravatar.com\/avatar\/17e0ab06bea064a8a7c5bef443cb7153?s=96&d=mm&r=g","contentUrl":"https:\/\/secure.gravatar.com\/avatar\/17e0ab06bea064a8a7c5bef443cb7153?s=96&d=mm&r=g","caption":"Gabriella Capraro"},"description":"Copywriter e digital strategist, collabora come articolista e autrice per diverse piattaforme online, spaziando da tematiche scolastiche\/istituzionali a letterarie e musicali.","url":"https:\/\/www.docenti.it\/blog\/author\/gcapraro\/"}]}},"_links":{"self":[{"href":"https:\/\/www.docenti.it\/blog\/wp-json\/wp\/v2\/posts\/45426"}],"collection":[{"href":"https:\/\/www.docenti.it\/blog\/wp-json\/wp\/v2\/posts"}],"about":[{"href":"https:\/\/www.docenti.it\/blog\/wp-json\/wp\/v2\/types\/post"}],"author":[{"embeddable":true,"href":"https:\/\/www.docenti.it\/blog\/wp-json\/wp\/v2\/users\/25"}],"replies":[{"embeddable":true,"href":"https:\/\/www.docenti.it\/blog\/wp-json\/wp\/v2\/comments?post=45426"}],"version-history":[{"count":1,"href":"https:\/\/www.docenti.it\/blog\/wp-json\/wp\/v2\/posts\/45426\/revisions"}],"predecessor-version":[{"id":45427,"href":"https:\/\/www.docenti.it\/blog\/wp-json\/wp\/v2\/posts\/45426\/revisions\/45427"}],"wp:featuredmedia":[{"embeddable":true,"href":"https:\/\/www.docenti.it\/blog\/wp-json\/wp\/v2\/media\/45276"}],"wp:attachment":[{"href":"https:\/\/www.docenti.it\/blog\/wp-json\/wp\/v2\/media?parent=45426"}],"wp:term":[{"taxonomy":"category","embeddable":true,"href":"https:\/\/www.docenti.it\/blog\/wp-json\/wp\/v2\/categories?post=45426"},{"taxonomy":"post_tag","embeddable":true,"href":"https:\/\/www.docenti.it\/blog\/wp-json\/wp\/v2\/tags?post=45426"}],"curies":[{"name":"wp","href":"https:\/\/api.w.org\/{rel}","templated":true}]}}