{"id":45565,"date":"2023-11-09T17:52:39","date_gmt":"2023-11-09T16:52:39","guid":{"rendered":"https:\/\/www.docenti.it\/blog\/?p=45565"},"modified":"2023-11-09T17:52:39","modified_gmt":"2023-11-09T16:52:39","slug":"pei-di-cosa-si-tratta","status":"publish","type":"post","link":"https:\/\/www.docenti.it\/blog\/pei-di-cosa-si-tratta\/","title":{"rendered":"PEI: di cosa si tratta?"},"content":{"rendered":"\n<p>Spesso sulle piattaforme dedicate alle <a href=\"https:\/\/www.docenti.it\/blog\/\" target=\"_blank\" rel=\"noreferrer noopener\">news del mondo scuola<\/a> compare la dicitura &#8220;<strong><em>PEI<\/em><\/strong>&#8220;, di cosa si tratta esattamente? <\/p>\n\n\n\n<p><strong>PEI<\/strong> \u00e8 l&#8217;acronimo di <strong>Piano Educativo Individualizzato<\/strong>, uno strumento attraverso cui viene modulato un percorso didattico individualizzato volto all&#8217;inclusione scolastica degli studenti con disabilit\u00e0. <\/p>\n\n\n\n<p>La ratio del documento \u00e8 quella di favorire e promuovere una <em>sana ed adeguata collaborazione <\/em>tra personale docente e famiglie degli studenti interessati dal documento. <\/p>\n\n\n\n<p>Scopo essenziale, quindi, \u00e8 quello di creare una dinamica comunicativa e, di conseguenza, una modalit\u00e0 didattica che possa promuovere l&#8217;inclusione della persona con disabilit\u00e0. <\/p>\n\n\n\n<p>Nonostante l&#8217;entrata in vigore di una delle Leggi di riferimento sul tema della disabilit\u00e0 e dell&#8217;educazione risalga al 1992, ovvero la <strong>Legge n. 104 del 1992<\/strong>, soltanto a partire dall&#8217;<strong>anno scolastico 2020\/2022<\/strong> \u00e8 stato introdotto dal MIM un<strong> modello unico nazionale di PEI<\/strong>, al quale le scuole attingono per formulare i singoli Piani Educativi Individualizzati. <\/p>\n\n\n\n<h2>PEI: contenuto e persone coinvolte <\/h2>\n\n\n\n<p>Il <strong>Piano Educativo Individualizzato <\/strong>si compone di due parti fondamentali: <\/p>\n\n\n\n<ul>\n<li>La prima riguarda un&#8217;attenta <strong>analisi della situazione<\/strong> di partenza dello studente. In questa fase \u00e8 necessario indicare chi sono gli studenti coinvolti nel programma, quali sono le attivit\u00e0 svolte dalle Istituzioni socio-sanitarie, qual \u00e8 la composizione della classe in cui andr\u00e0 inserito lo studente e quali caratteristiche ha il rapporto tra studente, famiglia di appartenenza ed Istituzione scolastica. <\/li>\n\n\n\n<li>La seconda, invece, serve a definire un vero e proprio<strong> piano operativo<\/strong>, definito in termini di obbiettivi di apprendimento dello studente, le capacit\u00e0 di organizzazione e i punti di incontro tra la modalit\u00e0 didattica prevista per lo studente coinvolto e il resto della classe. <\/li>\n<\/ul>\n\n\n\n<p>Come avrete intuito, il <strong>PEI<\/strong> \u00e8 un documento che vede il coinvolgimento di diversi soggetti. <\/p>\n\n\n\n<p>Questi soggetti sono tutti chiamati a garantire che lo studente, protagonista del<strong> PEI<\/strong>, possa avere un&#8217;esperienza educativa inclusiva ed adatta alle sue esigenze. <\/p>\n\n\n\n<p>Le persone a cui il <strong>PEI<\/strong> si riferisce sono: <\/p>\n\n\n\n<ul>\n<li>i&nbsp;<strong>docenti<\/strong>&nbsp;della classe in cui si trova lo studente;<\/li>\n\n\n\n<li>l&#8217;<strong>insegnante di sostegno<\/strong>;<\/li>\n\n\n\n<li>le&nbsp;<strong>figure socio-sanitarie<\/strong>&nbsp;che seguono il ragazzo;<\/li>\n\n\n\n<li>la&nbsp;<strong>famiglia<\/strong>.<\/li>\n<\/ul>\n\n\n\n<h2>Il nuovo PEI<\/h2>\n\n\n\n<p>Il <strong>Decreto Interministeriale n. 182 del 2020<\/strong>, cos\u00ec come modificato dal <strong>Decreto n. 153 del 2023<\/strong>, ha introdotto un nuovo Piano Educativo Personalizzato. <\/p>\n\n\n\n<p>Nello specifico, sono state previste differenti modalit\u00e0 di erogazione del PEI, ovvero: <\/p>\n\n\n\n<ul>\n<li><strong>Percorsi didattici ordinari<\/strong>, nel caso di disabilit\u00e0 che attengono alla sfera fisica. <\/li>\n\n\n\n<li><strong>Programmazione personalizzata<\/strong>, contenente degli specifici obiettivi di apprendimento. (detta anche PEI semplificato)<\/li>\n\n\n\n<li><strong>Percorsi didattici differenziati<\/strong>. <\/li>\n<\/ul>\n\n\n\n<p>Per la scuola primaria e secondaria di I grado si prevedono solo i primi due percorsi, mentre per la secondaria di II grado anche il terzo. <\/p>\n\n\n\n<p>Questo contenuto \u00e8 soltanto una sintesi della definizione di <strong>Piano Educativo Personalizzato<\/strong>, per ottenere maggiori informazioni \u00e8 sempre opportuno recarsi sul sito del Ministero dell&#8217;Istruzione e del Merito e digitare la parola &#8220;<strong>PEI<\/strong>&#8220;. <\/p>\n\n\n\n<p>Segui la sezione <a href=\"https:\/\/www.docenti.it\/blog\/\" target=\"_blank\" rel=\"noreferrer noopener\">Blog<\/a> del portale <strong><a href=\"https:\/\/www.docenti.it\/blog\/\" target=\"_blank\" rel=\"noreferrer noopener\">Docenti.it<\/a><\/strong> per restare sempre aggiornato su tutte le news del mondo scuola! <\/p>\n","protected":false},"excerpt":{"rendered":"<p>Spesso sulle piattaforme dedicate alle news del mondo scuola compare la dicitura &#8220;PEI&#8220;, di [&hellip;]<\/p>\n","protected":false},"author":25,"featured_media":37269,"comment_status":"open","ping_status":"open","sticky":false,"template":"","format":"standard","meta":[],"categories":[4,3],"tags":[105,106],"yoast_head":"<!-- This site is optimized with the Yoast SEO plugin v20.4 - https:\/\/yoast.com\/wordpress\/plugins\/seo\/ -->\n<title>PEI: di cosa si tratta? - Blog | Docenti.it<\/title>\n<meta name=\"description\" content=\"PEI, di cosa si tratta? Queste sono le caratteristiche principali del Piano Educativo Individualizzato, per gli studenti con disabilit\u00e0.\" \/>\n<meta name=\"robots\" content=\"index, follow, max-snippet:-1, max-image-preview:large, max-video-preview:-1\" \/>\n<link rel=\"canonical\" href=\"https:\/\/www.docenti.it\/blog\/pei-di-cosa-si-tratta\/\" \/>\n<meta property=\"og:locale\" content=\"it_IT\" \/>\n<meta property=\"og:type\" content=\"article\" \/>\n<meta property=\"og:title\" content=\"PEI: di cosa si tratta? - Blog | Docenti.it\" \/>\n<meta property=\"og:description\" content=\"PEI, di cosa si tratta? Queste sono le caratteristiche principali del Piano Educativo Individualizzato, per gli studenti con disabilit\u00e0.\" \/>\n<meta property=\"og:url\" content=\"https:\/\/www.docenti.it\/blog\/pei-di-cosa-si-tratta\/\" \/>\n<meta property=\"og:site_name\" content=\"Blog | Docenti.it\" \/>\n<meta property=\"article:publisher\" content=\"https:\/\/www.facebook.com\/docenti.it\" \/>\n<meta property=\"article:published_time\" content=\"2023-11-09T16:52:39+00:00\" \/>\n<meta property=\"og:image\" content=\"https:\/\/www.docenti.it\/blog\/wp-content\/uploads\/2022\/10\/pexels-pixabay-301926-3.jpg\" \/>\n\t<meta property=\"og:image:width\" content=\"640\" \/>\n\t<meta property=\"og:image:height\" content=\"427\" \/>\n\t<meta property=\"og:image:type\" content=\"image\/jpeg\" \/>\n<meta name=\"author\" content=\"Gabriella Capraro\" \/>\n<meta name=\"twitter:card\" content=\"summary_large_image\" \/>\n<meta name=\"twitter:label1\" content=\"Written by\" \/>\n\t<meta name=\"twitter:data1\" content=\"Gabriella Capraro\" \/>\n\t<meta name=\"twitter:label2\" content=\"Est. reading time\" \/>\n\t<meta name=\"twitter:data2\" content=\"2 minuti\" \/>\n<script type=\"application\/ld+json\" class=\"yoast-schema-graph\">{\"@context\":\"https:\/\/schema.org\",\"@graph\":[{\"@type\":\"Article\",\"@id\":\"https:\/\/www.docenti.it\/blog\/pei-di-cosa-si-tratta\/#article\",\"isPartOf\":{\"@id\":\"https:\/\/www.docenti.it\/blog\/pei-di-cosa-si-tratta\/\"},\"author\":{\"name\":\"Gabriella Capraro\",\"@id\":\"https:\/\/www.docenti.it\/blog\/#\/schema\/person\/773963d3c0645bd34c150c41a13e5754\"},\"headline\":\"PEI: di cosa si tratta?\",\"datePublished\":\"2023-11-09T16:52:39+00:00\",\"dateModified\":\"2023-11-09T16:52:39+00:00\",\"mainEntityOfPage\":{\"@id\":\"https:\/\/www.docenti.it\/blog\/pei-di-cosa-si-tratta\/\"},\"wordCount\":468,\"commentCount\":0,\"publisher\":{\"@id\":\"https:\/\/www.docenti.it\/blog\/#organization\"},\"keywords\":[\"PEI\",\"Piano Educativo Individualizzato\"],\"articleSection\":[\"News\",\"Normativa\"],\"inLanguage\":\"it-IT\",\"potentialAction\":[{\"@type\":\"CommentAction\",\"name\":\"Comment\",\"target\":[\"https:\/\/www.docenti.it\/blog\/pei-di-cosa-si-tratta\/#respond\"]}]},{\"@type\":\"WebPage\",\"@id\":\"https:\/\/www.docenti.it\/blog\/pei-di-cosa-si-tratta\/\",\"url\":\"https:\/\/www.docenti.it\/blog\/pei-di-cosa-si-tratta\/\",\"name\":\"PEI: di cosa si tratta? - Blog | Docenti.it\",\"isPartOf\":{\"@id\":\"https:\/\/www.docenti.it\/blog\/#website\"},\"datePublished\":\"2023-11-09T16:52:39+00:00\",\"dateModified\":\"2023-11-09T16:52:39+00:00\",\"description\":\"PEI, di cosa si tratta? Queste sono le caratteristiche principali del Piano Educativo Individualizzato, per gli studenti con disabilit\u00e0.\",\"breadcrumb\":{\"@id\":\"https:\/\/www.docenti.it\/blog\/pei-di-cosa-si-tratta\/#breadcrumb\"},\"inLanguage\":\"it-IT\",\"potentialAction\":[{\"@type\":\"ReadAction\",\"target\":[\"https:\/\/www.docenti.it\/blog\/pei-di-cosa-si-tratta\/\"]}]},{\"@type\":\"BreadcrumbList\",\"@id\":\"https:\/\/www.docenti.it\/blog\/pei-di-cosa-si-tratta\/#breadcrumb\",\"itemListElement\":[{\"@type\":\"ListItem\",\"position\":1,\"name\":\"Home\",\"item\":\"https:\/\/www.docenti.it\/blog\/\"},{\"@type\":\"ListItem\",\"position\":2,\"name\":\"PEI: di cosa si tratta?\"}]},{\"@type\":\"WebSite\",\"@id\":\"https:\/\/www.docenti.it\/blog\/#website\",\"url\":\"https:\/\/www.docenti.it\/blog\/\",\"name\":\"Blog | Docenti.it\",\"description\":\"Tutte le notizie e gli aggiornamenti dal mondo della scuola\",\"publisher\":{\"@id\":\"https:\/\/www.docenti.it\/blog\/#organization\"},\"potentialAction\":[{\"@type\":\"SearchAction\",\"target\":{\"@type\":\"EntryPoint\",\"urlTemplate\":\"https:\/\/www.docenti.it\/blog\/?s={search_term_string}\"},\"query-input\":\"required name=search_term_string\"}],\"inLanguage\":\"it-IT\"},{\"@type\":\"Organization\",\"@id\":\"https:\/\/www.docenti.it\/blog\/#organization\",\"name\":\"Blog | Docenti.it\",\"url\":\"https:\/\/www.docenti.it\/blog\/\",\"logo\":{\"@type\":\"ImageObject\",\"inLanguage\":\"it-IT\",\"@id\":\"https:\/\/www.docenti.it\/blog\/#\/schema\/logo\/image\/\",\"url\":\"https:\/\/www.docenti.it\/blog\/wp-content\/uploads\/2025\/06\/fb_mad_img.png\",\"contentUrl\":\"https:\/\/www.docenti.it\/blog\/wp-content\/uploads\/2025\/06\/fb_mad_img.png\",\"width\":1140,\"height\":620,\"caption\":\"Blog | Docenti.it\"},\"image\":{\"@id\":\"https:\/\/www.docenti.it\/blog\/#\/schema\/logo\/image\/\"},\"sameAs\":[\"https:\/\/www.facebook.com\/docenti.it\"]},{\"@type\":\"Person\",\"@id\":\"https:\/\/www.docenti.it\/blog\/#\/schema\/person\/773963d3c0645bd34c150c41a13e5754\",\"name\":\"Gabriella Capraro\",\"image\":{\"@type\":\"ImageObject\",\"inLanguage\":\"it-IT\",\"@id\":\"https:\/\/www.docenti.it\/blog\/#\/schema\/person\/image\/\",\"url\":\"https:\/\/secure.gravatar.com\/avatar\/17e0ab06bea064a8a7c5bef443cb7153?s=96&d=mm&r=g\",\"contentUrl\":\"https:\/\/secure.gravatar.com\/avatar\/17e0ab06bea064a8a7c5bef443cb7153?s=96&d=mm&r=g\",\"caption\":\"Gabriella Capraro\"},\"description\":\"Copywriter e digital strategist, collabora come articolista e autrice per diverse piattaforme online, spaziando da tematiche scolastiche\/istituzionali a letterarie e musicali.\",\"url\":\"https:\/\/www.docenti.it\/blog\/author\/gcapraro\/\"}]}<\/script>\n<!-- \/ Yoast SEO plugin. -->","yoast_head_json":{"title":"PEI: di cosa si tratta? - Blog | Docenti.it","description":"PEI, di cosa si tratta? Queste sono le caratteristiche principali del Piano Educativo Individualizzato, per gli studenti con disabilit\u00e0.","robots":{"index":"index","follow":"follow","max-snippet":"max-snippet:-1","max-image-preview":"max-image-preview:large","max-video-preview":"max-video-preview:-1"},"canonical":"https:\/\/www.docenti.it\/blog\/pei-di-cosa-si-tratta\/","og_locale":"it_IT","og_type":"article","og_title":"PEI: di cosa si tratta? - Blog | Docenti.it","og_description":"PEI, di cosa si tratta? Queste sono le caratteristiche principali del Piano Educativo Individualizzato, per gli studenti con disabilit\u00e0.","og_url":"https:\/\/www.docenti.it\/blog\/pei-di-cosa-si-tratta\/","og_site_name":"Blog | Docenti.it","article_publisher":"https:\/\/www.facebook.com\/docenti.it","article_published_time":"2023-11-09T16:52:39+00:00","og_image":[{"width":640,"height":427,"url":"https:\/\/www.docenti.it\/blog\/wp-content\/uploads\/2022\/10\/pexels-pixabay-301926-3.jpg","type":"image\/jpeg"}],"author":"Gabriella Capraro","twitter_card":"summary_large_image","twitter_misc":{"Written by":"Gabriella Capraro","Est. reading time":"2 minuti"},"schema":{"@context":"https:\/\/schema.org","@graph":[{"@type":"Article","@id":"https:\/\/www.docenti.it\/blog\/pei-di-cosa-si-tratta\/#article","isPartOf":{"@id":"https:\/\/www.docenti.it\/blog\/pei-di-cosa-si-tratta\/"},"author":{"name":"Gabriella Capraro","@id":"https:\/\/www.docenti.it\/blog\/#\/schema\/person\/773963d3c0645bd34c150c41a13e5754"},"headline":"PEI: di cosa si tratta?","datePublished":"2023-11-09T16:52:39+00:00","dateModified":"2023-11-09T16:52:39+00:00","mainEntityOfPage":{"@id":"https:\/\/www.docenti.it\/blog\/pei-di-cosa-si-tratta\/"},"wordCount":468,"commentCount":0,"publisher":{"@id":"https:\/\/www.docenti.it\/blog\/#organization"},"keywords":["PEI","Piano Educativo Individualizzato"],"articleSection":["News","Normativa"],"inLanguage":"it-IT","potentialAction":[{"@type":"CommentAction","name":"Comment","target":["https:\/\/www.docenti.it\/blog\/pei-di-cosa-si-tratta\/#respond"]}]},{"@type":"WebPage","@id":"https:\/\/www.docenti.it\/blog\/pei-di-cosa-si-tratta\/","url":"https:\/\/www.docenti.it\/blog\/pei-di-cosa-si-tratta\/","name":"PEI: di cosa si tratta? - Blog | Docenti.it","isPartOf":{"@id":"https:\/\/www.docenti.it\/blog\/#website"},"datePublished":"2023-11-09T16:52:39+00:00","dateModified":"2023-11-09T16:52:39+00:00","description":"PEI, di cosa si tratta? Queste sono le caratteristiche principali del Piano Educativo Individualizzato, per gli studenti con disabilit\u00e0.","breadcrumb":{"@id":"https:\/\/www.docenti.it\/blog\/pei-di-cosa-si-tratta\/#breadcrumb"},"inLanguage":"it-IT","potentialAction":[{"@type":"ReadAction","target":["https:\/\/www.docenti.it\/blog\/pei-di-cosa-si-tratta\/"]}]},{"@type":"BreadcrumbList","@id":"https:\/\/www.docenti.it\/blog\/pei-di-cosa-si-tratta\/#breadcrumb","itemListElement":[{"@type":"ListItem","position":1,"name":"Home","item":"https:\/\/www.docenti.it\/blog\/"},{"@type":"ListItem","position":2,"name":"PEI: di cosa si tratta?"}]},{"@type":"WebSite","@id":"https:\/\/www.docenti.it\/blog\/#website","url":"https:\/\/www.docenti.it\/blog\/","name":"Blog | Docenti.it","description":"Tutte le notizie e gli aggiornamenti dal mondo della scuola","publisher":{"@id":"https:\/\/www.docenti.it\/blog\/#organization"},"potentialAction":[{"@type":"SearchAction","target":{"@type":"EntryPoint","urlTemplate":"https:\/\/www.docenti.it\/blog\/?s={search_term_string}"},"query-input":"required name=search_term_string"}],"inLanguage":"it-IT"},{"@type":"Organization","@id":"https:\/\/www.docenti.it\/blog\/#organization","name":"Blog | Docenti.it","url":"https:\/\/www.docenti.it\/blog\/","logo":{"@type":"ImageObject","inLanguage":"it-IT","@id":"https:\/\/www.docenti.it\/blog\/#\/schema\/logo\/image\/","url":"https:\/\/www.docenti.it\/blog\/wp-content\/uploads\/2025\/06\/fb_mad_img.png","contentUrl":"https:\/\/www.docenti.it\/blog\/wp-content\/uploads\/2025\/06\/fb_mad_img.png","width":1140,"height":620,"caption":"Blog | Docenti.it"},"image":{"@id":"https:\/\/www.docenti.it\/blog\/#\/schema\/logo\/image\/"},"sameAs":["https:\/\/www.facebook.com\/docenti.it"]},{"@type":"Person","@id":"https:\/\/www.docenti.it\/blog\/#\/schema\/person\/773963d3c0645bd34c150c41a13e5754","name":"Gabriella Capraro","image":{"@type":"ImageObject","inLanguage":"it-IT","@id":"https:\/\/www.docenti.it\/blog\/#\/schema\/person\/image\/","url":"https:\/\/secure.gravatar.com\/avatar\/17e0ab06bea064a8a7c5bef443cb7153?s=96&d=mm&r=g","contentUrl":"https:\/\/secure.gravatar.com\/avatar\/17e0ab06bea064a8a7c5bef443cb7153?s=96&d=mm&r=g","caption":"Gabriella Capraro"},"description":"Copywriter e digital strategist, collabora come articolista e autrice per diverse piattaforme online, spaziando da tematiche scolastiche\/istituzionali a letterarie e musicali.","url":"https:\/\/www.docenti.it\/blog\/author\/gcapraro\/"}]}},"_links":{"self":[{"href":"https:\/\/www.docenti.it\/blog\/wp-json\/wp\/v2\/posts\/45565"}],"collection":[{"href":"https:\/\/www.docenti.it\/blog\/wp-json\/wp\/v2\/posts"}],"about":[{"href":"https:\/\/www.docenti.it\/blog\/wp-json\/wp\/v2\/types\/post"}],"author":[{"embeddable":true,"href":"https:\/\/www.docenti.it\/blog\/wp-json\/wp\/v2\/users\/25"}],"replies":[{"embeddable":true,"href":"https:\/\/www.docenti.it\/blog\/wp-json\/wp\/v2\/comments?post=45565"}],"version-history":[{"count":1,"href":"https:\/\/www.docenti.it\/blog\/wp-json\/wp\/v2\/posts\/45565\/revisions"}],"predecessor-version":[{"id":45567,"href":"https:\/\/www.docenti.it\/blog\/wp-json\/wp\/v2\/posts\/45565\/revisions\/45567"}],"wp:featuredmedia":[{"embeddable":true,"href":"https:\/\/www.docenti.it\/blog\/wp-json\/wp\/v2\/media\/37269"}],"wp:attachment":[{"href":"https:\/\/www.docenti.it\/blog\/wp-json\/wp\/v2\/media?parent=45565"}],"wp:term":[{"taxonomy":"category","embeddable":true,"href":"https:\/\/www.docenti.it\/blog\/wp-json\/wp\/v2\/categories?post=45565"},{"taxonomy":"post_tag","embeddable":true,"href":"https:\/\/www.docenti.it\/blog\/wp-json\/wp\/v2\/tags?post=45565"}],"curies":[{"name":"wp","href":"https:\/\/api.w.org\/{rel}","templated":true}]}}