{"id":45712,"date":"2024-01-02T17:32:24","date_gmt":"2024-01-02T16:32:24","guid":{"rendered":"https:\/\/www.docenti.it\/blog\/?p=45712"},"modified":"2024-01-02T17:32:24","modified_gmt":"2024-01-02T16:32:24","slug":"messa-a-disposizione-scuola-2024","status":"publish","type":"post","link":"https:\/\/www.docenti.it\/blog\/messa-a-disposizione-scuola-2024\/","title":{"rendered":"Messa a disposizione scuola 2024"},"content":{"rendered":"\n<p class=\"wp-block-paragraph\">Messa a disposizione scuola 2024: Il 2024 \u00e8 iniziato, e cos\u00ec anche un anno scolastico ricco di opportunit\u00e0 professionali: approfittane per compilare la tua<strong><a href=\"https:\/\/www.docenti.it\/mad.html\" target=\"_blank\" rel=\"noreferrer noopener\"> domanda di Messa a disposizione!<\/a><\/strong> <\/p>\n\n\n\n<p class=\"wp-block-paragraph\">La <strong><a href=\"https:\/\/www.docenti.it\/mad.html\" target=\"_blank\" rel=\"noreferrer noopener\">Messa a disposizione<\/a><\/strong> \u00e8 una candidatura spontanea che gli aspiranti docenti, o professionisti del settore istruzione, inviano presso le segreterie scolastiche per ricevere una convocazione a tempo determinato. <\/p>\n\n\n\n<p class=\"wp-block-paragraph\">Si tratta di una delle opportunit\u00e0 pi\u00f9 efficienti del mondo scolastico, questo per due ragioni principali: <\/p>\n\n\n\n<ul class=\"wp-block-list\">\n<li>La convocazione tramite <strong><a href=\"https:\/\/www.docenti.it\/mad.html\" target=\"_blank\" rel=\"noreferrer noopener\">MAD <\/a><\/strong>ha delle tempistiche che richiedono un minore tempo di attesa, vista l&#8217;assenza di procedure burocratiche (come l&#8217;attesa dell&#8217;apertura degli elenchi per le Graduatorie GPS e GaE). <\/li>\n<\/ul>\n\n\n\n<p class=\"wp-block-paragraph\">Certo, la convocazione tramite<strong><a href=\"https:\/\/www.docenti.it\/mad.html\" target=\"_blank\" rel=\"noreferrer noopener\"> MAD<\/a><\/strong> del personale supplente avviene, di norma, una volta che sono state esaurite tutte le precedenti graduatorie. Il procedimento di convocazione, per\u00f2, \u00e8 pi\u00f9 veloce! <\/p>\n\n\n\n<ul class=\"wp-block-list\">\n<li>Il ricorso alla <strong><a href=\"https:\/\/www.docenti.it\/mad.html\" target=\"_blank\" rel=\"noreferrer noopener\">Messa a disposizione<\/a><\/strong> avviene anche quando \u00e8 necessario coprire posti vacanti di natura stagionale, e con una certa urgenza. <\/li>\n<\/ul>\n\n\n\n<p class=\"wp-block-paragraph\">Che aspetti? <\/p>\n\n\n\n<div class=\"wp-block-buttons is-layout-flex wp-block-buttons-is-layout-flex\">\n<div class=\"wp-block-button\"><a class=\"wp-block-button__link wp-element-button\" href=\"https:\/\/www.docenti.it\/messa-a-disposizione\/modello\/modellomad.html\" target=\"_blank\" rel=\"noreferrer noopener\">COMPILA ORA LA TUA MAD<\/a><\/div>\n<\/div>\n\n\n\n<h2 class=\"wp-block-heading\">Messa a disposizione scuola: tipologie <\/h2>\n\n\n\n<p class=\"wp-block-paragraph\"><br>Esistono diverse tipologie di <strong><a href=\"https:\/\/www.docenti.it\/mad.html\" target=\"_blank\" rel=\"noreferrer noopener\">Messa a Disposizione (MAD)<\/a><\/strong>, e per ciascuna di esse sono stabiliti requisiti specifici. Tuttavia, nella maggior parte dei casi, candidarsi presso le scuole attraverso le <strong><a href=\"https:\/\/www.docenti.it\/mad.html\" target=\"_blank\" rel=\"noreferrer noopener\">MAD<\/a><\/strong> non richiede il possesso di caratteristiche particolari che tu non abbia gi\u00e0.<\/p>\n\n\n\n<p class=\"wp-block-paragraph\">Le<strong><a href=\"https:\/\/www.docenti.it\/mad.html\" target=\"_blank\" rel=\"noreferrer noopener\"> MAD<\/a><\/strong> sono suddivise in quattro categorie:<\/p>\n\n\n\n<ol class=\"wp-block-list\">\n<li><strong>MAD classica<\/strong>: Per candidarsi tramite questa tipologia di MAD \u00e8 necessario possedere un titolo di studio in linea con la classe di concorso specifica per cui ci si candida.<\/li>\n\n\n\n<li><strong>MAD Sostegno:<\/strong> Per questa MAD, non \u00e8 richiesto il possesso di alcun titolo di specializzazione in materia, anche se avere un titolo simile pu\u00f2 aumentare le possibilit\u00e0 di essere convocati.<\/li>\n\n\n\n<li><strong>MAD personale ATA<\/strong>: Per candidarsi attraverso questa categoria di MAD \u00e8 necessario possedere un diploma tecnico-professionale. Il personale amministrativo-tecnico-ausiliario delle scuole (ATA) comprende una vasta gamma di ruoli, e in alcuni casi potrebbe essere richiesta la laurea, ad esempio per la posizione di Direttore dei servizi generali ed amministrativi.<\/li>\n\n\n\n<li><strong>MAD recuperi estivi<\/strong>: Questa tipologia di MAD riguarda i corsi di recupero che si svolgono alla fine del primo o del secondo quadrimestre.<\/li>\n<\/ol>\n\n\n\n<div class=\"wp-block-buttons is-layout-flex wp-block-buttons-is-layout-flex\">\n<div class=\"wp-block-button\"><a class=\"wp-block-button__link wp-element-button\" href=\"https:\/\/www.docenti.it\/messa-a-disposizione\/modello\/modellomad.html\" target=\"_blank\" rel=\"noreferrer noopener\">COMPILA LA TUA MAD<\/a><\/div>\n<\/div>\n\n\n\n<h2 class=\"wp-block-heading\">Quando \u00e8 opportuno inviare la propria MAD? <\/h2>\n\n\n\n<p class=\"wp-block-paragraph\">Quando \u00e8 il momento giusto per inviare la propria <strong><a href=\"https:\/\/www.docenti.it\/mad.html\" target=\"_blank\" rel=\"noreferrer noopener\">Messa a Disposizione (MAD)<\/a><\/strong>? Ci sono istruzioni specifiche per l&#8217;invio della <strong><a href=\"https:\/\/www.docenti.it\/mad.html\" target=\"_blank\" rel=\"noreferrer noopener\">MAD per l&#8217;a.s. 2024<\/a><\/strong>?<\/p>\n\n\n\n<p class=\"wp-block-paragraph\">Ci sono tre periodi considerati opportuni per l&#8217;invio della Messa a disposizione:<\/p>\n\n\n\n<ol class=\"wp-block-list\">\n<li><strong>Fine agosto\/inizio settembre:<\/strong> in questo periodo, le scuole hanno la necessit\u00e0 di coprire posti vacanti in preparazione per l&#8217;inizio del nuovo anno scolastico.<\/li>\n\n\n\n<li><strong>Met\u00e0 marzo\/aprile: <\/strong>questo \u00e8 il momento di ritorno dalle vacanze, e molti insegnanti potrebbero essere assenti per prolungamento delle ferie o malattie.<\/li>\n\n\n\n<li><strong>Gennaio<\/strong>: questo periodo segna il ritorno dalle vacanze natalizie.<\/li>\n<\/ol>\n\n\n\n<p class=\"wp-block-paragraph\">Per quanto riguarda l&#8217;invio della <strong><a href=\"https:\/\/www.docenti.it\/mad.html\" target=\"_blank\" rel=\"noreferrer noopener\">MAD per l&#8217;a.s. 2024\/2025<\/a><\/strong>, si consiglia di richiedere quanto prima una consulenza per la compilazione e l&#8217;invio della tua MAD. Questo perch\u00e9 \u00e8 previsto l&#8217;ingresso di personale scolastico nelle scuole, sia a causa dei concorsi nazionali in uscita, come il concorso straordinario-ter, che dell&#8217;aggiornamento delle graduatorie GPS.<\/p>\n\n\n\n<p class=\"wp-block-paragraph\">Dato il prolungarsi delle tempistiche per l&#8217;avvio di tali procedure, molti dirigenti scolastici potrebbero necessitare di coprire i posti vacanti in vista dell&#8217;anno scolastico gi\u00e0 iniziato, mediante l&#8217;utilizzo delle MAD.<\/p>\n\n\n\n<p class=\"wp-block-paragraph\">\u00c8 consigliato approfittare dell&#8217;esperienza e della professionalit\u00e0 di portali specializzati come <strong><a href=\"https:\/\/www.docenti.it\/mad.html\" target=\"_blank\" rel=\"noreferrer noopener\">Docenti.it<\/a><\/strong>, dove avrai a disposizione un consulente dedicato per guidarti attraverso l&#8217;intero processo di scelta, compilazione e<strong><a href=\"https:\/\/www.docenti.it\/mad.html\" target=\"_blank\" rel=\"noreferrer noopener\"> invio della tua MAD.<\/a><\/strong><\/p>\n\n\n\n<div class=\"wp-block-buttons is-layout-flex wp-block-buttons-is-layout-flex\">\n<div class=\"wp-block-button\"><a class=\"wp-block-button__link wp-element-button\" href=\"https:\/\/www.docenti.it\/messa-a-disposizione\/modello\/modellomad.html\" target=\"_blank\" rel=\"noreferrer noopener\">INVIA LA TUA MAD<\/a><\/div>\n<\/div>\n","protected":false},"excerpt":{"rendered":"<p>Messa a disposizione scuola 2024: Il 2024 \u00e8 iniziato, e cos\u00ec anche un anno [&hellip;]<\/p>\n","protected":false},"author":25,"featured_media":0,"comment_status":"open","ping_status":"open","sticky":false,"template":"","format":"standard","meta":{"footnotes":""},"categories":[2],"tags":[11,10,627],"class_list":["post-45712","post","type-post","status-publish","format-standard","hentry","category-messa-a-disposizione","tag-mad","tag-messa-a-disposizione","tag-messa-a-disposizione-scuola"],"yoast_head":"<!-- This site is optimized with the Yoast SEO plugin v27.9 - https:\/\/yoast.com\/product\/yoast-seo-wordpress\/ -->\n<title>Messa a disposizione scuola 2024 - Blog | Docenti.it<\/title>\n<meta name=\"description\" content=\"Messa a disposizione scuola 2024: un nuovo anno \u00e8 iniziato, e con lui le convocazioni di personale scolastico attraverso le MAD.\" \/>\n<meta name=\"robots\" content=\"index, follow, max-snippet:-1, max-image-preview:large, max-video-preview:-1\" \/>\n<link rel=\"canonical\" href=\"https:\/\/www.docenti.it\/blog\/messa-a-disposizione-scuola-2024\/\" \/>\n<meta property=\"og:locale\" content=\"it_IT\" \/>\n<meta property=\"og:type\" content=\"article\" \/>\n<meta property=\"og:title\" content=\"Messa a disposizione scuola 2024 - Blog | Docenti.it\" \/>\n<meta property=\"og:description\" content=\"Messa a disposizione scuola 2024: un nuovo anno \u00e8 iniziato, e con lui le convocazioni di personale scolastico attraverso le MAD.\" \/>\n<meta property=\"og:url\" content=\"https:\/\/www.docenti.it\/blog\/messa-a-disposizione-scuola-2024\/\" \/>\n<meta property=\"og:site_name\" content=\"Blog | Docenti.it\" \/>\n<meta property=\"article:publisher\" content=\"https:\/\/www.facebook.com\/docenti.it\" \/>\n<meta property=\"article:published_time\" content=\"2024-01-02T16:32:24+00:00\" \/>\n<meta name=\"author\" content=\"Gabriella Capraro\" \/>\n<meta name=\"twitter:card\" content=\"summary_large_image\" \/>\n<meta name=\"twitter:label1\" content=\"Scritto da\" \/>\n\t<meta name=\"twitter:data1\" content=\"Gabriella Capraro\" \/>\n\t<meta name=\"twitter:label2\" content=\"Tempo di lettura stimato\" \/>\n\t<meta name=\"twitter:data2\" content=\"3 minuti\" \/>\n<script type=\"application\/ld+json\" class=\"yoast-schema-graph\">{\"@context\":\"https:\\\/\\\/schema.org\",\"@graph\":[{\"@type\":\"Article\",\"@id\":\"https:\\\/\\\/www.docenti.it\\\/blog\\\/messa-a-disposizione-scuola-2024\\\/#article\",\"isPartOf\":{\"@id\":\"https:\\\/\\\/www.docenti.it\\\/blog\\\/messa-a-disposizione-scuola-2024\\\/\"},\"author\":{\"name\":\"Gabriella Capraro\",\"@id\":\"https:\\\/\\\/www.docenti.it\\\/blog\\\/#\\\/schema\\\/person\\\/773963d3c0645bd34c150c41a13e5754\"},\"headline\":\"Messa a disposizione scuola 2024\",\"datePublished\":\"2024-01-02T16:32:24+00:00\",\"mainEntityOfPage\":{\"@id\":\"https:\\\/\\\/www.docenti.it\\\/blog\\\/messa-a-disposizione-scuola-2024\\\/\"},\"wordCount\":576,\"commentCount\":0,\"publisher\":{\"@id\":\"https:\\\/\\\/www.docenti.it\\\/blog\\\/#organization\"},\"keywords\":[\"mad\",\"Messa a Disposizione\",\"messa a disposizione scuola\"],\"articleSection\":[\"Messa a Disposizione\"],\"inLanguage\":\"it-IT\",\"potentialAction\":[{\"@type\":\"CommentAction\",\"name\":\"Comment\",\"target\":[\"https:\\\/\\\/www.docenti.it\\\/blog\\\/messa-a-disposizione-scuola-2024\\\/#respond\"]}]},{\"@type\":\"WebPage\",\"@id\":\"https:\\\/\\\/www.docenti.it\\\/blog\\\/messa-a-disposizione-scuola-2024\\\/\",\"url\":\"https:\\\/\\\/www.docenti.it\\\/blog\\\/messa-a-disposizione-scuola-2024\\\/\",\"name\":\"Messa a disposizione scuola 2024 - Blog | Docenti.it\",\"isPartOf\":{\"@id\":\"https:\\\/\\\/www.docenti.it\\\/blog\\\/#website\"},\"datePublished\":\"2024-01-02T16:32:24+00:00\",\"description\":\"Messa a disposizione scuola 2024: un nuovo anno \u00e8 iniziato, e con lui le convocazioni di personale scolastico attraverso le MAD.\",\"breadcrumb\":{\"@id\":\"https:\\\/\\\/www.docenti.it\\\/blog\\\/messa-a-disposizione-scuola-2024\\\/#breadcrumb\"},\"inLanguage\":\"it-IT\",\"potentialAction\":[{\"@type\":\"ReadAction\",\"target\":[\"https:\\\/\\\/www.docenti.it\\\/blog\\\/messa-a-disposizione-scuola-2024\\\/\"]}]},{\"@type\":\"BreadcrumbList\",\"@id\":\"https:\\\/\\\/www.docenti.it\\\/blog\\\/messa-a-disposizione-scuola-2024\\\/#breadcrumb\",\"itemListElement\":[{\"@type\":\"ListItem\",\"position\":1,\"name\":\"Home\",\"item\":\"https:\\\/\\\/www.docenti.it\\\/blog\\\/\"},{\"@type\":\"ListItem\",\"position\":2,\"name\":\"Messa a disposizione scuola 2024\"}]},{\"@type\":\"WebSite\",\"@id\":\"https:\\\/\\\/www.docenti.it\\\/blog\\\/#website\",\"url\":\"https:\\\/\\\/www.docenti.it\\\/blog\\\/\",\"name\":\"Blog | Docenti.it\",\"description\":\"Tutte le notizie e gli aggiornamenti dal mondo della scuola\",\"publisher\":{\"@id\":\"https:\\\/\\\/www.docenti.it\\\/blog\\\/#organization\"},\"potentialAction\":[{\"@type\":\"SearchAction\",\"target\":{\"@type\":\"EntryPoint\",\"urlTemplate\":\"https:\\\/\\\/www.docenti.it\\\/blog\\\/?s={search_term_string}\"},\"query-input\":{\"@type\":\"PropertyValueSpecification\",\"valueRequired\":true,\"valueName\":\"search_term_string\"}}],\"inLanguage\":\"it-IT\"},{\"@type\":\"Organization\",\"@id\":\"https:\\\/\\\/www.docenti.it\\\/blog\\\/#organization\",\"name\":\"Blog | Docenti.it\",\"url\":\"https:\\\/\\\/www.docenti.it\\\/blog\\\/\",\"logo\":{\"@type\":\"ImageObject\",\"inLanguage\":\"it-IT\",\"@id\":\"https:\\\/\\\/www.docenti.it\\\/blog\\\/#\\\/schema\\\/logo\\\/image\\\/\",\"url\":\"https:\\\/\\\/www.docenti.it\\\/blog\\\/wp-content\\\/uploads\\\/2025\\\/06\\\/fb_mad_img.png\",\"contentUrl\":\"https:\\\/\\\/www.docenti.it\\\/blog\\\/wp-content\\\/uploads\\\/2025\\\/06\\\/fb_mad_img.png\",\"width\":1140,\"height\":620,\"caption\":\"Blog | Docenti.it\"},\"image\":{\"@id\":\"https:\\\/\\\/www.docenti.it\\\/blog\\\/#\\\/schema\\\/logo\\\/image\\\/\"},\"sameAs\":[\"https:\\\/\\\/www.facebook.com\\\/docenti.it\"]},{\"@type\":\"Person\",\"@id\":\"https:\\\/\\\/www.docenti.it\\\/blog\\\/#\\\/schema\\\/person\\\/773963d3c0645bd34c150c41a13e5754\",\"name\":\"Gabriella Capraro\",\"image\":{\"@type\":\"ImageObject\",\"inLanguage\":\"it-IT\",\"@id\":\"https:\\\/\\\/secure.gravatar.com\\\/avatar\\\/761075ddede7748b5d672d655cf8f326b9e5974df7bb15c5f378e7b84ddae927?s=96&d=mm&r=g\",\"url\":\"https:\\\/\\\/secure.gravatar.com\\\/avatar\\\/761075ddede7748b5d672d655cf8f326b9e5974df7bb15c5f378e7b84ddae927?s=96&d=mm&r=g\",\"contentUrl\":\"https:\\\/\\\/secure.gravatar.com\\\/avatar\\\/761075ddede7748b5d672d655cf8f326b9e5974df7bb15c5f378e7b84ddae927?s=96&d=mm&r=g\",\"caption\":\"Gabriella Capraro\"},\"description\":\"Copywriter e digital strategist, collabora come articolista e autrice per diverse piattaforme online, spaziando da tematiche scolastiche\\\/istituzionali a letterarie e musicali.\",\"url\":\"https:\\\/\\\/www.docenti.it\\\/blog\\\/author\\\/gcapraro\\\/\"}]}<\/script>\n<!-- \/ Yoast SEO plugin. -->","yoast_head_json":{"title":"Messa a disposizione scuola 2024 - Blog | Docenti.it","description":"Messa a disposizione scuola 2024: un nuovo anno \u00e8 iniziato, e con lui le convocazioni di personale scolastico attraverso le MAD.","robots":{"index":"index","follow":"follow","max-snippet":"max-snippet:-1","max-image-preview":"max-image-preview:large","max-video-preview":"max-video-preview:-1"},"canonical":"https:\/\/www.docenti.it\/blog\/messa-a-disposizione-scuola-2024\/","og_locale":"it_IT","og_type":"article","og_title":"Messa a disposizione scuola 2024 - Blog | Docenti.it","og_description":"Messa a disposizione scuola 2024: un nuovo anno \u00e8 iniziato, e con lui le convocazioni di personale scolastico attraverso le MAD.","og_url":"https:\/\/www.docenti.it\/blog\/messa-a-disposizione-scuola-2024\/","og_site_name":"Blog | Docenti.it","article_publisher":"https:\/\/www.facebook.com\/docenti.it","article_published_time":"2024-01-02T16:32:24+00:00","author":"Gabriella Capraro","twitter_card":"summary_large_image","twitter_misc":{"Scritto da":"Gabriella Capraro","Tempo di lettura stimato":"3 minuti"},"schema":{"@context":"https:\/\/schema.org","@graph":[{"@type":"Article","@id":"https:\/\/www.docenti.it\/blog\/messa-a-disposizione-scuola-2024\/#article","isPartOf":{"@id":"https:\/\/www.docenti.it\/blog\/messa-a-disposizione-scuola-2024\/"},"author":{"name":"Gabriella Capraro","@id":"https:\/\/www.docenti.it\/blog\/#\/schema\/person\/773963d3c0645bd34c150c41a13e5754"},"headline":"Messa a disposizione scuola 2024","datePublished":"2024-01-02T16:32:24+00:00","mainEntityOfPage":{"@id":"https:\/\/www.docenti.it\/blog\/messa-a-disposizione-scuola-2024\/"},"wordCount":576,"commentCount":0,"publisher":{"@id":"https:\/\/www.docenti.it\/blog\/#organization"},"keywords":["mad","Messa a Disposizione","messa a disposizione scuola"],"articleSection":["Messa a Disposizione"],"inLanguage":"it-IT","potentialAction":[{"@type":"CommentAction","name":"Comment","target":["https:\/\/www.docenti.it\/blog\/messa-a-disposizione-scuola-2024\/#respond"]}]},{"@type":"WebPage","@id":"https:\/\/www.docenti.it\/blog\/messa-a-disposizione-scuola-2024\/","url":"https:\/\/www.docenti.it\/blog\/messa-a-disposizione-scuola-2024\/","name":"Messa a disposizione scuola 2024 - Blog | Docenti.it","isPartOf":{"@id":"https:\/\/www.docenti.it\/blog\/#website"},"datePublished":"2024-01-02T16:32:24+00:00","description":"Messa a disposizione scuola 2024: un nuovo anno \u00e8 iniziato, e con lui le convocazioni di personale scolastico attraverso le MAD.","breadcrumb":{"@id":"https:\/\/www.docenti.it\/blog\/messa-a-disposizione-scuola-2024\/#breadcrumb"},"inLanguage":"it-IT","potentialAction":[{"@type":"ReadAction","target":["https:\/\/www.docenti.it\/blog\/messa-a-disposizione-scuola-2024\/"]}]},{"@type":"BreadcrumbList","@id":"https:\/\/www.docenti.it\/blog\/messa-a-disposizione-scuola-2024\/#breadcrumb","itemListElement":[{"@type":"ListItem","position":1,"name":"Home","item":"https:\/\/www.docenti.it\/blog\/"},{"@type":"ListItem","position":2,"name":"Messa a disposizione scuola 2024"}]},{"@type":"WebSite","@id":"https:\/\/www.docenti.it\/blog\/#website","url":"https:\/\/www.docenti.it\/blog\/","name":"Blog | Docenti.it","description":"Tutte le notizie e gli aggiornamenti dal mondo della scuola","publisher":{"@id":"https:\/\/www.docenti.it\/blog\/#organization"},"potentialAction":[{"@type":"SearchAction","target":{"@type":"EntryPoint","urlTemplate":"https:\/\/www.docenti.it\/blog\/?s={search_term_string}"},"query-input":{"@type":"PropertyValueSpecification","valueRequired":true,"valueName":"search_term_string"}}],"inLanguage":"it-IT"},{"@type":"Organization","@id":"https:\/\/www.docenti.it\/blog\/#organization","name":"Blog | Docenti.it","url":"https:\/\/www.docenti.it\/blog\/","logo":{"@type":"ImageObject","inLanguage":"it-IT","@id":"https:\/\/www.docenti.it\/blog\/#\/schema\/logo\/image\/","url":"https:\/\/www.docenti.it\/blog\/wp-content\/uploads\/2025\/06\/fb_mad_img.png","contentUrl":"https:\/\/www.docenti.it\/blog\/wp-content\/uploads\/2025\/06\/fb_mad_img.png","width":1140,"height":620,"caption":"Blog | Docenti.it"},"image":{"@id":"https:\/\/www.docenti.it\/blog\/#\/schema\/logo\/image\/"},"sameAs":["https:\/\/www.facebook.com\/docenti.it"]},{"@type":"Person","@id":"https:\/\/www.docenti.it\/blog\/#\/schema\/person\/773963d3c0645bd34c150c41a13e5754","name":"Gabriella Capraro","image":{"@type":"ImageObject","inLanguage":"it-IT","@id":"https:\/\/secure.gravatar.com\/avatar\/761075ddede7748b5d672d655cf8f326b9e5974df7bb15c5f378e7b84ddae927?s=96&d=mm&r=g","url":"https:\/\/secure.gravatar.com\/avatar\/761075ddede7748b5d672d655cf8f326b9e5974df7bb15c5f378e7b84ddae927?s=96&d=mm&r=g","contentUrl":"https:\/\/secure.gravatar.com\/avatar\/761075ddede7748b5d672d655cf8f326b9e5974df7bb15c5f378e7b84ddae927?s=96&d=mm&r=g","caption":"Gabriella Capraro"},"description":"Copywriter e digital strategist, collabora come articolista e autrice per diverse piattaforme online, spaziando da tematiche scolastiche\/istituzionali a letterarie e musicali.","url":"https:\/\/www.docenti.it\/blog\/author\/gcapraro\/"}]}},"_links":{"self":[{"href":"https:\/\/www.docenti.it\/blog\/wp-json\/wp\/v2\/posts\/45712","targetHints":{"allow":["GET"]}}],"collection":[{"href":"https:\/\/www.docenti.it\/blog\/wp-json\/wp\/v2\/posts"}],"about":[{"href":"https:\/\/www.docenti.it\/blog\/wp-json\/wp\/v2\/types\/post"}],"author":[{"embeddable":true,"href":"https:\/\/www.docenti.it\/blog\/wp-json\/wp\/v2\/users\/25"}],"replies":[{"embeddable":true,"href":"https:\/\/www.docenti.it\/blog\/wp-json\/wp\/v2\/comments?post=45712"}],"version-history":[{"count":1,"href":"https:\/\/www.docenti.it\/blog\/wp-json\/wp\/v2\/posts\/45712\/revisions"}],"predecessor-version":[{"id":45713,"href":"https:\/\/www.docenti.it\/blog\/wp-json\/wp\/v2\/posts\/45712\/revisions\/45713"}],"wp:attachment":[{"href":"https:\/\/www.docenti.it\/blog\/wp-json\/wp\/v2\/media?parent=45712"}],"wp:term":[{"taxonomy":"category","embeddable":true,"href":"https:\/\/www.docenti.it\/blog\/wp-json\/wp\/v2\/categories?post=45712"},{"taxonomy":"post_tag","embeddable":true,"href":"https:\/\/www.docenti.it\/blog\/wp-json\/wp\/v2\/tags?post=45712"}],"curies":[{"name":"wp","href":"https:\/\/api.w.org\/{rel}","templated":true}]}}