{"id":45773,"date":"2024-02-06T22:37:21","date_gmt":"2024-02-06T21:37:21","guid":{"rendered":"https:\/\/www.docenti.it\/blog\/?p=45773"},"modified":"2024-02-06T22:37:21","modified_gmt":"2024-02-06T21:37:21","slug":"mad-avvisi-supplenze-e-messa-a-disposizione","status":"publish","type":"post","link":"https:\/\/www.docenti.it\/blog\/mad-avvisi-supplenze-e-messa-a-disposizione\/","title":{"rendered":"MAD: avvisi supplenze e messa a disposizione"},"content":{"rendered":"\n<p><strong>MAD: pubblicati gli avvisi aggiornati per le convocazioni supplenze tramite messa a disposizione.\u00a0<\/strong><\/p>\n\n\n\n<p>Dopo qualche mese dall\u2019inizio del nuovo anno scolastico, si presentano diverse cattedre vacanti negli Istituti d\u2019Istruzione di varie regioni italiane.&nbsp;<\/p>\n\n\n\n<p>Nonostante lo scorrimento delle Graduatorie d\u2019Istituto, comprese quelle delle scuole pi\u00f9 vicine secondo il criterio cd. di prossimit\u00e0, risultano ancora numerosi i posti vacanti che le segreterie scolastiche hanno necessit\u00e0 di riempire.&nbsp;<\/p>\n\n\n\n<p>Il ricorso alle <strong><a href=\"https:\/\/www.docenti.it\/mad.html\" target=\"_blank\" rel=\"noreferrer noopener\">MAD <\/a><\/strong>da parte dei Dirigenti scolastici, d\u2019altronde, presenta numerosi vantaggi in termini di celerit\u00e0 con cui vengono effettuate le convocazioni.\u00a0<\/p>\n\n\n\n<p>Basti pensare al fatto che, attraverso la domanda di messa a disposizione, \u00e8 possibile essere convocati per ricoprire posti vacanti anche per periodi molto brevi, della durata di uno o due mesi.&nbsp;<\/p>\n\n\n\n<p>Sicuramente non c\u2019\u00e8 da farsi sfuggire questa occasione, anche in vista della partecipazione a concorsi scolastici o dell\u2019inserimento nelle Graduatorie GPS, per le quali le supplenze svolte tramite <strong><a href=\"https:\/\/www.docenti.it\/mad.html\" target=\"_blank\" rel=\"noreferrer noopener\">MAD <\/a><\/strong>fanno punteggio.\u00a0<\/p>\n\n\n\n<p>Per scoprire di pi\u00f9 circa il punteggio assegnato alle supplenze:\u00a0<\/p>\n\n\n\n<p><a href=\"https:\/\/www.docenti.it\/blog\/punteggio-supplenze-e-graduatorie-gps-2024\/\" target=\"_blank\" rel=\"noreferrer noopener\">https:\/\/www.docenti.it\/blog\/punteggio-supplenze-e-graduatorie-gps-2024\/<\/a><\/p>\n\n\n\n<div class=\"is-layout-flex wp-block-buttons\">\n<div class=\"wp-block-button\"><a class=\"wp-block-button__link wp-element-button\" href=\"https:\/\/www.docenti.it\/messa-a-disposizione\/modello\/modellomad.html\" target=\"_blank\" rel=\"noreferrer noopener\">COMPILA LA TUA MAD<\/a><\/div>\n<\/div>\n\n\n\n<h2><strong>MAD 2024: gli avvisi e le scuole disponibili<\/strong><\/h2>\n\n\n\n<p>Per le <strong><a href=\"https:\/\/www.docenti.it\/mad.html\" target=\"_blank\" rel=\"noreferrer noopener\">MAD 2024 <\/a><\/strong>ogni mese vengono aggiornati gli avvisi e le scuole disponibili a convocare per la copertura di posti vacanti.\u00a0<\/p>\n\n\n\n<p>Nel mese di Gennaio 2024 le opportunit\u00e0 sono tante, cos\u00ec come le chance di ricevere una convocazione tramite Messa a disposizione.&nbsp;<\/p>\n\n\n\n<p>Nello specifico, questi sono gli Istituti scolastici che hanno provveduto a pubblicare gli avvisi per la copertura delle cattedre, con le relative scadenze:&nbsp;<\/p>\n\n\n\n<p><strong>ABRUZZO<\/strong><\/p>\n\n\n\n<p>IIS E. Fermi di Sulmona (L\u2019Aquila) \u2013 supplenza per la classe di concorso A040 Scienze e tecnologie elettriche e elettroniche.<\/p>\n\n\n\n<p><strong>LAZIO<\/strong><\/p>\n\n\n\n<p>Convitto Nazionale Amedeo di Savoia di Tivoli (Roma) \u2013 supplenza per la classe di concorso A041 Scienze e tecnologie informatiche fino al 30 giugno 2024.<\/p>\n\n\n\n<p>IIS C. Rosatelli di Rieti \u2013 supplenza per la classe di concorso A040 Scienze e tecnologie elettriche e elettroniche fino al 7 giugno 2024.<\/p>\n\n\n\n<p>Scadenza: 5 febbraio (ore 12.00).&nbsp;<\/p>\n\n\n\n<p><strong>PIEMONTE<\/strong><\/p>\n\n\n\n<p>IISS Boselli di Torino \u2013 supplenza per la classe di concorso AA24 Francese fino al 28 febbraio 2024.<\/p>\n\n\n\n<p>Scadenza: 5 febbraio (ore 14.00).&nbsp;<\/p>\n\n\n\n<p><strong>PUGLIA<\/strong><\/p>\n\n\n\n<p>IISS Del Prete-Falcone di Sava (Taranto) \u2013 supplenza per la classe di concorso A040 Scienze e tecnologie elettriche e elettroniche fino al 7 giugno 2024.<\/p>\n\n\n\n<p>Scadenza: 3 febbraio (ore 12.00).&nbsp;<\/p>\n\n\n\n<p>IISS Majorana di Martina Franca (Taranto) \u2013 supplenza per la classe di concorso A040 Scienze e tecnologie elettriche e elettroniche fino al 30 giugno 2024.<\/p>\n\n\n\n<p>Scadenza: 6 febbraio (ore 8.00).&nbsp;<\/p>\n\n\n\n<p>Si tratta di un elenco non esaustivo, perch\u00e9 ogni scuola aggiorna i propri avvisi settimana per settimana, anche in vista dell\u2019eventuale assenza per ferie o malattia di personale scolastico di ruolo ed indeterminato.\u00a0<\/p>\n\n\n\n<div class=\"is-layout-flex wp-block-buttons\">\n<div class=\"wp-block-button\"><a class=\"wp-block-button__link wp-element-button\" href=\"https:\/\/www.docenti.it\/messa-a-disposizione\/modello\/modellomad.html\" target=\"_blank\" rel=\"noreferrer noopener\">COMPILA LA TUA MAD<\/a><\/div>\n<\/div>\n\n\n\n<h2><strong>MAD: procedura di compilazione<\/strong><\/h2>\n\n\n\n<p><strong>Arriviamo al punto: MAD e procedura di compilazione.\u00a0<\/strong><\/p>\n\n\n\n<p>Come avrai potuto notare dalla cadenzialit\u00e0 con cui vengono pubblicati gli avvisi presso le scuole, \u00e8 chiaro come la convocazione da <strong><a href=\"https:\/\/www.docenti.it\/mad.html\" target=\"_blank\" rel=\"noreferrer noopener\">MAD<\/a><\/strong> fatta durante questo periodo dell\u2019anno ha una caratteristica: l\u2019urgenza.\u00a0<\/p>\n\n\n\n<p>Si tratta, perlopi\u00f9, di cattedre che necessitano di essere riempite in maniera tempestiva, anche in vista dell\u2019inizio del nuovo trimestre scolastico.&nbsp;<\/p>\n\n\n\n<p>La procedura di compilazione della <strong><a href=\"https:\/\/www.docenti.it\/mad.html\" target=\"_blank\" rel=\"noreferrer noopener\">MAD<\/a><\/strong> non \u00e8 affatto semplice, perch\u00e9 richiede precisione, cura nell\u2019inserimento delle informazioni riguardanti le classi di concorso ed il titolo di studi posseduto, attenzione nella scelta del giusto indirizzo mail o PEC della segreteria scolastica presso cui si fa domanda.\u00a0<\/p>\n\n\n\n<p>S\u00ec, perch\u00e9 non tutte le scuole sfogliano le domanda di messa a disposizione utilizzando l\u2019indirizzo mail presente sul sito web della scuola.&nbsp;<\/p>\n\n\n\n<p>Nella gran parte dei casi, le segreterie fanno affidamento a database esterni quali l\u2019Elenco Nazionale Supplenti per la gestione delle<strong><a href=\"https:\/\/www.docenti.it\/mad.html\" target=\"_blank\" rel=\"noreferrer noopener\"> candidature tramite MAD<\/a><\/strong>.\u00a0<\/p>\n\n\n\n<p>Per evitare di non ricevere una convocazione tempestiva e per essere sicuro della buona riuscita della tua domanda di messa a disposizione, puoi affidarti a <strong>Docenti.it.\u00a0<\/strong><\/p>\n\n\n\n<p>Docenti.it supporta ogni mese migliaia di aspiranti docenti nella gestione e nell\u2019invio delle domande di messa a disposizione, classificandosi come una delle principali piattaforme italiane per l\u2019<strong><a href=\"https:\/\/www.docenti.it\/mad.html\" target=\"_blank\" rel=\"noreferrer noopener\">invio della Messa a disposizione.\u00a0<\/a><\/strong><\/p>\n\n\n\n<p>Entro 24h dalla tua richiesta, riceverai una consulenza personalizzata da parte di uno dei nostri esperti, che ti supporter\u00e0 durante tutte le fasi di inserimento titoli, scelta delle province e programmazione dell\u2019<strong><a href=\"https:\/\/www.docenti.it\/mad.html\" target=\"_blank\" rel=\"noreferrer noopener\">invio della tua MAD.\u00a0<\/a><\/strong><\/p>\n\n\n\n<p>Approfittane!\u00a0<\/p>\n\n\n\n<div class=\"is-layout-flex wp-block-buttons\">\n<div class=\"wp-block-button\"><a class=\"wp-block-button__link wp-element-button\" href=\"https:\/\/www.docenti.it\/messa-a-disposizione\/modello\/modellomad.html\" target=\"_blank\" rel=\"noreferrer noopener\">COMPILA ORA LA TUA MAD<\/a><\/div>\n<\/div>\n","protected":false},"excerpt":{"rendered":"<p>MAD: pubblicati gli avvisi aggiornati per le convocazioni supplenze tramite messa a disposizione.\u00a0 Dopo [&hellip;]<\/p>\n","protected":false},"author":25,"featured_media":43266,"comment_status":"open","ping_status":"open","sticky":false,"template":"","format":"standard","meta":[],"categories":[2],"tags":[691,11,26,10],"yoast_head":"<!-- This site is optimized with the Yoast SEO plugin v20.4 - https:\/\/yoast.com\/wordpress\/plugins\/seo\/ -->\n<title>MAD: avvisi supplenze e messa a disposizione - Blog | Docenti.it<\/title>\n<meta name=\"description\" content=\"MAD: avvisi supplenze presso gli Istituti d&#039;istruzione attraverso la convocazione dei Dirigenti scolastici.\" \/>\n<meta name=\"robots\" content=\"index, follow, max-snippet:-1, max-image-preview:large, max-video-preview:-1\" \/>\n<link rel=\"canonical\" href=\"https:\/\/www.docenti.it\/blog\/mad-avvisi-supplenze-e-messa-a-disposizione\/\" \/>\n<meta property=\"og:locale\" content=\"it_IT\" \/>\n<meta property=\"og:type\" content=\"article\" \/>\n<meta property=\"og:title\" content=\"MAD: avvisi supplenze e messa a disposizione - Blog | Docenti.it\" \/>\n<meta property=\"og:description\" content=\"MAD: avvisi supplenze presso gli Istituti d&#039;istruzione attraverso la convocazione dei Dirigenti scolastici.\" \/>\n<meta property=\"og:url\" content=\"https:\/\/www.docenti.it\/blog\/mad-avvisi-supplenze-e-messa-a-disposizione\/\" \/>\n<meta property=\"og:site_name\" content=\"Blog | Docenti.it\" \/>\n<meta property=\"article:publisher\" content=\"https:\/\/www.facebook.com\/docenti.it\" \/>\n<meta property=\"article:published_time\" content=\"2024-02-06T21:37:21+00:00\" \/>\n<meta property=\"og:image\" content=\"https:\/\/www.docenti.it\/blog\/wp-content\/uploads\/2023\/01\/sergey-zolkin-_UeY8aTI6d0-unsplash.jpg\" \/>\n\t<meta property=\"og:image:width\" content=\"640\" \/>\n\t<meta property=\"og:image:height\" content=\"427\" \/>\n\t<meta property=\"og:image:type\" content=\"image\/jpeg\" \/>\n<meta name=\"author\" content=\"Gabriella Capraro\" \/>\n<meta name=\"twitter:card\" content=\"summary_large_image\" \/>\n<meta name=\"twitter:label1\" content=\"Written by\" \/>\n\t<meta name=\"twitter:data1\" content=\"Gabriella Capraro\" \/>\n\t<meta name=\"twitter:label2\" content=\"Est. reading time\" \/>\n\t<meta name=\"twitter:data2\" content=\"3 minuti\" \/>\n<script type=\"application\/ld+json\" class=\"yoast-schema-graph\">{\"@context\":\"https:\/\/schema.org\",\"@graph\":[{\"@type\":\"Article\",\"@id\":\"https:\/\/www.docenti.it\/blog\/mad-avvisi-supplenze-e-messa-a-disposizione\/#article\",\"isPartOf\":{\"@id\":\"https:\/\/www.docenti.it\/blog\/mad-avvisi-supplenze-e-messa-a-disposizione\/\"},\"author\":{\"name\":\"Gabriella Capraro\",\"@id\":\"https:\/\/www.docenti.it\/blog\/#\/schema\/person\/773963d3c0645bd34c150c41a13e5754\"},\"headline\":\"MAD: avvisi supplenze e messa a disposizione\",\"datePublished\":\"2024-02-06T21:37:21+00:00\",\"dateModified\":\"2024-02-06T21:37:21+00:00\",\"mainEntityOfPage\":{\"@id\":\"https:\/\/www.docenti.it\/blog\/mad-avvisi-supplenze-e-messa-a-disposizione\/\"},\"wordCount\":701,\"commentCount\":0,\"publisher\":{\"@id\":\"https:\/\/www.docenti.it\/blog\/#organization\"},\"keywords\":[\"avvisi ed interpelli\",\"mad\",\"MAD online\",\"Messa a Disposizione\"],\"articleSection\":[\"Messa a Disposizione\"],\"inLanguage\":\"it-IT\",\"potentialAction\":[{\"@type\":\"CommentAction\",\"name\":\"Comment\",\"target\":[\"https:\/\/www.docenti.it\/blog\/mad-avvisi-supplenze-e-messa-a-disposizione\/#respond\"]}]},{\"@type\":\"WebPage\",\"@id\":\"https:\/\/www.docenti.it\/blog\/mad-avvisi-supplenze-e-messa-a-disposizione\/\",\"url\":\"https:\/\/www.docenti.it\/blog\/mad-avvisi-supplenze-e-messa-a-disposizione\/\",\"name\":\"MAD: avvisi supplenze e messa a disposizione - Blog | Docenti.it\",\"isPartOf\":{\"@id\":\"https:\/\/www.docenti.it\/blog\/#website\"},\"datePublished\":\"2024-02-06T21:37:21+00:00\",\"dateModified\":\"2024-02-06T21:37:21+00:00\",\"description\":\"MAD: avvisi supplenze presso gli Istituti d'istruzione attraverso la convocazione dei Dirigenti scolastici.\",\"breadcrumb\":{\"@id\":\"https:\/\/www.docenti.it\/blog\/mad-avvisi-supplenze-e-messa-a-disposizione\/#breadcrumb\"},\"inLanguage\":\"it-IT\",\"potentialAction\":[{\"@type\":\"ReadAction\",\"target\":[\"https:\/\/www.docenti.it\/blog\/mad-avvisi-supplenze-e-messa-a-disposizione\/\"]}]},{\"@type\":\"BreadcrumbList\",\"@id\":\"https:\/\/www.docenti.it\/blog\/mad-avvisi-supplenze-e-messa-a-disposizione\/#breadcrumb\",\"itemListElement\":[{\"@type\":\"ListItem\",\"position\":1,\"name\":\"Home\",\"item\":\"https:\/\/www.docenti.it\/blog\/\"},{\"@type\":\"ListItem\",\"position\":2,\"name\":\"MAD: avvisi supplenze e messa a disposizione\"}]},{\"@type\":\"WebSite\",\"@id\":\"https:\/\/www.docenti.it\/blog\/#website\",\"url\":\"https:\/\/www.docenti.it\/blog\/\",\"name\":\"Blog | Docenti.it\",\"description\":\"Tutte le notizie e gli aggiornamenti dal mondo della scuola\",\"publisher\":{\"@id\":\"https:\/\/www.docenti.it\/blog\/#organization\"},\"potentialAction\":[{\"@type\":\"SearchAction\",\"target\":{\"@type\":\"EntryPoint\",\"urlTemplate\":\"https:\/\/www.docenti.it\/blog\/?s={search_term_string}\"},\"query-input\":\"required name=search_term_string\"}],\"inLanguage\":\"it-IT\"},{\"@type\":\"Organization\",\"@id\":\"https:\/\/www.docenti.it\/blog\/#organization\",\"name\":\"Blog | Docenti.it\",\"url\":\"https:\/\/www.docenti.it\/blog\/\",\"logo\":{\"@type\":\"ImageObject\",\"inLanguage\":\"it-IT\",\"@id\":\"https:\/\/www.docenti.it\/blog\/#\/schema\/logo\/image\/\",\"url\":\"https:\/\/www.docenti.it\/blog\/wp-content\/uploads\/2025\/06\/fb_mad_img.png\",\"contentUrl\":\"https:\/\/www.docenti.it\/blog\/wp-content\/uploads\/2025\/06\/fb_mad_img.png\",\"width\":1140,\"height\":620,\"caption\":\"Blog | Docenti.it\"},\"image\":{\"@id\":\"https:\/\/www.docenti.it\/blog\/#\/schema\/logo\/image\/\"},\"sameAs\":[\"https:\/\/www.facebook.com\/docenti.it\"]},{\"@type\":\"Person\",\"@id\":\"https:\/\/www.docenti.it\/blog\/#\/schema\/person\/773963d3c0645bd34c150c41a13e5754\",\"name\":\"Gabriella Capraro\",\"image\":{\"@type\":\"ImageObject\",\"inLanguage\":\"it-IT\",\"@id\":\"https:\/\/www.docenti.it\/blog\/#\/schema\/person\/image\/\",\"url\":\"https:\/\/secure.gravatar.com\/avatar\/17e0ab06bea064a8a7c5bef443cb7153?s=96&d=mm&r=g\",\"contentUrl\":\"https:\/\/secure.gravatar.com\/avatar\/17e0ab06bea064a8a7c5bef443cb7153?s=96&d=mm&r=g\",\"caption\":\"Gabriella Capraro\"},\"description\":\"Copywriter e digital strategist, collabora come articolista e autrice per diverse piattaforme online, spaziando da tematiche scolastiche\/istituzionali a letterarie e musicali.\",\"url\":\"https:\/\/www.docenti.it\/blog\/author\/gcapraro\/\"}]}<\/script>\n<!-- \/ Yoast SEO plugin. -->","yoast_head_json":{"title":"MAD: avvisi supplenze e messa a disposizione - Blog | Docenti.it","description":"MAD: avvisi supplenze presso gli Istituti d'istruzione attraverso la convocazione dei Dirigenti scolastici.","robots":{"index":"index","follow":"follow","max-snippet":"max-snippet:-1","max-image-preview":"max-image-preview:large","max-video-preview":"max-video-preview:-1"},"canonical":"https:\/\/www.docenti.it\/blog\/mad-avvisi-supplenze-e-messa-a-disposizione\/","og_locale":"it_IT","og_type":"article","og_title":"MAD: avvisi supplenze e messa a disposizione - Blog | Docenti.it","og_description":"MAD: avvisi supplenze presso gli Istituti d'istruzione attraverso la convocazione dei Dirigenti scolastici.","og_url":"https:\/\/www.docenti.it\/blog\/mad-avvisi-supplenze-e-messa-a-disposizione\/","og_site_name":"Blog | Docenti.it","article_publisher":"https:\/\/www.facebook.com\/docenti.it","article_published_time":"2024-02-06T21:37:21+00:00","og_image":[{"width":640,"height":427,"url":"https:\/\/www.docenti.it\/blog\/wp-content\/uploads\/2023\/01\/sergey-zolkin-_UeY8aTI6d0-unsplash.jpg","type":"image\/jpeg"}],"author":"Gabriella Capraro","twitter_card":"summary_large_image","twitter_misc":{"Written by":"Gabriella Capraro","Est. reading time":"3 minuti"},"schema":{"@context":"https:\/\/schema.org","@graph":[{"@type":"Article","@id":"https:\/\/www.docenti.it\/blog\/mad-avvisi-supplenze-e-messa-a-disposizione\/#article","isPartOf":{"@id":"https:\/\/www.docenti.it\/blog\/mad-avvisi-supplenze-e-messa-a-disposizione\/"},"author":{"name":"Gabriella Capraro","@id":"https:\/\/www.docenti.it\/blog\/#\/schema\/person\/773963d3c0645bd34c150c41a13e5754"},"headline":"MAD: avvisi supplenze e messa a disposizione","datePublished":"2024-02-06T21:37:21+00:00","dateModified":"2024-02-06T21:37:21+00:00","mainEntityOfPage":{"@id":"https:\/\/www.docenti.it\/blog\/mad-avvisi-supplenze-e-messa-a-disposizione\/"},"wordCount":701,"commentCount":0,"publisher":{"@id":"https:\/\/www.docenti.it\/blog\/#organization"},"keywords":["avvisi ed interpelli","mad","MAD online","Messa a Disposizione"],"articleSection":["Messa a Disposizione"],"inLanguage":"it-IT","potentialAction":[{"@type":"CommentAction","name":"Comment","target":["https:\/\/www.docenti.it\/blog\/mad-avvisi-supplenze-e-messa-a-disposizione\/#respond"]}]},{"@type":"WebPage","@id":"https:\/\/www.docenti.it\/blog\/mad-avvisi-supplenze-e-messa-a-disposizione\/","url":"https:\/\/www.docenti.it\/blog\/mad-avvisi-supplenze-e-messa-a-disposizione\/","name":"MAD: avvisi supplenze e messa a disposizione - Blog | Docenti.it","isPartOf":{"@id":"https:\/\/www.docenti.it\/blog\/#website"},"datePublished":"2024-02-06T21:37:21+00:00","dateModified":"2024-02-06T21:37:21+00:00","description":"MAD: avvisi supplenze presso gli Istituti d'istruzione attraverso la convocazione dei Dirigenti scolastici.","breadcrumb":{"@id":"https:\/\/www.docenti.it\/blog\/mad-avvisi-supplenze-e-messa-a-disposizione\/#breadcrumb"},"inLanguage":"it-IT","potentialAction":[{"@type":"ReadAction","target":["https:\/\/www.docenti.it\/blog\/mad-avvisi-supplenze-e-messa-a-disposizione\/"]}]},{"@type":"BreadcrumbList","@id":"https:\/\/www.docenti.it\/blog\/mad-avvisi-supplenze-e-messa-a-disposizione\/#breadcrumb","itemListElement":[{"@type":"ListItem","position":1,"name":"Home","item":"https:\/\/www.docenti.it\/blog\/"},{"@type":"ListItem","position":2,"name":"MAD: avvisi supplenze e messa a disposizione"}]},{"@type":"WebSite","@id":"https:\/\/www.docenti.it\/blog\/#website","url":"https:\/\/www.docenti.it\/blog\/","name":"Blog | Docenti.it","description":"Tutte le notizie e gli aggiornamenti dal mondo della scuola","publisher":{"@id":"https:\/\/www.docenti.it\/blog\/#organization"},"potentialAction":[{"@type":"SearchAction","target":{"@type":"EntryPoint","urlTemplate":"https:\/\/www.docenti.it\/blog\/?s={search_term_string}"},"query-input":"required name=search_term_string"}],"inLanguage":"it-IT"},{"@type":"Organization","@id":"https:\/\/www.docenti.it\/blog\/#organization","name":"Blog | Docenti.it","url":"https:\/\/www.docenti.it\/blog\/","logo":{"@type":"ImageObject","inLanguage":"it-IT","@id":"https:\/\/www.docenti.it\/blog\/#\/schema\/logo\/image\/","url":"https:\/\/www.docenti.it\/blog\/wp-content\/uploads\/2025\/06\/fb_mad_img.png","contentUrl":"https:\/\/www.docenti.it\/blog\/wp-content\/uploads\/2025\/06\/fb_mad_img.png","width":1140,"height":620,"caption":"Blog | Docenti.it"},"image":{"@id":"https:\/\/www.docenti.it\/blog\/#\/schema\/logo\/image\/"},"sameAs":["https:\/\/www.facebook.com\/docenti.it"]},{"@type":"Person","@id":"https:\/\/www.docenti.it\/blog\/#\/schema\/person\/773963d3c0645bd34c150c41a13e5754","name":"Gabriella Capraro","image":{"@type":"ImageObject","inLanguage":"it-IT","@id":"https:\/\/www.docenti.it\/blog\/#\/schema\/person\/image\/","url":"https:\/\/secure.gravatar.com\/avatar\/17e0ab06bea064a8a7c5bef443cb7153?s=96&d=mm&r=g","contentUrl":"https:\/\/secure.gravatar.com\/avatar\/17e0ab06bea064a8a7c5bef443cb7153?s=96&d=mm&r=g","caption":"Gabriella Capraro"},"description":"Copywriter e digital strategist, collabora come articolista e autrice per diverse piattaforme online, spaziando da tematiche scolastiche\/istituzionali a letterarie e musicali.","url":"https:\/\/www.docenti.it\/blog\/author\/gcapraro\/"}]}},"_links":{"self":[{"href":"https:\/\/www.docenti.it\/blog\/wp-json\/wp\/v2\/posts\/45773"}],"collection":[{"href":"https:\/\/www.docenti.it\/blog\/wp-json\/wp\/v2\/posts"}],"about":[{"href":"https:\/\/www.docenti.it\/blog\/wp-json\/wp\/v2\/types\/post"}],"author":[{"embeddable":true,"href":"https:\/\/www.docenti.it\/blog\/wp-json\/wp\/v2\/users\/25"}],"replies":[{"embeddable":true,"href":"https:\/\/www.docenti.it\/blog\/wp-json\/wp\/v2\/comments?post=45773"}],"version-history":[{"count":1,"href":"https:\/\/www.docenti.it\/blog\/wp-json\/wp\/v2\/posts\/45773\/revisions"}],"predecessor-version":[{"id":45774,"href":"https:\/\/www.docenti.it\/blog\/wp-json\/wp\/v2\/posts\/45773\/revisions\/45774"}],"wp:featuredmedia":[{"embeddable":true,"href":"https:\/\/www.docenti.it\/blog\/wp-json\/wp\/v2\/media\/43266"}],"wp:attachment":[{"href":"https:\/\/www.docenti.it\/blog\/wp-json\/wp\/v2\/media?parent=45773"}],"wp:term":[{"taxonomy":"category","embeddable":true,"href":"https:\/\/www.docenti.it\/blog\/wp-json\/wp\/v2\/categories?post=45773"},{"taxonomy":"post_tag","embeddable":true,"href":"https:\/\/www.docenti.it\/blog\/wp-json\/wp\/v2\/tags?post=45773"}],"curies":[{"name":"wp","href":"https:\/\/api.w.org\/{rel}","templated":true}]}}