{"id":45803,"date":"2024-02-25T12:25:08","date_gmt":"2024-02-25T11:25:08","guid":{"rendered":"https:\/\/www.docenti.it\/blog\/?p=45803"},"modified":"2024-02-25T12:25:08","modified_gmt":"2024-02-25T11:25:08","slug":"riforma-classi-di-concorso-integrazione-cfu","status":"publish","type":"post","link":"https:\/\/www.docenti.it\/blog\/riforma-classi-di-concorso-integrazione-cfu\/","title":{"rendered":"Riforma classi di concorso: integrazione CFU"},"content":{"rendered":"\n<p>Riforma classi di concorso ed integrazione CFU: il decreto del 22 dicembre 2023 del Ministro dell&#8217;Istruzione e del merito, concernente la modifica e l&#8217;adeguamento delle classi di concorso per la scuola secondaria di primo e secondo grado, \u00e8 stato ufficialmente pubblicato sulla Gazzetta Ufficiale il 10 febbraio 2024.<\/p>\n\n\n\n<h2>Riforma classi di concorso: integrazione CFU e CFU mancanti<\/h2>\n\n\n\n<p>Sui CFU mancanti e l&#8217;integrazione: i corsi di laurea (sia di ordinamento precedente che di primo, specialistico, magistrale o a ciclo unico) o di diploma accademico (di ordinamento precedente, di primo o secondo livello) e i singoli corsi universitari o accademici possono essere utilizzati per ottenere gli esami, i CFU e i CFA necessari secondo il presente decreto. <\/p>\n\n\n\n<p>Tuttavia, i CFU e i CFA ottenuti tramite la redazione della tesi di laurea o di diploma accademico<strong> non sono considerati nell&#8217;ambito di questo calcolo.<\/strong><\/p>\n\n\n\n<p>Le persone che hanno una laurea o un diploma accademico del vecchio ordinamento e devono integrare, se necessario, il loro piano di studi, devono sostenere esami del nuovo ordinamento <strong>per un totale di 12 CFU o CFA per ogni anno richiesto<\/strong>. <\/p>\n\n\n\n<p>Questi esami devono avere la stessa denominazione o una denominazione equivalente stabilita dall&#8217;istituzione accademica competente e devono essere nei medesimi settori disciplinari previsti per le lauree o i diplomi accademici del nuovo ordinamento. Ogni esame semestrale comporta il conseguimento di 6 CFU o CFA.<\/p>\n\n\n\n<div class=\"is-layout-flex wp-block-buttons\">\n<div class=\"wp-block-button\"><a class=\"wp-block-button__link wp-element-button\" href=\"https:\/\/www.docenti.it\/valutazione\/valutazione-piano-di-studi.html\" target=\"_blank\" rel=\"noreferrer noopener\">VALUTA IL TUO PIANO DI STUDI<\/a><\/div>\n<\/div>\n\n\n\n<h2>Equiparazione dei titoli di studio<\/h2>\n\n\n\n<p>Quando nella tabella A viene specificata una particolare classe di laurea magistrale nella colonna intitolata &#8220;Titoli di accesso Lauree magistrali&#8221;, anche le lauree specialistica e di vecchio ordinamento corrispondenti, secondo le equiparazioni stabilite dal decreto del Ministro dell&#8217;istruzione, dell&#8217;universit\u00e0 e della ricerca del 9 luglio 2009, insieme al Ministro per la pubblica amministrazione e l&#8217;innovazione, <strong>costituiscono titolo di accesso alla classe di concorso.\u00a0<\/strong><\/p>\n\n\n\n<p>Questo avviene<strong> anche se tali lauree non sono esplicitamente menzionate nelle colonne corrispondenti.<\/strong><\/p>\n\n\n\n<p>Se una laurea di vecchio ordinamento \u00e8 equivalente a pi\u00f9 lauree specialistiche o magistrali, come definito nell&#8217;articolo 2 del decreto del Ministro dell&#8217;istruzione, dell&#8217;universit\u00e0 e della ricerca del 9 luglio 2009, sar\u00e0 responsabilit\u00e0 dell&#8217;Ateneo che ha conferito il diploma rilasciare, su richiesta, un certificato che indichi a quale specifica classe di laurea magistrale \u00e8 equiparato il titolo di studio posseduto.<\/p>\n\n\n\n<p>Se hai dubbi e hai bisogno di capire qual \u00e8 la classe di concorso adatta al tuo piano di studi, approfitta delle nostre competenze e accedi al servizio di valutazione del piano di studi! <\/p>\n\n\n\n<div class=\"is-layout-flex wp-block-buttons\">\n<div class=\"wp-block-button\"><a class=\"wp-block-button__link wp-element-button\" href=\"https:\/\/www.docenti.it\/valutazione\/valutazione-piano-di-studi.html\" target=\"_blank\" rel=\"noreferrer noopener\">VALUTA IL TUO PIANO DI STUDI CON DOCENTI.IT<\/a><\/div>\n<\/div>\n\n\n\n<p>Per restare aggiornato su tutte le news del mondo scuola, segui la sezione <strong><a href=\"https:\/\/www.docenti.it\/blog\/\" target=\"_blank\" rel=\"noreferrer noopener\">Blog<\/a><\/strong> del portale <strong><a href=\"https:\/\/www.docenti.it\/\" target=\"_blank\" rel=\"noreferrer noopener\">Docenti.it<\/a><\/strong>! <\/p>\n","protected":false},"excerpt":{"rendered":"<p>Riforma classi di concorso ed integrazione CFU: il decreto del 22 dicembre 2023 del [&hellip;]<\/p>\n","protected":false},"author":25,"featured_media":41055,"comment_status":"open","ping_status":"open","sticky":false,"template":"","format":"standard","meta":[],"categories":[4,485],"tags":[704,689,17],"yoast_head":"<!-- This site is optimized with the Yoast SEO plugin v20.4 - https:\/\/yoast.com\/wordpress\/plugins\/seo\/ -->\n<title>Riforma classi di concorso: integrazione CFU - Blog | Docenti.it<\/title>\n<meta name=\"description\" content=\"Riforma classi di concorso: integrazione CFU, equiparazione titoli di studio e altri dettagli contenuti nel decreto del 10 febbraio.\" \/>\n<meta name=\"robots\" content=\"index, follow, max-snippet:-1, max-image-preview:large, max-video-preview:-1\" \/>\n<link rel=\"canonical\" href=\"https:\/\/www.docenti.it\/blog\/riforma-classi-di-concorso-integrazione-cfu\/\" \/>\n<meta property=\"og:locale\" content=\"it_IT\" \/>\n<meta property=\"og:type\" content=\"article\" \/>\n<meta property=\"og:title\" content=\"Riforma classi di concorso: integrazione CFU - Blog | Docenti.it\" \/>\n<meta property=\"og:description\" content=\"Riforma classi di concorso: integrazione CFU, equiparazione titoli di studio e altri dettagli contenuti nel decreto del 10 febbraio.\" \/>\n<meta property=\"og:url\" content=\"https:\/\/www.docenti.it\/blog\/riforma-classi-di-concorso-integrazione-cfu\/\" \/>\n<meta property=\"og:site_name\" content=\"Blog | Docenti.it\" \/>\n<meta property=\"article:publisher\" content=\"https:\/\/www.facebook.com\/docenti.it\" \/>\n<meta property=\"article:published_time\" content=\"2024-02-25T11:25:08+00:00\" \/>\n<meta property=\"og:image\" content=\"https:\/\/www.docenti.it\/blog\/wp-content\/uploads\/2022\/12\/checklist-g989b86b8c_640.jpg\" \/>\n\t<meta property=\"og:image:width\" content=\"640\" \/>\n\t<meta property=\"og:image:height\" content=\"427\" \/>\n\t<meta property=\"og:image:type\" content=\"image\/jpeg\" \/>\n<meta name=\"author\" content=\"Gabriella Capraro\" \/>\n<meta name=\"twitter:card\" content=\"summary_large_image\" \/>\n<meta name=\"twitter:label1\" content=\"Written by\" \/>\n\t<meta name=\"twitter:data1\" content=\"Gabriella Capraro\" \/>\n\t<meta name=\"twitter:label2\" content=\"Est. reading time\" \/>\n\t<meta name=\"twitter:data2\" content=\"2 minuti\" \/>\n<script type=\"application\/ld+json\" class=\"yoast-schema-graph\">{\"@context\":\"https:\/\/schema.org\",\"@graph\":[{\"@type\":\"Article\",\"@id\":\"https:\/\/www.docenti.it\/blog\/riforma-classi-di-concorso-integrazione-cfu\/#article\",\"isPartOf\":{\"@id\":\"https:\/\/www.docenti.it\/blog\/riforma-classi-di-concorso-integrazione-cfu\/\"},\"author\":{\"name\":\"Gabriella Capraro\",\"@id\":\"https:\/\/www.docenti.it\/blog\/#\/schema\/person\/773963d3c0645bd34c150c41a13e5754\"},\"headline\":\"Riforma classi di concorso: integrazione CFU\",\"datePublished\":\"2024-02-25T11:25:08+00:00\",\"dateModified\":\"2024-02-25T11:25:08+00:00\",\"mainEntityOfPage\":{\"@id\":\"https:\/\/www.docenti.it\/blog\/riforma-classi-di-concorso-integrazione-cfu\/\"},\"wordCount\":424,\"commentCount\":0,\"publisher\":{\"@id\":\"https:\/\/www.docenti.it\/blog\/#organization\"},\"keywords\":[\"equiparazione titoli\",\"riforma classi di concorso\",\"valutazione piano di studi\"],\"articleSection\":[\"News\",\"Valutazione piano di studi\"],\"inLanguage\":\"it-IT\",\"potentialAction\":[{\"@type\":\"CommentAction\",\"name\":\"Comment\",\"target\":[\"https:\/\/www.docenti.it\/blog\/riforma-classi-di-concorso-integrazione-cfu\/#respond\"]}]},{\"@type\":\"WebPage\",\"@id\":\"https:\/\/www.docenti.it\/blog\/riforma-classi-di-concorso-integrazione-cfu\/\",\"url\":\"https:\/\/www.docenti.it\/blog\/riforma-classi-di-concorso-integrazione-cfu\/\",\"name\":\"Riforma classi di concorso: integrazione CFU - Blog | Docenti.it\",\"isPartOf\":{\"@id\":\"https:\/\/www.docenti.it\/blog\/#website\"},\"datePublished\":\"2024-02-25T11:25:08+00:00\",\"dateModified\":\"2024-02-25T11:25:08+00:00\",\"description\":\"Riforma classi di concorso: integrazione CFU, equiparazione titoli di studio e altri dettagli contenuti nel decreto del 10 febbraio.\",\"breadcrumb\":{\"@id\":\"https:\/\/www.docenti.it\/blog\/riforma-classi-di-concorso-integrazione-cfu\/#breadcrumb\"},\"inLanguage\":\"it-IT\",\"potentialAction\":[{\"@type\":\"ReadAction\",\"target\":[\"https:\/\/www.docenti.it\/blog\/riforma-classi-di-concorso-integrazione-cfu\/\"]}]},{\"@type\":\"BreadcrumbList\",\"@id\":\"https:\/\/www.docenti.it\/blog\/riforma-classi-di-concorso-integrazione-cfu\/#breadcrumb\",\"itemListElement\":[{\"@type\":\"ListItem\",\"position\":1,\"name\":\"Home\",\"item\":\"https:\/\/www.docenti.it\/blog\/\"},{\"@type\":\"ListItem\",\"position\":2,\"name\":\"Riforma classi di concorso: integrazione CFU\"}]},{\"@type\":\"WebSite\",\"@id\":\"https:\/\/www.docenti.it\/blog\/#website\",\"url\":\"https:\/\/www.docenti.it\/blog\/\",\"name\":\"Blog | Docenti.it\",\"description\":\"Tutte le notizie e gli aggiornamenti dal mondo della scuola\",\"publisher\":{\"@id\":\"https:\/\/www.docenti.it\/blog\/#organization\"},\"potentialAction\":[{\"@type\":\"SearchAction\",\"target\":{\"@type\":\"EntryPoint\",\"urlTemplate\":\"https:\/\/www.docenti.it\/blog\/?s={search_term_string}\"},\"query-input\":\"required name=search_term_string\"}],\"inLanguage\":\"it-IT\"},{\"@type\":\"Organization\",\"@id\":\"https:\/\/www.docenti.it\/blog\/#organization\",\"name\":\"Blog | Docenti.it\",\"url\":\"https:\/\/www.docenti.it\/blog\/\",\"logo\":{\"@type\":\"ImageObject\",\"inLanguage\":\"it-IT\",\"@id\":\"https:\/\/www.docenti.it\/blog\/#\/schema\/logo\/image\/\",\"url\":\"https:\/\/www.docenti.it\/blog\/wp-content\/uploads\/2025\/06\/fb_mad_img.png\",\"contentUrl\":\"https:\/\/www.docenti.it\/blog\/wp-content\/uploads\/2025\/06\/fb_mad_img.png\",\"width\":1140,\"height\":620,\"caption\":\"Blog | Docenti.it\"},\"image\":{\"@id\":\"https:\/\/www.docenti.it\/blog\/#\/schema\/logo\/image\/\"},\"sameAs\":[\"https:\/\/www.facebook.com\/docenti.it\"]},{\"@type\":\"Person\",\"@id\":\"https:\/\/www.docenti.it\/blog\/#\/schema\/person\/773963d3c0645bd34c150c41a13e5754\",\"name\":\"Gabriella Capraro\",\"image\":{\"@type\":\"ImageObject\",\"inLanguage\":\"it-IT\",\"@id\":\"https:\/\/www.docenti.it\/blog\/#\/schema\/person\/image\/\",\"url\":\"https:\/\/secure.gravatar.com\/avatar\/17e0ab06bea064a8a7c5bef443cb7153?s=96&d=mm&r=g\",\"contentUrl\":\"https:\/\/secure.gravatar.com\/avatar\/17e0ab06bea064a8a7c5bef443cb7153?s=96&d=mm&r=g\",\"caption\":\"Gabriella Capraro\"},\"description\":\"Copywriter e digital strategist, collabora come articolista e autrice per diverse piattaforme online, spaziando da tematiche scolastiche\/istituzionali a letterarie e musicali.\",\"url\":\"https:\/\/www.docenti.it\/blog\/author\/gcapraro\/\"}]}<\/script>\n<!-- \/ Yoast SEO plugin. -->","yoast_head_json":{"title":"Riforma classi di concorso: integrazione CFU - Blog | Docenti.it","description":"Riforma classi di concorso: integrazione CFU, equiparazione titoli di studio e altri dettagli contenuti nel decreto del 10 febbraio.","robots":{"index":"index","follow":"follow","max-snippet":"max-snippet:-1","max-image-preview":"max-image-preview:large","max-video-preview":"max-video-preview:-1"},"canonical":"https:\/\/www.docenti.it\/blog\/riforma-classi-di-concorso-integrazione-cfu\/","og_locale":"it_IT","og_type":"article","og_title":"Riforma classi di concorso: integrazione CFU - Blog | Docenti.it","og_description":"Riforma classi di concorso: integrazione CFU, equiparazione titoli di studio e altri dettagli contenuti nel decreto del 10 febbraio.","og_url":"https:\/\/www.docenti.it\/blog\/riforma-classi-di-concorso-integrazione-cfu\/","og_site_name":"Blog | Docenti.it","article_publisher":"https:\/\/www.facebook.com\/docenti.it","article_published_time":"2024-02-25T11:25:08+00:00","og_image":[{"width":640,"height":427,"url":"https:\/\/www.docenti.it\/blog\/wp-content\/uploads\/2022\/12\/checklist-g989b86b8c_640.jpg","type":"image\/jpeg"}],"author":"Gabriella Capraro","twitter_card":"summary_large_image","twitter_misc":{"Written by":"Gabriella Capraro","Est. reading time":"2 minuti"},"schema":{"@context":"https:\/\/schema.org","@graph":[{"@type":"Article","@id":"https:\/\/www.docenti.it\/blog\/riforma-classi-di-concorso-integrazione-cfu\/#article","isPartOf":{"@id":"https:\/\/www.docenti.it\/blog\/riforma-classi-di-concorso-integrazione-cfu\/"},"author":{"name":"Gabriella Capraro","@id":"https:\/\/www.docenti.it\/blog\/#\/schema\/person\/773963d3c0645bd34c150c41a13e5754"},"headline":"Riforma classi di concorso: integrazione CFU","datePublished":"2024-02-25T11:25:08+00:00","dateModified":"2024-02-25T11:25:08+00:00","mainEntityOfPage":{"@id":"https:\/\/www.docenti.it\/blog\/riforma-classi-di-concorso-integrazione-cfu\/"},"wordCount":424,"commentCount":0,"publisher":{"@id":"https:\/\/www.docenti.it\/blog\/#organization"},"keywords":["equiparazione titoli","riforma classi di concorso","valutazione piano di studi"],"articleSection":["News","Valutazione piano di studi"],"inLanguage":"it-IT","potentialAction":[{"@type":"CommentAction","name":"Comment","target":["https:\/\/www.docenti.it\/blog\/riforma-classi-di-concorso-integrazione-cfu\/#respond"]}]},{"@type":"WebPage","@id":"https:\/\/www.docenti.it\/blog\/riforma-classi-di-concorso-integrazione-cfu\/","url":"https:\/\/www.docenti.it\/blog\/riforma-classi-di-concorso-integrazione-cfu\/","name":"Riforma classi di concorso: integrazione CFU - Blog | Docenti.it","isPartOf":{"@id":"https:\/\/www.docenti.it\/blog\/#website"},"datePublished":"2024-02-25T11:25:08+00:00","dateModified":"2024-02-25T11:25:08+00:00","description":"Riforma classi di concorso: integrazione CFU, equiparazione titoli di studio e altri dettagli contenuti nel decreto del 10 febbraio.","breadcrumb":{"@id":"https:\/\/www.docenti.it\/blog\/riforma-classi-di-concorso-integrazione-cfu\/#breadcrumb"},"inLanguage":"it-IT","potentialAction":[{"@type":"ReadAction","target":["https:\/\/www.docenti.it\/blog\/riforma-classi-di-concorso-integrazione-cfu\/"]}]},{"@type":"BreadcrumbList","@id":"https:\/\/www.docenti.it\/blog\/riforma-classi-di-concorso-integrazione-cfu\/#breadcrumb","itemListElement":[{"@type":"ListItem","position":1,"name":"Home","item":"https:\/\/www.docenti.it\/blog\/"},{"@type":"ListItem","position":2,"name":"Riforma classi di concorso: integrazione CFU"}]},{"@type":"WebSite","@id":"https:\/\/www.docenti.it\/blog\/#website","url":"https:\/\/www.docenti.it\/blog\/","name":"Blog | Docenti.it","description":"Tutte le notizie e gli aggiornamenti dal mondo della scuola","publisher":{"@id":"https:\/\/www.docenti.it\/blog\/#organization"},"potentialAction":[{"@type":"SearchAction","target":{"@type":"EntryPoint","urlTemplate":"https:\/\/www.docenti.it\/blog\/?s={search_term_string}"},"query-input":"required name=search_term_string"}],"inLanguage":"it-IT"},{"@type":"Organization","@id":"https:\/\/www.docenti.it\/blog\/#organization","name":"Blog | Docenti.it","url":"https:\/\/www.docenti.it\/blog\/","logo":{"@type":"ImageObject","inLanguage":"it-IT","@id":"https:\/\/www.docenti.it\/blog\/#\/schema\/logo\/image\/","url":"https:\/\/www.docenti.it\/blog\/wp-content\/uploads\/2025\/06\/fb_mad_img.png","contentUrl":"https:\/\/www.docenti.it\/blog\/wp-content\/uploads\/2025\/06\/fb_mad_img.png","width":1140,"height":620,"caption":"Blog | Docenti.it"},"image":{"@id":"https:\/\/www.docenti.it\/blog\/#\/schema\/logo\/image\/"},"sameAs":["https:\/\/www.facebook.com\/docenti.it"]},{"@type":"Person","@id":"https:\/\/www.docenti.it\/blog\/#\/schema\/person\/773963d3c0645bd34c150c41a13e5754","name":"Gabriella Capraro","image":{"@type":"ImageObject","inLanguage":"it-IT","@id":"https:\/\/www.docenti.it\/blog\/#\/schema\/person\/image\/","url":"https:\/\/secure.gravatar.com\/avatar\/17e0ab06bea064a8a7c5bef443cb7153?s=96&d=mm&r=g","contentUrl":"https:\/\/secure.gravatar.com\/avatar\/17e0ab06bea064a8a7c5bef443cb7153?s=96&d=mm&r=g","caption":"Gabriella Capraro"},"description":"Copywriter e digital strategist, collabora come articolista e autrice per diverse piattaforme online, spaziando da tematiche scolastiche\/istituzionali a letterarie e musicali.","url":"https:\/\/www.docenti.it\/blog\/author\/gcapraro\/"}]}},"_links":{"self":[{"href":"https:\/\/www.docenti.it\/blog\/wp-json\/wp\/v2\/posts\/45803"}],"collection":[{"href":"https:\/\/www.docenti.it\/blog\/wp-json\/wp\/v2\/posts"}],"about":[{"href":"https:\/\/www.docenti.it\/blog\/wp-json\/wp\/v2\/types\/post"}],"author":[{"embeddable":true,"href":"https:\/\/www.docenti.it\/blog\/wp-json\/wp\/v2\/users\/25"}],"replies":[{"embeddable":true,"href":"https:\/\/www.docenti.it\/blog\/wp-json\/wp\/v2\/comments?post=45803"}],"version-history":[{"count":1,"href":"https:\/\/www.docenti.it\/blog\/wp-json\/wp\/v2\/posts\/45803\/revisions"}],"predecessor-version":[{"id":45805,"href":"https:\/\/www.docenti.it\/blog\/wp-json\/wp\/v2\/posts\/45803\/revisions\/45805"}],"wp:featuredmedia":[{"embeddable":true,"href":"https:\/\/www.docenti.it\/blog\/wp-json\/wp\/v2\/media\/41055"}],"wp:attachment":[{"href":"https:\/\/www.docenti.it\/blog\/wp-json\/wp\/v2\/media?parent=45803"}],"wp:term":[{"taxonomy":"category","embeddable":true,"href":"https:\/\/www.docenti.it\/blog\/wp-json\/wp\/v2\/categories?post=45803"},{"taxonomy":"post_tag","embeddable":true,"href":"https:\/\/www.docenti.it\/blog\/wp-json\/wp\/v2\/tags?post=45803"}],"curies":[{"name":"wp","href":"https:\/\/api.w.org\/{rel}","templated":true}]}}