{"id":45946,"date":"2024-05-31T12:42:57","date_gmt":"2024-05-31T10:42:57","guid":{"rendered":"https:\/\/www.docenti.it\/blog\/?p=45946"},"modified":"2024-05-31T12:42:57","modified_gmt":"2024-05-31T10:42:57","slug":"aumento-stipendio-docenti-le-parole-del-ministro","status":"publish","type":"post","link":"https:\/\/www.docenti.it\/blog\/aumento-stipendio-docenti-le-parole-del-ministro\/","title":{"rendered":"<strong>Aumento stipendio docenti: le parole del Ministro<\/strong>"},"content":{"rendered":"\n<p>Aumento stipendio docenti: il Ministro dell&#8217;Istruzione e del Merito, Giuseppe Valditara, ha annunciato <strong>nuovi aumenti salariali <\/strong>per gli insegnanti durante il Festival dell&#8217;Economia di Trento.<\/p>\n\n\n\n<p>Dopo aver ottenuto<strong> 3 miliardi di euro <\/strong>per il nuovo contratto, che prevede un aumento medio di 160 euro al mese, il ministro prevede che tra il 2023 e il 2024 gli insegnanti vedranno <strong>un incremento totale di quasi 300 euro al mese.<\/strong><\/p>\n\n\n\n<p>Valditara ha evidenziato l&#8217;importanza di riconoscere socialmente il ruolo essenziale degli insegnanti, <em><strong>assicurando loro una giusta retribuzione. <\/strong><\/em><\/p>\n\n\n\n<p>Il rinnovo del contratto \u00e8 stato il suo primo atto da Ministro, ma ha intenzione di continuare su questa strada. Con l&#8217;introduzione di nuove figure come il<em> docente di recupero, il docente tutor e il docente orientatore<\/em>, e l&#8217;avvio della scuola estiva, si offriranno ulteriori opportunit\u00e0 per aumentare e migliorare i salari degli insegnanti.<\/p>\n\n\n\n<h2><strong>L\u2019importanza del docente come figura chiave nella scuola\u00a0<\/strong><\/h2>\n\n\n\n<p>Gli insegnanti svolgono un ruolo fondamentale nell&#8217;istruzione pubblica, essendo i pilastri su cui si basa la formazione delle future generazioni. La loro importanza \u00e8 rinvenibile in diversi aspetti, come:&nbsp;<\/p>\n\n\n\n<ol>\n<li><strong>Educazione e formazione<\/strong>: Gli insegnanti non solo trasmettono conoscenze, ma anche competenze critiche e valori fondamentali. Essi preparano gli studenti ad affrontare le sfide future, fornendo gli strumenti necessari per il successo personale e professionale.<\/li>\n\n\n\n<li><strong>Sviluppo del pensiero critico<\/strong>: Attraverso il loro insegnamento, gli educatori stimolano il pensiero critico e la capacit\u00e0 di problem solving, qualit\u00e0 essenziali per la crescita intellettuale e per la partecipazione attiva nella societ\u00e0.<\/li>\n\n\n\n<li><strong>Supporto emotivo e sociale<\/strong>: Gli insegnanti spesso fungono da figure di riferimento, offrendo supporto emotivo e sociale agli studenti. Essi contribuiscono a creare un ambiente scolastico sicuro e inclusivo, favorendo il benessere psicologico degli alunni.<\/li>\n\n\n\n<li><strong>Modelli di comportamento<\/strong>: Gli insegnanti sono modelli di comportamento per i giovani, influenzando positivamente le loro attitudini, etica del lavoro e responsabilit\u00e0 sociale.<\/li>\n<\/ol>\n\n\n\n<p>Questa consapevolezza fa s\u00ec che i docenti rivestono un ruolo chiave nel processo educativo, ruolo che deve essere messo in risalto dalle politiche di welfare statali.&nbsp;<\/p>\n\n\n\n<h2><strong>Aumento stipendio docenti e riforma bianchi: una logica simile<\/strong><\/h2>\n\n\n\n<p>Aumento stipendio docenti e Riforma Bianchi: <strong>cos\u2019hanno in comune?\u00a0<\/strong><\/p>\n\n\n\n<p>In comune hanno la volont\u00e0 istituzionale di<strong><em> riformare e innovare <\/em><\/strong>il sistema scolastico.\u00a0<\/p>\n\n\n\n<p>Questo attraverso vari mezzi: aumento degli stipendi, rinnovo del CCNL, nuove modalit\u00e0 di acquisizione dell\u2019abilitazione all\u2019insegnamento, introduzione della digitalizzazione all\u2019interno delle scuole, rafforzamento delle competenze informatiche del personale docente e ATA.&nbsp;<\/p>\n\n\n\n<p><em>Se vuoi ottenere maggiori informazioni circa le integrazioni necessarie da fare al tuo cv vitae per avviare la tua carriera nella scuola, approfitta della nostra competenza per accedere ai servizi pi\u00f9 utilizzati dagli aspiranti docenti:\u00a0<\/em><\/p>\n\n\n\n<p><\/p>\n\n\n\n<div class=\"is-layout-flex wp-block-buttons\">\n<div class=\"wp-block-button\"><a class=\"wp-block-button__link wp-element-button\" href=\"https:\/\/www.docenti.it\/valutazione-piano-di-studi.html\" target=\"_blank\" rel=\"noreferrer noopener\">VALUTA IL TUO PIANO DI STUDI<\/a><\/div>\n<\/div>\n\n\n\n<p><\/p>\n\n\n\n<div class=\"is-layout-flex wp-block-buttons\">\n<div class=\"wp-block-button\"><a class=\"wp-block-button__link wp-element-button\" href=\"https:\/\/www.docenti.it\/formazione-docenti.html\" target=\"_blank\" rel=\"noreferrer noopener\">ACCEDI ALL&#8217;OFFERTA FORMATIVA<\/a><\/div>\n<\/div>\n\n\n\n<p><\/p>\n\n\n\n<p>Approfittane, e dai il turbo alla tua carriera nel mondo scuola!<\/p>\n","protected":false},"excerpt":{"rendered":"<p>Aumento stipendio docenti: il Ministro dell&#8217;Istruzione e del Merito, Giuseppe Valditara, ha annunciato nuovi [&hellip;]<\/p>\n","protected":false},"author":25,"featured_media":44344,"comment_status":"open","ping_status":"open","sticky":false,"template":"","format":"standard","meta":[],"categories":[4],"tags":[366,365,176],"yoast_head":"<!-- This site is optimized with the Yoast SEO plugin v20.4 - https:\/\/yoast.com\/wordpress\/plugins\/seo\/ -->\n<title>Aumento stipendio docenti: le parole del Ministro - Blog | Docenti.it<\/title>\n<meta name=\"description\" content=\"Aumento stipendio docenti: le parole pronunciate dal Ministro Valditara lasciano intendere che ci saranno degli ulteriori aumenti.\" \/>\n<meta name=\"robots\" content=\"index, follow, max-snippet:-1, max-image-preview:large, max-video-preview:-1\" \/>\n<link rel=\"canonical\" href=\"https:\/\/www.docenti.it\/blog\/aumento-stipendio-docenti-le-parole-del-ministro\/\" \/>\n<meta property=\"og:locale\" content=\"it_IT\" \/>\n<meta property=\"og:type\" content=\"article\" \/>\n<meta property=\"og:title\" content=\"Aumento stipendio docenti: le parole del Ministro - Blog | Docenti.it\" \/>\n<meta property=\"og:description\" content=\"Aumento stipendio docenti: le parole pronunciate dal Ministro Valditara lasciano intendere che ci saranno degli ulteriori aumenti.\" \/>\n<meta property=\"og:url\" content=\"https:\/\/www.docenti.it\/blog\/aumento-stipendio-docenti-le-parole-del-ministro\/\" \/>\n<meta property=\"og:site_name\" content=\"Blog | Docenti.it\" \/>\n<meta property=\"article:publisher\" content=\"https:\/\/www.facebook.com\/docenti.it\" \/>\n<meta property=\"article:published_time\" content=\"2024-05-31T10:42:57+00:00\" \/>\n<meta property=\"og:image\" content=\"https:\/\/www.docenti.it\/blog\/wp-content\/uploads\/2023\/01\/euros-g825dea7f4_640.jpg\" \/>\n\t<meta property=\"og:image:width\" content=\"640\" \/>\n\t<meta property=\"og:image:height\" content=\"427\" \/>\n\t<meta property=\"og:image:type\" content=\"image\/jpeg\" \/>\n<meta name=\"author\" content=\"Gabriella Capraro\" \/>\n<meta name=\"twitter:card\" content=\"summary_large_image\" \/>\n<meta name=\"twitter:label1\" content=\"Written by\" \/>\n\t<meta name=\"twitter:data1\" content=\"Gabriella Capraro\" \/>\n\t<meta name=\"twitter:label2\" content=\"Est. reading time\" \/>\n\t<meta name=\"twitter:data2\" content=\"2 minuti\" \/>\n<script type=\"application\/ld+json\" class=\"yoast-schema-graph\">{\"@context\":\"https:\/\/schema.org\",\"@graph\":[{\"@type\":\"Article\",\"@id\":\"https:\/\/www.docenti.it\/blog\/aumento-stipendio-docenti-le-parole-del-ministro\/#article\",\"isPartOf\":{\"@id\":\"https:\/\/www.docenti.it\/blog\/aumento-stipendio-docenti-le-parole-del-ministro\/\"},\"author\":{\"name\":\"Gabriella Capraro\",\"@id\":\"https:\/\/www.docenti.it\/blog\/#\/schema\/person\/773963d3c0645bd34c150c41a13e5754\"},\"headline\":\"Aumento stipendio docenti: le parole del Ministro\",\"datePublished\":\"2024-05-31T10:42:57+00:00\",\"dateModified\":\"2024-05-31T10:42:57+00:00\",\"mainEntityOfPage\":{\"@id\":\"https:\/\/www.docenti.it\/blog\/aumento-stipendio-docenti-le-parole-del-ministro\/\"},\"wordCount\":453,\"commentCount\":0,\"publisher\":{\"@id\":\"https:\/\/www.docenti.it\/blog\/#organization\"},\"keywords\":[\"aumento stipendio docenti\",\"aumento stipendio insegnanti\",\"stipendio insegnanti\"],\"articleSection\":[\"News\"],\"inLanguage\":\"it-IT\",\"potentialAction\":[{\"@type\":\"CommentAction\",\"name\":\"Comment\",\"target\":[\"https:\/\/www.docenti.it\/blog\/aumento-stipendio-docenti-le-parole-del-ministro\/#respond\"]}]},{\"@type\":\"WebPage\",\"@id\":\"https:\/\/www.docenti.it\/blog\/aumento-stipendio-docenti-le-parole-del-ministro\/\",\"url\":\"https:\/\/www.docenti.it\/blog\/aumento-stipendio-docenti-le-parole-del-ministro\/\",\"name\":\"Aumento stipendio docenti: le parole del Ministro - Blog | Docenti.it\",\"isPartOf\":{\"@id\":\"https:\/\/www.docenti.it\/blog\/#website\"},\"datePublished\":\"2024-05-31T10:42:57+00:00\",\"dateModified\":\"2024-05-31T10:42:57+00:00\",\"description\":\"Aumento stipendio docenti: le parole pronunciate dal Ministro Valditara lasciano intendere che ci saranno degli ulteriori aumenti.\",\"breadcrumb\":{\"@id\":\"https:\/\/www.docenti.it\/blog\/aumento-stipendio-docenti-le-parole-del-ministro\/#breadcrumb\"},\"inLanguage\":\"it-IT\",\"potentialAction\":[{\"@type\":\"ReadAction\",\"target\":[\"https:\/\/www.docenti.it\/blog\/aumento-stipendio-docenti-le-parole-del-ministro\/\"]}]},{\"@type\":\"BreadcrumbList\",\"@id\":\"https:\/\/www.docenti.it\/blog\/aumento-stipendio-docenti-le-parole-del-ministro\/#breadcrumb\",\"itemListElement\":[{\"@type\":\"ListItem\",\"position\":1,\"name\":\"Home\",\"item\":\"https:\/\/www.docenti.it\/blog\/\"},{\"@type\":\"ListItem\",\"position\":2,\"name\":\"Aumento stipendio docenti: le parole del Ministro\"}]},{\"@type\":\"WebSite\",\"@id\":\"https:\/\/www.docenti.it\/blog\/#website\",\"url\":\"https:\/\/www.docenti.it\/blog\/\",\"name\":\"Blog | Docenti.it\",\"description\":\"Tutte le notizie e gli aggiornamenti dal mondo della scuola\",\"publisher\":{\"@id\":\"https:\/\/www.docenti.it\/blog\/#organization\"},\"potentialAction\":[{\"@type\":\"SearchAction\",\"target\":{\"@type\":\"EntryPoint\",\"urlTemplate\":\"https:\/\/www.docenti.it\/blog\/?s={search_term_string}\"},\"query-input\":\"required name=search_term_string\"}],\"inLanguage\":\"it-IT\"},{\"@type\":\"Organization\",\"@id\":\"https:\/\/www.docenti.it\/blog\/#organization\",\"name\":\"Blog | Docenti.it\",\"url\":\"https:\/\/www.docenti.it\/blog\/\",\"logo\":{\"@type\":\"ImageObject\",\"inLanguage\":\"it-IT\",\"@id\":\"https:\/\/www.docenti.it\/blog\/#\/schema\/logo\/image\/\",\"url\":\"https:\/\/www.docenti.it\/blog\/wp-content\/uploads\/2025\/06\/fb_mad_img.png\",\"contentUrl\":\"https:\/\/www.docenti.it\/blog\/wp-content\/uploads\/2025\/06\/fb_mad_img.png\",\"width\":1140,\"height\":620,\"caption\":\"Blog | Docenti.it\"},\"image\":{\"@id\":\"https:\/\/www.docenti.it\/blog\/#\/schema\/logo\/image\/\"},\"sameAs\":[\"https:\/\/www.facebook.com\/docenti.it\"]},{\"@type\":\"Person\",\"@id\":\"https:\/\/www.docenti.it\/blog\/#\/schema\/person\/773963d3c0645bd34c150c41a13e5754\",\"name\":\"Gabriella Capraro\",\"image\":{\"@type\":\"ImageObject\",\"inLanguage\":\"it-IT\",\"@id\":\"https:\/\/www.docenti.it\/blog\/#\/schema\/person\/image\/\",\"url\":\"https:\/\/secure.gravatar.com\/avatar\/17e0ab06bea064a8a7c5bef443cb7153?s=96&d=mm&r=g\",\"contentUrl\":\"https:\/\/secure.gravatar.com\/avatar\/17e0ab06bea064a8a7c5bef443cb7153?s=96&d=mm&r=g\",\"caption\":\"Gabriella Capraro\"},\"description\":\"Copywriter e digital strategist, collabora come articolista e autrice per diverse piattaforme online, spaziando da tematiche scolastiche\/istituzionali a letterarie e musicali.\",\"url\":\"https:\/\/www.docenti.it\/blog\/author\/gcapraro\/\"}]}<\/script>\n<!-- \/ Yoast SEO plugin. -->","yoast_head_json":{"title":"Aumento stipendio docenti: le parole del Ministro - Blog | Docenti.it","description":"Aumento stipendio docenti: le parole pronunciate dal Ministro Valditara lasciano intendere che ci saranno degli ulteriori aumenti.","robots":{"index":"index","follow":"follow","max-snippet":"max-snippet:-1","max-image-preview":"max-image-preview:large","max-video-preview":"max-video-preview:-1"},"canonical":"https:\/\/www.docenti.it\/blog\/aumento-stipendio-docenti-le-parole-del-ministro\/","og_locale":"it_IT","og_type":"article","og_title":"Aumento stipendio docenti: le parole del Ministro - Blog | Docenti.it","og_description":"Aumento stipendio docenti: le parole pronunciate dal Ministro Valditara lasciano intendere che ci saranno degli ulteriori aumenti.","og_url":"https:\/\/www.docenti.it\/blog\/aumento-stipendio-docenti-le-parole-del-ministro\/","og_site_name":"Blog | Docenti.it","article_publisher":"https:\/\/www.facebook.com\/docenti.it","article_published_time":"2024-05-31T10:42:57+00:00","og_image":[{"width":640,"height":427,"url":"https:\/\/www.docenti.it\/blog\/wp-content\/uploads\/2023\/01\/euros-g825dea7f4_640.jpg","type":"image\/jpeg"}],"author":"Gabriella Capraro","twitter_card":"summary_large_image","twitter_misc":{"Written by":"Gabriella Capraro","Est. reading time":"2 minuti"},"schema":{"@context":"https:\/\/schema.org","@graph":[{"@type":"Article","@id":"https:\/\/www.docenti.it\/blog\/aumento-stipendio-docenti-le-parole-del-ministro\/#article","isPartOf":{"@id":"https:\/\/www.docenti.it\/blog\/aumento-stipendio-docenti-le-parole-del-ministro\/"},"author":{"name":"Gabriella Capraro","@id":"https:\/\/www.docenti.it\/blog\/#\/schema\/person\/773963d3c0645bd34c150c41a13e5754"},"headline":"Aumento stipendio docenti: le parole del Ministro","datePublished":"2024-05-31T10:42:57+00:00","dateModified":"2024-05-31T10:42:57+00:00","mainEntityOfPage":{"@id":"https:\/\/www.docenti.it\/blog\/aumento-stipendio-docenti-le-parole-del-ministro\/"},"wordCount":453,"commentCount":0,"publisher":{"@id":"https:\/\/www.docenti.it\/blog\/#organization"},"keywords":["aumento stipendio docenti","aumento stipendio insegnanti","stipendio insegnanti"],"articleSection":["News"],"inLanguage":"it-IT","potentialAction":[{"@type":"CommentAction","name":"Comment","target":["https:\/\/www.docenti.it\/blog\/aumento-stipendio-docenti-le-parole-del-ministro\/#respond"]}]},{"@type":"WebPage","@id":"https:\/\/www.docenti.it\/blog\/aumento-stipendio-docenti-le-parole-del-ministro\/","url":"https:\/\/www.docenti.it\/blog\/aumento-stipendio-docenti-le-parole-del-ministro\/","name":"Aumento stipendio docenti: le parole del Ministro - Blog | Docenti.it","isPartOf":{"@id":"https:\/\/www.docenti.it\/blog\/#website"},"datePublished":"2024-05-31T10:42:57+00:00","dateModified":"2024-05-31T10:42:57+00:00","description":"Aumento stipendio docenti: le parole pronunciate dal Ministro Valditara lasciano intendere che ci saranno degli ulteriori aumenti.","breadcrumb":{"@id":"https:\/\/www.docenti.it\/blog\/aumento-stipendio-docenti-le-parole-del-ministro\/#breadcrumb"},"inLanguage":"it-IT","potentialAction":[{"@type":"ReadAction","target":["https:\/\/www.docenti.it\/blog\/aumento-stipendio-docenti-le-parole-del-ministro\/"]}]},{"@type":"BreadcrumbList","@id":"https:\/\/www.docenti.it\/blog\/aumento-stipendio-docenti-le-parole-del-ministro\/#breadcrumb","itemListElement":[{"@type":"ListItem","position":1,"name":"Home","item":"https:\/\/www.docenti.it\/blog\/"},{"@type":"ListItem","position":2,"name":"Aumento stipendio docenti: le parole del Ministro"}]},{"@type":"WebSite","@id":"https:\/\/www.docenti.it\/blog\/#website","url":"https:\/\/www.docenti.it\/blog\/","name":"Blog | Docenti.it","description":"Tutte le notizie e gli aggiornamenti dal mondo della scuola","publisher":{"@id":"https:\/\/www.docenti.it\/blog\/#organization"},"potentialAction":[{"@type":"SearchAction","target":{"@type":"EntryPoint","urlTemplate":"https:\/\/www.docenti.it\/blog\/?s={search_term_string}"},"query-input":"required name=search_term_string"}],"inLanguage":"it-IT"},{"@type":"Organization","@id":"https:\/\/www.docenti.it\/blog\/#organization","name":"Blog | Docenti.it","url":"https:\/\/www.docenti.it\/blog\/","logo":{"@type":"ImageObject","inLanguage":"it-IT","@id":"https:\/\/www.docenti.it\/blog\/#\/schema\/logo\/image\/","url":"https:\/\/www.docenti.it\/blog\/wp-content\/uploads\/2025\/06\/fb_mad_img.png","contentUrl":"https:\/\/www.docenti.it\/blog\/wp-content\/uploads\/2025\/06\/fb_mad_img.png","width":1140,"height":620,"caption":"Blog | Docenti.it"},"image":{"@id":"https:\/\/www.docenti.it\/blog\/#\/schema\/logo\/image\/"},"sameAs":["https:\/\/www.facebook.com\/docenti.it"]},{"@type":"Person","@id":"https:\/\/www.docenti.it\/blog\/#\/schema\/person\/773963d3c0645bd34c150c41a13e5754","name":"Gabriella Capraro","image":{"@type":"ImageObject","inLanguage":"it-IT","@id":"https:\/\/www.docenti.it\/blog\/#\/schema\/person\/image\/","url":"https:\/\/secure.gravatar.com\/avatar\/17e0ab06bea064a8a7c5bef443cb7153?s=96&d=mm&r=g","contentUrl":"https:\/\/secure.gravatar.com\/avatar\/17e0ab06bea064a8a7c5bef443cb7153?s=96&d=mm&r=g","caption":"Gabriella Capraro"},"description":"Copywriter e digital strategist, collabora come articolista e autrice per diverse piattaforme online, spaziando da tematiche scolastiche\/istituzionali a letterarie e musicali.","url":"https:\/\/www.docenti.it\/blog\/author\/gcapraro\/"}]}},"_links":{"self":[{"href":"https:\/\/www.docenti.it\/blog\/wp-json\/wp\/v2\/posts\/45946"}],"collection":[{"href":"https:\/\/www.docenti.it\/blog\/wp-json\/wp\/v2\/posts"}],"about":[{"href":"https:\/\/www.docenti.it\/blog\/wp-json\/wp\/v2\/types\/post"}],"author":[{"embeddable":true,"href":"https:\/\/www.docenti.it\/blog\/wp-json\/wp\/v2\/users\/25"}],"replies":[{"embeddable":true,"href":"https:\/\/www.docenti.it\/blog\/wp-json\/wp\/v2\/comments?post=45946"}],"version-history":[{"count":1,"href":"https:\/\/www.docenti.it\/blog\/wp-json\/wp\/v2\/posts\/45946\/revisions"}],"predecessor-version":[{"id":45947,"href":"https:\/\/www.docenti.it\/blog\/wp-json\/wp\/v2\/posts\/45946\/revisions\/45947"}],"wp:featuredmedia":[{"embeddable":true,"href":"https:\/\/www.docenti.it\/blog\/wp-json\/wp\/v2\/media\/44344"}],"wp:attachment":[{"href":"https:\/\/www.docenti.it\/blog\/wp-json\/wp\/v2\/media?parent=45946"}],"wp:term":[{"taxonomy":"category","embeddable":true,"href":"https:\/\/www.docenti.it\/blog\/wp-json\/wp\/v2\/categories?post=45946"},{"taxonomy":"post_tag","embeddable":true,"href":"https:\/\/www.docenti.it\/blog\/wp-json\/wp\/v2\/tags?post=45946"}],"curies":[{"name":"wp","href":"https:\/\/api.w.org\/{rel}","templated":true}]}}