{"id":46096,"date":"2024-11-27T18:23:09","date_gmt":"2024-11-27T17:23:09","guid":{"rendered":"https:\/\/www.docenti.it\/blog\/?p=46096"},"modified":"2024-11-27T18:23:10","modified_gmt":"2024-11-27T17:23:10","slug":"mad","status":"publish","type":"post","link":"https:\/\/www.docenti.it\/blog\/mad\/","title":{"rendered":"MAD: sar\u00e0 ancora utilizzata dalle scuole?"},"content":{"rendered":"\n<p class=\"wp-block-paragraph\"><strong>MAD e interpelli<\/strong>: continuano i dubbi di molti aspiranti docenti circa l&#8217;utilizzo, da parte dei Dirigenti Scolastici, del sistema delle MAD per la selezione dei docenti a copertura di posti vacanti. <\/p>\n\n\n\n<p class=\"wp-block-paragraph\">Dall&#8217;introduzione della procedura degli Interpelli, infatti, questa \u00e8 diventata la modalit\u00e0 pi\u00f9 utilizzata dalle scuole per reclutare personale docente. <\/p>\n\n\n\n<p class=\"wp-block-paragraph\">Si tratta di una  modalit\u00e0 per il reclutamento dei docenti fuori graduatoria, regolata dall\u2019<strong>art. 13 comma 23 dell\u2019OM n. 88\/2024. <\/strong><\/p>\n\n\n\n<p class=\"wp-block-paragraph\">In regime di coesistenza tra le due procedure, la domanda che sorge spontanea \u00e8 <em>posso fare domanda di messa a disposizione, specialmente se non trovo avvisi pubblicati dalle scuole? <\/em><\/p>\n\n\n\n<p class=\"wp-block-paragraph\">Facciamo un po&#8217; di chiarezza. <\/p>\n\n\n\n<h2 class=\"wp-block-heading\">La procedura degli Interpelli <\/h2>\n\n\n\n<p class=\"wp-block-paragraph\">L\u2019interpello \u00e8 un procedimento ufficiale che il Dirigente Scolastico avvia quando si verifica una disponibilit\u00e0 di posti che non pu\u00f2 essere coperta attraverso le graduatorie di istituto della scuola o delle scuole viciniori, come le GPS e le Graduatorie d&#8217;Istituto. In tal caso, il Dirigente pubblica un interpello nazionale per ricercare docenti disponibili a coprire l\u2019incarico.<\/p>\n\n\n\n<p class=\"wp-block-paragraph\">La priorit\u00e0 nell\u2019assunzione \u00e8 cos\u00ec definita:<\/p>\n\n\n\n<ol class=\"wp-block-list\">\n<li>Docenti in possesso di <strong>abilitazione o specializzazione<\/strong>, soprattutto per i posti di sostegno.<\/li>\n\n\n\n<li>Docenti con il solo <strong>titolo di studio idoneo<\/strong>.<\/li>\n<\/ol>\n\n\n\n<p class=\"wp-block-paragraph\">Se anche l\u2019interpello non dovesse soddisfare le esigenze della scuola, possono essere considerate candidature di docenti con titoli affini o, in casi estremi, titoli completamente diversi.<\/p>\n\n\n\n<p class=\"wp-block-paragraph\">Possono partecipare all\u2019interpello:<\/p>\n\n\n\n<ul class=\"wp-block-list\">\n<li>Docenti abilitati o specializzati per il posto richiesto.<\/li>\n\n\n\n<li>Aspiranti con il solo titolo di studio richiesto o con titoli affini.<\/li>\n\n\n\n<li>Docenti gi\u00e0 inseriti nelle GPS, sia della propria provincia che di altre.<\/li>\n<\/ul>\n\n\n\n<p class=\"wp-block-paragraph\">Tuttavia, ci sono alcune esclusioni:<\/p>\n\n\n\n<ul class=\"wp-block-list\">\n<li>Non possono rispondere all\u2019interpello coloro che abbiano <strong>gi\u00e0 ricevuto una nomina a tempo determinato<\/strong> (anche se rifiutata).<\/li>\n\n\n\n<li>Non sono ammessi docenti che abbiano <strong>ottenuto un incarico finalizzato al ruolo <\/strong>tramite GPS sostegno prima fascia o mini call veloce (anche in caso di rifiuto dell\u2019incarico).<\/li>\n<\/ul>\n\n\n\n<h2 class=\"wp-block-heading\">MAD: qual \u00e8 la situazione attuale?<\/h2>\n\n\n\n<p class=\"wp-block-paragraph\">Gi\u00e0 nei primi mesi dell\u2019anno scolastico 2024\/25, l\u2019interpello si \u00e8 dimostrato fondamentale per coprire posti vacanti in alcune province, soprattutto nel nord Italia. Le difficolt\u00e0 di reperimento riguardano classi di concorso come:<\/p>\n\n\n\n<ul class=\"wp-block-list\">\n<li><strong>ADEE e ADAA<\/strong> (sostegno per infanzia e primaria),<\/li>\n\n\n\n<li>Posti comuni per infanzia e primaria,<\/li>\n\n\n\n<li>Classi della scuola secondaria come <strong>A027 (Matematica), A040 (Scienze e tecnologie elettroniche), A041 (Scienze e tecnologie informatiche), A042 (Scienze e tecnologie meccaniche)<\/strong>.<\/li>\n\n\n\n<li>Inoltre, sono numerosi gli interpelli per insegnamenti di <strong>Strumento musicale<\/strong> e <strong>Conversazione in lingua straniera<\/strong>.<\/li>\n<\/ul>\n\n\n\n<p class=\"wp-block-paragraph\">Le <strong>MAD<\/strong>, un tempo lo strumento principale per reclutare docenti fuori graduatoria, resistono, ma il loro utilizzo \u00e8 cambiato. Mentre prima erano utilizzabili liberamente dai docenti non iscritti a graduatorie, ora rappresentano una <strong>risorsa residuale<\/strong> per i Dirigenti Scolastici.<\/p>\n\n\n\n<p class=\"wp-block-paragraph\">La normativa prevede infatti che:<\/p>\n\n\n\n<ol class=\"wp-block-list\">\n<li><strong>Prima venga esperito l\u2019interpello.<\/strong><\/li>\n\n\n\n<li><strong>Solo in caso di esito negativo<\/strong>, le scuole possano considerare le MAD ricevute.<\/li>\n<\/ol>\n\n\n\n<p class=\"wp-block-paragraph\">Alcuni Dirigenti chiariscono esplicitamente che, qualora l\u2019interpello non dia risultati, si valuteranno le MAD gi\u00e0 pervenute. Tuttavia, questa \u00e8 un\u2019<strong>opzione straordinaria,<\/strong> adottata quando non si riesce a coprire un posto neanche con l\u2019interpello.<\/p>\n\n\n\n<p class=\"wp-block-paragraph\">Per scoprire come registrarti agli Interpelli Supplenze, e ricevere un report per ogni Istituto scolastico che risponde alla tua candidatura: <\/p>\n\n\n\n<p class=\"wp-block-paragraph\"><\/p>\n\n\n\n<div class=\"wp-block-buttons is-layout-flex wp-block-buttons-is-layout-flex\">\n<div class=\"wp-block-button\"><a class=\"wp-block-button__link wp-element-button\" href=\"https:\/\/www.docenti.it\/interpelli.html\" target=\"_blank\" rel=\"noreferrer noopener\">REGISTRATI AD INTERPELLI SCUOLA<\/a><\/div>\n<\/div>\n\n\n\n<p class=\"wp-block-paragraph\"><\/p>\n\n\n\n<p class=\"wp-block-paragraph\">Per inviare la tua domanda di messa a disposizione: <\/p>\n\n\n\n<p class=\"wp-block-paragraph\"><\/p>\n\n\n\n<div class=\"wp-block-buttons is-layout-flex wp-block-buttons-is-layout-flex\">\n<div class=\"wp-block-button\"><a class=\"wp-block-button__link wp-element-button\" href=\"https:\/\/www.docenti.it\/mad.html\" target=\"_blank\" rel=\"noreferrer noopener\">INVIA LA TUA MAD<\/a><\/div>\n<\/div>\n\n\n\n<p class=\"wp-block-paragraph\"><\/p>\n\n\n\n<p class=\"wp-block-paragraph\">Per ulteriori news e approfondimenti sul mondo scuola, segui il<strong><a href=\"https:\/\/www.docenti.it\/blog\/\" target=\"_blank\" rel=\"noreferrer noopener\"> blog <\/a><\/strong>di <strong><a href=\"https:\/\/www.docenti.it\/\" target=\"_blank\" rel=\"noreferrer noopener\">Docenti.it<\/a><\/strong><\/p>\n","protected":false},"excerpt":{"rendered":"<p>MAD e interpelli: continuano i dubbi di molti aspiranti docenti circa l&#8217;utilizzo, da parte [&hellip;]<\/p>\n","protected":false},"author":25,"featured_media":0,"comment_status":"open","ping_status":"open","sticky":false,"template":"","format":"standard","meta":{"footnotes":""},"categories":[2],"tags":[759,11,760],"class_list":["post-46096","post","type-post","status-publish","format-standard","hentry","category-messa-a-disposizione","tag-interpelli-scuola","tag-mad","tag-mad-e-interpelli"],"yoast_head":"<!-- This site is optimized with the Yoast SEO plugin v27.9 - https:\/\/yoast.com\/product\/yoast-seo-wordpress\/ -->\n<title>MAD: sar\u00e0 ancora utilizzata dalle scuole? - Blog | Docenti.it<\/title>\n<meta name=\"description\" content=\"MAD e Interpelli: \u00e8 possibile che le scuole facciano riferimento ad entrambe le procedure? Tutte le info utili.\" \/>\n<meta name=\"robots\" content=\"index, follow, max-snippet:-1, max-image-preview:large, max-video-preview:-1\" \/>\n<link rel=\"canonical\" href=\"https:\/\/www.docenti.it\/blog\/mad\/\" \/>\n<meta property=\"og:locale\" content=\"it_IT\" \/>\n<meta property=\"og:type\" content=\"article\" \/>\n<meta property=\"og:title\" content=\"MAD: sar\u00e0 ancora utilizzata dalle scuole? - Blog | Docenti.it\" \/>\n<meta property=\"og:description\" content=\"MAD e Interpelli: \u00e8 possibile che le scuole facciano riferimento ad entrambe le procedure? Tutte le info utili.\" \/>\n<meta property=\"og:url\" content=\"https:\/\/www.docenti.it\/blog\/mad\/\" \/>\n<meta property=\"og:site_name\" content=\"Blog | Docenti.it\" \/>\n<meta property=\"article:publisher\" content=\"https:\/\/www.facebook.com\/docenti.it\" \/>\n<meta property=\"article:published_time\" content=\"2024-11-27T17:23:09+00:00\" \/>\n<meta property=\"article:modified_time\" content=\"2024-11-27T17:23:10+00:00\" \/>\n<meta name=\"author\" content=\"Gabriella Capraro\" \/>\n<meta name=\"twitter:card\" content=\"summary_large_image\" \/>\n<meta name=\"twitter:label1\" content=\"Scritto da\" \/>\n\t<meta name=\"twitter:data1\" content=\"Gabriella Capraro\" \/>\n\t<meta name=\"twitter:label2\" content=\"Tempo di lettura stimato\" \/>\n\t<meta name=\"twitter:data2\" content=\"3 minuti\" \/>\n<script type=\"application\/ld+json\" class=\"yoast-schema-graph\">{\"@context\":\"https:\\\/\\\/schema.org\",\"@graph\":[{\"@type\":\"Article\",\"@id\":\"https:\\\/\\\/www.docenti.it\\\/blog\\\/mad\\\/#article\",\"isPartOf\":{\"@id\":\"https:\\\/\\\/www.docenti.it\\\/blog\\\/mad\\\/\"},\"author\":{\"name\":\"Gabriella Capraro\",\"@id\":\"https:\\\/\\\/www.docenti.it\\\/blog\\\/#\\\/schema\\\/person\\\/773963d3c0645bd34c150c41a13e5754\"},\"headline\":\"MAD: sar\u00e0 ancora utilizzata dalle scuole?\",\"datePublished\":\"2024-11-27T17:23:09+00:00\",\"dateModified\":\"2024-11-27T17:23:10+00:00\",\"mainEntityOfPage\":{\"@id\":\"https:\\\/\\\/www.docenti.it\\\/blog\\\/mad\\\/\"},\"wordCount\":547,\"commentCount\":0,\"publisher\":{\"@id\":\"https:\\\/\\\/www.docenti.it\\\/blog\\\/#organization\"},\"keywords\":[\"Interpelli scuola\",\"mad\",\"mad e interpelli\"],\"articleSection\":[\"Messa a Disposizione\"],\"inLanguage\":\"it-IT\",\"potentialAction\":[{\"@type\":\"CommentAction\",\"name\":\"Comment\",\"target\":[\"https:\\\/\\\/www.docenti.it\\\/blog\\\/mad\\\/#respond\"]}]},{\"@type\":\"WebPage\",\"@id\":\"https:\\\/\\\/www.docenti.it\\\/blog\\\/mad\\\/\",\"url\":\"https:\\\/\\\/www.docenti.it\\\/blog\\\/mad\\\/\",\"name\":\"MAD: sar\u00e0 ancora utilizzata dalle scuole? - Blog | Docenti.it\",\"isPartOf\":{\"@id\":\"https:\\\/\\\/www.docenti.it\\\/blog\\\/#website\"},\"datePublished\":\"2024-11-27T17:23:09+00:00\",\"dateModified\":\"2024-11-27T17:23:10+00:00\",\"description\":\"MAD e Interpelli: \u00e8 possibile che le scuole facciano riferimento ad entrambe le procedure? Tutte le info utili.\",\"breadcrumb\":{\"@id\":\"https:\\\/\\\/www.docenti.it\\\/blog\\\/mad\\\/#breadcrumb\"},\"inLanguage\":\"it-IT\",\"potentialAction\":[{\"@type\":\"ReadAction\",\"target\":[\"https:\\\/\\\/www.docenti.it\\\/blog\\\/mad\\\/\"]}]},{\"@type\":\"BreadcrumbList\",\"@id\":\"https:\\\/\\\/www.docenti.it\\\/blog\\\/mad\\\/#breadcrumb\",\"itemListElement\":[{\"@type\":\"ListItem\",\"position\":1,\"name\":\"Home\",\"item\":\"https:\\\/\\\/www.docenti.it\\\/blog\\\/\"},{\"@type\":\"ListItem\",\"position\":2,\"name\":\"MAD: sar\u00e0 ancora utilizzata dalle scuole?\"}]},{\"@type\":\"WebSite\",\"@id\":\"https:\\\/\\\/www.docenti.it\\\/blog\\\/#website\",\"url\":\"https:\\\/\\\/www.docenti.it\\\/blog\\\/\",\"name\":\"Blog | Docenti.it\",\"description\":\"Tutte le notizie e gli aggiornamenti dal mondo della scuola\",\"publisher\":{\"@id\":\"https:\\\/\\\/www.docenti.it\\\/blog\\\/#organization\"},\"potentialAction\":[{\"@type\":\"SearchAction\",\"target\":{\"@type\":\"EntryPoint\",\"urlTemplate\":\"https:\\\/\\\/www.docenti.it\\\/blog\\\/?s={search_term_string}\"},\"query-input\":{\"@type\":\"PropertyValueSpecification\",\"valueRequired\":true,\"valueName\":\"search_term_string\"}}],\"inLanguage\":\"it-IT\"},{\"@type\":\"Organization\",\"@id\":\"https:\\\/\\\/www.docenti.it\\\/blog\\\/#organization\",\"name\":\"Blog | Docenti.it\",\"url\":\"https:\\\/\\\/www.docenti.it\\\/blog\\\/\",\"logo\":{\"@type\":\"ImageObject\",\"inLanguage\":\"it-IT\",\"@id\":\"https:\\\/\\\/www.docenti.it\\\/blog\\\/#\\\/schema\\\/logo\\\/image\\\/\",\"url\":\"https:\\\/\\\/www.docenti.it\\\/blog\\\/wp-content\\\/uploads\\\/2025\\\/06\\\/fb_mad_img.png\",\"contentUrl\":\"https:\\\/\\\/www.docenti.it\\\/blog\\\/wp-content\\\/uploads\\\/2025\\\/06\\\/fb_mad_img.png\",\"width\":1140,\"height\":620,\"caption\":\"Blog | Docenti.it\"},\"image\":{\"@id\":\"https:\\\/\\\/www.docenti.it\\\/blog\\\/#\\\/schema\\\/logo\\\/image\\\/\"},\"sameAs\":[\"https:\\\/\\\/www.facebook.com\\\/docenti.it\"]},{\"@type\":\"Person\",\"@id\":\"https:\\\/\\\/www.docenti.it\\\/blog\\\/#\\\/schema\\\/person\\\/773963d3c0645bd34c150c41a13e5754\",\"name\":\"Gabriella Capraro\",\"image\":{\"@type\":\"ImageObject\",\"inLanguage\":\"it-IT\",\"@id\":\"https:\\\/\\\/secure.gravatar.com\\\/avatar\\\/761075ddede7748b5d672d655cf8f326b9e5974df7bb15c5f378e7b84ddae927?s=96&d=mm&r=g\",\"url\":\"https:\\\/\\\/secure.gravatar.com\\\/avatar\\\/761075ddede7748b5d672d655cf8f326b9e5974df7bb15c5f378e7b84ddae927?s=96&d=mm&r=g\",\"contentUrl\":\"https:\\\/\\\/secure.gravatar.com\\\/avatar\\\/761075ddede7748b5d672d655cf8f326b9e5974df7bb15c5f378e7b84ddae927?s=96&d=mm&r=g\",\"caption\":\"Gabriella Capraro\"},\"description\":\"Copywriter e digital strategist, collabora come articolista e autrice per diverse piattaforme online, spaziando da tematiche scolastiche\\\/istituzionali a letterarie e musicali.\",\"url\":\"https:\\\/\\\/www.docenti.it\\\/blog\\\/author\\\/gcapraro\\\/\"}]}<\/script>\n<!-- \/ Yoast SEO plugin. -->","yoast_head_json":{"title":"MAD: sar\u00e0 ancora utilizzata dalle scuole? - Blog | Docenti.it","description":"MAD e Interpelli: \u00e8 possibile che le scuole facciano riferimento ad entrambe le procedure? Tutte le info utili.","robots":{"index":"index","follow":"follow","max-snippet":"max-snippet:-1","max-image-preview":"max-image-preview:large","max-video-preview":"max-video-preview:-1"},"canonical":"https:\/\/www.docenti.it\/blog\/mad\/","og_locale":"it_IT","og_type":"article","og_title":"MAD: sar\u00e0 ancora utilizzata dalle scuole? - Blog | Docenti.it","og_description":"MAD e Interpelli: \u00e8 possibile che le scuole facciano riferimento ad entrambe le procedure? Tutte le info utili.","og_url":"https:\/\/www.docenti.it\/blog\/mad\/","og_site_name":"Blog | Docenti.it","article_publisher":"https:\/\/www.facebook.com\/docenti.it","article_published_time":"2024-11-27T17:23:09+00:00","article_modified_time":"2024-11-27T17:23:10+00:00","author":"Gabriella Capraro","twitter_card":"summary_large_image","twitter_misc":{"Scritto da":"Gabriella Capraro","Tempo di lettura stimato":"3 minuti"},"schema":{"@context":"https:\/\/schema.org","@graph":[{"@type":"Article","@id":"https:\/\/www.docenti.it\/blog\/mad\/#article","isPartOf":{"@id":"https:\/\/www.docenti.it\/blog\/mad\/"},"author":{"name":"Gabriella Capraro","@id":"https:\/\/www.docenti.it\/blog\/#\/schema\/person\/773963d3c0645bd34c150c41a13e5754"},"headline":"MAD: sar\u00e0 ancora utilizzata dalle scuole?","datePublished":"2024-11-27T17:23:09+00:00","dateModified":"2024-11-27T17:23:10+00:00","mainEntityOfPage":{"@id":"https:\/\/www.docenti.it\/blog\/mad\/"},"wordCount":547,"commentCount":0,"publisher":{"@id":"https:\/\/www.docenti.it\/blog\/#organization"},"keywords":["Interpelli scuola","mad","mad e interpelli"],"articleSection":["Messa a Disposizione"],"inLanguage":"it-IT","potentialAction":[{"@type":"CommentAction","name":"Comment","target":["https:\/\/www.docenti.it\/blog\/mad\/#respond"]}]},{"@type":"WebPage","@id":"https:\/\/www.docenti.it\/blog\/mad\/","url":"https:\/\/www.docenti.it\/blog\/mad\/","name":"MAD: sar\u00e0 ancora utilizzata dalle scuole? - Blog | Docenti.it","isPartOf":{"@id":"https:\/\/www.docenti.it\/blog\/#website"},"datePublished":"2024-11-27T17:23:09+00:00","dateModified":"2024-11-27T17:23:10+00:00","description":"MAD e Interpelli: \u00e8 possibile che le scuole facciano riferimento ad entrambe le procedure? Tutte le info utili.","breadcrumb":{"@id":"https:\/\/www.docenti.it\/blog\/mad\/#breadcrumb"},"inLanguage":"it-IT","potentialAction":[{"@type":"ReadAction","target":["https:\/\/www.docenti.it\/blog\/mad\/"]}]},{"@type":"BreadcrumbList","@id":"https:\/\/www.docenti.it\/blog\/mad\/#breadcrumb","itemListElement":[{"@type":"ListItem","position":1,"name":"Home","item":"https:\/\/www.docenti.it\/blog\/"},{"@type":"ListItem","position":2,"name":"MAD: sar\u00e0 ancora utilizzata dalle scuole?"}]},{"@type":"WebSite","@id":"https:\/\/www.docenti.it\/blog\/#website","url":"https:\/\/www.docenti.it\/blog\/","name":"Blog | Docenti.it","description":"Tutte le notizie e gli aggiornamenti dal mondo della scuola","publisher":{"@id":"https:\/\/www.docenti.it\/blog\/#organization"},"potentialAction":[{"@type":"SearchAction","target":{"@type":"EntryPoint","urlTemplate":"https:\/\/www.docenti.it\/blog\/?s={search_term_string}"},"query-input":{"@type":"PropertyValueSpecification","valueRequired":true,"valueName":"search_term_string"}}],"inLanguage":"it-IT"},{"@type":"Organization","@id":"https:\/\/www.docenti.it\/blog\/#organization","name":"Blog | Docenti.it","url":"https:\/\/www.docenti.it\/blog\/","logo":{"@type":"ImageObject","inLanguage":"it-IT","@id":"https:\/\/www.docenti.it\/blog\/#\/schema\/logo\/image\/","url":"https:\/\/www.docenti.it\/blog\/wp-content\/uploads\/2025\/06\/fb_mad_img.png","contentUrl":"https:\/\/www.docenti.it\/blog\/wp-content\/uploads\/2025\/06\/fb_mad_img.png","width":1140,"height":620,"caption":"Blog | Docenti.it"},"image":{"@id":"https:\/\/www.docenti.it\/blog\/#\/schema\/logo\/image\/"},"sameAs":["https:\/\/www.facebook.com\/docenti.it"]},{"@type":"Person","@id":"https:\/\/www.docenti.it\/blog\/#\/schema\/person\/773963d3c0645bd34c150c41a13e5754","name":"Gabriella Capraro","image":{"@type":"ImageObject","inLanguage":"it-IT","@id":"https:\/\/secure.gravatar.com\/avatar\/761075ddede7748b5d672d655cf8f326b9e5974df7bb15c5f378e7b84ddae927?s=96&d=mm&r=g","url":"https:\/\/secure.gravatar.com\/avatar\/761075ddede7748b5d672d655cf8f326b9e5974df7bb15c5f378e7b84ddae927?s=96&d=mm&r=g","contentUrl":"https:\/\/secure.gravatar.com\/avatar\/761075ddede7748b5d672d655cf8f326b9e5974df7bb15c5f378e7b84ddae927?s=96&d=mm&r=g","caption":"Gabriella Capraro"},"description":"Copywriter e digital strategist, collabora come articolista e autrice per diverse piattaforme online, spaziando da tematiche scolastiche\/istituzionali a letterarie e musicali.","url":"https:\/\/www.docenti.it\/blog\/author\/gcapraro\/"}]}},"_links":{"self":[{"href":"https:\/\/www.docenti.it\/blog\/wp-json\/wp\/v2\/posts\/46096","targetHints":{"allow":["GET"]}}],"collection":[{"href":"https:\/\/www.docenti.it\/blog\/wp-json\/wp\/v2\/posts"}],"about":[{"href":"https:\/\/www.docenti.it\/blog\/wp-json\/wp\/v2\/types\/post"}],"author":[{"embeddable":true,"href":"https:\/\/www.docenti.it\/blog\/wp-json\/wp\/v2\/users\/25"}],"replies":[{"embeddable":true,"href":"https:\/\/www.docenti.it\/blog\/wp-json\/wp\/v2\/comments?post=46096"}],"version-history":[{"count":1,"href":"https:\/\/www.docenti.it\/blog\/wp-json\/wp\/v2\/posts\/46096\/revisions"}],"predecessor-version":[{"id":46097,"href":"https:\/\/www.docenti.it\/blog\/wp-json\/wp\/v2\/posts\/46096\/revisions\/46097"}],"wp:attachment":[{"href":"https:\/\/www.docenti.it\/blog\/wp-json\/wp\/v2\/media?parent=46096"}],"wp:term":[{"taxonomy":"category","embeddable":true,"href":"https:\/\/www.docenti.it\/blog\/wp-json\/wp\/v2\/categories?post=46096"},{"taxonomy":"post_tag","embeddable":true,"href":"https:\/\/www.docenti.it\/blog\/wp-json\/wp\/v2\/tags?post=46096"}],"curies":[{"name":"wp","href":"https:\/\/api.w.org\/{rel}","templated":true}]}}