{"id":46153,"date":"2024-12-19T17:03:10","date_gmt":"2024-12-19T16:03:10","guid":{"rendered":"https:\/\/www.docenti.it\/blog\/?p=46153"},"modified":"2024-12-23T16:52:16","modified_gmt":"2024-12-23T15:52:16","slug":"personale-ata-18-ore-la-retribuzione","status":"publish","type":"post","link":"https:\/\/www.docenti.it\/blog\/personale-ata-18-ore-la-retribuzione\/","title":{"rendered":"Personale ATA 18 ore: la retribuzione"},"content":{"rendered":"\n<p><strong>Personale ATA 18 ore<\/strong>: il lavoro part-time rappresenta una valida opzione per coloro che cercano maggiore equilibrio tra vita lavorativa e vita personale. <\/p>\n\n\n\n<p>Questa formula \u00e8 particolarmente apprezzata nel contesto scolastico, dove il personale ATA pu\u00f2 beneficiare di un regime di orario ridotto, garantendo al contempo la continuit\u00e0 dei servizi scolastici. Con il contratto part-time da 18 ore settimanali, il personale ATA ha la possibilit\u00e0 di organizzare il proprio impegno professionale in modo pi\u00f9 flessibile. <\/p>\n\n\n\n<h2>Qual \u00e8 lo stipendio del personale ATA assunto part-time?<\/h2>\n\n\n\n<p>Il <strong>contratto part-time da 18 ore settimanali <\/strong>\u00e8 una soluzione che permette al personale ATA di ridurre l\u2019orario di lavoro standard. <\/p>\n\n\n\n<p>Questa modalit\u00e0 di impiego consente ai dipendenti di conciliare gli impegni lavorativi con le proprie necessit\u00e0 personali e familiari. La richiesta di trasformazione del contratto deve essere <strong>inoltrata alla segreteria scolastica<\/strong>, seguendo le modalit\u00e0 stabilite dalle normative di riferimento. <\/p>\n\n\n\n<p>Una volta accolta, la modifica dell\u2019orario di lavoro diventa effettiva a partire dal 1\u00b0 settembre di ogni anno.<\/p>\n\n\n\n<p>Il personale ATA pu\u00f2 scegliere diverse configurazioni orarie, come 18, 21, 24 o 30 ore settimanali. Queste possono essere distribuite in tre modalit\u00e0 principali:<\/p>\n\n\n\n<ul>\n<li><strong>Orizzontale<\/strong>: l\u2019orario \u00e8 ripartito su 5 o 6 giorni settimanali, con turni al mattino, pomeriggio o una combinazione di entrambi.<\/li>\n\n\n\n<li><strong>Verticale<\/strong>: l\u2019attivit\u00e0 \u00e8 concentrata in specifici giorni, settimane o mesi dell\u2019anno.<\/li>\n\n\n\n<li><strong>Mista<\/strong>: combina elementi delle modalit\u00e0 orizzontale e verticale.<\/li>\n<\/ul>\n\n\n\n<p>La retribuzione del personale ATA part-time \u00e8 proporzionata alle ore effettivamente lavorate. Per esempio, con un contratto da 18 ore settimanali su 36 ore totali, lo stipendio corrisponde al 50% di quello a tempo pieno. In caso di modalit\u00e0 verticale annuale, <strong>lo stipendio viene corrisposto solo per i mesi di effettivo servizio. <\/strong><\/p>\n\n\n\n<h2>Personale ATA 18 ore: le tabelle retributive <\/h2>\n\n\n\n<p>Le seguenti tabelle retributive sono divise per categorie di personale ATA. <\/p>\n\n\n\n<figure class=\"wp-block-image size-full\"><img decoding=\"async\" loading=\"lazy\" width=\"760\" height=\"438\" src=\"https:\/\/www.docenti.it\/blog\/wp-content\/uploads\/2024\/12\/image-4.png\" alt=\"\" class=\"wp-image-46154\" srcset=\"https:\/\/www.docenti.it\/blog\/wp-content\/uploads\/2024\/12\/image-4.png 760w, https:\/\/www.docenti.it\/blog\/wp-content\/uploads\/2024\/12\/image-4-300x173.png 300w\" sizes=\"(max-width: 760px) 100vw, 760px\" \/><figcaption class=\"wp-element-caption\">tabelle collaboratore scolastico<\/figcaption><\/figure>\n\n\n\n<figure class=\"wp-block-image size-full\"><img decoding=\"async\" loading=\"lazy\" width=\"752\" height=\"428\" src=\"https:\/\/www.docenti.it\/blog\/wp-content\/uploads\/2024\/12\/image-5.png\" alt=\"\" class=\"wp-image-46155\" srcset=\"https:\/\/www.docenti.it\/blog\/wp-content\/uploads\/2024\/12\/image-5.png 752w, https:\/\/www.docenti.it\/blog\/wp-content\/uploads\/2024\/12\/image-5-300x171.png 300w\" sizes=\"(max-width: 752px) 100vw, 752px\" \/><figcaption class=\"wp-element-caption\">tabelle operatore scolastico <\/figcaption><\/figure>\n\n\n\n<figure class=\"wp-block-image size-full\"><img decoding=\"async\" loading=\"lazy\" width=\"721\" height=\"417\" src=\"https:\/\/www.docenti.it\/blog\/wp-content\/uploads\/2024\/12\/image-6.png\" alt=\"\" class=\"wp-image-46156\" srcset=\"https:\/\/www.docenti.it\/blog\/wp-content\/uploads\/2024\/12\/image-6.png 721w, https:\/\/www.docenti.it\/blog\/wp-content\/uploads\/2024\/12\/image-6-300x174.png 300w\" sizes=\"(max-width: 721px) 100vw, 721px\" \/><figcaption class=\"wp-element-caption\">tabelle assistente amministrativo<\/figcaption><\/figure>\n\n\n\n<p><strong>Tutti i dipendenti del Personale ATA<\/strong>, ad eccezione del Direttore dei Servizi Generali e Amministrativi (Dsga), hanno la possibilit\u00e0 di richiedere il passaggio dal contratto a tempo pieno a quello a tempo parziale.<\/p>\n\n\n\n<p>Per fare questa richiesta, bisogna presentare la domanda <strong>al dirigente scolastico<\/strong>, che poi la inoltra al Provveditorato agli studi della provincia di appartenenza.<\/p>\n\n\n\n<p>La domanda, redatta su carta semplice, deve contenere i <strong>dati personali, il ruolo professionale, la sede di lavoro e la richiesta di trasformazione del contratto.<\/strong> Inoltre, \u00e8 necessario specificare la tipologia di orario ridotto desiderata e la quantit\u00e0 di ore lavorative settimanali.<\/p>\n\n\n\n<p><\/p>\n\n\n\n<p>Se sei interessat* ad entrare a far parte del personale ATA, potresti provare a rispondere agli avvisi pubblicati dalle scuole. <\/p>\n\n\n\n<p><\/p>\n\n\n\n<div class=\"is-layout-flex wp-block-buttons\">\n<div class=\"wp-block-button\"><a class=\"wp-block-button__link wp-element-button\" href=\"https:\/\/www.docenti.it\/interpelli.html\" target=\"_blank\" rel=\"noreferrer noopener\">REGISTRATI AD INTERPELLI SCUOLA <\/a><\/div>\n<\/div>\n\n\n\n<p><\/p>\n\n\n\n<p>Per news e aggiornamenti sul mondo scuola, segui il <strong><a href=\"https:\/\/www.docenti.it\/blog\/\" target=\"_blank\" rel=\"noreferrer noopener\">blog<\/a><\/strong> di <strong><a href=\"https:\/\/www.docenti.it\/\" target=\"_blank\" rel=\"noreferrer noopener\">Docenti.it<\/a><\/strong><\/p>\n\n\n\n<p><\/p>\n","protected":false},"excerpt":{"rendered":"<p>Personale ATA 18 ore: il lavoro part-time rappresenta una valida opzione per coloro che [&hellip;]<\/p>\n","protected":false},"author":25,"featured_media":44949,"comment_status":"open","ping_status":"open","sticky":false,"template":"","format":"standard","meta":[],"categories":[82],"tags":[68,597],"yoast_head":"<!-- This site is optimized with the Yoast SEO plugin v20.4 - https:\/\/yoast.com\/wordpress\/plugins\/seo\/ -->\n<title>Personale ATA 18 ore: la retribuzione - Blog | Docenti.it<\/title>\n<meta name=\"description\" content=\"Personale ATA 18 ore: a quanto ammonta la retribuzione del personale tecnico-amministrativo a 18 ore settimanali?\" \/>\n<meta name=\"robots\" content=\"index, follow, max-snippet:-1, max-image-preview:large, max-video-preview:-1\" \/>\n<link rel=\"canonical\" href=\"https:\/\/www.docenti.it\/blog\/personale-ata-18-ore-la-retribuzione\/\" \/>\n<meta property=\"og:locale\" content=\"it_IT\" \/>\n<meta property=\"og:type\" content=\"article\" \/>\n<meta property=\"og:title\" content=\"Personale ATA 18 ore: la retribuzione - Blog | Docenti.it\" \/>\n<meta property=\"og:description\" content=\"Personale ATA 18 ore: a quanto ammonta la retribuzione del personale tecnico-amministrativo a 18 ore settimanali?\" \/>\n<meta property=\"og:url\" content=\"https:\/\/www.docenti.it\/blog\/personale-ata-18-ore-la-retribuzione\/\" \/>\n<meta property=\"og:site_name\" content=\"Blog | Docenti.it\" \/>\n<meta property=\"article:publisher\" content=\"https:\/\/www.facebook.com\/docenti.it\" \/>\n<meta property=\"article:published_time\" content=\"2024-12-19T16:03:10+00:00\" \/>\n<meta property=\"article:modified_time\" content=\"2024-12-23T15:52:16+00:00\" \/>\n<meta property=\"og:image\" content=\"https:\/\/www.docenti.it\/blog\/wp-content\/uploads\/2023\/02\/lecture-g1b1941676_640.jpg\" \/>\n\t<meta property=\"og:image:width\" content=\"640\" \/>\n\t<meta property=\"og:image:height\" content=\"427\" \/>\n\t<meta property=\"og:image:type\" content=\"image\/jpeg\" \/>\n<meta name=\"author\" content=\"Gabriella Capraro\" \/>\n<meta name=\"twitter:card\" content=\"summary_large_image\" \/>\n<meta name=\"twitter:label1\" content=\"Written by\" \/>\n\t<meta name=\"twitter:data1\" content=\"Gabriella Capraro\" \/>\n\t<meta name=\"twitter:label2\" content=\"Est. reading time\" \/>\n\t<meta name=\"twitter:data2\" content=\"2 minuti\" \/>\n<script type=\"application\/ld+json\" class=\"yoast-schema-graph\">{\"@context\":\"https:\/\/schema.org\",\"@graph\":[{\"@type\":\"Article\",\"@id\":\"https:\/\/www.docenti.it\/blog\/personale-ata-18-ore-la-retribuzione\/#article\",\"isPartOf\":{\"@id\":\"https:\/\/www.docenti.it\/blog\/personale-ata-18-ore-la-retribuzione\/\"},\"author\":{\"name\":\"Gabriella Capraro\",\"@id\":\"https:\/\/www.docenti.it\/blog\/#\/schema\/person\/773963d3c0645bd34c150c41a13e5754\"},\"headline\":\"Personale ATA 18 ore: la retribuzione\",\"datePublished\":\"2024-12-19T16:03:10+00:00\",\"dateModified\":\"2024-12-23T15:52:16+00:00\",\"mainEntityOfPage\":{\"@id\":\"https:\/\/www.docenti.it\/blog\/personale-ata-18-ore-la-retribuzione\/\"},\"wordCount\":428,\"commentCount\":0,\"publisher\":{\"@id\":\"https:\/\/www.docenti.it\/blog\/#organization\"},\"keywords\":[\"Personale ATA\",\"personale ATA stipendio\"],\"articleSection\":[\"Personale ATA\"],\"inLanguage\":\"it-IT\",\"potentialAction\":[{\"@type\":\"CommentAction\",\"name\":\"Comment\",\"target\":[\"https:\/\/www.docenti.it\/blog\/personale-ata-18-ore-la-retribuzione\/#respond\"]}]},{\"@type\":\"WebPage\",\"@id\":\"https:\/\/www.docenti.it\/blog\/personale-ata-18-ore-la-retribuzione\/\",\"url\":\"https:\/\/www.docenti.it\/blog\/personale-ata-18-ore-la-retribuzione\/\",\"name\":\"Personale ATA 18 ore: la retribuzione - Blog | Docenti.it\",\"isPartOf\":{\"@id\":\"https:\/\/www.docenti.it\/blog\/#website\"},\"datePublished\":\"2024-12-19T16:03:10+00:00\",\"dateModified\":\"2024-12-23T15:52:16+00:00\",\"description\":\"Personale ATA 18 ore: a quanto ammonta la retribuzione del personale tecnico-amministrativo a 18 ore settimanali?\",\"breadcrumb\":{\"@id\":\"https:\/\/www.docenti.it\/blog\/personale-ata-18-ore-la-retribuzione\/#breadcrumb\"},\"inLanguage\":\"it-IT\",\"potentialAction\":[{\"@type\":\"ReadAction\",\"target\":[\"https:\/\/www.docenti.it\/blog\/personale-ata-18-ore-la-retribuzione\/\"]}]},{\"@type\":\"BreadcrumbList\",\"@id\":\"https:\/\/www.docenti.it\/blog\/personale-ata-18-ore-la-retribuzione\/#breadcrumb\",\"itemListElement\":[{\"@type\":\"ListItem\",\"position\":1,\"name\":\"Home\",\"item\":\"https:\/\/www.docenti.it\/blog\/\"},{\"@type\":\"ListItem\",\"position\":2,\"name\":\"Personale ATA 18 ore: la retribuzione\"}]},{\"@type\":\"WebSite\",\"@id\":\"https:\/\/www.docenti.it\/blog\/#website\",\"url\":\"https:\/\/www.docenti.it\/blog\/\",\"name\":\"Blog | Docenti.it\",\"description\":\"Tutte le notizie e gli aggiornamenti dal mondo della scuola\",\"publisher\":{\"@id\":\"https:\/\/www.docenti.it\/blog\/#organization\"},\"potentialAction\":[{\"@type\":\"SearchAction\",\"target\":{\"@type\":\"EntryPoint\",\"urlTemplate\":\"https:\/\/www.docenti.it\/blog\/?s={search_term_string}\"},\"query-input\":\"required name=search_term_string\"}],\"inLanguage\":\"it-IT\"},{\"@type\":\"Organization\",\"@id\":\"https:\/\/www.docenti.it\/blog\/#organization\",\"name\":\"Blog | Docenti.it\",\"url\":\"https:\/\/www.docenti.it\/blog\/\",\"logo\":{\"@type\":\"ImageObject\",\"inLanguage\":\"it-IT\",\"@id\":\"https:\/\/www.docenti.it\/blog\/#\/schema\/logo\/image\/\",\"url\":\"https:\/\/www.docenti.it\/blog\/wp-content\/uploads\/2025\/06\/fb_mad_img.png\",\"contentUrl\":\"https:\/\/www.docenti.it\/blog\/wp-content\/uploads\/2025\/06\/fb_mad_img.png\",\"width\":1140,\"height\":620,\"caption\":\"Blog | Docenti.it\"},\"image\":{\"@id\":\"https:\/\/www.docenti.it\/blog\/#\/schema\/logo\/image\/\"},\"sameAs\":[\"https:\/\/www.facebook.com\/docenti.it\"]},{\"@type\":\"Person\",\"@id\":\"https:\/\/www.docenti.it\/blog\/#\/schema\/person\/773963d3c0645bd34c150c41a13e5754\",\"name\":\"Gabriella Capraro\",\"image\":{\"@type\":\"ImageObject\",\"inLanguage\":\"it-IT\",\"@id\":\"https:\/\/www.docenti.it\/blog\/#\/schema\/person\/image\/\",\"url\":\"https:\/\/secure.gravatar.com\/avatar\/17e0ab06bea064a8a7c5bef443cb7153?s=96&d=mm&r=g\",\"contentUrl\":\"https:\/\/secure.gravatar.com\/avatar\/17e0ab06bea064a8a7c5bef443cb7153?s=96&d=mm&r=g\",\"caption\":\"Gabriella Capraro\"},\"description\":\"Copywriter e digital strategist, collabora come articolista e autrice per diverse piattaforme online, spaziando da tematiche scolastiche\/istituzionali a letterarie e musicali.\",\"url\":\"https:\/\/www.docenti.it\/blog\/author\/gcapraro\/\"}]}<\/script>\n<!-- \/ Yoast SEO plugin. -->","yoast_head_json":{"title":"Personale ATA 18 ore: la retribuzione - Blog | Docenti.it","description":"Personale ATA 18 ore: a quanto ammonta la retribuzione del personale tecnico-amministrativo a 18 ore settimanali?","robots":{"index":"index","follow":"follow","max-snippet":"max-snippet:-1","max-image-preview":"max-image-preview:large","max-video-preview":"max-video-preview:-1"},"canonical":"https:\/\/www.docenti.it\/blog\/personale-ata-18-ore-la-retribuzione\/","og_locale":"it_IT","og_type":"article","og_title":"Personale ATA 18 ore: la retribuzione - Blog | Docenti.it","og_description":"Personale ATA 18 ore: a quanto ammonta la retribuzione del personale tecnico-amministrativo a 18 ore settimanali?","og_url":"https:\/\/www.docenti.it\/blog\/personale-ata-18-ore-la-retribuzione\/","og_site_name":"Blog | Docenti.it","article_publisher":"https:\/\/www.facebook.com\/docenti.it","article_published_time":"2024-12-19T16:03:10+00:00","article_modified_time":"2024-12-23T15:52:16+00:00","og_image":[{"width":640,"height":427,"url":"https:\/\/www.docenti.it\/blog\/wp-content\/uploads\/2023\/02\/lecture-g1b1941676_640.jpg","type":"image\/jpeg"}],"author":"Gabriella Capraro","twitter_card":"summary_large_image","twitter_misc":{"Written by":"Gabriella Capraro","Est. reading time":"2 minuti"},"schema":{"@context":"https:\/\/schema.org","@graph":[{"@type":"Article","@id":"https:\/\/www.docenti.it\/blog\/personale-ata-18-ore-la-retribuzione\/#article","isPartOf":{"@id":"https:\/\/www.docenti.it\/blog\/personale-ata-18-ore-la-retribuzione\/"},"author":{"name":"Gabriella Capraro","@id":"https:\/\/www.docenti.it\/blog\/#\/schema\/person\/773963d3c0645bd34c150c41a13e5754"},"headline":"Personale ATA 18 ore: la retribuzione","datePublished":"2024-12-19T16:03:10+00:00","dateModified":"2024-12-23T15:52:16+00:00","mainEntityOfPage":{"@id":"https:\/\/www.docenti.it\/blog\/personale-ata-18-ore-la-retribuzione\/"},"wordCount":428,"commentCount":0,"publisher":{"@id":"https:\/\/www.docenti.it\/blog\/#organization"},"keywords":["Personale ATA","personale ATA stipendio"],"articleSection":["Personale ATA"],"inLanguage":"it-IT","potentialAction":[{"@type":"CommentAction","name":"Comment","target":["https:\/\/www.docenti.it\/blog\/personale-ata-18-ore-la-retribuzione\/#respond"]}]},{"@type":"WebPage","@id":"https:\/\/www.docenti.it\/blog\/personale-ata-18-ore-la-retribuzione\/","url":"https:\/\/www.docenti.it\/blog\/personale-ata-18-ore-la-retribuzione\/","name":"Personale ATA 18 ore: la retribuzione - Blog | Docenti.it","isPartOf":{"@id":"https:\/\/www.docenti.it\/blog\/#website"},"datePublished":"2024-12-19T16:03:10+00:00","dateModified":"2024-12-23T15:52:16+00:00","description":"Personale ATA 18 ore: a quanto ammonta la retribuzione del personale tecnico-amministrativo a 18 ore settimanali?","breadcrumb":{"@id":"https:\/\/www.docenti.it\/blog\/personale-ata-18-ore-la-retribuzione\/#breadcrumb"},"inLanguage":"it-IT","potentialAction":[{"@type":"ReadAction","target":["https:\/\/www.docenti.it\/blog\/personale-ata-18-ore-la-retribuzione\/"]}]},{"@type":"BreadcrumbList","@id":"https:\/\/www.docenti.it\/blog\/personale-ata-18-ore-la-retribuzione\/#breadcrumb","itemListElement":[{"@type":"ListItem","position":1,"name":"Home","item":"https:\/\/www.docenti.it\/blog\/"},{"@type":"ListItem","position":2,"name":"Personale ATA 18 ore: la retribuzione"}]},{"@type":"WebSite","@id":"https:\/\/www.docenti.it\/blog\/#website","url":"https:\/\/www.docenti.it\/blog\/","name":"Blog | Docenti.it","description":"Tutte le notizie e gli aggiornamenti dal mondo della scuola","publisher":{"@id":"https:\/\/www.docenti.it\/blog\/#organization"},"potentialAction":[{"@type":"SearchAction","target":{"@type":"EntryPoint","urlTemplate":"https:\/\/www.docenti.it\/blog\/?s={search_term_string}"},"query-input":"required name=search_term_string"}],"inLanguage":"it-IT"},{"@type":"Organization","@id":"https:\/\/www.docenti.it\/blog\/#organization","name":"Blog | Docenti.it","url":"https:\/\/www.docenti.it\/blog\/","logo":{"@type":"ImageObject","inLanguage":"it-IT","@id":"https:\/\/www.docenti.it\/blog\/#\/schema\/logo\/image\/","url":"https:\/\/www.docenti.it\/blog\/wp-content\/uploads\/2025\/06\/fb_mad_img.png","contentUrl":"https:\/\/www.docenti.it\/blog\/wp-content\/uploads\/2025\/06\/fb_mad_img.png","width":1140,"height":620,"caption":"Blog | Docenti.it"},"image":{"@id":"https:\/\/www.docenti.it\/blog\/#\/schema\/logo\/image\/"},"sameAs":["https:\/\/www.facebook.com\/docenti.it"]},{"@type":"Person","@id":"https:\/\/www.docenti.it\/blog\/#\/schema\/person\/773963d3c0645bd34c150c41a13e5754","name":"Gabriella Capraro","image":{"@type":"ImageObject","inLanguage":"it-IT","@id":"https:\/\/www.docenti.it\/blog\/#\/schema\/person\/image\/","url":"https:\/\/secure.gravatar.com\/avatar\/17e0ab06bea064a8a7c5bef443cb7153?s=96&d=mm&r=g","contentUrl":"https:\/\/secure.gravatar.com\/avatar\/17e0ab06bea064a8a7c5bef443cb7153?s=96&d=mm&r=g","caption":"Gabriella Capraro"},"description":"Copywriter e digital strategist, collabora come articolista e autrice per diverse piattaforme online, spaziando da tematiche scolastiche\/istituzionali a letterarie e musicali.","url":"https:\/\/www.docenti.it\/blog\/author\/gcapraro\/"}]}},"_links":{"self":[{"href":"https:\/\/www.docenti.it\/blog\/wp-json\/wp\/v2\/posts\/46153"}],"collection":[{"href":"https:\/\/www.docenti.it\/blog\/wp-json\/wp\/v2\/posts"}],"about":[{"href":"https:\/\/www.docenti.it\/blog\/wp-json\/wp\/v2\/types\/post"}],"author":[{"embeddable":true,"href":"https:\/\/www.docenti.it\/blog\/wp-json\/wp\/v2\/users\/25"}],"replies":[{"embeddable":true,"href":"https:\/\/www.docenti.it\/blog\/wp-json\/wp\/v2\/comments?post=46153"}],"version-history":[{"count":1,"href":"https:\/\/www.docenti.it\/blog\/wp-json\/wp\/v2\/posts\/46153\/revisions"}],"predecessor-version":[{"id":46157,"href":"https:\/\/www.docenti.it\/blog\/wp-json\/wp\/v2\/posts\/46153\/revisions\/46157"}],"wp:featuredmedia":[{"embeddable":true,"href":"https:\/\/www.docenti.it\/blog\/wp-json\/wp\/v2\/media\/44949"}],"wp:attachment":[{"href":"https:\/\/www.docenti.it\/blog\/wp-json\/wp\/v2\/media?parent=46153"}],"wp:term":[{"taxonomy":"category","embeddable":true,"href":"https:\/\/www.docenti.it\/blog\/wp-json\/wp\/v2\/categories?post=46153"},{"taxonomy":"post_tag","embeddable":true,"href":"https:\/\/www.docenti.it\/blog\/wp-json\/wp\/v2\/tags?post=46153"}],"curies":[{"name":"wp","href":"https:\/\/api.w.org\/{rel}","templated":true}]}}