{"id":46163,"date":"2025-01-02T17:57:09","date_gmt":"2025-01-02T16:57:09","guid":{"rendered":"https:\/\/www.docenti.it\/blog\/?p=46163"},"modified":"2025-01-02T17:57:10","modified_gmt":"2025-01-02T16:57:10","slug":"concorso-scuola-pnrr2","status":"publish","type":"post","link":"https:\/\/www.docenti.it\/blog\/concorso-scuola-pnrr2\/","title":{"rendered":"Concorso scuola PNRR2: in scadenza la domanda"},"content":{"rendered":"\n<p><strong>Concorso scuola PNRR2<\/strong>: \u00e8 stata avviata la selezione dei membri delle commissioni esaminatrici, figure chiave per il corretto svolgimento delle procedure concorsuali.<\/p>\n\n\n\n<p><strong>Fino alle ore 23:59 di oggi, 2 gennaio 2025<\/strong>, dirigenti scolastici, docenti, dirigenti tecnici e professori universitari hanno la possibilit\u00e0 di presentare la propria candidatura per partecipare a queste commissioni. <\/p>\n\n\n\n<p>Questi organismi saranno distinti in base alle classi di concorso e alle tipologie di posto, garantendo cos\u00ec una valutazione adeguata e specifica per ogni ambito disciplinare e ordine scolastico.<\/p>\n\n\n\n<p>I requisiti per la partecipazione sono dettagliati negli <strong>articoli da 14 a 19 <\/strong>del <strong>Decreto Ministeriale del 26 ottobre 2023, n. 206. <\/strong><\/p>\n\n\n\n<p>Per i gradi di istruzione dell\u2019infanzia e della primaria, ulteriori specifiche sono contenute nell\u2019<strong>articolo 13<\/strong> del <strong>Decreto del Direttore Generale del 10 dicembre 2024, n. 3060<\/strong>, mentre per la scuola secondaria si fa riferimento al<strong> Decreto n. 3059 <\/strong>dello stesso giorno.<\/p>\n\n\n\n<p>Attraverso questa procedura, il PNRR mira a garantire trasparenza, merito e professionalit\u00e0 nella selezione dei futuri insegnanti e tecnici. <\/p>\n\n\n\n<h2>Le regole sulla composizione della commissione<\/h2>\n\n\n\n<p>Possono candidarsi per le commissioni docenti delle istituzioni scolastiche e accademiche di Alta Formazione Artistica, Musicale e Coreutica (AFAM): dirigenti scolastici, dirigenti tecnici e professori universitari, sia in servizio che in quiescenza. <\/p>\n\n\n\n<p>Gli avvisi per la presentazione delle domande sono distinti tra commissioni per l\u2019infanzia e la primaria e quelle per la scuola secondaria. <strong>Dirigenti scolastici, dirigenti tecnici e professori universitari possono candidarsi anche come presidenti.<\/strong><\/p>\n\n\n\n<p>Ogni commissione \u00e8 composta da <strong>un presidente, due docenti e, se necessario, da un membro aggregato<\/strong> responsabile della verifica delle competenze linguistiche in inglese. Questo ruolo spetta a un docente titolare di un insegnamento di lingua inglese o a un componente con titolo di accesso alle classi di concorso A-24, A-25 o B-02. <\/p>\n\n\n\n<p>A ogni commissione viene assegnato<strong> un segretario<\/strong> scelto tra il personale amministrativo di seconda area o superiore, come indicato nel DPCM del 26 giugno 2015.<\/p>\n\n\n\n<p>Per garantire <em>funzionalit\u00e0<\/em> e <em>inclusivit\u00e0<\/em>, ogni presidente e componente, inclusi i membri aggregati, ha un supplente, e la composizione delle commissioni deve rispettare il principio della<strong> rappresentanza di entrambi i sessi<\/strong>, salvo impossibilit\u00e0 motivata. I membri aggregati svolgono esclusivamente compiti legati alla valutazione delle competenze linguistiche.<\/p>\n\n\n\n<p>Se il numero dei candidati supera le 500 unit\u00e0 per una classe di concorso o tipologia di posto, le commissioni possono essere suddivise in sottocommissioni, ciascuna con un presidente, due membri e un segretario aggiunto. Tuttavia, per il concorso PNRR2, tale necessit\u00e0 potrebbe emergere solo in pochi casi.<\/p>\n\n\n\n<h2>Commissioni concorso scuola PNRR2: requisiti per i docenti<\/h2>\n\n\n\n<p>Se un docente delle istituzioni scolastiche intende presentare la propria candidatura, pu\u00f2 scegliere tra due incarichi: commissario o membro aggregato per la lingua inglese. <\/p>\n\n\n\n<p>La classe di concorso per cui si propone deve <strong>necessariamente essere attiva nella regione indicata<\/strong>. \u00c8 possibile candidarsi anche in una regione diversa da quella di servizio, ma in questo caso non sono previsti indennizzi per eventuali trasferte, esoneri dal servizio n\u00e9 altre agevolazioni.<\/p>\n\n\n\n<p>Per partecipare \u00e8 fondamentale soddisfare requisiti specifici. I candidati devono essere <strong>docenti di ruolo confermati<\/strong>, con almeno <strong>cinque anni di servizio<\/strong> nel sistema educativo di istruzione e formazione, maturati<strong> nella specifica classe di concorso<\/strong>, sia per posto comune che per il sostegno. <\/p>\n\n\n\n<p>Inoltre, \u00e8 richiesto di possedere documentati titoli o esperienze che dimostrino competenze nell\u2019utilizzo delle tecnologie dell\u2019informazione e della comunicazione applicate alla didattica.<\/p>\n\n\n\n<p>I requisiti di partecipazione per i dirigenti scolastici, invece, sono diversi a seconda che ci si candidi su posto comune o su sostegno. <\/p>\n\n\n\n<p>Nello specifico, per gli aspiranti presidenti di commissione su posti comuni:  <\/p>\n\n\n\n<ul>\n<li>I <strong>professori universitari<\/strong> devono appartenere, o aver appartenuto in passato, a uno dei settori scientifico-disciplinari che caratterizzano le diverse classi di concorso; <\/li>\n\n\n\n<li>Per i <strong>dirigenti tecnici<\/strong>, \u00e8 preferibile che abbiano esperienza o appartenenza nello specifico settore di riferimento; <\/li>\n\n\n\n<li>Per i <strong>dirigenti scolastici<\/strong>, \u00e8 auspicabile che provengano dai ruoli relativi alle diverse classi di concorso o che abbiano diretto, o dirigano attualmente, istituzioni scolastiche in cui tali classi di concorso sono attive.<\/li>\n<\/ul>\n\n\n\n<h2>Requisiti per i posti sul sostegno:<\/h2>\n\n\n\n<ul>\n<li>I professori universitari devono appartenere, o aver appartenuto, al settore scientifico-disciplinare M-PED\/03, oppure aver svolto attivit\u00e0 di insegnamento nei percorsi finalizzati all&#8217;acquisizione del titolo di specializzazione sul sostegno; <\/li>\n<\/ul>\n\n\n\n<ul>\n<li>Per i dirigenti tecnici, \u00e8 preferibile che abbiano maturato documentate esperienze nel campo del sostegno o che abbiano svolto attivit\u00e0 di insegnamento nei percorsi per la specializzazione sul sostegno. \u00c8 titolo di preferenza l\u2019aver lavorato nel sostegno ad alunni con disabilit\u00e0 ed essere in possesso dei relativi titoli di specializzazione; <\/li>\n<\/ul>\n\n\n\n<ul>\n<li>I dirigenti scolastici, invece, dovrebbero aver diretto o dirigere scuole del grado di istruzione relativo alle procedure concorsuali per la scuola secondaria di primo o secondo grado. Anche per loro, costituisce titolo di preferenza l\u2019esperienza nel sostegno agli alunni con disabilit\u00e0, supportata dal possesso dei titoli di specializzazione.<\/li>\n<\/ul>\n\n\n\n<p>Per candidarsi, \u00e8 necessario accedere al\u00a0<strong>Portale Unico del reclutamento (<a href=\"http:\/\/www.inpa.gov.it\/\" target=\"_blank\" rel=\"noreferrer noopener\">www.inpa.gov.it<\/a>)<\/strong>\u00a0utilizzando le credenziali SPID, CIE o un\u2019utenza valida per l\u2019area riservata del Ministero dell\u2019Istruzione e del Merito, con abilitazione al servizio \u201c<strong>Istanze on Line (POLIS)<\/strong>\u201c. <\/p>\n\n\n\n<p>Per aggiornamenti, news e approfondimenti sul mondo scuola, segui il <strong><a href=\"https:\/\/www.docenti.it\/blog\/\" target=\"_blank\" rel=\"noreferrer noopener\">blog<\/a><\/strong> di <strong><a href=\"https:\/\/www.docenti.it\/\" target=\"_blank\" rel=\"noreferrer noopener\">Docenti.it<\/a><\/strong><\/p>\n","protected":false},"excerpt":{"rendered":"<p>Concorso scuola PNRR2: \u00e8 stata avviata la selezione dei membri delle commissioni esaminatrici, figure [&hellip;]<\/p>\n","protected":false},"author":25,"featured_media":45129,"comment_status":"open","ping_status":"open","sticky":false,"template":"","format":"standard","meta":[],"categories":[4],"tags":[795,151,794],"yoast_head":"<!-- This site is optimized with the Yoast SEO plugin v20.4 - https:\/\/yoast.com\/wordpress\/plugins\/seo\/ -->\n<title>Concorso scuola PNRR2: in scadenza la domanda - Blog | Docenti.it<\/title>\n<meta name=\"description\" content=\"Concorso scuola PNRR2: in scadenza oggi la domanda per la partecipazione alle commissioni esaminatrici del concorso scuola imminente.\" \/>\n<meta name=\"robots\" content=\"index, follow, max-snippet:-1, max-image-preview:large, max-video-preview:-1\" \/>\n<link rel=\"canonical\" href=\"https:\/\/www.docenti.it\/blog\/concorso-scuola-pnrr2\/\" \/>\n<meta property=\"og:locale\" content=\"it_IT\" \/>\n<meta property=\"og:type\" content=\"article\" \/>\n<meta property=\"og:title\" content=\"Concorso scuola PNRR2: in scadenza la domanda - Blog | Docenti.it\" \/>\n<meta property=\"og:description\" content=\"Concorso scuola PNRR2: in scadenza oggi la domanda per la partecipazione alle commissioni esaminatrici del concorso scuola imminente.\" \/>\n<meta property=\"og:url\" content=\"https:\/\/www.docenti.it\/blog\/concorso-scuola-pnrr2\/\" \/>\n<meta property=\"og:site_name\" content=\"Blog | Docenti.it\" \/>\n<meta property=\"article:publisher\" content=\"https:\/\/www.facebook.com\/docenti.it\" \/>\n<meta property=\"article:published_time\" content=\"2025-01-02T16:57:09+00:00\" \/>\n<meta property=\"article:modified_time\" content=\"2025-01-02T16:57:10+00:00\" \/>\n<meta property=\"og:image\" content=\"https:\/\/www.docenti.it\/blog\/wp-content\/uploads\/2023\/02\/mainServices-pic.jpg\" \/>\n\t<meta property=\"og:image:width\" content=\"1920\" \/>\n\t<meta property=\"og:image:height\" content=\"1058\" \/>\n\t<meta property=\"og:image:type\" content=\"image\/jpeg\" \/>\n<meta name=\"author\" content=\"Gabriella Capraro\" \/>\n<meta name=\"twitter:card\" content=\"summary_large_image\" \/>\n<meta name=\"twitter:label1\" content=\"Written by\" \/>\n\t<meta name=\"twitter:data1\" content=\"Gabriella Capraro\" \/>\n\t<meta name=\"twitter:label2\" content=\"Est. reading time\" \/>\n\t<meta name=\"twitter:data2\" content=\"4 minuti\" \/>\n<script type=\"application\/ld+json\" class=\"yoast-schema-graph\">{\"@context\":\"https:\/\/schema.org\",\"@graph\":[{\"@type\":\"Article\",\"@id\":\"https:\/\/www.docenti.it\/blog\/concorso-scuola-pnrr2\/#article\",\"isPartOf\":{\"@id\":\"https:\/\/www.docenti.it\/blog\/concorso-scuola-pnrr2\/\"},\"author\":{\"name\":\"Gabriella Capraro\",\"@id\":\"https:\/\/www.docenti.it\/blog\/#\/schema\/person\/773963d3c0645bd34c150c41a13e5754\"},\"headline\":\"Concorso scuola PNRR2: in scadenza la domanda\",\"datePublished\":\"2025-01-02T16:57:09+00:00\",\"dateModified\":\"2025-01-02T16:57:10+00:00\",\"mainEntityOfPage\":{\"@id\":\"https:\/\/www.docenti.it\/blog\/concorso-scuola-pnrr2\/\"},\"wordCount\":828,\"commentCount\":0,\"publisher\":{\"@id\":\"https:\/\/www.docenti.it\/blog\/#organization\"},\"keywords\":[\"commissioni esaminatrici\",\"concorso scuola\",\"concorsopnrr2\"],\"articleSection\":[\"News\"],\"inLanguage\":\"it-IT\",\"potentialAction\":[{\"@type\":\"CommentAction\",\"name\":\"Comment\",\"target\":[\"https:\/\/www.docenti.it\/blog\/concorso-scuola-pnrr2\/#respond\"]}]},{\"@type\":\"WebPage\",\"@id\":\"https:\/\/www.docenti.it\/blog\/concorso-scuola-pnrr2\/\",\"url\":\"https:\/\/www.docenti.it\/blog\/concorso-scuola-pnrr2\/\",\"name\":\"Concorso scuola PNRR2: in scadenza la domanda - Blog | Docenti.it\",\"isPartOf\":{\"@id\":\"https:\/\/www.docenti.it\/blog\/#website\"},\"datePublished\":\"2025-01-02T16:57:09+00:00\",\"dateModified\":\"2025-01-02T16:57:10+00:00\",\"description\":\"Concorso scuola PNRR2: in scadenza oggi la domanda per la partecipazione alle commissioni esaminatrici del concorso scuola imminente.\",\"breadcrumb\":{\"@id\":\"https:\/\/www.docenti.it\/blog\/concorso-scuola-pnrr2\/#breadcrumb\"},\"inLanguage\":\"it-IT\",\"potentialAction\":[{\"@type\":\"ReadAction\",\"target\":[\"https:\/\/www.docenti.it\/blog\/concorso-scuola-pnrr2\/\"]}]},{\"@type\":\"BreadcrumbList\",\"@id\":\"https:\/\/www.docenti.it\/blog\/concorso-scuola-pnrr2\/#breadcrumb\",\"itemListElement\":[{\"@type\":\"ListItem\",\"position\":1,\"name\":\"Home\",\"item\":\"https:\/\/www.docenti.it\/blog\/\"},{\"@type\":\"ListItem\",\"position\":2,\"name\":\"Concorso scuola PNRR2: in scadenza la domanda\"}]},{\"@type\":\"WebSite\",\"@id\":\"https:\/\/www.docenti.it\/blog\/#website\",\"url\":\"https:\/\/www.docenti.it\/blog\/\",\"name\":\"Blog | Docenti.it\",\"description\":\"Tutte le notizie e gli aggiornamenti dal mondo della scuola\",\"publisher\":{\"@id\":\"https:\/\/www.docenti.it\/blog\/#organization\"},\"potentialAction\":[{\"@type\":\"SearchAction\",\"target\":{\"@type\":\"EntryPoint\",\"urlTemplate\":\"https:\/\/www.docenti.it\/blog\/?s={search_term_string}\"},\"query-input\":\"required name=search_term_string\"}],\"inLanguage\":\"it-IT\"},{\"@type\":\"Organization\",\"@id\":\"https:\/\/www.docenti.it\/blog\/#organization\",\"name\":\"Blog | Docenti.it\",\"url\":\"https:\/\/www.docenti.it\/blog\/\",\"logo\":{\"@type\":\"ImageObject\",\"inLanguage\":\"it-IT\",\"@id\":\"https:\/\/www.docenti.it\/blog\/#\/schema\/logo\/image\/\",\"url\":\"https:\/\/www.docenti.it\/blog\/wp-content\/uploads\/2025\/06\/fb_mad_img.png\",\"contentUrl\":\"https:\/\/www.docenti.it\/blog\/wp-content\/uploads\/2025\/06\/fb_mad_img.png\",\"width\":1140,\"height\":620,\"caption\":\"Blog | Docenti.it\"},\"image\":{\"@id\":\"https:\/\/www.docenti.it\/blog\/#\/schema\/logo\/image\/\"},\"sameAs\":[\"https:\/\/www.facebook.com\/docenti.it\"]},{\"@type\":\"Person\",\"@id\":\"https:\/\/www.docenti.it\/blog\/#\/schema\/person\/773963d3c0645bd34c150c41a13e5754\",\"name\":\"Gabriella Capraro\",\"image\":{\"@type\":\"ImageObject\",\"inLanguage\":\"it-IT\",\"@id\":\"https:\/\/www.docenti.it\/blog\/#\/schema\/person\/image\/\",\"url\":\"https:\/\/secure.gravatar.com\/avatar\/17e0ab06bea064a8a7c5bef443cb7153?s=96&d=mm&r=g\",\"contentUrl\":\"https:\/\/secure.gravatar.com\/avatar\/17e0ab06bea064a8a7c5bef443cb7153?s=96&d=mm&r=g\",\"caption\":\"Gabriella Capraro\"},\"description\":\"Copywriter e digital strategist, collabora come articolista e autrice per diverse piattaforme online, spaziando da tematiche scolastiche\/istituzionali a letterarie e musicali.\",\"url\":\"https:\/\/www.docenti.it\/blog\/author\/gcapraro\/\"}]}<\/script>\n<!-- \/ Yoast SEO plugin. -->","yoast_head_json":{"title":"Concorso scuola PNRR2: in scadenza la domanda - Blog | Docenti.it","description":"Concorso scuola PNRR2: in scadenza oggi la domanda per la partecipazione alle commissioni esaminatrici del concorso scuola imminente.","robots":{"index":"index","follow":"follow","max-snippet":"max-snippet:-1","max-image-preview":"max-image-preview:large","max-video-preview":"max-video-preview:-1"},"canonical":"https:\/\/www.docenti.it\/blog\/concorso-scuola-pnrr2\/","og_locale":"it_IT","og_type":"article","og_title":"Concorso scuola PNRR2: in scadenza la domanda - Blog | Docenti.it","og_description":"Concorso scuola PNRR2: in scadenza oggi la domanda per la partecipazione alle commissioni esaminatrici del concorso scuola imminente.","og_url":"https:\/\/www.docenti.it\/blog\/concorso-scuola-pnrr2\/","og_site_name":"Blog | Docenti.it","article_publisher":"https:\/\/www.facebook.com\/docenti.it","article_published_time":"2025-01-02T16:57:09+00:00","article_modified_time":"2025-01-02T16:57:10+00:00","og_image":[{"width":1920,"height":1058,"url":"https:\/\/www.docenti.it\/blog\/wp-content\/uploads\/2023\/02\/mainServices-pic.jpg","type":"image\/jpeg"}],"author":"Gabriella Capraro","twitter_card":"summary_large_image","twitter_misc":{"Written by":"Gabriella Capraro","Est. reading time":"4 minuti"},"schema":{"@context":"https:\/\/schema.org","@graph":[{"@type":"Article","@id":"https:\/\/www.docenti.it\/blog\/concorso-scuola-pnrr2\/#article","isPartOf":{"@id":"https:\/\/www.docenti.it\/blog\/concorso-scuola-pnrr2\/"},"author":{"name":"Gabriella Capraro","@id":"https:\/\/www.docenti.it\/blog\/#\/schema\/person\/773963d3c0645bd34c150c41a13e5754"},"headline":"Concorso scuola PNRR2: in scadenza la domanda","datePublished":"2025-01-02T16:57:09+00:00","dateModified":"2025-01-02T16:57:10+00:00","mainEntityOfPage":{"@id":"https:\/\/www.docenti.it\/blog\/concorso-scuola-pnrr2\/"},"wordCount":828,"commentCount":0,"publisher":{"@id":"https:\/\/www.docenti.it\/blog\/#organization"},"keywords":["commissioni esaminatrici","concorso scuola","concorsopnrr2"],"articleSection":["News"],"inLanguage":"it-IT","potentialAction":[{"@type":"CommentAction","name":"Comment","target":["https:\/\/www.docenti.it\/blog\/concorso-scuola-pnrr2\/#respond"]}]},{"@type":"WebPage","@id":"https:\/\/www.docenti.it\/blog\/concorso-scuola-pnrr2\/","url":"https:\/\/www.docenti.it\/blog\/concorso-scuola-pnrr2\/","name":"Concorso scuola PNRR2: in scadenza la domanda - Blog | Docenti.it","isPartOf":{"@id":"https:\/\/www.docenti.it\/blog\/#website"},"datePublished":"2025-01-02T16:57:09+00:00","dateModified":"2025-01-02T16:57:10+00:00","description":"Concorso scuola PNRR2: in scadenza oggi la domanda per la partecipazione alle commissioni esaminatrici del concorso scuola imminente.","breadcrumb":{"@id":"https:\/\/www.docenti.it\/blog\/concorso-scuola-pnrr2\/#breadcrumb"},"inLanguage":"it-IT","potentialAction":[{"@type":"ReadAction","target":["https:\/\/www.docenti.it\/blog\/concorso-scuola-pnrr2\/"]}]},{"@type":"BreadcrumbList","@id":"https:\/\/www.docenti.it\/blog\/concorso-scuola-pnrr2\/#breadcrumb","itemListElement":[{"@type":"ListItem","position":1,"name":"Home","item":"https:\/\/www.docenti.it\/blog\/"},{"@type":"ListItem","position":2,"name":"Concorso scuola PNRR2: in scadenza la domanda"}]},{"@type":"WebSite","@id":"https:\/\/www.docenti.it\/blog\/#website","url":"https:\/\/www.docenti.it\/blog\/","name":"Blog | Docenti.it","description":"Tutte le notizie e gli aggiornamenti dal mondo della scuola","publisher":{"@id":"https:\/\/www.docenti.it\/blog\/#organization"},"potentialAction":[{"@type":"SearchAction","target":{"@type":"EntryPoint","urlTemplate":"https:\/\/www.docenti.it\/blog\/?s={search_term_string}"},"query-input":"required name=search_term_string"}],"inLanguage":"it-IT"},{"@type":"Organization","@id":"https:\/\/www.docenti.it\/blog\/#organization","name":"Blog | Docenti.it","url":"https:\/\/www.docenti.it\/blog\/","logo":{"@type":"ImageObject","inLanguage":"it-IT","@id":"https:\/\/www.docenti.it\/blog\/#\/schema\/logo\/image\/","url":"https:\/\/www.docenti.it\/blog\/wp-content\/uploads\/2025\/06\/fb_mad_img.png","contentUrl":"https:\/\/www.docenti.it\/blog\/wp-content\/uploads\/2025\/06\/fb_mad_img.png","width":1140,"height":620,"caption":"Blog | Docenti.it"},"image":{"@id":"https:\/\/www.docenti.it\/blog\/#\/schema\/logo\/image\/"},"sameAs":["https:\/\/www.facebook.com\/docenti.it"]},{"@type":"Person","@id":"https:\/\/www.docenti.it\/blog\/#\/schema\/person\/773963d3c0645bd34c150c41a13e5754","name":"Gabriella Capraro","image":{"@type":"ImageObject","inLanguage":"it-IT","@id":"https:\/\/www.docenti.it\/blog\/#\/schema\/person\/image\/","url":"https:\/\/secure.gravatar.com\/avatar\/17e0ab06bea064a8a7c5bef443cb7153?s=96&d=mm&r=g","contentUrl":"https:\/\/secure.gravatar.com\/avatar\/17e0ab06bea064a8a7c5bef443cb7153?s=96&d=mm&r=g","caption":"Gabriella Capraro"},"description":"Copywriter e digital strategist, collabora come articolista e autrice per diverse piattaforme online, spaziando da tematiche scolastiche\/istituzionali a letterarie e musicali.","url":"https:\/\/www.docenti.it\/blog\/author\/gcapraro\/"}]}},"_links":{"self":[{"href":"https:\/\/www.docenti.it\/blog\/wp-json\/wp\/v2\/posts\/46163"}],"collection":[{"href":"https:\/\/www.docenti.it\/blog\/wp-json\/wp\/v2\/posts"}],"about":[{"href":"https:\/\/www.docenti.it\/blog\/wp-json\/wp\/v2\/types\/post"}],"author":[{"embeddable":true,"href":"https:\/\/www.docenti.it\/blog\/wp-json\/wp\/v2\/users\/25"}],"replies":[{"embeddable":true,"href":"https:\/\/www.docenti.it\/blog\/wp-json\/wp\/v2\/comments?post=46163"}],"version-history":[{"count":1,"href":"https:\/\/www.docenti.it\/blog\/wp-json\/wp\/v2\/posts\/46163\/revisions"}],"predecessor-version":[{"id":46164,"href":"https:\/\/www.docenti.it\/blog\/wp-json\/wp\/v2\/posts\/46163\/revisions\/46164"}],"wp:featuredmedia":[{"embeddable":true,"href":"https:\/\/www.docenti.it\/blog\/wp-json\/wp\/v2\/media\/45129"}],"wp:attachment":[{"href":"https:\/\/www.docenti.it\/blog\/wp-json\/wp\/v2\/media?parent=46163"}],"wp:term":[{"taxonomy":"category","embeddable":true,"href":"https:\/\/www.docenti.it\/blog\/wp-json\/wp\/v2\/categories?post=46163"},{"taxonomy":"post_tag","embeddable":true,"href":"https:\/\/www.docenti.it\/blog\/wp-json\/wp\/v2\/tags?post=46163"}],"curies":[{"name":"wp","href":"https:\/\/api.w.org\/{rel}","templated":true}]}}