{"id":46181,"date":"2025-01-10T15:05:00","date_gmt":"2025-01-10T14:05:00","guid":{"rendered":"https:\/\/www.docenti.it\/blog\/?p=46181"},"modified":"2025-01-10T15:05:11","modified_gmt":"2025-01-10T14:05:11","slug":"personale-ata-2025","status":"publish","type":"post","link":"https:\/\/www.docenti.it\/blog\/personale-ata-2025\/","title":{"rendered":"Personale ATA a.s. 2025\/2026: ruoli e funzioni"},"content":{"rendered":"\n<p><strong>Personale ATA<\/strong>: l&#8217;anno scolastico iniziato a settembre si presenta gi\u00e0 come un corollario di nuove opportunit\u00e0 per aspiranti docenti e professionisti del settore istruzione. <\/p>\n\n\n\n<p>In via della conclusione della fase transitoria, finestra temporale in cui era possibile accedere ai concorsi indetti a livello nazionale anche senza il possesso dell&#8217;abilitazione all&#8217;insegnamento, il Ministero ha pubblicato il bando di concorso PNRR 2, e il bando di concorso per l&#8217;immissione in ruolo della figura del Direttore Generale dei servizi amministrativi nelle scuole, sempre previsto dal Piano Nazionale di Ripresa e Resilienza. <\/p>\n\n\n\n<p>In questo contenuto esploreremo quali sono i ruoli e le funzioni svolte dal personale ATA nelle scuole. <\/p>\n\n\n\n<h2>Le categorie di personale ATA <\/h2>\n\n\n\n<p>Il <strong>personale ATA<\/strong> \u00e8 un pilastro fondamentale per il buon funzionamento delle scuole e degli istituti educativi. Il loro lavoro \u00e8 molto vario e va dalla gestione amministrativa alla manutenzione tecnica, fino ai servizi di sorveglianza. Insomma, sono una presenza indispensabile che garantisce l&#8217;efficienza quotidiana delle strutture scolastiche.<\/p>\n\n\n\n<p>Con l&#8217;introduzione del nuovo sistema di classificazione e degli aggiornamenti salariali, le figure professionali del <strong>personale ATA<\/strong> sono state organizzate in quattro aree principali:<\/p>\n\n\n\n<ul>\n<li><strong>Collaboratori<\/strong>: si occupano di attivit\u00e0 generiche di supporto, contribuendo in modo pratico al funzionamento della scuola; <\/li>\n\n\n\n<li><strong>Operatori<\/strong>: specializzati in settori specifici, come l\u2019agraria o i servizi scolastici, comprendono anche la nuova figura dell\u2019<strong>operatore scolastico<\/strong>; <\/li>\n\n\n\n<li><strong>Assistenti<\/strong>: sono coinvolti in mansioni amministrative o tecniche che richiedono competenze pi\u00f9 specializzate; <\/li>\n\n\n\n<li><strong>Funzionari ed Elevate Qualificazioni<\/strong>: ricoprono ruoli di responsabilit\u00e0 direttiva e gestionale, come i <strong>DSGA<\/strong> (<strong>Direttori dei Servizi Generali e Amministrativi<\/strong>), che coordinano e supervisionano le attivit\u00e0 amministrative.<\/li>\n<\/ul>\n\n\n\n<p>Questa suddivisione permette di valorizzare meglio le competenze di ciascuno, assicurando un\u2019organizzazione pi\u00f9 efficiente e funzionale per il mondo scolastico.<\/p>\n\n\n\n<p>Se sei interessat* a scoprire di pi\u00f9 circa il trattamento retributivo del personale ATA, dai un&#8217;occhiata a questo contenuto: <\/p>\n\n\n\n<p><a href=\"https:\/\/www.docenti.it\/blog\/stipendio-personale-ata-2024-25-le-tabelle\/\">https:\/\/www.docenti.it\/blog\/stipendio-personale-ata-2024-25-le-tabelle\/<\/a><\/p>\n\n\n\n<h2>Personale ATA: le modalit\u00e0 di inserimento<\/h2>\n\n\n\n<p>Diventare parte del <strong>personale ATA<\/strong> \u00e8 un percorso ben definito, che passa principalmente attraverso l\u2019iscrizione a specifiche graduatorie. Questi elenchi sono fondamentali per ottenere incarichi nelle scuole e si suddividono in <strong>due categorie principali<\/strong>.<\/p>\n\n\n\n<p>La prima \u00e8 rappresentata dalle <strong>Graduatorie di Istituto di III Fascia<\/strong>, pensate per chi vuole svolgere incarichi a tempo determinato, come le supplenze. Queste graduatorie vengono aggiornate ogni tre anni, e l\u2019ultimo aggiornamento \u00e8 avvenuto nel 2024 per il triennio 2024\/2025-2026\/2027.<\/p>\n\n\n\n<p>La seconda possibilit\u00e0 \u00e8 offerta dalle <strong>Graduatorie Permanenti (24 Mesi)<\/strong>, dedicate a chi aspira a un\u2019assunzione a tempo indeterminato. Per accedervi, \u00e8 necessario aver maturato <strong>almeno 24 mesi di servizio<\/strong> come <strong>personale ATA<\/strong> nelle scuole statali. Il bando per queste graduatorie viene pubblicato ogni anno, offrendo cos\u00ec un\u2019opportunit\u00e0 stabile per chi ha gi\u00e0 esperienza nel settore.<\/p>\n\n\n\n<p>Per chi punta a ruoli pi\u00f9 alti, come quelli nell\u2019area dei <strong>Funzionari ed Elevate Qualificazioni<\/strong>, l\u2019accesso avviene tramite concorsi pubblici. Questi sono riservati a candidati in possesso di una laurea magistrale e di una certificazione informatica, requisiti fondamentali per affrontare incarichi di natura gestionale e direttiva.<\/p>\n\n\n\n<p>Per informazioni sul concorso DSGA, la cui scadenza per la domanda \u00e8 fissata al 15 gennaio, dai un&#8217;occhiata qui: <\/p>\n\n\n\n<p><a href=\"https:\/\/www.docenti.it\/blog\/personate-ata-concorso-dsga\/\">https:\/\/www.docenti.it\/blog\/personate-ata-concorso-dsga\/<\/a><\/p>\n\n\n\n<p>In questo modo, il percorso per entrare a far parte del <strong>personale ATA<\/strong> \u00e8 strutturato per valorizzare sia l\u2019esperienza che le competenze specifiche, offrendo opportunit\u00e0 di crescita e stabilit\u00e0 lavorativa.<\/p>\n\n\n\n<h2>La certificazione di alfabetizzazione digitale<\/h2>\n\n\n\n<p>La <strong>Certificazione Internazionale di Alfabetizzazione Digitale<\/strong> \u00e8 una novit\u00e0 introdotta con il nuovo regolamento e rappresenta un requisito fondamentale per chi vuole entrare a far parte del <strong>personale ATA<\/strong>. Questa certificazione deve essere rilasciata da un ente riconosciuto e accreditato presso <strong>Accredia<\/strong>, garantendo cos\u00ec la validit\u00e0 e la qualit\u00e0 del documento.<\/p>\n\n\n\n<p>Ma cosa attesta esattamente questa certificazione? Dimostra che il candidato possiede competenze digitali di base, come l\u2019<strong>utilizzo dei sistemi operativi, la gestione di programmi di videoscrittura (come i word processor), l\u2019uso dei fogli di calcolo e la capacit\u00e0 di gestire la posta elettronica<\/strong>. Si tratta, quindi, di abilit\u00e0 ormai indispensabili per svolgere al meglio molte delle mansioni legate ai vari profili del <strong>personale ATA<\/strong>.<\/p>\n\n\n\n<p>Per agevolare i candidati nell\u2019ottenimento di questa certificazione, il <strong>Decreto Milleproroghe<\/strong> ha concesso un anno in pi\u00f9 di tempo, spostando la scadenza al 30 aprile 2024. Questo rinvio offre la possibilit\u00e0 a tutti di aggiornarsi e mettersi in regola con i nuovi requisiti richiesti per accedere ai diversi ruoli del <strong>personale ATA<\/strong>, dalle figure di supporto ai profili pi\u00f9 specializzati.<\/p>\n\n\n\n<p>La sola categoria di personale ATA non obbligata al possesso della certificazione di alfabetizzazione \u00e8 quella dei<strong> collaboratori scolastici. <\/strong><\/p>\n\n\n\n<p><\/p>\n\n\n\n<div class=\"is-layout-flex wp-block-buttons\">\n<div class=\"wp-block-button\"><a class=\"wp-block-button__link wp-element-button\" href=\"https:\/\/www.docenti.it\/formazione-docenti\/percorsi-formativi.html?tc=32\" target=\"_blank\" rel=\"noreferrer noopener\">OTTIENI LA CERTIFICAZIONE <\/a><\/div>\n<\/div>\n\n\n\n<p><\/p>\n\n\n\n<p>Per ulteriori news e approfondimenti sul mondo scuola, segui il <strong><a href=\"https:\/\/www.docenti.it\/blog\/\" target=\"_blank\" rel=\"noreferrer noopener\">Blog<\/a><\/strong> di <strong><a href=\"https:\/\/www.docenti.it\/\" target=\"_blank\" rel=\"noreferrer noopener\">Docenti.it <\/a><\/strong><\/p>\n","protected":false},"excerpt":{"rendered":"<p>Personale ATA: l&#8217;anno scolastico iniziato a settembre si presenta gi\u00e0 come un corollario di [&hellip;]<\/p>\n","protected":false},"author":25,"featured_media":45333,"comment_status":"open","ping_status":"open","sticky":false,"template":"","format":"standard","meta":[],"categories":[82],"tags":[68,799],"yoast_head":"<!-- This site is optimized with the Yoast SEO plugin v20.4 - https:\/\/yoast.com\/wordpress\/plugins\/seo\/ -->\n<title>Personale ATA a.s. 2025\/2026: ruoli e funzioni - Blog | Docenti.it<\/title>\n<meta name=\"description\" content=\"Personale ATA a.s. 2025\/2026: i ruoli e le funzioni previste per il personale tecnico-ausiliare ed amministrativo nelle scuole.\" \/>\n<meta name=\"robots\" content=\"index, follow, max-snippet:-1, max-image-preview:large, max-video-preview:-1\" \/>\n<link rel=\"canonical\" href=\"https:\/\/www.docenti.it\/blog\/personale-ata-2025\/\" \/>\n<meta property=\"og:locale\" content=\"it_IT\" \/>\n<meta property=\"og:type\" content=\"article\" \/>\n<meta property=\"og:title\" content=\"Personale ATA a.s. 2025\/2026: ruoli e funzioni - Blog | Docenti.it\" \/>\n<meta property=\"og:description\" content=\"Personale ATA a.s. 2025\/2026: i ruoli e le funzioni previste per il personale tecnico-ausiliare ed amministrativo nelle scuole.\" \/>\n<meta property=\"og:url\" content=\"https:\/\/www.docenti.it\/blog\/personale-ata-2025\/\" \/>\n<meta property=\"og:site_name\" content=\"Blog | Docenti.it\" \/>\n<meta property=\"article:publisher\" content=\"https:\/\/www.facebook.com\/docenti.it\" \/>\n<meta property=\"article:published_time\" content=\"2025-01-10T14:05:00+00:00\" \/>\n<meta property=\"article:modified_time\" content=\"2025-01-10T14:05:11+00:00\" \/>\n<meta property=\"og:image\" content=\"https:\/\/www.docenti.it\/blog\/wp-content\/uploads\/2023\/07\/pexels-mikhail-nilov-8924166-scaled.jpg\" \/>\n\t<meta property=\"og:image:width\" content=\"1707\" \/>\n\t<meta property=\"og:image:height\" content=\"2560\" \/>\n\t<meta property=\"og:image:type\" content=\"image\/jpeg\" \/>\n<meta name=\"author\" content=\"Gabriella Capraro\" \/>\n<meta name=\"twitter:card\" content=\"summary_large_image\" \/>\n<meta name=\"twitter:label1\" content=\"Written by\" \/>\n\t<meta name=\"twitter:data1\" content=\"Gabriella Capraro\" \/>\n\t<meta name=\"twitter:label2\" content=\"Est. reading time\" \/>\n\t<meta name=\"twitter:data2\" content=\"4 minuti\" \/>\n<script type=\"application\/ld+json\" class=\"yoast-schema-graph\">{\"@context\":\"https:\/\/schema.org\",\"@graph\":[{\"@type\":\"Article\",\"@id\":\"https:\/\/www.docenti.it\/blog\/personale-ata-2025\/#article\",\"isPartOf\":{\"@id\":\"https:\/\/www.docenti.it\/blog\/personale-ata-2025\/\"},\"author\":{\"name\":\"Gabriella Capraro\",\"@id\":\"https:\/\/www.docenti.it\/blog\/#\/schema\/person\/773963d3c0645bd34c150c41a13e5754\"},\"headline\":\"Personale ATA a.s. 2025\/2026: ruoli e funzioni\",\"datePublished\":\"2025-01-10T14:05:00+00:00\",\"dateModified\":\"2025-01-10T14:05:11+00:00\",\"mainEntityOfPage\":{\"@id\":\"https:\/\/www.docenti.it\/blog\/personale-ata-2025\/\"},\"wordCount\":759,\"commentCount\":0,\"publisher\":{\"@id\":\"https:\/\/www.docenti.it\/blog\/#organization\"},\"keywords\":[\"Personale ATA\",\"personale ata 2025\"],\"articleSection\":[\"Personale ATA\"],\"inLanguage\":\"it-IT\",\"potentialAction\":[{\"@type\":\"CommentAction\",\"name\":\"Comment\",\"target\":[\"https:\/\/www.docenti.it\/blog\/personale-ata-2025\/#respond\"]}]},{\"@type\":\"WebPage\",\"@id\":\"https:\/\/www.docenti.it\/blog\/personale-ata-2025\/\",\"url\":\"https:\/\/www.docenti.it\/blog\/personale-ata-2025\/\",\"name\":\"Personale ATA a.s. 2025\/2026: ruoli e funzioni - Blog | Docenti.it\",\"isPartOf\":{\"@id\":\"https:\/\/www.docenti.it\/blog\/#website\"},\"datePublished\":\"2025-01-10T14:05:00+00:00\",\"dateModified\":\"2025-01-10T14:05:11+00:00\",\"description\":\"Personale ATA a.s. 2025\/2026: i ruoli e le funzioni previste per il personale tecnico-ausiliare ed amministrativo nelle scuole.\",\"breadcrumb\":{\"@id\":\"https:\/\/www.docenti.it\/blog\/personale-ata-2025\/#breadcrumb\"},\"inLanguage\":\"it-IT\",\"potentialAction\":[{\"@type\":\"ReadAction\",\"target\":[\"https:\/\/www.docenti.it\/blog\/personale-ata-2025\/\"]}]},{\"@type\":\"BreadcrumbList\",\"@id\":\"https:\/\/www.docenti.it\/blog\/personale-ata-2025\/#breadcrumb\",\"itemListElement\":[{\"@type\":\"ListItem\",\"position\":1,\"name\":\"Home\",\"item\":\"https:\/\/www.docenti.it\/blog\/\"},{\"@type\":\"ListItem\",\"position\":2,\"name\":\"Personale ATA a.s. 2025\/2026: ruoli e funzioni\"}]},{\"@type\":\"WebSite\",\"@id\":\"https:\/\/www.docenti.it\/blog\/#website\",\"url\":\"https:\/\/www.docenti.it\/blog\/\",\"name\":\"Blog | Docenti.it\",\"description\":\"Tutte le notizie e gli aggiornamenti dal mondo della scuola\",\"publisher\":{\"@id\":\"https:\/\/www.docenti.it\/blog\/#organization\"},\"potentialAction\":[{\"@type\":\"SearchAction\",\"target\":{\"@type\":\"EntryPoint\",\"urlTemplate\":\"https:\/\/www.docenti.it\/blog\/?s={search_term_string}\"},\"query-input\":\"required name=search_term_string\"}],\"inLanguage\":\"it-IT\"},{\"@type\":\"Organization\",\"@id\":\"https:\/\/www.docenti.it\/blog\/#organization\",\"name\":\"Blog | Docenti.it\",\"url\":\"https:\/\/www.docenti.it\/blog\/\",\"logo\":{\"@type\":\"ImageObject\",\"inLanguage\":\"it-IT\",\"@id\":\"https:\/\/www.docenti.it\/blog\/#\/schema\/logo\/image\/\",\"url\":\"https:\/\/www.docenti.it\/blog\/wp-content\/uploads\/2025\/06\/fb_mad_img.png\",\"contentUrl\":\"https:\/\/www.docenti.it\/blog\/wp-content\/uploads\/2025\/06\/fb_mad_img.png\",\"width\":1140,\"height\":620,\"caption\":\"Blog | Docenti.it\"},\"image\":{\"@id\":\"https:\/\/www.docenti.it\/blog\/#\/schema\/logo\/image\/\"},\"sameAs\":[\"https:\/\/www.facebook.com\/docenti.it\"]},{\"@type\":\"Person\",\"@id\":\"https:\/\/www.docenti.it\/blog\/#\/schema\/person\/773963d3c0645bd34c150c41a13e5754\",\"name\":\"Gabriella Capraro\",\"image\":{\"@type\":\"ImageObject\",\"inLanguage\":\"it-IT\",\"@id\":\"https:\/\/www.docenti.it\/blog\/#\/schema\/person\/image\/\",\"url\":\"https:\/\/secure.gravatar.com\/avatar\/17e0ab06bea064a8a7c5bef443cb7153?s=96&d=mm&r=g\",\"contentUrl\":\"https:\/\/secure.gravatar.com\/avatar\/17e0ab06bea064a8a7c5bef443cb7153?s=96&d=mm&r=g\",\"caption\":\"Gabriella Capraro\"},\"description\":\"Copywriter e digital strategist, collabora come articolista e autrice per diverse piattaforme online, spaziando da tematiche scolastiche\/istituzionali a letterarie e musicali.\",\"url\":\"https:\/\/www.docenti.it\/blog\/author\/gcapraro\/\"}]}<\/script>\n<!-- \/ Yoast SEO plugin. -->","yoast_head_json":{"title":"Personale ATA a.s. 2025\/2026: ruoli e funzioni - Blog | Docenti.it","description":"Personale ATA a.s. 2025\/2026: i ruoli e le funzioni previste per il personale tecnico-ausiliare ed amministrativo nelle scuole.","robots":{"index":"index","follow":"follow","max-snippet":"max-snippet:-1","max-image-preview":"max-image-preview:large","max-video-preview":"max-video-preview:-1"},"canonical":"https:\/\/www.docenti.it\/blog\/personale-ata-2025\/","og_locale":"it_IT","og_type":"article","og_title":"Personale ATA a.s. 2025\/2026: ruoli e funzioni - Blog | Docenti.it","og_description":"Personale ATA a.s. 2025\/2026: i ruoli e le funzioni previste per il personale tecnico-ausiliare ed amministrativo nelle scuole.","og_url":"https:\/\/www.docenti.it\/blog\/personale-ata-2025\/","og_site_name":"Blog | Docenti.it","article_publisher":"https:\/\/www.facebook.com\/docenti.it","article_published_time":"2025-01-10T14:05:00+00:00","article_modified_time":"2025-01-10T14:05:11+00:00","og_image":[{"width":1707,"height":2560,"url":"https:\/\/www.docenti.it\/blog\/wp-content\/uploads\/2023\/07\/pexels-mikhail-nilov-8924166-scaled.jpg","type":"image\/jpeg"}],"author":"Gabriella Capraro","twitter_card":"summary_large_image","twitter_misc":{"Written by":"Gabriella Capraro","Est. reading time":"4 minuti"},"schema":{"@context":"https:\/\/schema.org","@graph":[{"@type":"Article","@id":"https:\/\/www.docenti.it\/blog\/personale-ata-2025\/#article","isPartOf":{"@id":"https:\/\/www.docenti.it\/blog\/personale-ata-2025\/"},"author":{"name":"Gabriella Capraro","@id":"https:\/\/www.docenti.it\/blog\/#\/schema\/person\/773963d3c0645bd34c150c41a13e5754"},"headline":"Personale ATA a.s. 2025\/2026: ruoli e funzioni","datePublished":"2025-01-10T14:05:00+00:00","dateModified":"2025-01-10T14:05:11+00:00","mainEntityOfPage":{"@id":"https:\/\/www.docenti.it\/blog\/personale-ata-2025\/"},"wordCount":759,"commentCount":0,"publisher":{"@id":"https:\/\/www.docenti.it\/blog\/#organization"},"keywords":["Personale ATA","personale ata 2025"],"articleSection":["Personale ATA"],"inLanguage":"it-IT","potentialAction":[{"@type":"CommentAction","name":"Comment","target":["https:\/\/www.docenti.it\/blog\/personale-ata-2025\/#respond"]}]},{"@type":"WebPage","@id":"https:\/\/www.docenti.it\/blog\/personale-ata-2025\/","url":"https:\/\/www.docenti.it\/blog\/personale-ata-2025\/","name":"Personale ATA a.s. 2025\/2026: ruoli e funzioni - Blog | Docenti.it","isPartOf":{"@id":"https:\/\/www.docenti.it\/blog\/#website"},"datePublished":"2025-01-10T14:05:00+00:00","dateModified":"2025-01-10T14:05:11+00:00","description":"Personale ATA a.s. 2025\/2026: i ruoli e le funzioni previste per il personale tecnico-ausiliare ed amministrativo nelle scuole.","breadcrumb":{"@id":"https:\/\/www.docenti.it\/blog\/personale-ata-2025\/#breadcrumb"},"inLanguage":"it-IT","potentialAction":[{"@type":"ReadAction","target":["https:\/\/www.docenti.it\/blog\/personale-ata-2025\/"]}]},{"@type":"BreadcrumbList","@id":"https:\/\/www.docenti.it\/blog\/personale-ata-2025\/#breadcrumb","itemListElement":[{"@type":"ListItem","position":1,"name":"Home","item":"https:\/\/www.docenti.it\/blog\/"},{"@type":"ListItem","position":2,"name":"Personale ATA a.s. 2025\/2026: ruoli e funzioni"}]},{"@type":"WebSite","@id":"https:\/\/www.docenti.it\/blog\/#website","url":"https:\/\/www.docenti.it\/blog\/","name":"Blog | Docenti.it","description":"Tutte le notizie e gli aggiornamenti dal mondo della scuola","publisher":{"@id":"https:\/\/www.docenti.it\/blog\/#organization"},"potentialAction":[{"@type":"SearchAction","target":{"@type":"EntryPoint","urlTemplate":"https:\/\/www.docenti.it\/blog\/?s={search_term_string}"},"query-input":"required name=search_term_string"}],"inLanguage":"it-IT"},{"@type":"Organization","@id":"https:\/\/www.docenti.it\/blog\/#organization","name":"Blog | Docenti.it","url":"https:\/\/www.docenti.it\/blog\/","logo":{"@type":"ImageObject","inLanguage":"it-IT","@id":"https:\/\/www.docenti.it\/blog\/#\/schema\/logo\/image\/","url":"https:\/\/www.docenti.it\/blog\/wp-content\/uploads\/2025\/06\/fb_mad_img.png","contentUrl":"https:\/\/www.docenti.it\/blog\/wp-content\/uploads\/2025\/06\/fb_mad_img.png","width":1140,"height":620,"caption":"Blog | Docenti.it"},"image":{"@id":"https:\/\/www.docenti.it\/blog\/#\/schema\/logo\/image\/"},"sameAs":["https:\/\/www.facebook.com\/docenti.it"]},{"@type":"Person","@id":"https:\/\/www.docenti.it\/blog\/#\/schema\/person\/773963d3c0645bd34c150c41a13e5754","name":"Gabriella Capraro","image":{"@type":"ImageObject","inLanguage":"it-IT","@id":"https:\/\/www.docenti.it\/blog\/#\/schema\/person\/image\/","url":"https:\/\/secure.gravatar.com\/avatar\/17e0ab06bea064a8a7c5bef443cb7153?s=96&d=mm&r=g","contentUrl":"https:\/\/secure.gravatar.com\/avatar\/17e0ab06bea064a8a7c5bef443cb7153?s=96&d=mm&r=g","caption":"Gabriella Capraro"},"description":"Copywriter e digital strategist, collabora come articolista e autrice per diverse piattaforme online, spaziando da tematiche scolastiche\/istituzionali a letterarie e musicali.","url":"https:\/\/www.docenti.it\/blog\/author\/gcapraro\/"}]}},"_links":{"self":[{"href":"https:\/\/www.docenti.it\/blog\/wp-json\/wp\/v2\/posts\/46181"}],"collection":[{"href":"https:\/\/www.docenti.it\/blog\/wp-json\/wp\/v2\/posts"}],"about":[{"href":"https:\/\/www.docenti.it\/blog\/wp-json\/wp\/v2\/types\/post"}],"author":[{"embeddable":true,"href":"https:\/\/www.docenti.it\/blog\/wp-json\/wp\/v2\/users\/25"}],"replies":[{"embeddable":true,"href":"https:\/\/www.docenti.it\/blog\/wp-json\/wp\/v2\/comments?post=46181"}],"version-history":[{"count":1,"href":"https:\/\/www.docenti.it\/blog\/wp-json\/wp\/v2\/posts\/46181\/revisions"}],"predecessor-version":[{"id":46182,"href":"https:\/\/www.docenti.it\/blog\/wp-json\/wp\/v2\/posts\/46181\/revisions\/46182"}],"wp:featuredmedia":[{"embeddable":true,"href":"https:\/\/www.docenti.it\/blog\/wp-json\/wp\/v2\/media\/45333"}],"wp:attachment":[{"href":"https:\/\/www.docenti.it\/blog\/wp-json\/wp\/v2\/media?parent=46181"}],"wp:term":[{"taxonomy":"category","embeddable":true,"href":"https:\/\/www.docenti.it\/blog\/wp-json\/wp\/v2\/categories?post=46181"},{"taxonomy":"post_tag","embeddable":true,"href":"https:\/\/www.docenti.it\/blog\/wp-json\/wp\/v2\/tags?post=46181"}],"curies":[{"name":"wp","href":"https:\/\/api.w.org\/{rel}","templated":true}]}}