{"id":46218,"date":"2025-01-24T16:57:21","date_gmt":"2025-01-24T15:57:21","guid":{"rendered":"https:\/\/www.docenti.it\/blog\/?p=46218"},"modified":"2025-01-24T16:57:21","modified_gmt":"2025-01-24T15:57:21","slug":"concorso-docenti-pnrr2-3","status":"publish","type":"post","link":"https:\/\/www.docenti.it\/blog\/concorso-docenti-pnrr2-3\/","title":{"rendered":"Concorso docenti PNRR2: pubblicato DPCM"},"content":{"rendered":"\n<p><strong>Concorso docenti PNRR2<\/strong>: il 21 gennaio 2025 \u00e8 stato pubblicato in Gazzetta Ufficiale il Decreto del Presidente del Consiglio dei Ministri (DPCM) del 26 novembre 2024, che autoriza il Ministero dell&#8217;Istruzione e del Merito a bandire nuovi concorsi per l&#8217;accesso alla professione docente. <\/p>\n\n\n\n<p>Questi concorsi, in continuit\u00e0 con le procedure precedenti, offrono opportunit\u00e0 per oltre <strong>19.000 <\/strong>posti di lavoro, suddivisi tra posti comuni e posti di sostegno, con una grande attenzione alle necessit\u00e0 formative e professionali del settore.<\/p>\n\n\n\n<h2>Come sono suddivisi i posti?<\/h2>\n\n\n\n<p>Il <strong>DPCM del 26 novembre 2024<\/strong> ha disposto l&#8217;apertura di un concorso pubblico che prevede la copertura di <strong>19.032 posti <\/strong>nelle scuole italiane, divisi tra posti comuni e posti di sostegno. Questo concorso rientra nel quadro delle iniziative promosse dal Piano Nazionale di Ripresa e Resilienza (PNRR), finalizzate a rafforzare il sistema educativo nazionale. La suddivisione dei posti \u00e8 la seguente:<\/p>\n\n\n\n<ul>\n<li><strong>13.247 posti su posto comune<\/strong>: questi posti sono destinati ai candidati che intendono insegnare nelle varie discipline, in tutti gli ordini e gradi di scuola; <\/li>\n\n\n\n<li><strong>5.785 posti su posto di sostegno<\/strong>: i posti destinati a coloro che vogliono specializzarsi nel sostegno agli studenti con disabilit\u00e0 o necessit\u00e0 educative speciali. L&#8217;attenzione al sostegno \u00e8 un elemento cruciale per garantire l&#8217;inclusivit\u00e0 e la pari opportunit\u00e0 di apprendimento per tutti gli studenti.<\/li>\n<\/ul>\n\n\n\n<p>Questi posti rappresentano una risposta concreta alla crescente domanda di insegnanti qualificati in un settore fondamentale per lo sviluppo della societ\u00e0. <\/p>\n\n\n\n<p>Le domande per partecipare al concorso si sono chiuse il <strong>30 dicembre 2024<\/strong>, ma restano in attesa dettagli sullo sviluppo delle prossime fasi del processo selettivo. <\/p>\n\n\n\n<h2>Concorso docenti PNRR2: la struttura delle prove<\/h2>\n\n\n\n<p>Anche se la data della prova scritta non \u00e8 ancora stata ufficialmente comunicata, \u00e8 possibile delineare la struttura della prova, che si compone di <strong>50 domande a risposta multipla<\/strong>, suddivise in varie aree tematiche. La prova ha una durata complessiva di <strong>100 minuti<\/strong>, con il seguente schema:<\/p>\n\n\n\n<ul>\n<li><strong>40 domande relative alle competenze pedagogiche e didattiche<\/strong>: queste domande verteranno su tematiche legate alla psicopedagogia, alla metodologia didattica e all&#8217;approccio pedagogico che il candidato adotter\u00e0 nella sua futura attivit\u00e0 di insegnamento. La conoscenza delle teorie e delle pratiche educative \u00e8 essenziale per ogni insegnante, al fine di rispondere efficacemente alle necessit\u00e0 degli studenti; <\/li>\n\n\n\n<li><strong>5 domande di lingua inglese<\/strong>: la competenza linguistica in inglese \u00e8 fondamentale nell&#8217;educazione moderna, in quanto favorisce l&#8217;accesso a risorse internazionali e permette di comunicare in un contesto globale. Per questa parte della prova, il livello di competenza richiesto \u00e8 B2, secondo il Quadro Comune Europeo di Riferimento per le Lingue (QCER); <\/li>\n\n\n\n<li><strong>5 domande sulle competenze digitali<\/strong>: l&#8217;uso delle tecnologie digitali nell&#8217;insegnamento \u00e8 ormai imprescindibile. Queste domande si concentreranno sulle capacit\u00e0 di utilizzo di dispositivi multimediali e strumenti digitali per migliorare l&#8217;apprendimento e favorire un&#8217;educazione innovativa e al passo con i tempi.<\/li>\n<\/ul>\n\n\n\n<p>Le competenze richieste per superare la prova scritta sono quindi orientate a garantire che i candidati siano in grado di affrontare le sfide pedagogiche moderne, con una solida preparazione teorica e pratica.<\/p>\n\n\n\n<h2>Quali sono i requisiti di partecipazione al concorso?<\/h2>\n\n\n\n<p>Per partecipare al concorso, i candidati devono soddisfare specifici requisiti, volti a garantire che solo i professionisti adeguatamente formati e qualificati possano accedere alla selezione. I requisiti richiesti variano in base alla tipologia di concorso e alla classe di concorso per cui si intende concorrere. In particolare, i candidati devono possedere uno dei seguenti titoli:<\/p>\n\n\n\n<ul>\n<li><strong>Laurea valida per la classe di concorso e abilitazione all\u2019insegnamento<\/strong>: per tutti coloro che possiedono la laurea e l\u2019abilitazione all\u2019insegnamento; <\/li>\n\n\n\n<li><strong>Laurea valida e almeno 3 anni di servizio negli ultimi 5 anni<\/strong>: una buona esperienza professionale \u00e8 un altro requisito per poter partecipare al concorso; <\/li>\n\n\n\n<li><strong>Laurea valida e 24 CFU\/CFA conseguiti entro il 31 ottobre 2022<\/strong>: questo \u00e8 il requisito per chi ha completato il percorso di formazione universitaria e ha acquisito i crediti necessari; <\/li>\n\n\n\n<li><strong>Laurea valida e 30 CFU\/CFA del nuovo percorso universitario per la formazione iniziale<\/strong>: per chi ha seguito i nuovi percorsi universitari orientati alla formazione docente.<\/li>\n<\/ul>\n\n\n\n<p>Per gli insegnanti tecnico-pratici (ITP), \u00e8 previsto un <strong>diploma di scuola secondaria<\/strong> di accesso alla classe di concorso, oppure un\u2019abilitazione all\u2019insegnamento.<\/p>\n\n\n\n<h2>Concorso PNRR2: specializzazione sul sostegno e posti con riserva<\/h2>\n\n\n\n<p>Un aspetto importante del concorso riguarda i posti di sostegno, per i quali \u00e8 richiesto il possesso di una <strong>specializzazione sul sostegno<\/strong>. <\/p>\n\n\n\n<p>Questa qualifica \u00e8 fondamentale per garantire che gli insegnanti siano preparati ad affrontare le necessit\u00e0 specifiche degli studenti con disabilit\u00e0 o difficolt\u00e0 di apprendimento, un ambito che richiede competenze specialistiche e una preparazione approfondita.<\/p>\n\n\n\n<p>Inoltre, il concorso consente anche la partecipazione con riserva a coloro che sono iscritti a percorsi universitari per il conseguimento di <strong>30 o 60 CFU\/CFA<\/strong>. Questi candidati devono completare il loro percorso formativo <strong>entro il 30 giugno 2025<\/strong>; in caso contrario, perderanno il diritto di partecipazione al concorso. Questo meccanismo permette di valorizzare anche i candidati che sono in fase di completamento del loro percorso di studi, dando loro una possibilit\u00e0 di partecipare, ma con un vincolo temporale preciso.<\/p>\n\n\n\n<p><\/p>\n\n\n\n<div class=\"is-layout-flex wp-block-buttons\">\n<div class=\"wp-block-button\"><a class=\"wp-block-button__link wp-element-button\" href=\"https:\/\/www.docenti.it\/formazione-docenti\/percorsi-formativi.html?tc=28\" target=\"_blank\" rel=\"noreferrer noopener\">PERCORSO 60 CFU<\/a><\/div>\n<\/div>\n\n\n\n<p><\/p>\n\n\n\n<div class=\"is-layout-flex wp-block-buttons\">\n<div class=\"wp-block-button\"><a class=\"wp-block-button__link wp-element-button\" href=\"https:\/\/www.docenti.it\/formazione-docenti\/percorsi-formativi.html?tc=27\" target=\"_blank\" rel=\"noreferrer noopener\">PROGRAMMA 30 CFU<\/a><\/div>\n<\/div>\n\n\n\n<p><\/p>\n\n\n\n<p>Per ulteriori news e aggiornamenti sul mondo scuola, segui il <strong><a href=\"https:\/\/www.docenti.it\/blog\/\" target=\"_blank\" rel=\"noreferrer noopener\">blog<\/a><\/strong> di <strong><a href=\"https:\/\/www.docenti.it\/\" target=\"_blank\" rel=\"noreferrer noopener\">Docenti.it<\/a><\/strong><\/p>\n","protected":false},"excerpt":{"rendered":"<p>Concorso docenti PNRR2: il 21 gennaio 2025 \u00e8 stato pubblicato in Gazzetta Ufficiale il [&hellip;]<\/p>\n","protected":false},"author":25,"featured_media":45276,"comment_status":"open","ping_status":"open","sticky":false,"template":"","format":"standard","meta":[],"categories":[4],"tags":[732,789],"yoast_head":"<!-- This site is optimized with the Yoast SEO plugin v20.4 - https:\/\/yoast.com\/wordpress\/plugins\/seo\/ -->\n<title>Concorso docenti PNRR2: pubblicato DPCM - Blog | Docenti.it<\/title>\n<meta name=\"description\" content=\"Concorso docenti PNRR2: pubblicato il DPCM in Gazzetta Ufficiale, contenente tutti i dettagli e le novit\u00e0.\" \/>\n<meta name=\"robots\" content=\"index, follow, max-snippet:-1, max-image-preview:large, max-video-preview:-1\" \/>\n<link rel=\"canonical\" href=\"https:\/\/www.docenti.it\/blog\/concorso-docenti-pnrr2-3\/\" \/>\n<meta property=\"og:locale\" content=\"it_IT\" \/>\n<meta property=\"og:type\" content=\"article\" \/>\n<meta property=\"og:title\" content=\"Concorso docenti PNRR2: pubblicato DPCM - Blog | Docenti.it\" \/>\n<meta property=\"og:description\" content=\"Concorso docenti PNRR2: pubblicato il DPCM in Gazzetta Ufficiale, contenente tutti i dettagli e le novit\u00e0.\" \/>\n<meta property=\"og:url\" content=\"https:\/\/www.docenti.it\/blog\/concorso-docenti-pnrr2-3\/\" \/>\n<meta property=\"og:site_name\" content=\"Blog | Docenti.it\" \/>\n<meta property=\"article:publisher\" content=\"https:\/\/www.facebook.com\/docenti.it\" \/>\n<meta property=\"article:published_time\" content=\"2025-01-24T15:57:21+00:00\" \/>\n<meta property=\"og:image\" content=\"https:\/\/www.docenti.it\/blog\/wp-content\/uploads\/2023\/07\/pexels-rdne-stock-project-8499580-scaled.jpg\" \/>\n\t<meta property=\"og:image:width\" content=\"2560\" \/>\n\t<meta property=\"og:image:height\" content=\"1707\" \/>\n\t<meta property=\"og:image:type\" content=\"image\/jpeg\" \/>\n<meta name=\"author\" content=\"Gabriella Capraro\" \/>\n<meta name=\"twitter:card\" content=\"summary_large_image\" \/>\n<meta name=\"twitter:label1\" content=\"Written by\" \/>\n\t<meta name=\"twitter:data1\" content=\"Gabriella Capraro\" \/>\n\t<meta name=\"twitter:label2\" content=\"Est. reading time\" \/>\n\t<meta name=\"twitter:data2\" content=\"4 minuti\" \/>\n<script type=\"application\/ld+json\" class=\"yoast-schema-graph\">{\"@context\":\"https:\/\/schema.org\",\"@graph\":[{\"@type\":\"Article\",\"@id\":\"https:\/\/www.docenti.it\/blog\/concorso-docenti-pnrr2-3\/#article\",\"isPartOf\":{\"@id\":\"https:\/\/www.docenti.it\/blog\/concorso-docenti-pnrr2-3\/\"},\"author\":{\"name\":\"Gabriella Capraro\",\"@id\":\"https:\/\/www.docenti.it\/blog\/#\/schema\/person\/773963d3c0645bd34c150c41a13e5754\"},\"headline\":\"Concorso docenti PNRR2: pubblicato DPCM\",\"datePublished\":\"2025-01-24T15:57:21+00:00\",\"dateModified\":\"2025-01-24T15:57:21+00:00\",\"mainEntityOfPage\":{\"@id\":\"https:\/\/www.docenti.it\/blog\/concorso-docenti-pnrr2-3\/\"},\"wordCount\":810,\"commentCount\":0,\"publisher\":{\"@id\":\"https:\/\/www.docenti.it\/blog\/#organization\"},\"keywords\":[\"concorso docenti\",\"concorso pnrr2\"],\"articleSection\":[\"News\"],\"inLanguage\":\"it-IT\",\"potentialAction\":[{\"@type\":\"CommentAction\",\"name\":\"Comment\",\"target\":[\"https:\/\/www.docenti.it\/blog\/concorso-docenti-pnrr2-3\/#respond\"]}]},{\"@type\":\"WebPage\",\"@id\":\"https:\/\/www.docenti.it\/blog\/concorso-docenti-pnrr2-3\/\",\"url\":\"https:\/\/www.docenti.it\/blog\/concorso-docenti-pnrr2-3\/\",\"name\":\"Concorso docenti PNRR2: pubblicato DPCM - Blog | Docenti.it\",\"isPartOf\":{\"@id\":\"https:\/\/www.docenti.it\/blog\/#website\"},\"datePublished\":\"2025-01-24T15:57:21+00:00\",\"dateModified\":\"2025-01-24T15:57:21+00:00\",\"description\":\"Concorso docenti PNRR2: pubblicato il DPCM in Gazzetta Ufficiale, contenente tutti i dettagli e le novit\u00e0.\",\"breadcrumb\":{\"@id\":\"https:\/\/www.docenti.it\/blog\/concorso-docenti-pnrr2-3\/#breadcrumb\"},\"inLanguage\":\"it-IT\",\"potentialAction\":[{\"@type\":\"ReadAction\",\"target\":[\"https:\/\/www.docenti.it\/blog\/concorso-docenti-pnrr2-3\/\"]}]},{\"@type\":\"BreadcrumbList\",\"@id\":\"https:\/\/www.docenti.it\/blog\/concorso-docenti-pnrr2-3\/#breadcrumb\",\"itemListElement\":[{\"@type\":\"ListItem\",\"position\":1,\"name\":\"Home\",\"item\":\"https:\/\/www.docenti.it\/blog\/\"},{\"@type\":\"ListItem\",\"position\":2,\"name\":\"Concorso docenti PNRR2: pubblicato DPCM\"}]},{\"@type\":\"WebSite\",\"@id\":\"https:\/\/www.docenti.it\/blog\/#website\",\"url\":\"https:\/\/www.docenti.it\/blog\/\",\"name\":\"Blog | Docenti.it\",\"description\":\"Tutte le notizie e gli aggiornamenti dal mondo della scuola\",\"publisher\":{\"@id\":\"https:\/\/www.docenti.it\/blog\/#organization\"},\"potentialAction\":[{\"@type\":\"SearchAction\",\"target\":{\"@type\":\"EntryPoint\",\"urlTemplate\":\"https:\/\/www.docenti.it\/blog\/?s={search_term_string}\"},\"query-input\":\"required name=search_term_string\"}],\"inLanguage\":\"it-IT\"},{\"@type\":\"Organization\",\"@id\":\"https:\/\/www.docenti.it\/blog\/#organization\",\"name\":\"Blog | Docenti.it\",\"url\":\"https:\/\/www.docenti.it\/blog\/\",\"logo\":{\"@type\":\"ImageObject\",\"inLanguage\":\"it-IT\",\"@id\":\"https:\/\/www.docenti.it\/blog\/#\/schema\/logo\/image\/\",\"url\":\"https:\/\/www.docenti.it\/blog\/wp-content\/uploads\/2025\/06\/fb_mad_img.png\",\"contentUrl\":\"https:\/\/www.docenti.it\/blog\/wp-content\/uploads\/2025\/06\/fb_mad_img.png\",\"width\":1140,\"height\":620,\"caption\":\"Blog | Docenti.it\"},\"image\":{\"@id\":\"https:\/\/www.docenti.it\/blog\/#\/schema\/logo\/image\/\"},\"sameAs\":[\"https:\/\/www.facebook.com\/docenti.it\"]},{\"@type\":\"Person\",\"@id\":\"https:\/\/www.docenti.it\/blog\/#\/schema\/person\/773963d3c0645bd34c150c41a13e5754\",\"name\":\"Gabriella Capraro\",\"image\":{\"@type\":\"ImageObject\",\"inLanguage\":\"it-IT\",\"@id\":\"https:\/\/www.docenti.it\/blog\/#\/schema\/person\/image\/\",\"url\":\"https:\/\/secure.gravatar.com\/avatar\/17e0ab06bea064a8a7c5bef443cb7153?s=96&d=mm&r=g\",\"contentUrl\":\"https:\/\/secure.gravatar.com\/avatar\/17e0ab06bea064a8a7c5bef443cb7153?s=96&d=mm&r=g\",\"caption\":\"Gabriella Capraro\"},\"description\":\"Copywriter e digital strategist, collabora come articolista e autrice per diverse piattaforme online, spaziando da tematiche scolastiche\/istituzionali a letterarie e musicali.\",\"url\":\"https:\/\/www.docenti.it\/blog\/author\/gcapraro\/\"}]}<\/script>\n<!-- \/ Yoast SEO plugin. -->","yoast_head_json":{"title":"Concorso docenti PNRR2: pubblicato DPCM - Blog | Docenti.it","description":"Concorso docenti PNRR2: pubblicato il DPCM in Gazzetta Ufficiale, contenente tutti i dettagli e le novit\u00e0.","robots":{"index":"index","follow":"follow","max-snippet":"max-snippet:-1","max-image-preview":"max-image-preview:large","max-video-preview":"max-video-preview:-1"},"canonical":"https:\/\/www.docenti.it\/blog\/concorso-docenti-pnrr2-3\/","og_locale":"it_IT","og_type":"article","og_title":"Concorso docenti PNRR2: pubblicato DPCM - Blog | Docenti.it","og_description":"Concorso docenti PNRR2: pubblicato il DPCM in Gazzetta Ufficiale, contenente tutti i dettagli e le novit\u00e0.","og_url":"https:\/\/www.docenti.it\/blog\/concorso-docenti-pnrr2-3\/","og_site_name":"Blog | Docenti.it","article_publisher":"https:\/\/www.facebook.com\/docenti.it","article_published_time":"2025-01-24T15:57:21+00:00","og_image":[{"width":2560,"height":1707,"url":"https:\/\/www.docenti.it\/blog\/wp-content\/uploads\/2023\/07\/pexels-rdne-stock-project-8499580-scaled.jpg","type":"image\/jpeg"}],"author":"Gabriella Capraro","twitter_card":"summary_large_image","twitter_misc":{"Written by":"Gabriella Capraro","Est. reading time":"4 minuti"},"schema":{"@context":"https:\/\/schema.org","@graph":[{"@type":"Article","@id":"https:\/\/www.docenti.it\/blog\/concorso-docenti-pnrr2-3\/#article","isPartOf":{"@id":"https:\/\/www.docenti.it\/blog\/concorso-docenti-pnrr2-3\/"},"author":{"name":"Gabriella Capraro","@id":"https:\/\/www.docenti.it\/blog\/#\/schema\/person\/773963d3c0645bd34c150c41a13e5754"},"headline":"Concorso docenti PNRR2: pubblicato DPCM","datePublished":"2025-01-24T15:57:21+00:00","dateModified":"2025-01-24T15:57:21+00:00","mainEntityOfPage":{"@id":"https:\/\/www.docenti.it\/blog\/concorso-docenti-pnrr2-3\/"},"wordCount":810,"commentCount":0,"publisher":{"@id":"https:\/\/www.docenti.it\/blog\/#organization"},"keywords":["concorso docenti","concorso pnrr2"],"articleSection":["News"],"inLanguage":"it-IT","potentialAction":[{"@type":"CommentAction","name":"Comment","target":["https:\/\/www.docenti.it\/blog\/concorso-docenti-pnrr2-3\/#respond"]}]},{"@type":"WebPage","@id":"https:\/\/www.docenti.it\/blog\/concorso-docenti-pnrr2-3\/","url":"https:\/\/www.docenti.it\/blog\/concorso-docenti-pnrr2-3\/","name":"Concorso docenti PNRR2: pubblicato DPCM - Blog | Docenti.it","isPartOf":{"@id":"https:\/\/www.docenti.it\/blog\/#website"},"datePublished":"2025-01-24T15:57:21+00:00","dateModified":"2025-01-24T15:57:21+00:00","description":"Concorso docenti PNRR2: pubblicato il DPCM in Gazzetta Ufficiale, contenente tutti i dettagli e le novit\u00e0.","breadcrumb":{"@id":"https:\/\/www.docenti.it\/blog\/concorso-docenti-pnrr2-3\/#breadcrumb"},"inLanguage":"it-IT","potentialAction":[{"@type":"ReadAction","target":["https:\/\/www.docenti.it\/blog\/concorso-docenti-pnrr2-3\/"]}]},{"@type":"BreadcrumbList","@id":"https:\/\/www.docenti.it\/blog\/concorso-docenti-pnrr2-3\/#breadcrumb","itemListElement":[{"@type":"ListItem","position":1,"name":"Home","item":"https:\/\/www.docenti.it\/blog\/"},{"@type":"ListItem","position":2,"name":"Concorso docenti PNRR2: pubblicato DPCM"}]},{"@type":"WebSite","@id":"https:\/\/www.docenti.it\/blog\/#website","url":"https:\/\/www.docenti.it\/blog\/","name":"Blog | Docenti.it","description":"Tutte le notizie e gli aggiornamenti dal mondo della scuola","publisher":{"@id":"https:\/\/www.docenti.it\/blog\/#organization"},"potentialAction":[{"@type":"SearchAction","target":{"@type":"EntryPoint","urlTemplate":"https:\/\/www.docenti.it\/blog\/?s={search_term_string}"},"query-input":"required name=search_term_string"}],"inLanguage":"it-IT"},{"@type":"Organization","@id":"https:\/\/www.docenti.it\/blog\/#organization","name":"Blog | Docenti.it","url":"https:\/\/www.docenti.it\/blog\/","logo":{"@type":"ImageObject","inLanguage":"it-IT","@id":"https:\/\/www.docenti.it\/blog\/#\/schema\/logo\/image\/","url":"https:\/\/www.docenti.it\/blog\/wp-content\/uploads\/2025\/06\/fb_mad_img.png","contentUrl":"https:\/\/www.docenti.it\/blog\/wp-content\/uploads\/2025\/06\/fb_mad_img.png","width":1140,"height":620,"caption":"Blog | Docenti.it"},"image":{"@id":"https:\/\/www.docenti.it\/blog\/#\/schema\/logo\/image\/"},"sameAs":["https:\/\/www.facebook.com\/docenti.it"]},{"@type":"Person","@id":"https:\/\/www.docenti.it\/blog\/#\/schema\/person\/773963d3c0645bd34c150c41a13e5754","name":"Gabriella Capraro","image":{"@type":"ImageObject","inLanguage":"it-IT","@id":"https:\/\/www.docenti.it\/blog\/#\/schema\/person\/image\/","url":"https:\/\/secure.gravatar.com\/avatar\/17e0ab06bea064a8a7c5bef443cb7153?s=96&d=mm&r=g","contentUrl":"https:\/\/secure.gravatar.com\/avatar\/17e0ab06bea064a8a7c5bef443cb7153?s=96&d=mm&r=g","caption":"Gabriella Capraro"},"description":"Copywriter e digital strategist, collabora come articolista e autrice per diverse piattaforme online, spaziando da tematiche scolastiche\/istituzionali a letterarie e musicali.","url":"https:\/\/www.docenti.it\/blog\/author\/gcapraro\/"}]}},"_links":{"self":[{"href":"https:\/\/www.docenti.it\/blog\/wp-json\/wp\/v2\/posts\/46218"}],"collection":[{"href":"https:\/\/www.docenti.it\/blog\/wp-json\/wp\/v2\/posts"}],"about":[{"href":"https:\/\/www.docenti.it\/blog\/wp-json\/wp\/v2\/types\/post"}],"author":[{"embeddable":true,"href":"https:\/\/www.docenti.it\/blog\/wp-json\/wp\/v2\/users\/25"}],"replies":[{"embeddable":true,"href":"https:\/\/www.docenti.it\/blog\/wp-json\/wp\/v2\/comments?post=46218"}],"version-history":[{"count":1,"href":"https:\/\/www.docenti.it\/blog\/wp-json\/wp\/v2\/posts\/46218\/revisions"}],"predecessor-version":[{"id":46219,"href":"https:\/\/www.docenti.it\/blog\/wp-json\/wp\/v2\/posts\/46218\/revisions\/46219"}],"wp:featuredmedia":[{"embeddable":true,"href":"https:\/\/www.docenti.it\/blog\/wp-json\/wp\/v2\/media\/45276"}],"wp:attachment":[{"href":"https:\/\/www.docenti.it\/blog\/wp-json\/wp\/v2\/media?parent=46218"}],"wp:term":[{"taxonomy":"category","embeddable":true,"href":"https:\/\/www.docenti.it\/blog\/wp-json\/wp\/v2\/categories?post=46218"},{"taxonomy":"post_tag","embeddable":true,"href":"https:\/\/www.docenti.it\/blog\/wp-json\/wp\/v2\/tags?post=46218"}],"curies":[{"name":"wp","href":"https:\/\/api.w.org\/{rel}","templated":true}]}}