{"id":46259,"date":"2025-02-04T13:04:12","date_gmt":"2025-02-04T12:04:12","guid":{"rendered":"https:\/\/www.docenti.it\/blog\/?p=46259"},"modified":"2025-02-04T13:04:12","modified_gmt":"2025-02-04T12:04:12","slug":"percorso-30-cfu-2025","status":"publish","type":"post","link":"https:\/\/www.docenti.it\/blog\/percorso-30-cfu-2025\/","title":{"rendered":"Percorso 30 CFU 2025: le novit\u00e0"},"content":{"rendered":"\n<p><strong>Percorso 30 CFU<\/strong>: le Universit\u00e0 italiane stanno pubblicando in questi giorni i bandi per l&#8217;attivazione dei percorsi formativi da 30 CFU, previsti dall&#8217;articolo 13 del D.P.C.M. del 4 agosto 2023. <\/p>\n\n\n\n<p>Questi percorsi, relativi all&#8217;anno accademico 2024\/25, sono destinati a<strong> docenti gi\u00e0 in possesso di un&#8217;abilitazione per un&#8217;altra classe di concorso<\/strong>, un diverso grado scolastico o una specializzazione nel sostegno. L&#8217;obiettivo \u00e8 consentire agli insegnanti di ampliare le proprie competenze e ottenere una nuova abilitazione.<\/p>\n\n\n\n<h2>Quali sono i requisiti?<\/h2>\n\n\n\n<p>Per poter accedere ai percorsi da 30 CFU, i candidati devono soddisfare i seguenti requisiti:<\/p>\n\n\n\n<ul>\n<li>Essere in possesso del <strong>titolo di studio richiesto per l&#8217;accesso alla classe di concorso<\/strong> desiderata, inclusi eventuali CFU aggiuntivi previsti dalla normativa vigente; <\/li>\n\n\n\n<li>Avere gi\u00e0 un&#8217;<strong>abilitazione in una diversa classe di concorso<\/strong>, per un altro grado di scuola o una specializzazione sul sostegno; <\/li>\n\n\n\n<li>I candidati che hanno conseguito un <strong>titolo abilitante all&#8217;estero<\/strong> possono presentare domanda, purch\u00e9 entro il termine stabilito abbiano richiesto il riconoscimento alla Direzione generale per gli ordinamenti scolastici.<\/li>\n<\/ul>\n\n\n\n<p>Per le classi di concorso accorpate secondo il Decreto Ministeriale 255\/2023, il percorso formativo consentir\u00e0 di ottenere l\u2019abilitazione <strong>per entrambe le classi di concorso associate<\/strong>.<\/p>\n\n\n\n<p>Ogni candidato potr\u00e0 iscriversi a un solo percorso e dovr\u00e0 presentare la domanda in un\u2019unica Universit\u00e0, Accademia o Conservatorio. Le Universit\u00e0 avranno la facolt\u00e0 di riconoscere eventuali crediti gi\u00e0 acquisiti in precedenti percorsi formativi.<\/p>\n\n\n\n<h2>Percorso 30 CFU: modalit\u00e0 di svolgimento<\/h2>\n\n\n\n<p>I percorsi da 30 CFU saranno interamente erogati in <strong>modalit\u00e0 telematica sincrona<\/strong>, attraverso piattaforme digitali scelte dalle Universit\u00e0. <\/p>\n\n\n\n<p>Le lezioni seguiranno un calendario predefinito e saranno trasmesse in diretta, consentendo agli studenti di interagire con i docenti in tempo reale.<\/p>\n\n\n\n<p>Per poter accedere alla prova finale, \u00e8 obbligatorio frequentare <strong>almeno il 70% di ciascuna attivit\u00e0 formativa<\/strong> prevista dal percorso. La prova conclusiva, a differenza delle lezioni, dovr\u00e0 essere sostenuta in presenza presso le sedi indicate dall\u2019Universit\u00e0.<\/p>\n\n\n\n<p><strong>Non \u00e8 previsto alcun tirocinio obbligatorio all&#8217;interno di questi percorsi.<\/strong><\/p>\n\n\n\n<p>Secondo quanto stabilito dal Ministero con la nota del 19 novembre 2024, le Universit\u00e0 possono attualmente attivare solo percorsi riferiti a classi di concorso gi\u00e0 accreditate nell\u2019anno accademico 2023\/24. L\u2019eventuale attivazione di nuove classi di concorso sar\u00e0 possibile solo dopo l\u2019ottenimento di un nuovo accreditamento ministeriale, che al momento non \u00e8 stato ancora pubblicato per nessun Ateneo.<\/p>\n\n\n\n<h2>Percorso 30 CFU: bandi disponibili a.s. 2024\/2025<\/h2>\n\n\n\n<p>Di seguito, un elenco aggiornato delle Universit\u00e0 che hanno gi\u00e0 pubblicato i bandi per i percorsi da 30 CFU:<\/p>\n\n\n\n<h3><strong>Universit\u00e0 Telematiche<\/strong><\/h3>\n\n\n\n<ul>\n<li>Universit\u00e0 Telematica degli Studi IUL<\/li>\n<\/ul>\n\n\n\n<h3><strong>Abruzzo<\/strong><\/h3>\n\n\n\n<ul>\n<li>Universit\u00e0 degli Studi di Chieti e Pescara &#8211; <strong>Bando Disponibile<\/strong><\/li>\n<\/ul>\n\n\n\n<h3><strong>Campania<\/strong><\/h3>\n\n\n\n<ul>\n<li>Universit\u00e0 di Napoli L\u2019Orientale &#8211; <strong>Bando Disponibile<\/strong><\/li>\n\n\n\n<li>Unifortunato &#8211; <strong>Bando Disponibile<\/strong><\/li>\n\n\n\n<li>Universit\u00e0 degli Studi di Salerno<\/li>\n<\/ul>\n\n\n\n<h3><strong>Lazio<\/strong><\/h3>\n\n\n\n<ul>\n<li>Accademia di Belle Arti &#8220;Lorenzo da Viterbo&#8221; &#8211; <strong>Pagina Informativa<\/strong><\/li>\n\n\n\n<li>Universit\u00e0 degli Studi della Tuscia &#8211; <strong>Pagina Informativa<\/strong><\/li>\n\n\n\n<li>Universit\u00e0 Europea di Roma &#8211; <strong>Pagina Informativa<\/strong><\/li>\n<\/ul>\n\n\n\n<h3><strong>Lombardia<\/strong><\/h3>\n\n\n\n<ul>\n<li>Universit\u00e0 degli Studi di Pavia: <strong>Non attiver\u00e0 i percorsi TFA sostegno e i percorsi di abilitazione ex art. 13<\/strong><\/li>\n<\/ul>\n\n\n\n<h3><strong>Sicilia<\/strong><\/h3>\n\n\n\n<ul>\n<li>Universit\u00e0 degli Studi di Messina &#8211; <strong>Pagina Informativa<\/strong><\/li>\n\n\n\n<li>Universit\u00e0 degli Studi di Palermo &#8211; <strong>Pagina Informativa<\/strong><\/li>\n<\/ul>\n\n\n\n<p>L\u2019elenco \u00e8 in continuo aggiornamento: si consiglia di controllare periodicamente i siti delle Universit\u00e0 per eventuali nuove pubblicazioni di bandi.<\/p>\n\n\n\n<p><em>Per consultare il programma del percorso da 30 CFU: <\/em><\/p>\n\n\n\n<p><\/p>\n\n\n\n<div class=\"is-layout-flex wp-block-buttons\">\n<div class=\"wp-block-button\"><a class=\"wp-block-button__link wp-element-button\" href=\"https:\/\/www.docenti.it\/formazione-docenti\/percorsi-formativi.html?tc=27\" target=\"_blank\" rel=\"noreferrer noopener\">PERCORSO 30 CFU<\/a><\/div>\n<\/div>\n\n\n\n<p><\/p>\n\n\n\n<p>Per restare sempre aggiornat* su tutte le news del mondo scolastico, segui il<strong><a href=\"https:\/\/www.docenti.it\/blog\/\" target=\"_blank\" rel=\"noreferrer noopener\"> blog<\/a><\/strong> di <strong><a href=\"https:\/\/www.docenti.it\/\" target=\"_blank\" rel=\"noreferrer noopener\">Docenti.it<\/a><\/strong><\/p>\n","protected":false},"excerpt":{"rendered":"<p>Percorso 30 CFU: le Universit\u00e0 italiane stanno pubblicando in questi giorni i bandi per [&hellip;]<\/p>\n","protected":false},"author":25,"featured_media":45023,"comment_status":"open","ping_status":"open","sticky":false,"template":"","format":"standard","meta":[],"categories":[496,4],"tags":[432,680],"yoast_head":"<!-- This site is optimized with the Yoast SEO plugin v20.4 - https:\/\/yoast.com\/wordpress\/plugins\/seo\/ -->\n<title>Percorso 30 CFU 2025: le novit\u00e0 - Blog | Docenti.it<\/title>\n<meta name=\"description\" content=\"Percorso 30 CFU 2025: i bandi pubblicati e i requisiti di accesso ai percorsi abilitanti da 30 CFU.\" \/>\n<meta name=\"robots\" content=\"index, follow, max-snippet:-1, max-image-preview:large, max-video-preview:-1\" \/>\n<link rel=\"canonical\" href=\"https:\/\/www.docenti.it\/blog\/percorso-30-cfu-2025\/\" \/>\n<meta property=\"og:locale\" content=\"it_IT\" \/>\n<meta property=\"og:type\" content=\"article\" \/>\n<meta property=\"og:title\" content=\"Percorso 30 CFU 2025: le novit\u00e0 - Blog | Docenti.it\" \/>\n<meta property=\"og:description\" content=\"Percorso 30 CFU 2025: i bandi pubblicati e i requisiti di accesso ai percorsi abilitanti da 30 CFU.\" \/>\n<meta property=\"og:url\" content=\"https:\/\/www.docenti.it\/blog\/percorso-30-cfu-2025\/\" \/>\n<meta property=\"og:site_name\" content=\"Blog | Docenti.it\" \/>\n<meta property=\"article:publisher\" content=\"https:\/\/www.facebook.com\/docenti.it\" \/>\n<meta property=\"article:published_time\" content=\"2025-02-04T12:04:12+00:00\" \/>\n<meta property=\"og:image\" content=\"https:\/\/www.docenti.it\/blog\/wp-content\/uploads\/2023\/02\/studies-g1044a36f8_640.jpg\" \/>\n\t<meta property=\"og:image:width\" content=\"640\" \/>\n\t<meta property=\"og:image:height\" content=\"427\" \/>\n\t<meta property=\"og:image:type\" content=\"image\/jpeg\" \/>\n<meta name=\"author\" content=\"Gabriella Capraro\" \/>\n<meta name=\"twitter:card\" content=\"summary_large_image\" \/>\n<meta name=\"twitter:label1\" content=\"Written by\" \/>\n\t<meta name=\"twitter:data1\" content=\"Gabriella Capraro\" \/>\n\t<meta name=\"twitter:label2\" content=\"Est. reading time\" \/>\n\t<meta name=\"twitter:data2\" content=\"3 minuti\" \/>\n<script type=\"application\/ld+json\" class=\"yoast-schema-graph\">{\"@context\":\"https:\/\/schema.org\",\"@graph\":[{\"@type\":\"Article\",\"@id\":\"https:\/\/www.docenti.it\/blog\/percorso-30-cfu-2025\/#article\",\"isPartOf\":{\"@id\":\"https:\/\/www.docenti.it\/blog\/percorso-30-cfu-2025\/\"},\"author\":{\"name\":\"Gabriella Capraro\",\"@id\":\"https:\/\/www.docenti.it\/blog\/#\/schema\/person\/773963d3c0645bd34c150c41a13e5754\"},\"headline\":\"Percorso 30 CFU 2025: le novit\u00e0\",\"datePublished\":\"2025-02-04T12:04:12+00:00\",\"dateModified\":\"2025-02-04T12:04:12+00:00\",\"mainEntityOfPage\":{\"@id\":\"https:\/\/www.docenti.it\/blog\/percorso-30-cfu-2025\/\"},\"wordCount\":536,\"commentCount\":0,\"publisher\":{\"@id\":\"https:\/\/www.docenti.it\/blog\/#organization\"},\"keywords\":[\"30 CFU\",\"percorso 30 cfu\"],\"articleSection\":[\"Abilitazione insegnamento\",\"News\"],\"inLanguage\":\"it-IT\",\"potentialAction\":[{\"@type\":\"CommentAction\",\"name\":\"Comment\",\"target\":[\"https:\/\/www.docenti.it\/blog\/percorso-30-cfu-2025\/#respond\"]}]},{\"@type\":\"WebPage\",\"@id\":\"https:\/\/www.docenti.it\/blog\/percorso-30-cfu-2025\/\",\"url\":\"https:\/\/www.docenti.it\/blog\/percorso-30-cfu-2025\/\",\"name\":\"Percorso 30 CFU 2025: le novit\u00e0 - Blog | Docenti.it\",\"isPartOf\":{\"@id\":\"https:\/\/www.docenti.it\/blog\/#website\"},\"datePublished\":\"2025-02-04T12:04:12+00:00\",\"dateModified\":\"2025-02-04T12:04:12+00:00\",\"description\":\"Percorso 30 CFU 2025: i bandi pubblicati e i requisiti di accesso ai percorsi abilitanti da 30 CFU.\",\"breadcrumb\":{\"@id\":\"https:\/\/www.docenti.it\/blog\/percorso-30-cfu-2025\/#breadcrumb\"},\"inLanguage\":\"it-IT\",\"potentialAction\":[{\"@type\":\"ReadAction\",\"target\":[\"https:\/\/www.docenti.it\/blog\/percorso-30-cfu-2025\/\"]}]},{\"@type\":\"BreadcrumbList\",\"@id\":\"https:\/\/www.docenti.it\/blog\/percorso-30-cfu-2025\/#breadcrumb\",\"itemListElement\":[{\"@type\":\"ListItem\",\"position\":1,\"name\":\"Home\",\"item\":\"https:\/\/www.docenti.it\/blog\/\"},{\"@type\":\"ListItem\",\"position\":2,\"name\":\"Percorso 30 CFU 2025: le novit\u00e0\"}]},{\"@type\":\"WebSite\",\"@id\":\"https:\/\/www.docenti.it\/blog\/#website\",\"url\":\"https:\/\/www.docenti.it\/blog\/\",\"name\":\"Blog | Docenti.it\",\"description\":\"Tutte le notizie e gli aggiornamenti dal mondo della scuola\",\"publisher\":{\"@id\":\"https:\/\/www.docenti.it\/blog\/#organization\"},\"potentialAction\":[{\"@type\":\"SearchAction\",\"target\":{\"@type\":\"EntryPoint\",\"urlTemplate\":\"https:\/\/www.docenti.it\/blog\/?s={search_term_string}\"},\"query-input\":\"required name=search_term_string\"}],\"inLanguage\":\"it-IT\"},{\"@type\":\"Organization\",\"@id\":\"https:\/\/www.docenti.it\/blog\/#organization\",\"name\":\"Blog | Docenti.it\",\"url\":\"https:\/\/www.docenti.it\/blog\/\",\"logo\":{\"@type\":\"ImageObject\",\"inLanguage\":\"it-IT\",\"@id\":\"https:\/\/www.docenti.it\/blog\/#\/schema\/logo\/image\/\",\"url\":\"https:\/\/www.docenti.it\/blog\/wp-content\/uploads\/2025\/06\/fb_mad_img.png\",\"contentUrl\":\"https:\/\/www.docenti.it\/blog\/wp-content\/uploads\/2025\/06\/fb_mad_img.png\",\"width\":1140,\"height\":620,\"caption\":\"Blog | Docenti.it\"},\"image\":{\"@id\":\"https:\/\/www.docenti.it\/blog\/#\/schema\/logo\/image\/\"},\"sameAs\":[\"https:\/\/www.facebook.com\/docenti.it\"]},{\"@type\":\"Person\",\"@id\":\"https:\/\/www.docenti.it\/blog\/#\/schema\/person\/773963d3c0645bd34c150c41a13e5754\",\"name\":\"Gabriella Capraro\",\"image\":{\"@type\":\"ImageObject\",\"inLanguage\":\"it-IT\",\"@id\":\"https:\/\/www.docenti.it\/blog\/#\/schema\/person\/image\/\",\"url\":\"https:\/\/secure.gravatar.com\/avatar\/17e0ab06bea064a8a7c5bef443cb7153?s=96&d=mm&r=g\",\"contentUrl\":\"https:\/\/secure.gravatar.com\/avatar\/17e0ab06bea064a8a7c5bef443cb7153?s=96&d=mm&r=g\",\"caption\":\"Gabriella Capraro\"},\"description\":\"Copywriter e digital strategist, collabora come articolista e autrice per diverse piattaforme online, spaziando da tematiche scolastiche\/istituzionali a letterarie e musicali.\",\"url\":\"https:\/\/www.docenti.it\/blog\/author\/gcapraro\/\"}]}<\/script>\n<!-- \/ Yoast SEO plugin. -->","yoast_head_json":{"title":"Percorso 30 CFU 2025: le novit\u00e0 - Blog | Docenti.it","description":"Percorso 30 CFU 2025: i bandi pubblicati e i requisiti di accesso ai percorsi abilitanti da 30 CFU.","robots":{"index":"index","follow":"follow","max-snippet":"max-snippet:-1","max-image-preview":"max-image-preview:large","max-video-preview":"max-video-preview:-1"},"canonical":"https:\/\/www.docenti.it\/blog\/percorso-30-cfu-2025\/","og_locale":"it_IT","og_type":"article","og_title":"Percorso 30 CFU 2025: le novit\u00e0 - Blog | Docenti.it","og_description":"Percorso 30 CFU 2025: i bandi pubblicati e i requisiti di accesso ai percorsi abilitanti da 30 CFU.","og_url":"https:\/\/www.docenti.it\/blog\/percorso-30-cfu-2025\/","og_site_name":"Blog | Docenti.it","article_publisher":"https:\/\/www.facebook.com\/docenti.it","article_published_time":"2025-02-04T12:04:12+00:00","og_image":[{"width":640,"height":427,"url":"https:\/\/www.docenti.it\/blog\/wp-content\/uploads\/2023\/02\/studies-g1044a36f8_640.jpg","type":"image\/jpeg"}],"author":"Gabriella Capraro","twitter_card":"summary_large_image","twitter_misc":{"Written by":"Gabriella Capraro","Est. reading time":"3 minuti"},"schema":{"@context":"https:\/\/schema.org","@graph":[{"@type":"Article","@id":"https:\/\/www.docenti.it\/blog\/percorso-30-cfu-2025\/#article","isPartOf":{"@id":"https:\/\/www.docenti.it\/blog\/percorso-30-cfu-2025\/"},"author":{"name":"Gabriella Capraro","@id":"https:\/\/www.docenti.it\/blog\/#\/schema\/person\/773963d3c0645bd34c150c41a13e5754"},"headline":"Percorso 30 CFU 2025: le novit\u00e0","datePublished":"2025-02-04T12:04:12+00:00","dateModified":"2025-02-04T12:04:12+00:00","mainEntityOfPage":{"@id":"https:\/\/www.docenti.it\/blog\/percorso-30-cfu-2025\/"},"wordCount":536,"commentCount":0,"publisher":{"@id":"https:\/\/www.docenti.it\/blog\/#organization"},"keywords":["30 CFU","percorso 30 cfu"],"articleSection":["Abilitazione insegnamento","News"],"inLanguage":"it-IT","potentialAction":[{"@type":"CommentAction","name":"Comment","target":["https:\/\/www.docenti.it\/blog\/percorso-30-cfu-2025\/#respond"]}]},{"@type":"WebPage","@id":"https:\/\/www.docenti.it\/blog\/percorso-30-cfu-2025\/","url":"https:\/\/www.docenti.it\/blog\/percorso-30-cfu-2025\/","name":"Percorso 30 CFU 2025: le novit\u00e0 - Blog | Docenti.it","isPartOf":{"@id":"https:\/\/www.docenti.it\/blog\/#website"},"datePublished":"2025-02-04T12:04:12+00:00","dateModified":"2025-02-04T12:04:12+00:00","description":"Percorso 30 CFU 2025: i bandi pubblicati e i requisiti di accesso ai percorsi abilitanti da 30 CFU.","breadcrumb":{"@id":"https:\/\/www.docenti.it\/blog\/percorso-30-cfu-2025\/#breadcrumb"},"inLanguage":"it-IT","potentialAction":[{"@type":"ReadAction","target":["https:\/\/www.docenti.it\/blog\/percorso-30-cfu-2025\/"]}]},{"@type":"BreadcrumbList","@id":"https:\/\/www.docenti.it\/blog\/percorso-30-cfu-2025\/#breadcrumb","itemListElement":[{"@type":"ListItem","position":1,"name":"Home","item":"https:\/\/www.docenti.it\/blog\/"},{"@type":"ListItem","position":2,"name":"Percorso 30 CFU 2025: le novit\u00e0"}]},{"@type":"WebSite","@id":"https:\/\/www.docenti.it\/blog\/#website","url":"https:\/\/www.docenti.it\/blog\/","name":"Blog | Docenti.it","description":"Tutte le notizie e gli aggiornamenti dal mondo della scuola","publisher":{"@id":"https:\/\/www.docenti.it\/blog\/#organization"},"potentialAction":[{"@type":"SearchAction","target":{"@type":"EntryPoint","urlTemplate":"https:\/\/www.docenti.it\/blog\/?s={search_term_string}"},"query-input":"required name=search_term_string"}],"inLanguage":"it-IT"},{"@type":"Organization","@id":"https:\/\/www.docenti.it\/blog\/#organization","name":"Blog | Docenti.it","url":"https:\/\/www.docenti.it\/blog\/","logo":{"@type":"ImageObject","inLanguage":"it-IT","@id":"https:\/\/www.docenti.it\/blog\/#\/schema\/logo\/image\/","url":"https:\/\/www.docenti.it\/blog\/wp-content\/uploads\/2025\/06\/fb_mad_img.png","contentUrl":"https:\/\/www.docenti.it\/blog\/wp-content\/uploads\/2025\/06\/fb_mad_img.png","width":1140,"height":620,"caption":"Blog | Docenti.it"},"image":{"@id":"https:\/\/www.docenti.it\/blog\/#\/schema\/logo\/image\/"},"sameAs":["https:\/\/www.facebook.com\/docenti.it"]},{"@type":"Person","@id":"https:\/\/www.docenti.it\/blog\/#\/schema\/person\/773963d3c0645bd34c150c41a13e5754","name":"Gabriella Capraro","image":{"@type":"ImageObject","inLanguage":"it-IT","@id":"https:\/\/www.docenti.it\/blog\/#\/schema\/person\/image\/","url":"https:\/\/secure.gravatar.com\/avatar\/17e0ab06bea064a8a7c5bef443cb7153?s=96&d=mm&r=g","contentUrl":"https:\/\/secure.gravatar.com\/avatar\/17e0ab06bea064a8a7c5bef443cb7153?s=96&d=mm&r=g","caption":"Gabriella Capraro"},"description":"Copywriter e digital strategist, collabora come articolista e autrice per diverse piattaforme online, spaziando da tematiche scolastiche\/istituzionali a letterarie e musicali.","url":"https:\/\/www.docenti.it\/blog\/author\/gcapraro\/"}]}},"_links":{"self":[{"href":"https:\/\/www.docenti.it\/blog\/wp-json\/wp\/v2\/posts\/46259"}],"collection":[{"href":"https:\/\/www.docenti.it\/blog\/wp-json\/wp\/v2\/posts"}],"about":[{"href":"https:\/\/www.docenti.it\/blog\/wp-json\/wp\/v2\/types\/post"}],"author":[{"embeddable":true,"href":"https:\/\/www.docenti.it\/blog\/wp-json\/wp\/v2\/users\/25"}],"replies":[{"embeddable":true,"href":"https:\/\/www.docenti.it\/blog\/wp-json\/wp\/v2\/comments?post=46259"}],"version-history":[{"count":1,"href":"https:\/\/www.docenti.it\/blog\/wp-json\/wp\/v2\/posts\/46259\/revisions"}],"predecessor-version":[{"id":46260,"href":"https:\/\/www.docenti.it\/blog\/wp-json\/wp\/v2\/posts\/46259\/revisions\/46260"}],"wp:featuredmedia":[{"embeddable":true,"href":"https:\/\/www.docenti.it\/blog\/wp-json\/wp\/v2\/media\/45023"}],"wp:attachment":[{"href":"https:\/\/www.docenti.it\/blog\/wp-json\/wp\/v2\/media?parent=46259"}],"wp:term":[{"taxonomy":"category","embeddable":true,"href":"https:\/\/www.docenti.it\/blog\/wp-json\/wp\/v2\/categories?post=46259"},{"taxonomy":"post_tag","embeddable":true,"href":"https:\/\/www.docenti.it\/blog\/wp-json\/wp\/v2\/tags?post=46259"}],"curies":[{"name":"wp","href":"https:\/\/api.w.org\/{rel}","templated":true}]}}