{"id":46275,"date":"2025-02-11T16:22:36","date_gmt":"2025-02-11T15:22:36","guid":{"rendered":"https:\/\/www.docenti.it\/blog\/?p=46275"},"modified":"2025-02-11T16:22:36","modified_gmt":"2025-02-11T15:22:36","slug":"abilitazione-insegnamento-bandi","status":"publish","type":"post","link":"https:\/\/www.docenti.it\/blog\/abilitazione-insegnamento-bandi\/","title":{"rendered":"Abilitazione insegnamento: novit\u00e0 sui percorsi"},"content":{"rendered":"\n<p><strong>Abilitazione insegnamento<\/strong>: il Ministero dell&#8217;Istruzione e del Merito (MIM) e il Ministero dell&#8217;Universit\u00e0 e della Ricerca (MUR) hanno fornito nuovi chiarimenti sui corsi abilitanti rivolti ai docenti vincitori del concorso PNRR 1 per la scuola secondaria. <\/p>\n\n\n\n<p>Gli insegnanti che hanno superato il concorso, ma non possiedono ancora l&#8217;abilitazione, devono completare il percorso formativo previsto, scegliendo tra i corsi da <strong>30 CFU\/CFA e 36 CFU\/CFA<\/strong>.<\/p>\n\n\n\n<p><\/p>\n\n\n\n<div class=\"is-layout-flex wp-block-buttons\">\n<div class=\"wp-block-button\"><a class=\"wp-block-button__link wp-element-button\" href=\"https:\/\/www.docenti.it\/formazione-docenti\/percorsi-formativi.html?tc=27\" target=\"_blank\" rel=\"noreferrer noopener\">CORSO ABILITANTE 30 CFU<\/a><\/div>\n<\/div>\n\n\n\n<p><\/p>\n\n\n\n<div class=\"is-layout-flex wp-block-buttons\">\n<div class=\"wp-block-button\"><a class=\"wp-block-button__link wp-element-button\" href=\"https:\/\/www.docenti.it\/formazione-docenti\/percorsi-formativi.html?tc=30\" target=\"_blank\" rel=\"noreferrer noopener\">PROGRAMMA CORSO 36 CFU<\/a><\/div>\n<\/div>\n\n\n\n<p><\/p>\n\n\n\n<p>Per facilitare questo processo, i Ministeri hanno inviato una <strong>comunicazione congiunta<\/strong> ai Rettori delle Universit\u00e0 responsabili dell&#8217;erogazione dei corsi, fornendo indicazioni dettagliate sulle modalit\u00e0 di completamento. <\/p>\n\n\n\n<p>Queste linee guida mirano a semplificare l&#8217;accesso alla formazione per i docenti coinvolti e garantire che il percorso abilitante si svolga in modo efficace.<\/p>\n\n\n\n<h2>Le specifiche sui percorsi<\/h2>\n\n\n\n<p>I vincitori del concorso PNRR 1 del 2023, che hanno concluso le prove nel 2024, devono completare il proprio percorso formativo per ottenere un contratto a tempo indeterminato. In base alla loro situazione, possono frequentare <strong>corsi da 30 CFU\/CFA o 36 CFU\/CFA<\/strong>.<\/p>\n\n\n\n<p>Nella Nota n. 2884 del 6 febbraio 2025, il MIM e il MUR hanno fornito agli Atenei e alle Istituzioni AFAM (Alta Formazione Artistica, Musicale e Coreutica) indicazioni operative per agevolare la partecipazione dei docenti ai percorsi formativi. <\/p>\n\n\n\n<p>I Ministeri hanno evidenziato la necessit\u00e0 di queste precisazioni dopo un&#8217;analisi del MUR, che ha mostrato una distribuzione disomogenea delle classi di concorso sul territorio. <\/p>\n\n\n\n<p>Di conseguenza, alcuni docenti potrebbero doversi iscrivere a Universit\u00e0<strong> lontane dalla propria sede<\/strong> di servizio, rendendo pi\u00f9 complessa la frequenza dei corsi.<\/p>\n\n\n\n<h2>Abilitazione insegnamento e formazione a distanza<\/h2>\n\n\n\n<p>Per ridurre le difficolt\u00e0 logistiche, il MIM e il MUR hanno proposto una <strong>collaborazione tra le Universit\u00e0 e le Accademie AFAM<\/strong>. Grazie a questa iniziativa, i docenti possono iscriversi a un corso attivato da un&#8217;Universit\u00e0 specifica, ma frequentare parte delle lezioni <strong>in un&#8217;istituzione pi\u00f9 vicina alla propria sede di servizio<\/strong>, anche attraverso la modalit\u00e0 telematica.<\/p>\n\n\n\n<p>Una deroga alle regole sui percorsi di abilitazione per gli anni accademici 2023\/2024 e 2024\/2025 consente lo svolgimento online fino al 50% delle attivit\u00e0 formative, con l&#8217;eccezione del tirocinio e dei laboratori. <\/p>\n\n\n\n<p>Questa misura permette ai vincitori del concorso PNRR 1 di seguire i corsi a distanza. <\/p>\n\n\n\n<p>Gli Uffici Scolastici Regionali devono comunicare al MUR, entro l&#8217;11 febbraio 2025, i seguenti dati:<\/p>\n\n\n\n<ul>\n<li><strong>La provincia di servizio di ogni docente<\/strong>;<\/li>\n\n\n\n<li><strong>Il percorso di completamento richiesto<\/strong> (30 CFU\/CFA o 36 CFU\/CFA).<\/li>\n<\/ul>\n\n\n\n<p>Queste informazioni consentiranno al Ministero di supportare le Universit\u00e0 nella creazione di collaborazioni strategiche, favorendo un accesso pi\u00f9 equo ai corsi di formazione.<\/p>\n\n\n\n<h2>La struttura dei percorsi abilitanti<\/h2>\n\n\n\n<p>Il percorso formativo abilitante si articola in due parti:<\/p>\n\n\n\n<ul>\n<li><strong>Parte generale<\/strong>: riguarda l&#8217;insegnamento della classe di concorso e si svolge in presenza presso l&#8217;Universit\u00e0 pi\u00f9 vicina alla sede di servizio del docente;<\/li>\n\n\n\n<li><strong>Parte specifica<\/strong>: approfondisce la didattica e le metodologie disciplinari ed \u00e8 erogata online in modalit\u00e0 sincrona dall&#8217;Universit\u00e0 accreditata per la classe di concorso.<\/li>\n<\/ul>\n\n\n\n<p>I docenti che seguono parte del percorso in un&#8217;istituzione vicina alla propria sede di servizio <strong>riceveranno comunque il titolo abilitante <\/strong>dall&#8217;Universit\u00e0 accreditata per la loro classe di concorso, ossia l&#8217;Ateneo presso il quale risultano formalmente iscritti.<\/p>\n\n\n\n<p>Per verificare la coerenza dei propri titoli rispetto ai requisiti richiesti per i percorsi abilitanti: <\/p>\n\n\n\n<p><\/p>\n\n\n\n<div class=\"is-layout-flex wp-block-buttons\">\n<div class=\"wp-block-button\"><a class=\"wp-block-button__link wp-element-button\" href=\"https:\/\/www.docenti.it\/valutazione-abilitazioni.html\" target=\"_blank\" rel=\"noreferrer noopener\">VERIFICA LA TUA AMMISSIONE AI BANDI<\/a><\/div>\n<\/div>\n\n\n\n<p><\/p>\n\n\n\n<p>Per ulteriori news e aggiornamenti sul mondo scuola, segui il<strong><a href=\"https:\/\/www.docenti.it\/blog\/\" target=\"_blank\" rel=\"noreferrer noopener\"> blog <\/a><\/strong>di <strong><a href=\"https:\/\/www.docenti.it\/\" target=\"_blank\" rel=\"noreferrer noopener\">Docenti.it<\/a><\/strong><\/p>\n","protected":false},"excerpt":{"rendered":"<p>Abilitazione insegnamento: il Ministero dell&#8217;Istruzione e del Merito (MIM) e il Ministero dell&#8217;Universit\u00e0 e [&hellip;]<\/p>\n","protected":false},"author":25,"featured_media":43557,"comment_status":"open","ping_status":"open","sticky":false,"template":"","format":"standard","meta":[],"categories":[496,4],"tags":[432,640,669,690],"yoast_head":"<!-- This site is optimized with the Yoast SEO plugin v20.4 - https:\/\/yoast.com\/wordpress\/plugins\/seo\/ -->\n<title>Abilitazione insegnamento: novit\u00e0 sui percorsi - Blog | Docenti.it<\/title>\n<meta name=\"description\" content=\"Abilitazione insegnamento: le novit\u00e0 rispetto alla sede presso cui \u00e8 possibile iscriversi ai percorsi abilitanti da 30 e 36 CFU.\" \/>\n<meta name=\"robots\" content=\"index, follow, max-snippet:-1, max-image-preview:large, max-video-preview:-1\" \/>\n<link rel=\"canonical\" href=\"https:\/\/www.docenti.it\/blog\/abilitazione-insegnamento-bandi\/\" \/>\n<meta property=\"og:locale\" content=\"it_IT\" \/>\n<meta property=\"og:type\" content=\"article\" \/>\n<meta property=\"og:title\" content=\"Abilitazione insegnamento: novit\u00e0 sui percorsi - Blog | Docenti.it\" \/>\n<meta property=\"og:description\" content=\"Abilitazione insegnamento: le novit\u00e0 rispetto alla sede presso cui \u00e8 possibile iscriversi ai percorsi abilitanti da 30 e 36 CFU.\" \/>\n<meta property=\"og:url\" content=\"https:\/\/www.docenti.it\/blog\/abilitazione-insegnamento-bandi\/\" \/>\n<meta property=\"og:site_name\" content=\"Blog | Docenti.it\" \/>\n<meta property=\"article:publisher\" content=\"https:\/\/www.facebook.com\/docenti.it\" \/>\n<meta property=\"article:published_time\" content=\"2025-02-11T15:22:36+00:00\" \/>\n<meta property=\"og:image\" content=\"https:\/\/www.docenti.it\/blog\/wp-content\/uploads\/2023\/01\/teacher-g596fa1c7c_640.png\" \/>\n\t<meta property=\"og:image:width\" content=\"640\" \/>\n\t<meta property=\"og:image:height\" content=\"639\" \/>\n\t<meta property=\"og:image:type\" content=\"image\/png\" \/>\n<meta name=\"author\" content=\"Gabriella Capraro\" \/>\n<meta name=\"twitter:card\" content=\"summary_large_image\" \/>\n<meta name=\"twitter:label1\" content=\"Written by\" \/>\n\t<meta name=\"twitter:data1\" content=\"Gabriella Capraro\" \/>\n\t<meta name=\"twitter:label2\" content=\"Est. reading time\" \/>\n\t<meta name=\"twitter:data2\" content=\"3 minuti\" \/>\n<script type=\"application\/ld+json\" class=\"yoast-schema-graph\">{\"@context\":\"https:\/\/schema.org\",\"@graph\":[{\"@type\":\"Article\",\"@id\":\"https:\/\/www.docenti.it\/blog\/abilitazione-insegnamento-bandi\/#article\",\"isPartOf\":{\"@id\":\"https:\/\/www.docenti.it\/blog\/abilitazione-insegnamento-bandi\/\"},\"author\":{\"name\":\"Gabriella Capraro\",\"@id\":\"https:\/\/www.docenti.it\/blog\/#\/schema\/person\/773963d3c0645bd34c150c41a13e5754\"},\"headline\":\"Abilitazione insegnamento: novit\u00e0 sui percorsi\",\"datePublished\":\"2025-02-11T15:22:36+00:00\",\"dateModified\":\"2025-02-11T15:22:36+00:00\",\"mainEntityOfPage\":{\"@id\":\"https:\/\/www.docenti.it\/blog\/abilitazione-insegnamento-bandi\/\"},\"wordCount\":537,\"commentCount\":0,\"publisher\":{\"@id\":\"https:\/\/www.docenti.it\/blog\/#organization\"},\"keywords\":[\"30 CFU\",\"36 CFU\",\"abilitazione insegnamento\",\"percorsi abilitanti\"],\"articleSection\":[\"Abilitazione insegnamento\",\"News\"],\"inLanguage\":\"it-IT\",\"potentialAction\":[{\"@type\":\"CommentAction\",\"name\":\"Comment\",\"target\":[\"https:\/\/www.docenti.it\/blog\/abilitazione-insegnamento-bandi\/#respond\"]}]},{\"@type\":\"WebPage\",\"@id\":\"https:\/\/www.docenti.it\/blog\/abilitazione-insegnamento-bandi\/\",\"url\":\"https:\/\/www.docenti.it\/blog\/abilitazione-insegnamento-bandi\/\",\"name\":\"Abilitazione insegnamento: novit\u00e0 sui percorsi - Blog | Docenti.it\",\"isPartOf\":{\"@id\":\"https:\/\/www.docenti.it\/blog\/#website\"},\"datePublished\":\"2025-02-11T15:22:36+00:00\",\"dateModified\":\"2025-02-11T15:22:36+00:00\",\"description\":\"Abilitazione insegnamento: le novit\u00e0 rispetto alla sede presso cui \u00e8 possibile iscriversi ai percorsi abilitanti da 30 e 36 CFU.\",\"breadcrumb\":{\"@id\":\"https:\/\/www.docenti.it\/blog\/abilitazione-insegnamento-bandi\/#breadcrumb\"},\"inLanguage\":\"it-IT\",\"potentialAction\":[{\"@type\":\"ReadAction\",\"target\":[\"https:\/\/www.docenti.it\/blog\/abilitazione-insegnamento-bandi\/\"]}]},{\"@type\":\"BreadcrumbList\",\"@id\":\"https:\/\/www.docenti.it\/blog\/abilitazione-insegnamento-bandi\/#breadcrumb\",\"itemListElement\":[{\"@type\":\"ListItem\",\"position\":1,\"name\":\"Home\",\"item\":\"https:\/\/www.docenti.it\/blog\/\"},{\"@type\":\"ListItem\",\"position\":2,\"name\":\"Abilitazione insegnamento: novit\u00e0 sui percorsi\"}]},{\"@type\":\"WebSite\",\"@id\":\"https:\/\/www.docenti.it\/blog\/#website\",\"url\":\"https:\/\/www.docenti.it\/blog\/\",\"name\":\"Blog | Docenti.it\",\"description\":\"Tutte le notizie e gli aggiornamenti dal mondo della scuola\",\"publisher\":{\"@id\":\"https:\/\/www.docenti.it\/blog\/#organization\"},\"potentialAction\":[{\"@type\":\"SearchAction\",\"target\":{\"@type\":\"EntryPoint\",\"urlTemplate\":\"https:\/\/www.docenti.it\/blog\/?s={search_term_string}\"},\"query-input\":\"required name=search_term_string\"}],\"inLanguage\":\"it-IT\"},{\"@type\":\"Organization\",\"@id\":\"https:\/\/www.docenti.it\/blog\/#organization\",\"name\":\"Blog | Docenti.it\",\"url\":\"https:\/\/www.docenti.it\/blog\/\",\"logo\":{\"@type\":\"ImageObject\",\"inLanguage\":\"it-IT\",\"@id\":\"https:\/\/www.docenti.it\/blog\/#\/schema\/logo\/image\/\",\"url\":\"https:\/\/www.docenti.it\/blog\/wp-content\/uploads\/2025\/06\/fb_mad_img.png\",\"contentUrl\":\"https:\/\/www.docenti.it\/blog\/wp-content\/uploads\/2025\/06\/fb_mad_img.png\",\"width\":1140,\"height\":620,\"caption\":\"Blog | Docenti.it\"},\"image\":{\"@id\":\"https:\/\/www.docenti.it\/blog\/#\/schema\/logo\/image\/\"},\"sameAs\":[\"https:\/\/www.facebook.com\/docenti.it\"]},{\"@type\":\"Person\",\"@id\":\"https:\/\/www.docenti.it\/blog\/#\/schema\/person\/773963d3c0645bd34c150c41a13e5754\",\"name\":\"Gabriella Capraro\",\"image\":{\"@type\":\"ImageObject\",\"inLanguage\":\"it-IT\",\"@id\":\"https:\/\/www.docenti.it\/blog\/#\/schema\/person\/image\/\",\"url\":\"https:\/\/secure.gravatar.com\/avatar\/17e0ab06bea064a8a7c5bef443cb7153?s=96&d=mm&r=g\",\"contentUrl\":\"https:\/\/secure.gravatar.com\/avatar\/17e0ab06bea064a8a7c5bef443cb7153?s=96&d=mm&r=g\",\"caption\":\"Gabriella Capraro\"},\"description\":\"Copywriter e digital strategist, collabora come articolista e autrice per diverse piattaforme online, spaziando da tematiche scolastiche\/istituzionali a letterarie e musicali.\",\"url\":\"https:\/\/www.docenti.it\/blog\/author\/gcapraro\/\"}]}<\/script>\n<!-- \/ Yoast SEO plugin. -->","yoast_head_json":{"title":"Abilitazione insegnamento: novit\u00e0 sui percorsi - Blog | Docenti.it","description":"Abilitazione insegnamento: le novit\u00e0 rispetto alla sede presso cui \u00e8 possibile iscriversi ai percorsi abilitanti da 30 e 36 CFU.","robots":{"index":"index","follow":"follow","max-snippet":"max-snippet:-1","max-image-preview":"max-image-preview:large","max-video-preview":"max-video-preview:-1"},"canonical":"https:\/\/www.docenti.it\/blog\/abilitazione-insegnamento-bandi\/","og_locale":"it_IT","og_type":"article","og_title":"Abilitazione insegnamento: novit\u00e0 sui percorsi - Blog | Docenti.it","og_description":"Abilitazione insegnamento: le novit\u00e0 rispetto alla sede presso cui \u00e8 possibile iscriversi ai percorsi abilitanti da 30 e 36 CFU.","og_url":"https:\/\/www.docenti.it\/blog\/abilitazione-insegnamento-bandi\/","og_site_name":"Blog | Docenti.it","article_publisher":"https:\/\/www.facebook.com\/docenti.it","article_published_time":"2025-02-11T15:22:36+00:00","og_image":[{"width":640,"height":639,"url":"https:\/\/www.docenti.it\/blog\/wp-content\/uploads\/2023\/01\/teacher-g596fa1c7c_640.png","type":"image\/png"}],"author":"Gabriella Capraro","twitter_card":"summary_large_image","twitter_misc":{"Written by":"Gabriella Capraro","Est. reading time":"3 minuti"},"schema":{"@context":"https:\/\/schema.org","@graph":[{"@type":"Article","@id":"https:\/\/www.docenti.it\/blog\/abilitazione-insegnamento-bandi\/#article","isPartOf":{"@id":"https:\/\/www.docenti.it\/blog\/abilitazione-insegnamento-bandi\/"},"author":{"name":"Gabriella Capraro","@id":"https:\/\/www.docenti.it\/blog\/#\/schema\/person\/773963d3c0645bd34c150c41a13e5754"},"headline":"Abilitazione insegnamento: novit\u00e0 sui percorsi","datePublished":"2025-02-11T15:22:36+00:00","dateModified":"2025-02-11T15:22:36+00:00","mainEntityOfPage":{"@id":"https:\/\/www.docenti.it\/blog\/abilitazione-insegnamento-bandi\/"},"wordCount":537,"commentCount":0,"publisher":{"@id":"https:\/\/www.docenti.it\/blog\/#organization"},"keywords":["30 CFU","36 CFU","abilitazione insegnamento","percorsi abilitanti"],"articleSection":["Abilitazione insegnamento","News"],"inLanguage":"it-IT","potentialAction":[{"@type":"CommentAction","name":"Comment","target":["https:\/\/www.docenti.it\/blog\/abilitazione-insegnamento-bandi\/#respond"]}]},{"@type":"WebPage","@id":"https:\/\/www.docenti.it\/blog\/abilitazione-insegnamento-bandi\/","url":"https:\/\/www.docenti.it\/blog\/abilitazione-insegnamento-bandi\/","name":"Abilitazione insegnamento: novit\u00e0 sui percorsi - Blog | Docenti.it","isPartOf":{"@id":"https:\/\/www.docenti.it\/blog\/#website"},"datePublished":"2025-02-11T15:22:36+00:00","dateModified":"2025-02-11T15:22:36+00:00","description":"Abilitazione insegnamento: le novit\u00e0 rispetto alla sede presso cui \u00e8 possibile iscriversi ai percorsi abilitanti da 30 e 36 CFU.","breadcrumb":{"@id":"https:\/\/www.docenti.it\/blog\/abilitazione-insegnamento-bandi\/#breadcrumb"},"inLanguage":"it-IT","potentialAction":[{"@type":"ReadAction","target":["https:\/\/www.docenti.it\/blog\/abilitazione-insegnamento-bandi\/"]}]},{"@type":"BreadcrumbList","@id":"https:\/\/www.docenti.it\/blog\/abilitazione-insegnamento-bandi\/#breadcrumb","itemListElement":[{"@type":"ListItem","position":1,"name":"Home","item":"https:\/\/www.docenti.it\/blog\/"},{"@type":"ListItem","position":2,"name":"Abilitazione insegnamento: novit\u00e0 sui percorsi"}]},{"@type":"WebSite","@id":"https:\/\/www.docenti.it\/blog\/#website","url":"https:\/\/www.docenti.it\/blog\/","name":"Blog | Docenti.it","description":"Tutte le notizie e gli aggiornamenti dal mondo della scuola","publisher":{"@id":"https:\/\/www.docenti.it\/blog\/#organization"},"potentialAction":[{"@type":"SearchAction","target":{"@type":"EntryPoint","urlTemplate":"https:\/\/www.docenti.it\/blog\/?s={search_term_string}"},"query-input":"required name=search_term_string"}],"inLanguage":"it-IT"},{"@type":"Organization","@id":"https:\/\/www.docenti.it\/blog\/#organization","name":"Blog | Docenti.it","url":"https:\/\/www.docenti.it\/blog\/","logo":{"@type":"ImageObject","inLanguage":"it-IT","@id":"https:\/\/www.docenti.it\/blog\/#\/schema\/logo\/image\/","url":"https:\/\/www.docenti.it\/blog\/wp-content\/uploads\/2025\/06\/fb_mad_img.png","contentUrl":"https:\/\/www.docenti.it\/blog\/wp-content\/uploads\/2025\/06\/fb_mad_img.png","width":1140,"height":620,"caption":"Blog | Docenti.it"},"image":{"@id":"https:\/\/www.docenti.it\/blog\/#\/schema\/logo\/image\/"},"sameAs":["https:\/\/www.facebook.com\/docenti.it"]},{"@type":"Person","@id":"https:\/\/www.docenti.it\/blog\/#\/schema\/person\/773963d3c0645bd34c150c41a13e5754","name":"Gabriella Capraro","image":{"@type":"ImageObject","inLanguage":"it-IT","@id":"https:\/\/www.docenti.it\/blog\/#\/schema\/person\/image\/","url":"https:\/\/secure.gravatar.com\/avatar\/17e0ab06bea064a8a7c5bef443cb7153?s=96&d=mm&r=g","contentUrl":"https:\/\/secure.gravatar.com\/avatar\/17e0ab06bea064a8a7c5bef443cb7153?s=96&d=mm&r=g","caption":"Gabriella Capraro"},"description":"Copywriter e digital strategist, collabora come articolista e autrice per diverse piattaforme online, spaziando da tematiche scolastiche\/istituzionali a letterarie e musicali.","url":"https:\/\/www.docenti.it\/blog\/author\/gcapraro\/"}]}},"_links":{"self":[{"href":"https:\/\/www.docenti.it\/blog\/wp-json\/wp\/v2\/posts\/46275"}],"collection":[{"href":"https:\/\/www.docenti.it\/blog\/wp-json\/wp\/v2\/posts"}],"about":[{"href":"https:\/\/www.docenti.it\/blog\/wp-json\/wp\/v2\/types\/post"}],"author":[{"embeddable":true,"href":"https:\/\/www.docenti.it\/blog\/wp-json\/wp\/v2\/users\/25"}],"replies":[{"embeddable":true,"href":"https:\/\/www.docenti.it\/blog\/wp-json\/wp\/v2\/comments?post=46275"}],"version-history":[{"count":1,"href":"https:\/\/www.docenti.it\/blog\/wp-json\/wp\/v2\/posts\/46275\/revisions"}],"predecessor-version":[{"id":46276,"href":"https:\/\/www.docenti.it\/blog\/wp-json\/wp\/v2\/posts\/46275\/revisions\/46276"}],"wp:featuredmedia":[{"embeddable":true,"href":"https:\/\/www.docenti.it\/blog\/wp-json\/wp\/v2\/media\/43557"}],"wp:attachment":[{"href":"https:\/\/www.docenti.it\/blog\/wp-json\/wp\/v2\/media?parent=46275"}],"wp:term":[{"taxonomy":"category","embeddable":true,"href":"https:\/\/www.docenti.it\/blog\/wp-json\/wp\/v2\/categories?post=46275"},{"taxonomy":"post_tag","embeddable":true,"href":"https:\/\/www.docenti.it\/blog\/wp-json\/wp\/v2\/tags?post=46275"}],"curies":[{"name":"wp","href":"https:\/\/api.w.org\/{rel}","templated":true}]}}