{"id":46405,"date":"2025-04-09T18:22:51","date_gmt":"2025-04-09T16:22:51","guid":{"rendered":"https:\/\/www.docenti.it\/blog\/?p=46405"},"modified":"2025-04-13T15:11:33","modified_gmt":"2025-04-13T13:11:33","slug":"percorsi-indire-2025-faq","status":"publish","type":"post","link":"https:\/\/www.docenti.it\/blog\/percorsi-indire-2025-faq\/","title":{"rendered":"Percorsi INDIRE 2025 e D.M. n. 270: le F.A.Q. dei nostri utenti"},"content":{"rendered":"\n<p>Percorsi INDIRE 2025: introdotti per offrire una via semplificata alla specializzazione, i percorsi INDIRE sono pensati in particolare per gli insegnanti che hanno maturato <strong>almeno tre anni di servizio su sostegno<\/strong> senza titolo specifico o per coloro in attesa di riconoscimento di una <strong>specializzazione conseguita all\u2019estero<\/strong>.<\/p>\n\n\n\n<p>Questo approfondimento, organizzato in forma di <strong>FAQ<\/strong>, risponde alle domande pi\u00f9 frequenti sui requisiti, le modalit\u00e0 di accesso, la compatibilit\u00e0 con altri percorsi formativi e le tempistiche legate all&#8217;avvio e alla conclusione dei percorsi INDIRE.<\/p>\n\n\n\n<h2>Percorsi INDIRE 2025: le domande pi\u00f9 frequenti<\/h2>\n\n\n\n<h3><strong>\u00c8 possibile frequentare contemporaneamente un percorso abilitante e un percorso INDIRE?<\/strong><\/h3>\n\n\n\n<p>Ad oggi non \u00e8 ancora chiaro. La normativa non consente l&#8217;iscrizione contemporanea a due corsi universitari obbligatori, ma <strong>in passato sono state concesse deroghe<\/strong>. Una nuova deroga \u00e8 <strong>auspicabile<\/strong> anche per INDIRE.<\/p>\n\n\n\n<h3><strong>Chi ha tre anni di servizio su sostegno ma ha conseguito dopo il titolo d\u2019accesso, pu\u00f2 partecipare?<\/strong><\/h3>\n\n\n\n<p>La normativa <strong>non \u00e8 ancora chiara<\/strong>. Serve sicuramente:<\/p>\n\n\n\n<ul>\n<li>Il <strong>titolo d\u2019accesso<\/strong>;<\/li>\n\n\n\n<li><strong>Tre anni di servizio su sostegno<\/strong>, anche non consecutivi, in scuole statali o paritarie.<\/li>\n<\/ul>\n\n\n\n<h3><strong>I 24 CFU aiutano ad accedere ai percorsi INDIRE per il sostegno?<\/strong><\/h3>\n\n\n\n<p><strong>No<\/strong>, non sono considerati. I percorsi INDIRE si basano <strong>sul servizio svolto<\/strong>, non sui 24 CFU.<\/p>\n\n\n\n<h3><strong>Chi sta frequentando il TFA e attende il riconoscimento di un titolo estero pu\u00f2 accedere a INDIRE?<\/strong><\/h3>\n\n\n\n<p>Solo se <strong>rinuncia alla procedura di riconoscimento<\/strong> del titolo estero. L\u2019iscrizione a INDIRE esclude la possibilit\u00e0 di ottenere il riconoscimento.<\/p>\n\n\n\n<h3><strong>I diplomati magistrali possono partecipare ai percorsi INDIRE?<\/strong><\/h3>\n\n\n\n<p>S\u00ec, se:<\/p>\n\n\n\n<ul>\n<li>Hanno un <strong>diploma magistrale conseguito entro il 2002<\/strong> (o una laurea in Scienze della Formazione Primaria);<\/li>\n\n\n\n<li>Hanno <strong>tre anni di servizio su sostegno<\/strong> nel relativo grado.<\/li>\n<\/ul>\n\n\n\n<h3><strong>Chi ha lavorato tramite MAD senza titolo pu\u00f2 accedere?<\/strong><\/h3>\n\n\n\n<p><strong>No<\/strong>, serve il titolo d\u2019accesso per partecipare ai percorsi INDIRE.<\/p>\n\n\n\n<h3><strong>L\u2019anno scolastico in corso \u00e8 valido come tirocinio per INDIRE estero?<\/strong><\/h3>\n\n\n\n<p>Per ora <strong>non si sa<\/strong>. In ogni caso, l\u2019anno scolastico in corso <strong>non conta<\/strong> tra i tre anni richiesti per accedere.<\/p>\n\n\n\n<h3><strong>I corsi saranno online?<\/strong><\/h3>\n\n\n\n<p>S\u00ec, tutti i percorsi saranno erogati <strong>a distanza<\/strong>. La differenza \u00e8 nel titolo rilasciato:<\/p>\n\n\n\n<ul>\n<li>Se erogati da INDIRE: <strong>titolo non universitario<\/strong>, valido solo in Italia;<\/li>\n\n\n\n<li>Se erogati da universit\u00e0 convenzionate: <strong>titolo universitario<\/strong>, valido anche all\u2019estero.<\/li>\n<\/ul>\n\n\n\n<h2>Percorsi INDIRE 2025 e compatibilit\u00e0 con i 24 CFU<\/h2>\n\n\n\n<h3><strong>Chi ha i 24 CFU pu\u00f2 accedere ai percorsi abilitanti anche senza concorso?<\/strong><\/h3>\n\n\n\n<p>S\u00ec, se i 24 CFU sono stati conseguiti entro il <strong>31 ottobre 2022<\/strong>. \u00c8 possibile ottenere il <strong>riconoscimento dei CFU<\/strong> gi\u00e0 acquisiti e completare solo quelli mancanti.<\/p>\n\n\n\n<h3><strong>Come verranno distribuiti i posti per le varie classi di concorso?<\/strong><\/h3>\n\n\n\n<p>In base al <strong>fabbisogno territoriale<\/strong>. Anche dove non ci sono universit\u00e0 attive, il Ministero ha comunque previsto posti minimi.<br>\u00c8 possibile fare domanda anche in un\u2019universit\u00e0 <strong>fuori regione<\/strong>, ma attenzione a:<\/p>\n\n\n\n<ul>\n<li><strong>Lezioni online solo fino al 50%<\/strong>;<\/li>\n\n\n\n<li><strong>Laboratori e tirocini in presenza<\/strong>.<\/li>\n<\/ul>\n\n\n\n<h2>F.A.Q. percorsi INDIRE 2025 e inserimento nelle graduatorie GPS<\/h2>\n\n\n\n<h3><strong>Chi frequenta il TFA potr\u00e0 essere assunto insieme a chi conclude il percorso INDIRE?<\/strong><\/h3>\n\n\n\n<p>Solo se i percorsi si concluderanno <strong>entro il 31 agosto<\/strong>, data limite per le assunzioni straordinarie da prima fascia. Ma i tempi tecnici <strong>non lo garantiscono<\/strong>.<\/p>\n\n\n\n<h3><strong>Chi conclude il percorso abilitante entro giugno 2025 pu\u00f2 inserirsi in GPS?<\/strong><\/h3>\n\n\n\n<p>S\u00ec, negli <strong>elenchi aggiuntivi<\/strong> che si aprono ad aprile. L\u2019iscrizione avviene <strong>con riserva<\/strong>, da sciogliere entro il 30 giugno 2025.<\/p>\n\n\n\n<h3><strong>Quanti punti varranno i percorsi INDIRE nei concorsi?<\/strong><\/h3>\n\n\n\n<p>Non \u00e8 stato ancora comunicato.<\/p>\n\n\n\n<h3><strong>Se i percorsi INDIRE iniziano in ritardo, finiranno comunque entro agosto?<\/strong><\/h3>\n\n\n\n<p>Molto difficile. Per rientrare nei termini delle assunzioni serve che:<\/p>\n\n\n\n<ul>\n<li>I bandi siano gi\u00e0 pubblicati;<\/li>\n\n\n\n<li>I percorsi siano <strong>conclusi entro giugno<\/strong>, cosa improbabile.<\/li>\n<\/ul>\n\n\n\n<h3><strong>Se i percorsi finiscono entro giugno, si pu\u00f2 entrare nella finestra GPS?<\/strong><\/h3>\n\n\n\n<p>Solo se <strong>iniziati e conclusi entro quella data<\/strong>, cosa poco probabile.<\/p>\n\n\n\n<h3><strong>Chi conclude INDIRE dopo il 30 giugno potr\u00e0 essere assunto da GPS?<\/strong><\/h3>\n\n\n\n<p><strong>No<\/strong>, perch\u00e9 la riserva si scioglie solo con il titolo entro il 30 giugno.<\/p>\n\n\n\n<p><\/p>\n\n\n\n<p>L&#8217;inserimento a pieno titolo nel mondo scolastico rappresenta un&#8217;opportunit\u00e0 di un impiego sicuro e duraturo per molti aspiranti docenti, oltre che una passione. <\/p>\n\n\n\n<p>Una delle difficolt\u00e0 maggiori \u00e8, da sempre, la moltitudine di informazioni, soprattutto di natura burocratica e normativa, e le barriere all&#8217;ingresso per i neofiti del mondo scolastico. <\/p>\n\n\n\n<p>Per questa ragione \u00e8 nostra premura informare studenti, docenti e aspiranti tali di ogni news o approfondimento che pu\u00f2 risultare utile. <\/p>\n\n\n\n<p>Per un&#8217;aggiornamento costante sui requisiti, le modalit\u00e0 e il funzionamento dei percorsi INDIRE: <\/p>\n\n\n<p><a href=\"https:\/\/www.docenti.it\/blog\/In%20primo%20piano\/percorsi-indire-sostegno-2025\/\" target=\"_blank\" rel=\"noopener\">Percorsi INDIRE sostegno 2025: dettagli<\/a><\/p>\n\n\n<p>Per qualsiasi informazione sui percorsi: <\/p>\n\n\n\n<p><\/p>\n\n\n\n<div class=\"is-layout-flex wp-block-buttons\">\n<div class=\"wp-block-button\"><a class=\"wp-block-button__link wp-element-button\" href=\"https:\/\/www.docenti.it\/contatti.html\" target=\"_blank\" rel=\"noreferrer noopener\">CONTATTA I NOSTRI CONSULENTI<\/a><\/div>\n<\/div>\n\n\n\n<p><\/p>\n\n\n\n<p>Nel frattempo, resta aggiornato su tutte le news sul mondo scuola, segui la sezione\u00a0<strong><a href=\"https:\/\/www.docenti.it\/blog\/\" target=\"_blank\" rel=\"noreferrer noopener\">Blog\u00a0<\/a><\/strong>del portale<strong><a href=\"https:\/\/www.docenti.it\/\" target=\"_blank\" rel=\"noreferrer noopener\">\u00a0Docenti.it<\/a><\/strong>.<\/p>\n\n\n\n<p><\/p>\n\n\n\n<p><\/p>\n","protected":false},"excerpt":{"rendered":"<p>Percorsi INDIRE 2025: introdotti per offrire una via semplificata alla specializzazione, i percorsi INDIRE [&hellip;]<\/p>\n","protected":false},"author":25,"featured_media":44949,"comment_status":"open","ping_status":"open","sticky":false,"template":"","format":"standard","meta":[],"categories":[1,3],"tags":[820,842,841],"yoast_head":"<!-- This site is optimized with the Yoast SEO plugin v20.4 - https:\/\/yoast.com\/wordpress\/plugins\/seo\/ -->\n<title>Percorsi INDIRE 2025 e D.M. n. 270: le F.A.Q. dei nostri utenti - Blog | Docenti.it<\/title>\n<meta name=\"description\" content=\"Percorsi INDIRE 2025: tutte le domande pi\u00f9 frequenti dei nostri lettori in merito ai requisiti, novit\u00e0 e funzionamento dei percorsi.\" \/>\n<meta name=\"robots\" content=\"index, follow, max-snippet:-1, max-image-preview:large, max-video-preview:-1\" \/>\n<link rel=\"canonical\" href=\"https:\/\/www.docenti.it\/blog\/percorsi-indire-2025-faq\/\" \/>\n<meta property=\"og:locale\" content=\"it_IT\" \/>\n<meta property=\"og:type\" content=\"article\" \/>\n<meta property=\"og:title\" content=\"Percorsi INDIRE 2025 e D.M. n. 270: le F.A.Q. dei nostri utenti - Blog | Docenti.it\" \/>\n<meta property=\"og:description\" content=\"Percorsi INDIRE 2025: tutte le domande pi\u00f9 frequenti dei nostri lettori in merito ai requisiti, novit\u00e0 e funzionamento dei percorsi.\" \/>\n<meta property=\"og:url\" content=\"https:\/\/www.docenti.it\/blog\/percorsi-indire-2025-faq\/\" \/>\n<meta property=\"og:site_name\" content=\"Blog | Docenti.it\" \/>\n<meta property=\"article:publisher\" content=\"https:\/\/www.facebook.com\/docenti.it\" \/>\n<meta property=\"article:published_time\" content=\"2025-04-09T16:22:51+00:00\" \/>\n<meta property=\"article:modified_time\" content=\"2025-04-13T13:11:33+00:00\" \/>\n<meta property=\"og:image\" content=\"https:\/\/www.docenti.it\/blog\/wp-content\/uploads\/2023\/02\/lecture-g1b1941676_640.jpg\" \/>\n\t<meta property=\"og:image:width\" content=\"640\" \/>\n\t<meta property=\"og:image:height\" content=\"427\" \/>\n\t<meta property=\"og:image:type\" content=\"image\/jpeg\" \/>\n<meta name=\"author\" content=\"Gabriella Capraro\" \/>\n<meta name=\"twitter:card\" content=\"summary_large_image\" \/>\n<meta name=\"twitter:label1\" content=\"Written by\" \/>\n\t<meta name=\"twitter:data1\" content=\"Gabriella Capraro\" \/>\n\t<meta name=\"twitter:label2\" content=\"Est. reading time\" \/>\n\t<meta name=\"twitter:data2\" content=\"4 minuti\" \/>\n<script type=\"application\/ld+json\" class=\"yoast-schema-graph\">{\"@context\":\"https:\/\/schema.org\",\"@graph\":[{\"@type\":\"Article\",\"@id\":\"https:\/\/www.docenti.it\/blog\/percorsi-indire-2025-faq\/#article\",\"isPartOf\":{\"@id\":\"https:\/\/www.docenti.it\/blog\/percorsi-indire-2025-faq\/\"},\"author\":{\"name\":\"Gabriella Capraro\",\"@id\":\"https:\/\/www.docenti.it\/blog\/#\/schema\/person\/773963d3c0645bd34c150c41a13e5754\"},\"headline\":\"Percorsi INDIRE 2025 e D.M. n. 270: le F.A.Q. dei nostri utenti\",\"datePublished\":\"2025-04-09T16:22:51+00:00\",\"dateModified\":\"2025-04-13T13:11:33+00:00\",\"mainEntityOfPage\":{\"@id\":\"https:\/\/www.docenti.it\/blog\/percorsi-indire-2025-faq\/\"},\"wordCount\":754,\"commentCount\":0,\"publisher\":{\"@id\":\"https:\/\/www.docenti.it\/blog\/#organization\"},\"keywords\":[\"percorsi INDIRE\",\"percorsi INDIRE 2025\",\"percorsi indire sostegno\"],\"articleSection\":[\"FAQ\",\"Normativa\"],\"inLanguage\":\"it-IT\",\"potentialAction\":[{\"@type\":\"CommentAction\",\"name\":\"Comment\",\"target\":[\"https:\/\/www.docenti.it\/blog\/percorsi-indire-2025-faq\/#respond\"]}]},{\"@type\":\"WebPage\",\"@id\":\"https:\/\/www.docenti.it\/blog\/percorsi-indire-2025-faq\/\",\"url\":\"https:\/\/www.docenti.it\/blog\/percorsi-indire-2025-faq\/\",\"name\":\"Percorsi INDIRE 2025 e D.M. n. 270: le F.A.Q. dei nostri utenti - Blog | Docenti.it\",\"isPartOf\":{\"@id\":\"https:\/\/www.docenti.it\/blog\/#website\"},\"datePublished\":\"2025-04-09T16:22:51+00:00\",\"dateModified\":\"2025-04-13T13:11:33+00:00\",\"description\":\"Percorsi INDIRE 2025: tutte le domande pi\u00f9 frequenti dei nostri lettori in merito ai requisiti, novit\u00e0 e funzionamento dei percorsi.\",\"breadcrumb\":{\"@id\":\"https:\/\/www.docenti.it\/blog\/percorsi-indire-2025-faq\/#breadcrumb\"},\"inLanguage\":\"it-IT\",\"potentialAction\":[{\"@type\":\"ReadAction\",\"target\":[\"https:\/\/www.docenti.it\/blog\/percorsi-indire-2025-faq\/\"]}]},{\"@type\":\"BreadcrumbList\",\"@id\":\"https:\/\/www.docenti.it\/blog\/percorsi-indire-2025-faq\/#breadcrumb\",\"itemListElement\":[{\"@type\":\"ListItem\",\"position\":1,\"name\":\"Home\",\"item\":\"https:\/\/www.docenti.it\/blog\/\"},{\"@type\":\"ListItem\",\"position\":2,\"name\":\"Percorsi INDIRE 2025 e D.M. n. 270: le F.A.Q. dei nostri utenti\"}]},{\"@type\":\"WebSite\",\"@id\":\"https:\/\/www.docenti.it\/blog\/#website\",\"url\":\"https:\/\/www.docenti.it\/blog\/\",\"name\":\"Blog | Docenti.it\",\"description\":\"Tutte le notizie e gli aggiornamenti dal mondo della scuola\",\"publisher\":{\"@id\":\"https:\/\/www.docenti.it\/blog\/#organization\"},\"potentialAction\":[{\"@type\":\"SearchAction\",\"target\":{\"@type\":\"EntryPoint\",\"urlTemplate\":\"https:\/\/www.docenti.it\/blog\/?s={search_term_string}\"},\"query-input\":\"required name=search_term_string\"}],\"inLanguage\":\"it-IT\"},{\"@type\":\"Organization\",\"@id\":\"https:\/\/www.docenti.it\/blog\/#organization\",\"name\":\"Blog | Docenti.it\",\"url\":\"https:\/\/www.docenti.it\/blog\/\",\"logo\":{\"@type\":\"ImageObject\",\"inLanguage\":\"it-IT\",\"@id\":\"https:\/\/www.docenti.it\/blog\/#\/schema\/logo\/image\/\",\"url\":\"https:\/\/www.docenti.it\/blog\/wp-content\/uploads\/2025\/06\/fb_mad_img.png\",\"contentUrl\":\"https:\/\/www.docenti.it\/blog\/wp-content\/uploads\/2025\/06\/fb_mad_img.png\",\"width\":1140,\"height\":620,\"caption\":\"Blog | Docenti.it\"},\"image\":{\"@id\":\"https:\/\/www.docenti.it\/blog\/#\/schema\/logo\/image\/\"},\"sameAs\":[\"https:\/\/www.facebook.com\/docenti.it\"]},{\"@type\":\"Person\",\"@id\":\"https:\/\/www.docenti.it\/blog\/#\/schema\/person\/773963d3c0645bd34c150c41a13e5754\",\"name\":\"Gabriella Capraro\",\"image\":{\"@type\":\"ImageObject\",\"inLanguage\":\"it-IT\",\"@id\":\"https:\/\/www.docenti.it\/blog\/#\/schema\/person\/image\/\",\"url\":\"https:\/\/secure.gravatar.com\/avatar\/17e0ab06bea064a8a7c5bef443cb7153?s=96&d=mm&r=g\",\"contentUrl\":\"https:\/\/secure.gravatar.com\/avatar\/17e0ab06bea064a8a7c5bef443cb7153?s=96&d=mm&r=g\",\"caption\":\"Gabriella Capraro\"},\"description\":\"Copywriter e digital strategist, collabora come articolista e autrice per diverse piattaforme online, spaziando da tematiche scolastiche\/istituzionali a letterarie e musicali.\",\"url\":\"https:\/\/www.docenti.it\/blog\/author\/gcapraro\/\"}]}<\/script>\n<!-- \/ Yoast SEO plugin. -->","yoast_head_json":{"title":"Percorsi INDIRE 2025 e D.M. n. 270: le F.A.Q. dei nostri utenti - Blog | Docenti.it","description":"Percorsi INDIRE 2025: tutte le domande pi\u00f9 frequenti dei nostri lettori in merito ai requisiti, novit\u00e0 e funzionamento dei percorsi.","robots":{"index":"index","follow":"follow","max-snippet":"max-snippet:-1","max-image-preview":"max-image-preview:large","max-video-preview":"max-video-preview:-1"},"canonical":"https:\/\/www.docenti.it\/blog\/percorsi-indire-2025-faq\/","og_locale":"it_IT","og_type":"article","og_title":"Percorsi INDIRE 2025 e D.M. n. 270: le F.A.Q. dei nostri utenti - Blog | Docenti.it","og_description":"Percorsi INDIRE 2025: tutte le domande pi\u00f9 frequenti dei nostri lettori in merito ai requisiti, novit\u00e0 e funzionamento dei percorsi.","og_url":"https:\/\/www.docenti.it\/blog\/percorsi-indire-2025-faq\/","og_site_name":"Blog | Docenti.it","article_publisher":"https:\/\/www.facebook.com\/docenti.it","article_published_time":"2025-04-09T16:22:51+00:00","article_modified_time":"2025-04-13T13:11:33+00:00","og_image":[{"width":640,"height":427,"url":"https:\/\/www.docenti.it\/blog\/wp-content\/uploads\/2023\/02\/lecture-g1b1941676_640.jpg","type":"image\/jpeg"}],"author":"Gabriella Capraro","twitter_card":"summary_large_image","twitter_misc":{"Written by":"Gabriella Capraro","Est. reading time":"4 minuti"},"schema":{"@context":"https:\/\/schema.org","@graph":[{"@type":"Article","@id":"https:\/\/www.docenti.it\/blog\/percorsi-indire-2025-faq\/#article","isPartOf":{"@id":"https:\/\/www.docenti.it\/blog\/percorsi-indire-2025-faq\/"},"author":{"name":"Gabriella Capraro","@id":"https:\/\/www.docenti.it\/blog\/#\/schema\/person\/773963d3c0645bd34c150c41a13e5754"},"headline":"Percorsi INDIRE 2025 e D.M. n. 270: le F.A.Q. dei nostri utenti","datePublished":"2025-04-09T16:22:51+00:00","dateModified":"2025-04-13T13:11:33+00:00","mainEntityOfPage":{"@id":"https:\/\/www.docenti.it\/blog\/percorsi-indire-2025-faq\/"},"wordCount":754,"commentCount":0,"publisher":{"@id":"https:\/\/www.docenti.it\/blog\/#organization"},"keywords":["percorsi INDIRE","percorsi INDIRE 2025","percorsi indire sostegno"],"articleSection":["FAQ","Normativa"],"inLanguage":"it-IT","potentialAction":[{"@type":"CommentAction","name":"Comment","target":["https:\/\/www.docenti.it\/blog\/percorsi-indire-2025-faq\/#respond"]}]},{"@type":"WebPage","@id":"https:\/\/www.docenti.it\/blog\/percorsi-indire-2025-faq\/","url":"https:\/\/www.docenti.it\/blog\/percorsi-indire-2025-faq\/","name":"Percorsi INDIRE 2025 e D.M. n. 270: le F.A.Q. dei nostri utenti - Blog | Docenti.it","isPartOf":{"@id":"https:\/\/www.docenti.it\/blog\/#website"},"datePublished":"2025-04-09T16:22:51+00:00","dateModified":"2025-04-13T13:11:33+00:00","description":"Percorsi INDIRE 2025: tutte le domande pi\u00f9 frequenti dei nostri lettori in merito ai requisiti, novit\u00e0 e funzionamento dei percorsi.","breadcrumb":{"@id":"https:\/\/www.docenti.it\/blog\/percorsi-indire-2025-faq\/#breadcrumb"},"inLanguage":"it-IT","potentialAction":[{"@type":"ReadAction","target":["https:\/\/www.docenti.it\/blog\/percorsi-indire-2025-faq\/"]}]},{"@type":"BreadcrumbList","@id":"https:\/\/www.docenti.it\/blog\/percorsi-indire-2025-faq\/#breadcrumb","itemListElement":[{"@type":"ListItem","position":1,"name":"Home","item":"https:\/\/www.docenti.it\/blog\/"},{"@type":"ListItem","position":2,"name":"Percorsi INDIRE 2025 e D.M. n. 270: le F.A.Q. dei nostri utenti"}]},{"@type":"WebSite","@id":"https:\/\/www.docenti.it\/blog\/#website","url":"https:\/\/www.docenti.it\/blog\/","name":"Blog | Docenti.it","description":"Tutte le notizie e gli aggiornamenti dal mondo della scuola","publisher":{"@id":"https:\/\/www.docenti.it\/blog\/#organization"},"potentialAction":[{"@type":"SearchAction","target":{"@type":"EntryPoint","urlTemplate":"https:\/\/www.docenti.it\/blog\/?s={search_term_string}"},"query-input":"required name=search_term_string"}],"inLanguage":"it-IT"},{"@type":"Organization","@id":"https:\/\/www.docenti.it\/blog\/#organization","name":"Blog | Docenti.it","url":"https:\/\/www.docenti.it\/blog\/","logo":{"@type":"ImageObject","inLanguage":"it-IT","@id":"https:\/\/www.docenti.it\/blog\/#\/schema\/logo\/image\/","url":"https:\/\/www.docenti.it\/blog\/wp-content\/uploads\/2025\/06\/fb_mad_img.png","contentUrl":"https:\/\/www.docenti.it\/blog\/wp-content\/uploads\/2025\/06\/fb_mad_img.png","width":1140,"height":620,"caption":"Blog | Docenti.it"},"image":{"@id":"https:\/\/www.docenti.it\/blog\/#\/schema\/logo\/image\/"},"sameAs":["https:\/\/www.facebook.com\/docenti.it"]},{"@type":"Person","@id":"https:\/\/www.docenti.it\/blog\/#\/schema\/person\/773963d3c0645bd34c150c41a13e5754","name":"Gabriella Capraro","image":{"@type":"ImageObject","inLanguage":"it-IT","@id":"https:\/\/www.docenti.it\/blog\/#\/schema\/person\/image\/","url":"https:\/\/secure.gravatar.com\/avatar\/17e0ab06bea064a8a7c5bef443cb7153?s=96&d=mm&r=g","contentUrl":"https:\/\/secure.gravatar.com\/avatar\/17e0ab06bea064a8a7c5bef443cb7153?s=96&d=mm&r=g","caption":"Gabriella Capraro"},"description":"Copywriter e digital strategist, collabora come articolista e autrice per diverse piattaforme online, spaziando da tematiche scolastiche\/istituzionali a letterarie e musicali.","url":"https:\/\/www.docenti.it\/blog\/author\/gcapraro\/"}]}},"_links":{"self":[{"href":"https:\/\/www.docenti.it\/blog\/wp-json\/wp\/v2\/posts\/46405"}],"collection":[{"href":"https:\/\/www.docenti.it\/blog\/wp-json\/wp\/v2\/posts"}],"about":[{"href":"https:\/\/www.docenti.it\/blog\/wp-json\/wp\/v2\/types\/post"}],"author":[{"embeddable":true,"href":"https:\/\/www.docenti.it\/blog\/wp-json\/wp\/v2\/users\/25"}],"replies":[{"embeddable":true,"href":"https:\/\/www.docenti.it\/blog\/wp-json\/wp\/v2\/comments?post=46405"}],"version-history":[{"count":2,"href":"https:\/\/www.docenti.it\/blog\/wp-json\/wp\/v2\/posts\/46405\/revisions"}],"predecessor-version":[{"id":46416,"href":"https:\/\/www.docenti.it\/blog\/wp-json\/wp\/v2\/posts\/46405\/revisions\/46416"}],"wp:featuredmedia":[{"embeddable":true,"href":"https:\/\/www.docenti.it\/blog\/wp-json\/wp\/v2\/media\/44949"}],"wp:attachment":[{"href":"https:\/\/www.docenti.it\/blog\/wp-json\/wp\/v2\/media?parent=46405"}],"wp:term":[{"taxonomy":"category","embeddable":true,"href":"https:\/\/www.docenti.it\/blog\/wp-json\/wp\/v2\/categories?post=46405"},{"taxonomy":"post_tag","embeddable":true,"href":"https:\/\/www.docenti.it\/blog\/wp-json\/wp\/v2\/tags?post=46405"}],"curies":[{"name":"wp","href":"https:\/\/api.w.org\/{rel}","templated":true}]}}