{"id":46479,"date":"2025-05-02T20:34:30","date_gmt":"2025-05-02T18:34:30","guid":{"rendered":"https:\/\/www.docenti.it\/blog\/?p=46479"},"modified":"2025-05-02T20:34:30","modified_gmt":"2025-05-02T18:34:30","slug":"scioglimento-riserva-ciad-come-fare-domanda","status":"publish","type":"post","link":"https:\/\/www.docenti.it\/blog\/scioglimento-riserva-ciad-come-fare-domanda\/","title":{"rendered":"Scioglimento riserva CIAD: cosa inserire nella domanda"},"content":{"rendered":"\n<p>Scioglimento riserva CIAD: si avvicina la data di scadenza dell&#8217;istanza di scioglimento della riserva CIAD. <\/p>\n\n\n\n<p>In questo contenuto una mini guida utile ai nostri lettori per completare la domanda senza commettere errori. <\/p>\n\n\n\n<p><em>Partiamo dal principio<\/em><\/p>\n\n\n\n<p>Per entrare nella <strong>graduatorie ATA<\/strong> di terza fascia, tutti i profili \u2013 tranne quello di <strong>collaboratore scolastico<\/strong> \u2013 devono essere in possesso della <strong>Certificazione Internazionale di Alfabetizzazione Digitale (CIAD)<\/strong>. Il <strong>termine ultimo per conseguire questa certificazione era il 30 aprile<\/strong>.<\/p>\n\n\n\n<p><\/p>\n\n\n\n<div class=\"is-layout-flex wp-block-buttons\">\n<div class=\"wp-block-button\"><a class=\"wp-block-button__link wp-element-button\" href=\"https:\/\/www.docenti.it\/formazione-docenti\/percorsi-formativi.html?tc=36\" target=\"_blank\" rel=\"noreferrer noopener\">OTTIENI LA CIAD<\/a><\/div>\n<\/div>\n\n\n\n<p><\/p>\n\n\n\n<p>Chi non ha potuto allegare la certificazione al momento della domanda pu\u00f2 comunque <strong>presentare istanza di scioglimento riserva CIAD<\/strong>. In questo caso, come abbiamo anticipato, la scadenza da rispettare \u00e8 quella del <strong>9 maggio<\/strong>.<\/p>\n\n\n\n<h2>Come si accede all&#8217;istanza?<\/h2>\n\n\n\n<p>La procedura \u00e8 completamente digitale e si svolge tramite il portale <strong>Polis Istanze Online<\/strong>. <\/p>\n\n\n\n<p>\u00c8 possibile accedere all\u2019istanza anche attraverso il portale <strong>InPA<\/strong>, cliccando sul pulsante \u201c<strong>Invia la tua candidatura<\/strong>\u201d, oppure visitando la sezione dedicata alle <strong>Graduatorie di terza fascia<\/strong> sul sito del Ministero.<\/p>\n\n\n\n<p><em>Questi sono i due link di riferimento: <\/em><\/p>\n\n\n\n<p><\/p>\n\n\n<p><a href=\"https:\/\/www.inpa.gov.it\/bandi-e-avvisi\/dettaglio-bando-avviso\/?concorso_id=0705db1304994fb6a1c46ffb9af491c5\" target=\"_blank\" rel=\"noopener\"><strong>Invia<\/strong> <strong>la tua candidatura<\/strong><\/a><\/p>\n<p><a href=\"https:\/\/graduatorie-ata.static.istruzione.it\/index.html\" target=\"_blank\" rel=\"noopener\"><strong>Graduatorie personale ATA<\/strong><\/a><\/p>\n\n\n<p><\/p>\n\n\n\n<p>L\u2019istanza da compilare serve per comunicare l\u2019avvenuto conseguimento della <strong>certificazione CIAD<\/strong>, un passaggio fondamentale per lo scioglimento della riserva.<\/p>\n\n\n\n<h2>Scioglimento riserva CIAD: cosa inserire nella domanda<\/h2>\n\n\n\n<p>Nel modulo online bisogna indicare <strong>il nome della certificazione CIAD<\/strong> ottenuta (ad esempio, <strong>EIPASS Standard<\/strong>) e il <strong>nome dell\u2019ente che ha rilasciato il certificato<\/strong>, come <strong>Certipass<\/strong> o simili.<\/p>\n\n\n\n<p>Una parte molto importante riguarda l\u2019inserimento della <strong>data di conseguimento<\/strong>. <\/p>\n\n\n\n<p>Secondo quanto chiarito dal <strong>Ministero dell\u2019Istruzione<\/strong> con la nota del <strong>10 aprile<\/strong>, questa data corrisponde a quella riportata nel certificato. Tuttavia, se il certificato non \u00e8 ancora stato emesso, \u00e8 possibile inserire la <strong>data in cui \u00e8 stato sostenuto e superato l\u2019esame<\/strong>, a patto che essa non sia successiva al 30 aprile.<\/p>\n\n\n\n<p>Durante una diretta del 28 aprile, <strong>Pasquale Raimondo (Uil Scuola Rua)<\/strong> ha confermato questa interpretazione, sottolineando che \u201c<strong>fa fede la data dell\u2019esame<\/strong>. Anche se il certificato viene emesso in un secondo momento, ci\u00f2 che conta \u00e8 il giorno in cui il candidato ha superato la prova\u201d.<\/p>\n\n\n\n<p>Infine, nel modulo \u00e8 necessario <strong>dichiarare che l\u2019ente che ha rilasciato la CIAD \u00e8 accreditato da Accredia<\/strong>, spuntando l\u2019apposita casella presente nell\u2019istanza.<\/p>\n\n\n\n<p><\/p>\n\n\n\n<p>Rispetta le scadenze, compila correttamente la domanda e assicurati che tutti i dati siano conformi alle indicazioni ministeriali.<\/p>\n\n\n\n<p><\/p>\n\n\n\n<div class=\"is-layout-flex wp-block-buttons\">\n<div class=\"wp-block-button\"><a class=\"wp-block-button__link wp-element-button\" href=\"https:\/\/www.docenti.it\/formazione-docenti\/percorsi-formativi.html?tc=36\" target=\"_blank\" rel=\"noreferrer noopener\">OTTIENI LA CIAD<\/a><\/div>\n<\/div>\n\n\n\n<p><\/p>\n\n\n\n<p>Per ulteriori news e aggiornamenti sul mondo scuola, segui il\u00a0<strong><a href=\"https:\/\/www.docenti.it\/blog\/\" target=\"_blank\" rel=\"noreferrer noopener\">blog<\/a><\/strong>\u00a0di\u00a0<strong><a href=\"https:\/\/www.docenti.it\/\">Docenti.it<\/a><\/strong><\/p>\n\n\n\n<p><\/p>\n","protected":false},"excerpt":{"rendered":"<p>Scioglimento riserva CIAD: si avvicina la data di scadenza dell&#8217;istanza di scioglimento della riserva [&hellip;]<\/p>\n","protected":false},"author":25,"featured_media":45263,"comment_status":"open","ping_status":"open","sticky":false,"template":"","format":"standard","meta":[],"categories":[4,82],"tags":[722,675,846],"yoast_head":"<!-- This site is optimized with the Yoast SEO plugin v20.4 - https:\/\/yoast.com\/wordpress\/plugins\/seo\/ -->\n<title>Scioglimento riserva CIAD: cosa inserire nella domanda - Blog | Docenti.it<\/title>\n<meta name=\"description\" content=\"Scioglimento riserva CIAD: i dettagli sulla compilazione dell&#039;istanza di scioglimento, la cui data per presentarla \u00e8 fissata al 9 maggio.\" \/>\n<meta name=\"robots\" content=\"index, follow, max-snippet:-1, max-image-preview:large, max-video-preview:-1\" \/>\n<link rel=\"canonical\" href=\"https:\/\/www.docenti.it\/blog\/scioglimento-riserva-ciad-come-fare-domanda\/\" \/>\n<meta property=\"og:locale\" content=\"it_IT\" \/>\n<meta property=\"og:type\" content=\"article\" \/>\n<meta property=\"og:title\" content=\"Scioglimento riserva CIAD: cosa inserire nella domanda - Blog | Docenti.it\" \/>\n<meta property=\"og:description\" content=\"Scioglimento riserva CIAD: i dettagli sulla compilazione dell&#039;istanza di scioglimento, la cui data per presentarla \u00e8 fissata al 9 maggio.\" \/>\n<meta property=\"og:url\" content=\"https:\/\/www.docenti.it\/blog\/scioglimento-riserva-ciad-come-fare-domanda\/\" \/>\n<meta property=\"og:site_name\" content=\"Blog | Docenti.it\" \/>\n<meta property=\"article:publisher\" content=\"https:\/\/www.facebook.com\/docenti.it\" \/>\n<meta property=\"article:published_time\" content=\"2025-05-02T18:34:30+00:00\" \/>\n<meta property=\"og:image\" content=\"https:\/\/www.docenti.it\/blog\/wp-content\/uploads\/2023\/07\/laptop-g4ab40a908_1280.jpg\" \/>\n\t<meta property=\"og:image:width\" content=\"1280\" \/>\n\t<meta property=\"og:image:height\" content=\"853\" \/>\n\t<meta property=\"og:image:type\" content=\"image\/jpeg\" \/>\n<meta name=\"author\" content=\"Gabriella Capraro\" \/>\n<meta name=\"twitter:card\" content=\"summary_large_image\" \/>\n<meta name=\"twitter:label1\" content=\"Written by\" \/>\n\t<meta name=\"twitter:data1\" content=\"Gabriella Capraro\" \/>\n\t<meta name=\"twitter:label2\" content=\"Est. reading time\" \/>\n\t<meta name=\"twitter:data2\" content=\"2 minuti\" \/>\n<script type=\"application\/ld+json\" class=\"yoast-schema-graph\">{\"@context\":\"https:\/\/schema.org\",\"@graph\":[{\"@type\":\"Article\",\"@id\":\"https:\/\/www.docenti.it\/blog\/scioglimento-riserva-ciad-come-fare-domanda\/#article\",\"isPartOf\":{\"@id\":\"https:\/\/www.docenti.it\/blog\/scioglimento-riserva-ciad-come-fare-domanda\/\"},\"author\":{\"name\":\"Gabriella Capraro\",\"@id\":\"https:\/\/www.docenti.it\/blog\/#\/schema\/person\/773963d3c0645bd34c150c41a13e5754\"},\"headline\":\"Scioglimento riserva CIAD: cosa inserire nella domanda\",\"datePublished\":\"2025-05-02T18:34:30+00:00\",\"dateModified\":\"2025-05-02T18:34:30+00:00\",\"mainEntityOfPage\":{\"@id\":\"https:\/\/www.docenti.it\/blog\/scioglimento-riserva-ciad-come-fare-domanda\/\"},\"wordCount\":395,\"commentCount\":0,\"publisher\":{\"@id\":\"https:\/\/www.docenti.it\/blog\/#organization\"},\"keywords\":[\"graduatorie ata terza fascia\",\"graduatorie III fascia ATA\",\"scioglimento riserva CIAD\"],\"articleSection\":[\"News\",\"Personale ATA\"],\"inLanguage\":\"it-IT\",\"potentialAction\":[{\"@type\":\"CommentAction\",\"name\":\"Comment\",\"target\":[\"https:\/\/www.docenti.it\/blog\/scioglimento-riserva-ciad-come-fare-domanda\/#respond\"]}]},{\"@type\":\"WebPage\",\"@id\":\"https:\/\/www.docenti.it\/blog\/scioglimento-riserva-ciad-come-fare-domanda\/\",\"url\":\"https:\/\/www.docenti.it\/blog\/scioglimento-riserva-ciad-come-fare-domanda\/\",\"name\":\"Scioglimento riserva CIAD: cosa inserire nella domanda - Blog | Docenti.it\",\"isPartOf\":{\"@id\":\"https:\/\/www.docenti.it\/blog\/#website\"},\"datePublished\":\"2025-05-02T18:34:30+00:00\",\"dateModified\":\"2025-05-02T18:34:30+00:00\",\"description\":\"Scioglimento riserva CIAD: i dettagli sulla compilazione dell'istanza di scioglimento, la cui data per presentarla \u00e8 fissata al 9 maggio.\",\"breadcrumb\":{\"@id\":\"https:\/\/www.docenti.it\/blog\/scioglimento-riserva-ciad-come-fare-domanda\/#breadcrumb\"},\"inLanguage\":\"it-IT\",\"potentialAction\":[{\"@type\":\"ReadAction\",\"target\":[\"https:\/\/www.docenti.it\/blog\/scioglimento-riserva-ciad-come-fare-domanda\/\"]}]},{\"@type\":\"BreadcrumbList\",\"@id\":\"https:\/\/www.docenti.it\/blog\/scioglimento-riserva-ciad-come-fare-domanda\/#breadcrumb\",\"itemListElement\":[{\"@type\":\"ListItem\",\"position\":1,\"name\":\"Home\",\"item\":\"https:\/\/www.docenti.it\/blog\/\"},{\"@type\":\"ListItem\",\"position\":2,\"name\":\"Scioglimento riserva CIAD: cosa inserire nella domanda\"}]},{\"@type\":\"WebSite\",\"@id\":\"https:\/\/www.docenti.it\/blog\/#website\",\"url\":\"https:\/\/www.docenti.it\/blog\/\",\"name\":\"Blog | Docenti.it\",\"description\":\"Tutte le notizie e gli aggiornamenti dal mondo della scuola\",\"publisher\":{\"@id\":\"https:\/\/www.docenti.it\/blog\/#organization\"},\"potentialAction\":[{\"@type\":\"SearchAction\",\"target\":{\"@type\":\"EntryPoint\",\"urlTemplate\":\"https:\/\/www.docenti.it\/blog\/?s={search_term_string}\"},\"query-input\":\"required name=search_term_string\"}],\"inLanguage\":\"it-IT\"},{\"@type\":\"Organization\",\"@id\":\"https:\/\/www.docenti.it\/blog\/#organization\",\"name\":\"Blog | Docenti.it\",\"url\":\"https:\/\/www.docenti.it\/blog\/\",\"logo\":{\"@type\":\"ImageObject\",\"inLanguage\":\"it-IT\",\"@id\":\"https:\/\/www.docenti.it\/blog\/#\/schema\/logo\/image\/\",\"url\":\"https:\/\/www.docenti.it\/blog\/wp-content\/uploads\/2025\/06\/fb_mad_img.png\",\"contentUrl\":\"https:\/\/www.docenti.it\/blog\/wp-content\/uploads\/2025\/06\/fb_mad_img.png\",\"width\":1140,\"height\":620,\"caption\":\"Blog | Docenti.it\"},\"image\":{\"@id\":\"https:\/\/www.docenti.it\/blog\/#\/schema\/logo\/image\/\"},\"sameAs\":[\"https:\/\/www.facebook.com\/docenti.it\"]},{\"@type\":\"Person\",\"@id\":\"https:\/\/www.docenti.it\/blog\/#\/schema\/person\/773963d3c0645bd34c150c41a13e5754\",\"name\":\"Gabriella Capraro\",\"image\":{\"@type\":\"ImageObject\",\"inLanguage\":\"it-IT\",\"@id\":\"https:\/\/www.docenti.it\/blog\/#\/schema\/person\/image\/\",\"url\":\"https:\/\/secure.gravatar.com\/avatar\/17e0ab06bea064a8a7c5bef443cb7153?s=96&d=mm&r=g\",\"contentUrl\":\"https:\/\/secure.gravatar.com\/avatar\/17e0ab06bea064a8a7c5bef443cb7153?s=96&d=mm&r=g\",\"caption\":\"Gabriella Capraro\"},\"description\":\"Copywriter e digital strategist, collabora come articolista e autrice per diverse piattaforme online, spaziando da tematiche scolastiche\/istituzionali a letterarie e musicali.\",\"url\":\"https:\/\/www.docenti.it\/blog\/author\/gcapraro\/\"}]}<\/script>\n<!-- \/ Yoast SEO plugin. -->","yoast_head_json":{"title":"Scioglimento riserva CIAD: cosa inserire nella domanda - Blog | Docenti.it","description":"Scioglimento riserva CIAD: i dettagli sulla compilazione dell'istanza di scioglimento, la cui data per presentarla \u00e8 fissata al 9 maggio.","robots":{"index":"index","follow":"follow","max-snippet":"max-snippet:-1","max-image-preview":"max-image-preview:large","max-video-preview":"max-video-preview:-1"},"canonical":"https:\/\/www.docenti.it\/blog\/scioglimento-riserva-ciad-come-fare-domanda\/","og_locale":"it_IT","og_type":"article","og_title":"Scioglimento riserva CIAD: cosa inserire nella domanda - Blog | Docenti.it","og_description":"Scioglimento riserva CIAD: i dettagli sulla compilazione dell'istanza di scioglimento, la cui data per presentarla \u00e8 fissata al 9 maggio.","og_url":"https:\/\/www.docenti.it\/blog\/scioglimento-riserva-ciad-come-fare-domanda\/","og_site_name":"Blog | Docenti.it","article_publisher":"https:\/\/www.facebook.com\/docenti.it","article_published_time":"2025-05-02T18:34:30+00:00","og_image":[{"width":1280,"height":853,"url":"https:\/\/www.docenti.it\/blog\/wp-content\/uploads\/2023\/07\/laptop-g4ab40a908_1280.jpg","type":"image\/jpeg"}],"author":"Gabriella Capraro","twitter_card":"summary_large_image","twitter_misc":{"Written by":"Gabriella Capraro","Est. reading time":"2 minuti"},"schema":{"@context":"https:\/\/schema.org","@graph":[{"@type":"Article","@id":"https:\/\/www.docenti.it\/blog\/scioglimento-riserva-ciad-come-fare-domanda\/#article","isPartOf":{"@id":"https:\/\/www.docenti.it\/blog\/scioglimento-riserva-ciad-come-fare-domanda\/"},"author":{"name":"Gabriella Capraro","@id":"https:\/\/www.docenti.it\/blog\/#\/schema\/person\/773963d3c0645bd34c150c41a13e5754"},"headline":"Scioglimento riserva CIAD: cosa inserire nella domanda","datePublished":"2025-05-02T18:34:30+00:00","dateModified":"2025-05-02T18:34:30+00:00","mainEntityOfPage":{"@id":"https:\/\/www.docenti.it\/blog\/scioglimento-riserva-ciad-come-fare-domanda\/"},"wordCount":395,"commentCount":0,"publisher":{"@id":"https:\/\/www.docenti.it\/blog\/#organization"},"keywords":["graduatorie ata terza fascia","graduatorie III fascia ATA","scioglimento riserva CIAD"],"articleSection":["News","Personale ATA"],"inLanguage":"it-IT","potentialAction":[{"@type":"CommentAction","name":"Comment","target":["https:\/\/www.docenti.it\/blog\/scioglimento-riserva-ciad-come-fare-domanda\/#respond"]}]},{"@type":"WebPage","@id":"https:\/\/www.docenti.it\/blog\/scioglimento-riserva-ciad-come-fare-domanda\/","url":"https:\/\/www.docenti.it\/blog\/scioglimento-riserva-ciad-come-fare-domanda\/","name":"Scioglimento riserva CIAD: cosa inserire nella domanda - Blog | Docenti.it","isPartOf":{"@id":"https:\/\/www.docenti.it\/blog\/#website"},"datePublished":"2025-05-02T18:34:30+00:00","dateModified":"2025-05-02T18:34:30+00:00","description":"Scioglimento riserva CIAD: i dettagli sulla compilazione dell'istanza di scioglimento, la cui data per presentarla \u00e8 fissata al 9 maggio.","breadcrumb":{"@id":"https:\/\/www.docenti.it\/blog\/scioglimento-riserva-ciad-come-fare-domanda\/#breadcrumb"},"inLanguage":"it-IT","potentialAction":[{"@type":"ReadAction","target":["https:\/\/www.docenti.it\/blog\/scioglimento-riserva-ciad-come-fare-domanda\/"]}]},{"@type":"BreadcrumbList","@id":"https:\/\/www.docenti.it\/blog\/scioglimento-riserva-ciad-come-fare-domanda\/#breadcrumb","itemListElement":[{"@type":"ListItem","position":1,"name":"Home","item":"https:\/\/www.docenti.it\/blog\/"},{"@type":"ListItem","position":2,"name":"Scioglimento riserva CIAD: cosa inserire nella domanda"}]},{"@type":"WebSite","@id":"https:\/\/www.docenti.it\/blog\/#website","url":"https:\/\/www.docenti.it\/blog\/","name":"Blog | Docenti.it","description":"Tutte le notizie e gli aggiornamenti dal mondo della scuola","publisher":{"@id":"https:\/\/www.docenti.it\/blog\/#organization"},"potentialAction":[{"@type":"SearchAction","target":{"@type":"EntryPoint","urlTemplate":"https:\/\/www.docenti.it\/blog\/?s={search_term_string}"},"query-input":"required name=search_term_string"}],"inLanguage":"it-IT"},{"@type":"Organization","@id":"https:\/\/www.docenti.it\/blog\/#organization","name":"Blog | Docenti.it","url":"https:\/\/www.docenti.it\/blog\/","logo":{"@type":"ImageObject","inLanguage":"it-IT","@id":"https:\/\/www.docenti.it\/blog\/#\/schema\/logo\/image\/","url":"https:\/\/www.docenti.it\/blog\/wp-content\/uploads\/2025\/06\/fb_mad_img.png","contentUrl":"https:\/\/www.docenti.it\/blog\/wp-content\/uploads\/2025\/06\/fb_mad_img.png","width":1140,"height":620,"caption":"Blog | Docenti.it"},"image":{"@id":"https:\/\/www.docenti.it\/blog\/#\/schema\/logo\/image\/"},"sameAs":["https:\/\/www.facebook.com\/docenti.it"]},{"@type":"Person","@id":"https:\/\/www.docenti.it\/blog\/#\/schema\/person\/773963d3c0645bd34c150c41a13e5754","name":"Gabriella Capraro","image":{"@type":"ImageObject","inLanguage":"it-IT","@id":"https:\/\/www.docenti.it\/blog\/#\/schema\/person\/image\/","url":"https:\/\/secure.gravatar.com\/avatar\/17e0ab06bea064a8a7c5bef443cb7153?s=96&d=mm&r=g","contentUrl":"https:\/\/secure.gravatar.com\/avatar\/17e0ab06bea064a8a7c5bef443cb7153?s=96&d=mm&r=g","caption":"Gabriella Capraro"},"description":"Copywriter e digital strategist, collabora come articolista e autrice per diverse piattaforme online, spaziando da tematiche scolastiche\/istituzionali a letterarie e musicali.","url":"https:\/\/www.docenti.it\/blog\/author\/gcapraro\/"}]}},"_links":{"self":[{"href":"https:\/\/www.docenti.it\/blog\/wp-json\/wp\/v2\/posts\/46479"}],"collection":[{"href":"https:\/\/www.docenti.it\/blog\/wp-json\/wp\/v2\/posts"}],"about":[{"href":"https:\/\/www.docenti.it\/blog\/wp-json\/wp\/v2\/types\/post"}],"author":[{"embeddable":true,"href":"https:\/\/www.docenti.it\/blog\/wp-json\/wp\/v2\/users\/25"}],"replies":[{"embeddable":true,"href":"https:\/\/www.docenti.it\/blog\/wp-json\/wp\/v2\/comments?post=46479"}],"version-history":[{"count":1,"href":"https:\/\/www.docenti.it\/blog\/wp-json\/wp\/v2\/posts\/46479\/revisions"}],"predecessor-version":[{"id":46480,"href":"https:\/\/www.docenti.it\/blog\/wp-json\/wp\/v2\/posts\/46479\/revisions\/46480"}],"wp:featuredmedia":[{"embeddable":true,"href":"https:\/\/www.docenti.it\/blog\/wp-json\/wp\/v2\/media\/45263"}],"wp:attachment":[{"href":"https:\/\/www.docenti.it\/blog\/wp-json\/wp\/v2\/media?parent=46479"}],"wp:term":[{"taxonomy":"category","embeddable":true,"href":"https:\/\/www.docenti.it\/blog\/wp-json\/wp\/v2\/categories?post=46479"},{"taxonomy":"post_tag","embeddable":true,"href":"https:\/\/www.docenti.it\/blog\/wp-json\/wp\/v2\/tags?post=46479"}],"curies":[{"name":"wp","href":"https:\/\/api.w.org\/{rel}","templated":true}]}}