{"id":46507,"date":"2025-05-12T13:49:33","date_gmt":"2025-05-12T11:49:33","guid":{"rendered":"https:\/\/www.docenti.it\/blog\/?p=46507"},"modified":"2025-05-12T13:49:33","modified_gmt":"2025-05-12T11:49:33","slug":"sostegno-riconferma-docenti-precari","status":"publish","type":"post","link":"https:\/\/www.docenti.it\/blog\/sostegno-riconferma-docenti-precari\/","title":{"rendered":"Sostegno: la riconferma dei docenti precari"},"content":{"rendered":"\n<p>Sostegno: la procedura per la riconferma dei <strong>docenti di sostegno<\/strong> precari \u00e8 stata avviata grazie al <strong>DM n. 32\/2025<\/strong> e alla nota del 7 maggio. <\/p>\n\n\n\n<p>Le famiglie possono richiedere la <strong>continuit\u00e0 del docente<\/strong>, ma molti supplenti si chiedono: <strong>accettare conviene davvero<\/strong>? In questo articolo, analizziamo la normativa e rispondiamo ai dubbi pi\u00f9 frequenti.<\/p>\n\n\n\n<h2>A chi \u00e8 rivolta la procedura di riconferma?<\/h2>\n\n\n\n<p>La <strong>riconferma<\/strong> riguarda i docenti che, nell\u2019anno scolastico <strong>2024\/25<\/strong>, hanno ottenuto un incarico di <strong>supplenza su posto di sostegno<\/strong> fino al <strong>30 giugno<\/strong> o al <strong>31 agosto<\/strong>. <\/p>\n\n\n\n<p>La procedura coinvolge i docenti <strong>specializzati<\/strong> nominati da <strong>GAE<\/strong>, <strong>GPS<\/strong> o tramite <strong>interpello<\/strong>, oltre ai <strong>non specializzati<\/strong> inclusi nella <strong>seconda fascia GPS<\/strong> o individuati attraverso <strong>graduatorie incrociate<\/strong>.<\/p>\n\n\n\n<p>Non rientrano nella riconferma i docenti con incarico <strong>temporaneo fino all\u2019ultimo giorno di lezione<\/strong>.<\/p>\n\n\n\n<p>Le famiglie devono inviare la richiesta entro il <strong>31 maggio<\/strong>. Il dirigente scolastico valuter\u00e0 la compatibilit\u00e0 e il docente, se interessato, confermer\u00e0 la disponibilit\u00e0.<\/p>\n\n\n\n<p>Tra i principali dubbi, molti docenti temono che accettare la riconferma possa escluderli dalla <strong>nomina tramite concorso<\/strong>. <\/p>\n\n\n\n<p>Questa paura \u00e8 infondata: la riconferma non compromette la <strong>possibilit\u00e0 di immissione in ruolo<\/strong>, poich\u00e9 il concorso avviene prima della procedura di nomina per le supplenze. <\/p>\n\n\n\n<p>In caso di assunzione in ruolo, il docente pu\u00f2 ritirare la <strong>domanda GPS<\/strong> senza alcuna penalizzazione. Inoltre, la <strong>richiesta della famiglia<\/strong> non vincola il docente, che conferma la propria disponibilit\u00e0 durante la compilazione dell\u2019<strong>istanza per le 150 preferenze estive<\/strong>.<\/p>\n\n\n\n<h2>Sostegno: quali docenti non possono richiedere la riconferma?<\/h2>\n\n\n\n<p>Non tutti i docenti possono ottenere la riconferma, anche se richiesti dalle famiglie. Non \u00e8 possibile rinnovare il contratto per:<\/p>\n\n\n\n<ul>\n<li>Docenti con <strong>contratti da Graduatorie di Istituto<\/strong>;<\/li>\n\n\n\n<li>Supplenze brevi fino al termine delle lezioni: questi incarichi non consentono il rinnovo, poich\u00e9 il posto non risulta realmente disponibile per l\u2019anno successivo; <\/li>\n<\/ul>\n\n\n\n<p>I <strong>docenti di ruolo<\/strong> non perdono la propria sede a favore di supplenti riconfermati. Se i posti diminuiscono, a risentirne sono i <strong>supplenti<\/strong>, non i docenti gi\u00e0 in organico.<\/p>\n\n\n\n<p>Se la riconferma non si concretizza, il docente partecipa comunque all\u2019<strong>algoritmo delle GPS<\/strong>, purch\u00e9 abbia compilato la domanda per le <strong>150 scuole<\/strong>.<\/p>\n\n\n\n<p>Il diritto alla riconferma vale solo se il posto rimane <strong>vacante<\/strong> e non viene coperto da personale di ruolo. Non ci sono penalizzazioni: il docente mantiene il proprio <strong>punteggio<\/strong> e posizione in GPS.<\/p>\n\n\n\n<p>Le condizioni per il rinnovo includono la <strong>disponibilit\u00e0 del posto<\/strong> anche al <strong>30 giugno<\/strong> e l\u2019assenza di <strong>titolari assegnati<\/strong>.<\/p>\n\n\n\n<p><em>Se sei interessato a sapere come posizionarti al meglio all&#8217;interno delle graduatorie scuola, approfitta dell&#8217;esperienza pluriennale dei nostri consulenti: <\/em><\/p>\n\n\n\n<p><\/p>\n\n\n\n<div class=\"is-layout-flex wp-block-buttons\">\n<div class=\"wp-block-button\"><a class=\"wp-block-button__link wp-element-button\" href=\"https:\/\/www.docenti.it\/incattedra.html\" target=\"_blank\" rel=\"noreferrer noopener\">SCOPRI INCATTEDRA<\/a><\/div>\n<\/div>\n\n\n\n<p><\/p>\n\n\n\n<p>Resta aggiornat\u0259 su tutte le news sul mondo scuola, segui il nostro\u00a0<strong><a href=\"https:\/\/www.docenti.it\/blog\/\" target=\"_blank\" rel=\"noreferrer noopener\">Blog<\/a><\/strong>. <\/p>\n\n\n\n<p><\/p>\n","protected":false},"excerpt":{"rendered":"<p>Sostegno: la procedura per la riconferma dei docenti di sostegno precari \u00e8 stata avviata [&hellip;]<\/p>\n","protected":false},"author":25,"featured_media":45330,"comment_status":"open","ping_status":"open","sticky":false,"template":"","format":"standard","meta":[],"categories":[4],"tags":[854,853,855],"yoast_head":"<!-- This site is optimized with the Yoast SEO plugin v20.4 - https:\/\/yoast.com\/wordpress\/plugins\/seo\/ -->\n<title>Sostegno: la riconferma dei docenti precari - Blog | Docenti.it<\/title>\n<meta name=\"description\" content=\"Sostegno: avviata la procedura di riconferma dei docenti di sostegno precari, la richiesta delle famiglie entro il 31 maggio.\" \/>\n<meta name=\"robots\" content=\"index, follow, max-snippet:-1, max-image-preview:large, max-video-preview:-1\" \/>\n<link rel=\"canonical\" href=\"https:\/\/www.docenti.it\/blog\/sostegno-riconferma-docenti-precari\/\" \/>\n<meta property=\"og:locale\" content=\"it_IT\" \/>\n<meta property=\"og:type\" content=\"article\" \/>\n<meta property=\"og:title\" content=\"Sostegno: la riconferma dei docenti precari - Blog | Docenti.it\" \/>\n<meta property=\"og:description\" content=\"Sostegno: avviata la procedura di riconferma dei docenti di sostegno precari, la richiesta delle famiglie entro il 31 maggio.\" \/>\n<meta property=\"og:url\" content=\"https:\/\/www.docenti.it\/blog\/sostegno-riconferma-docenti-precari\/\" \/>\n<meta property=\"og:site_name\" content=\"Blog | Docenti.it\" \/>\n<meta property=\"article:publisher\" content=\"https:\/\/www.facebook.com\/docenti.it\" \/>\n<meta property=\"article:published_time\" content=\"2025-05-12T11:49:33+00:00\" \/>\n<meta property=\"og:image\" content=\"https:\/\/www.docenti.it\/blog\/wp-content\/uploads\/2023\/07\/pexels-max-fischer-5211446-scaled.jpg\" \/>\n\t<meta property=\"og:image:width\" content=\"2560\" \/>\n\t<meta property=\"og:image:height\" content=\"1707\" \/>\n\t<meta property=\"og:image:type\" content=\"image\/jpeg\" \/>\n<meta name=\"author\" content=\"Gabriella Capraro\" \/>\n<meta name=\"twitter:card\" content=\"summary_large_image\" \/>\n<meta name=\"twitter:label1\" content=\"Written by\" \/>\n\t<meta name=\"twitter:data1\" content=\"Gabriella Capraro\" \/>\n\t<meta name=\"twitter:label2\" content=\"Est. reading time\" \/>\n\t<meta name=\"twitter:data2\" content=\"2 minuti\" \/>\n<script type=\"application\/ld+json\" class=\"yoast-schema-graph\">{\"@context\":\"https:\/\/schema.org\",\"@graph\":[{\"@type\":\"Article\",\"@id\":\"https:\/\/www.docenti.it\/blog\/sostegno-riconferma-docenti-precari\/#article\",\"isPartOf\":{\"@id\":\"https:\/\/www.docenti.it\/blog\/sostegno-riconferma-docenti-precari\/\"},\"author\":{\"name\":\"Gabriella Capraro\",\"@id\":\"https:\/\/www.docenti.it\/blog\/#\/schema\/person\/773963d3c0645bd34c150c41a13e5754\"},\"headline\":\"Sostegno: la riconferma dei docenti precari\",\"datePublished\":\"2025-05-12T11:49:33+00:00\",\"dateModified\":\"2025-05-12T11:49:33+00:00\",\"mainEntityOfPage\":{\"@id\":\"https:\/\/www.docenti.it\/blog\/sostegno-riconferma-docenti-precari\/\"},\"wordCount\":429,\"commentCount\":0,\"publisher\":{\"@id\":\"https:\/\/www.docenti.it\/blog\/#organization\"},\"keywords\":[\"docenti precari\",\"riconferma docenti sostegno\",\"riconferma sostegno\"],\"articleSection\":[\"News\"],\"inLanguage\":\"it-IT\",\"potentialAction\":[{\"@type\":\"CommentAction\",\"name\":\"Comment\",\"target\":[\"https:\/\/www.docenti.it\/blog\/sostegno-riconferma-docenti-precari\/#respond\"]}]},{\"@type\":\"WebPage\",\"@id\":\"https:\/\/www.docenti.it\/blog\/sostegno-riconferma-docenti-precari\/\",\"url\":\"https:\/\/www.docenti.it\/blog\/sostegno-riconferma-docenti-precari\/\",\"name\":\"Sostegno: la riconferma dei docenti precari - Blog | Docenti.it\",\"isPartOf\":{\"@id\":\"https:\/\/www.docenti.it\/blog\/#website\"},\"datePublished\":\"2025-05-12T11:49:33+00:00\",\"dateModified\":\"2025-05-12T11:49:33+00:00\",\"description\":\"Sostegno: avviata la procedura di riconferma dei docenti di sostegno precari, la richiesta delle famiglie entro il 31 maggio.\",\"breadcrumb\":{\"@id\":\"https:\/\/www.docenti.it\/blog\/sostegno-riconferma-docenti-precari\/#breadcrumb\"},\"inLanguage\":\"it-IT\",\"potentialAction\":[{\"@type\":\"ReadAction\",\"target\":[\"https:\/\/www.docenti.it\/blog\/sostegno-riconferma-docenti-precari\/\"]}]},{\"@type\":\"BreadcrumbList\",\"@id\":\"https:\/\/www.docenti.it\/blog\/sostegno-riconferma-docenti-precari\/#breadcrumb\",\"itemListElement\":[{\"@type\":\"ListItem\",\"position\":1,\"name\":\"Home\",\"item\":\"https:\/\/www.docenti.it\/blog\/\"},{\"@type\":\"ListItem\",\"position\":2,\"name\":\"Sostegno: la riconferma dei docenti precari\"}]},{\"@type\":\"WebSite\",\"@id\":\"https:\/\/www.docenti.it\/blog\/#website\",\"url\":\"https:\/\/www.docenti.it\/blog\/\",\"name\":\"Blog | Docenti.it\",\"description\":\"Tutte le notizie e gli aggiornamenti dal mondo della scuola\",\"publisher\":{\"@id\":\"https:\/\/www.docenti.it\/blog\/#organization\"},\"potentialAction\":[{\"@type\":\"SearchAction\",\"target\":{\"@type\":\"EntryPoint\",\"urlTemplate\":\"https:\/\/www.docenti.it\/blog\/?s={search_term_string}\"},\"query-input\":\"required name=search_term_string\"}],\"inLanguage\":\"it-IT\"},{\"@type\":\"Organization\",\"@id\":\"https:\/\/www.docenti.it\/blog\/#organization\",\"name\":\"Blog | Docenti.it\",\"url\":\"https:\/\/www.docenti.it\/blog\/\",\"logo\":{\"@type\":\"ImageObject\",\"inLanguage\":\"it-IT\",\"@id\":\"https:\/\/www.docenti.it\/blog\/#\/schema\/logo\/image\/\",\"url\":\"https:\/\/www.docenti.it\/blog\/wp-content\/uploads\/2025\/06\/fb_mad_img.png\",\"contentUrl\":\"https:\/\/www.docenti.it\/blog\/wp-content\/uploads\/2025\/06\/fb_mad_img.png\",\"width\":1140,\"height\":620,\"caption\":\"Blog | Docenti.it\"},\"image\":{\"@id\":\"https:\/\/www.docenti.it\/blog\/#\/schema\/logo\/image\/\"},\"sameAs\":[\"https:\/\/www.facebook.com\/docenti.it\"]},{\"@type\":\"Person\",\"@id\":\"https:\/\/www.docenti.it\/blog\/#\/schema\/person\/773963d3c0645bd34c150c41a13e5754\",\"name\":\"Gabriella Capraro\",\"image\":{\"@type\":\"ImageObject\",\"inLanguage\":\"it-IT\",\"@id\":\"https:\/\/www.docenti.it\/blog\/#\/schema\/person\/image\/\",\"url\":\"https:\/\/secure.gravatar.com\/avatar\/17e0ab06bea064a8a7c5bef443cb7153?s=96&d=mm&r=g\",\"contentUrl\":\"https:\/\/secure.gravatar.com\/avatar\/17e0ab06bea064a8a7c5bef443cb7153?s=96&d=mm&r=g\",\"caption\":\"Gabriella Capraro\"},\"description\":\"Copywriter e digital strategist, collabora come articolista e autrice per diverse piattaforme online, spaziando da tematiche scolastiche\/istituzionali a letterarie e musicali.\",\"url\":\"https:\/\/www.docenti.it\/blog\/author\/gcapraro\/\"}]}<\/script>\n<!-- \/ Yoast SEO plugin. -->","yoast_head_json":{"title":"Sostegno: la riconferma dei docenti precari - Blog | Docenti.it","description":"Sostegno: avviata la procedura di riconferma dei docenti di sostegno precari, la richiesta delle famiglie entro il 31 maggio.","robots":{"index":"index","follow":"follow","max-snippet":"max-snippet:-1","max-image-preview":"max-image-preview:large","max-video-preview":"max-video-preview:-1"},"canonical":"https:\/\/www.docenti.it\/blog\/sostegno-riconferma-docenti-precari\/","og_locale":"it_IT","og_type":"article","og_title":"Sostegno: la riconferma dei docenti precari - Blog | Docenti.it","og_description":"Sostegno: avviata la procedura di riconferma dei docenti di sostegno precari, la richiesta delle famiglie entro il 31 maggio.","og_url":"https:\/\/www.docenti.it\/blog\/sostegno-riconferma-docenti-precari\/","og_site_name":"Blog | Docenti.it","article_publisher":"https:\/\/www.facebook.com\/docenti.it","article_published_time":"2025-05-12T11:49:33+00:00","og_image":[{"width":2560,"height":1707,"url":"https:\/\/www.docenti.it\/blog\/wp-content\/uploads\/2023\/07\/pexels-max-fischer-5211446-scaled.jpg","type":"image\/jpeg"}],"author":"Gabriella Capraro","twitter_card":"summary_large_image","twitter_misc":{"Written by":"Gabriella Capraro","Est. reading time":"2 minuti"},"schema":{"@context":"https:\/\/schema.org","@graph":[{"@type":"Article","@id":"https:\/\/www.docenti.it\/blog\/sostegno-riconferma-docenti-precari\/#article","isPartOf":{"@id":"https:\/\/www.docenti.it\/blog\/sostegno-riconferma-docenti-precari\/"},"author":{"name":"Gabriella Capraro","@id":"https:\/\/www.docenti.it\/blog\/#\/schema\/person\/773963d3c0645bd34c150c41a13e5754"},"headline":"Sostegno: la riconferma dei docenti precari","datePublished":"2025-05-12T11:49:33+00:00","dateModified":"2025-05-12T11:49:33+00:00","mainEntityOfPage":{"@id":"https:\/\/www.docenti.it\/blog\/sostegno-riconferma-docenti-precari\/"},"wordCount":429,"commentCount":0,"publisher":{"@id":"https:\/\/www.docenti.it\/blog\/#organization"},"keywords":["docenti precari","riconferma docenti sostegno","riconferma sostegno"],"articleSection":["News"],"inLanguage":"it-IT","potentialAction":[{"@type":"CommentAction","name":"Comment","target":["https:\/\/www.docenti.it\/blog\/sostegno-riconferma-docenti-precari\/#respond"]}]},{"@type":"WebPage","@id":"https:\/\/www.docenti.it\/blog\/sostegno-riconferma-docenti-precari\/","url":"https:\/\/www.docenti.it\/blog\/sostegno-riconferma-docenti-precari\/","name":"Sostegno: la riconferma dei docenti precari - Blog | Docenti.it","isPartOf":{"@id":"https:\/\/www.docenti.it\/blog\/#website"},"datePublished":"2025-05-12T11:49:33+00:00","dateModified":"2025-05-12T11:49:33+00:00","description":"Sostegno: avviata la procedura di riconferma dei docenti di sostegno precari, la richiesta delle famiglie entro il 31 maggio.","breadcrumb":{"@id":"https:\/\/www.docenti.it\/blog\/sostegno-riconferma-docenti-precari\/#breadcrumb"},"inLanguage":"it-IT","potentialAction":[{"@type":"ReadAction","target":["https:\/\/www.docenti.it\/blog\/sostegno-riconferma-docenti-precari\/"]}]},{"@type":"BreadcrumbList","@id":"https:\/\/www.docenti.it\/blog\/sostegno-riconferma-docenti-precari\/#breadcrumb","itemListElement":[{"@type":"ListItem","position":1,"name":"Home","item":"https:\/\/www.docenti.it\/blog\/"},{"@type":"ListItem","position":2,"name":"Sostegno: la riconferma dei docenti precari"}]},{"@type":"WebSite","@id":"https:\/\/www.docenti.it\/blog\/#website","url":"https:\/\/www.docenti.it\/blog\/","name":"Blog | Docenti.it","description":"Tutte le notizie e gli aggiornamenti dal mondo della scuola","publisher":{"@id":"https:\/\/www.docenti.it\/blog\/#organization"},"potentialAction":[{"@type":"SearchAction","target":{"@type":"EntryPoint","urlTemplate":"https:\/\/www.docenti.it\/blog\/?s={search_term_string}"},"query-input":"required name=search_term_string"}],"inLanguage":"it-IT"},{"@type":"Organization","@id":"https:\/\/www.docenti.it\/blog\/#organization","name":"Blog | Docenti.it","url":"https:\/\/www.docenti.it\/blog\/","logo":{"@type":"ImageObject","inLanguage":"it-IT","@id":"https:\/\/www.docenti.it\/blog\/#\/schema\/logo\/image\/","url":"https:\/\/www.docenti.it\/blog\/wp-content\/uploads\/2025\/06\/fb_mad_img.png","contentUrl":"https:\/\/www.docenti.it\/blog\/wp-content\/uploads\/2025\/06\/fb_mad_img.png","width":1140,"height":620,"caption":"Blog | Docenti.it"},"image":{"@id":"https:\/\/www.docenti.it\/blog\/#\/schema\/logo\/image\/"},"sameAs":["https:\/\/www.facebook.com\/docenti.it"]},{"@type":"Person","@id":"https:\/\/www.docenti.it\/blog\/#\/schema\/person\/773963d3c0645bd34c150c41a13e5754","name":"Gabriella Capraro","image":{"@type":"ImageObject","inLanguage":"it-IT","@id":"https:\/\/www.docenti.it\/blog\/#\/schema\/person\/image\/","url":"https:\/\/secure.gravatar.com\/avatar\/17e0ab06bea064a8a7c5bef443cb7153?s=96&d=mm&r=g","contentUrl":"https:\/\/secure.gravatar.com\/avatar\/17e0ab06bea064a8a7c5bef443cb7153?s=96&d=mm&r=g","caption":"Gabriella Capraro"},"description":"Copywriter e digital strategist, collabora come articolista e autrice per diverse piattaforme online, spaziando da tematiche scolastiche\/istituzionali a letterarie e musicali.","url":"https:\/\/www.docenti.it\/blog\/author\/gcapraro\/"}]}},"_links":{"self":[{"href":"https:\/\/www.docenti.it\/blog\/wp-json\/wp\/v2\/posts\/46507"}],"collection":[{"href":"https:\/\/www.docenti.it\/blog\/wp-json\/wp\/v2\/posts"}],"about":[{"href":"https:\/\/www.docenti.it\/blog\/wp-json\/wp\/v2\/types\/post"}],"author":[{"embeddable":true,"href":"https:\/\/www.docenti.it\/blog\/wp-json\/wp\/v2\/users\/25"}],"replies":[{"embeddable":true,"href":"https:\/\/www.docenti.it\/blog\/wp-json\/wp\/v2\/comments?post=46507"}],"version-history":[{"count":1,"href":"https:\/\/www.docenti.it\/blog\/wp-json\/wp\/v2\/posts\/46507\/revisions"}],"predecessor-version":[{"id":46508,"href":"https:\/\/www.docenti.it\/blog\/wp-json\/wp\/v2\/posts\/46507\/revisions\/46508"}],"wp:featuredmedia":[{"embeddable":true,"href":"https:\/\/www.docenti.it\/blog\/wp-json\/wp\/v2\/media\/45330"}],"wp:attachment":[{"href":"https:\/\/www.docenti.it\/blog\/wp-json\/wp\/v2\/media?parent=46507"}],"wp:term":[{"taxonomy":"category","embeddable":true,"href":"https:\/\/www.docenti.it\/blog\/wp-json\/wp\/v2\/categories?post=46507"},{"taxonomy":"post_tag","embeddable":true,"href":"https:\/\/www.docenti.it\/blog\/wp-json\/wp\/v2\/tags?post=46507"}],"curies":[{"name":"wp","href":"https:\/\/api.w.org\/{rel}","templated":true}]}}