{"id":46511,"date":"2025-05-13T20:23:15","date_gmt":"2025-05-13T18:23:15","guid":{"rendered":"https:\/\/www.docenti.it\/blog\/?p=46511"},"modified":"2025-05-13T20:23:16","modified_gmt":"2025-05-13T18:23:16","slug":"tfa-sostegno-faq","status":"publish","type":"post","link":"https:\/\/www.docenti.it\/blog\/tfa-sostegno-faq\/","title":{"rendered":"TFA Sostegno 2025: le F.A.Q. dei nostri utenti"},"content":{"rendered":"\n<p>TFA sostegno 2025: i decreti <strong>n. 75<\/strong> e <strong>77<\/strong> del 24 aprile 2025 prevedono la formazione di circa <strong>60.000 docenti<\/strong>. <\/p>\n\n\n\n<p>Oltre al percorso ordinario del TFA sostegno, che comprende tra i <strong>20.000 e i 30.000 posti<\/strong>, sono stati attivati percorsi riservati a docenti con <strong>tre anni di servizio<\/strong> o con <strong>titolo estero<\/strong>. <\/p>\n\n\n\n<p>In questo contenuto, rispondiamo alle principali domande per chiarire ogni dubbio. <\/p>\n\n\n\n<h2>Che percorsi prevede il TFA sostegno?<\/h2>\n\n\n\n<p>I percorsi attivati per il TFA sostegno si articolano in tre diverse tipologie:<\/p>\n\n\n\n<ol>\n<li>Corsi interamente gestiti da <strong>Indire<\/strong>; <\/li>\n\n\n\n<li>Corsi misti organizzati da <strong>Indire e universit\u00e0<\/strong>;<\/li>\n\n\n\n<li>Corsi gestiti esclusivamente dalle <strong>universit\u00e0<\/strong>;<\/li>\n<\/ol>\n\n\n\n<p>Questi percorsi sono destinati soprattutto a docenti che hanno gi\u00e0 maturato almeno <strong>tre anni di servizio sul sostegno<\/strong> e a coloro che hanno conseguito un <strong>titolo estero<\/strong> ancora in attesa di riconoscimento.<\/p>\n\n\n\n<p>Quest&#8217;ultima situazione ha suscitato alcune polemiche, poich\u00e9 molti insegnanti, dopo aver gi\u00e0 investito tempo e risorse per ottenere una specializzazione all\u2019estero, si trovano ora a dover affrontare un percorso alternativo che sembra una sorta di <strong>sanatoria a pagamento<\/strong>.<\/p>\n\n\n\n<p><\/p>\n\n\n\n<div class=\"is-layout-flex wp-block-buttons\">\n<div class=\"wp-block-button\"><a class=\"wp-block-button__link wp-element-button\" href=\"https:\/\/www.docenti.it\/formazione-docenti\/percorsi-formativi.html?tc=35\" target=\"_blank\" rel=\"noreferrer noopener\">VISUALIZZA I PERCORSI TFA INDIRE<\/a><\/div>\n<\/div>\n\n\n\n<p><\/p>\n\n\n\n<h3>TFA sostegno: i corsisti INDIRE possono essere inseriti nelle graduatorie GPS?<\/h3>\n\n\n\n<p>S\u00ec, i docenti che frequentano i corsi Indire verranno inseriti nelle <strong>Graduatorie Provinciali per le Supplenze (GPS)<\/strong>. <\/p>\n\n\n\n<p>Si tratta infatti di una specializzazione sul sostegno valida per tutte le aree di disabilit\u00e0, compresi i casi di alunni con problematiche <strong>psicofisiche, non vedenti e non udenti<\/strong>. <\/p>\n\n\n\n<p>Tuttavia, il punteggio che verr\u00e0 assegnato a questi corsisti sar\u00e0 chiarito solo al momento della pubblicazione dell\u2019ordinanza sulle GPS. <\/p>\n\n\n\n<p>Alcune indiscrezioni suggeriscono che potrebbe risultare inferiore rispetto a quello attribuito ai percorsi <strong>universitari TFA<\/strong>, che richiedono <strong>60 CFU<\/strong> e un percorso a numero chiuso, per\u00f2 non ci sono ancora notizie ufficiali sul tema. <\/p>\n\n\n\n<h2>TFA sostegno: iscrizione e accesso ai corsi INDIRE<\/h2>\n\n\n\n<p>I corsi Indire sono rivolti principalmente a docenti che hanno accumulato almeno <strong>tre anni di servizio<\/strong> sul sostegno nello stesso grado scolastico. <\/p>\n\n\n\n<p>Anche i docenti di ruolo che possiedono un <strong>titolo estero<\/strong> non ancora riconosciuto possono partecipare, purch\u00e9 la richiesta di riconoscimento sia stata presentata entro <strong>febbraio 2024<\/strong>. <\/p>\n\n\n\n<p>In alcuni casi specifici, chi ha ottenuto il <strong>TFA estero a dicembre 2024<\/strong> potrebbe comunque partecipare se ha avviato un <strong>ricorso<\/strong> relativo al riconoscimento del titolo.<\/p>\n\n\n\n<h3>\u00c8 possibile iscriversi a pi\u00f9 corsi contemporaneamente?<\/h3>\n\n\n\n<p>No, non \u00e8 possibile partecipare contemporaneamente a pi\u00f9 corsi o iscriversi in pi\u00f9 regioni. <\/p>\n\n\n\n<p>Il decreto stabilisce chiaramente che un docente non pu\u00f2 candidarsi sia come <strong>triennalista<\/strong> sia come <strong>docente con titolo estero<\/strong> nello stesso anno accademico. <\/p>\n\n\n\n<p>Inoltre, non \u00e8 consentito iscriversi a percorsi formativi in pi\u00f9 regioni. Nel caso in cui un\u2019universit\u00e0 non riceva sufficienti richieste per coprire i posti disponibili, potr\u00e0 comunque accogliere candidati provenienti da altre regioni.<\/p>\n\n\n\n<h3>Cosa succede nel caso in cui ci si iscriva ad un corso INDIRE e ad un percorso abilitante?<\/h3>\n\n\n\n<p>Generalmente, non \u00e8 possibile frequentare due corsi obbligatori contemporaneamente. Tuttavia, se uno dei due percorsi \u00e8 gi\u00e0 stato concluso, \u00e8 possibile iscriversi al corso Indire nello stesso anno accademico senza incorrere in incompatibilit\u00e0.<\/p>\n\n\n\n<h3>TFA sostegno: come avviene il pagamento dei corsi INDIRE?<\/h3>\n\n\n\n<p>I corsi Indire offrono la possibilit\u00e0 di dilazionare il pagamento. <\/p>\n\n\n\n<p>\u00c8 inoltre possibile utilizzare la <strong>Carta del Docente<\/strong> per coprire i costi, poich\u00e9 i corsi rientrano nella formazione professionale riconosciuta. <\/p>\n\n\n\n<p>Tuttavia, il problema del mancato versamento dei fondi legati alla <strong>Carta del Docente<\/strong>, nonostante le sentenze favorevoli ai docenti, rimane ancora irrisolto.<\/p>\n\n\n\n<h3>Come viene stilata la graduatoria se i posti sono insufficienti?<\/h3>\n\n\n\n<p>La graduatoria per l\u2019accesso ai corsi Indire si basa sugli <strong>anni di servizio<\/strong> svolti sul sostegno negli ultimi <strong>cinque anni<\/strong>. In caso di parit\u00e0, si d\u00e0 priorit\u00e0 al candidato <strong>pi\u00f9 giovane<\/strong>. <\/p>\n\n\n\n<p>Se il numero di domande supera la disponibilit\u00e0 di posti, chi resta escluso potr\u00e0 eventualmente presentarsi in altre sedi universitarie con posti liberi.<\/p>\n\n\n\n<p><\/p>\n\n\n\n<p><em>Queste sono alcune delle domande pi\u00f9 frequenti che abbiamo ricevuto dai nostri lettori. <\/em><\/p>\n\n\n\n<p>In attesa di ulteriori news e aggiornamenti: <\/p>\n\n\n\n<p><\/p>\n\n\n\n<div class=\"is-layout-flex wp-block-buttons\">\n<div class=\"wp-block-button\"><a class=\"wp-block-button__link wp-element-button\" href=\"https:\/\/www.docenti.it\/formazione-docenti\/percorsi-formativi.html?tc=35\" target=\"_blank\" rel=\"noreferrer noopener\">RICHIEDI INFO SUI CORSI<\/a><\/div>\n<\/div>\n\n\n\n<p><\/p>\n\n\n\n<p>Per ulteriori news e approfondimenti sul mondo scuola, segui il\u00a0<strong><a href=\"https:\/\/www.docenti.it\/blog\/\" target=\"_blank\" rel=\"noreferrer noopener\">blog\u00a0<\/a><\/strong>di\u00a0<strong><a href=\"https:\/\/www.docenti.it\/\" target=\"_blank\" rel=\"noreferrer noopener\">Docenti.it<\/a><\/strong><\/p>\n\n\n\n<p><\/p>\n","protected":false},"excerpt":{"rendered":"<p>TFA sostegno 2025: i decreti n. 75 e 77 del 24 aprile 2025 prevedono [&hellip;]<\/p>\n","protected":false},"author":25,"featured_media":43727,"comment_status":"open","ping_status":"open","sticky":false,"template":"","format":"standard","meta":[],"categories":[1,3,14],"tags":[852,820,842,249,856],"yoast_head":"<!-- This site is optimized with the Yoast SEO plugin v20.4 - https:\/\/yoast.com\/wordpress\/plugins\/seo\/ -->\n<title>TFA Sostegno 2025: le F.A.Q. dei nostri utenti - Blog | Docenti.it<\/title>\n<meta name=\"description\" content=\"TFA sostegno: una risposta dei consulenti Docenti.it sulle domande pi\u00f9 frequenti dei nostri utenti in merito ai corsi INDIRE 2025.\" \/>\n<meta name=\"robots\" content=\"index, follow, max-snippet:-1, max-image-preview:large, max-video-preview:-1\" \/>\n<link rel=\"canonical\" href=\"https:\/\/www.docenti.it\/blog\/tfa-sostegno-faq\/\" \/>\n<meta property=\"og:locale\" content=\"it_IT\" \/>\n<meta property=\"og:type\" content=\"article\" \/>\n<meta property=\"og:title\" content=\"TFA Sostegno 2025: le F.A.Q. dei nostri utenti - Blog | Docenti.it\" \/>\n<meta property=\"og:description\" content=\"TFA sostegno: una risposta dei consulenti Docenti.it sulle domande pi\u00f9 frequenti dei nostri utenti in merito ai corsi INDIRE 2025.\" \/>\n<meta property=\"og:url\" content=\"https:\/\/www.docenti.it\/blog\/tfa-sostegno-faq\/\" \/>\n<meta property=\"og:site_name\" content=\"Blog | Docenti.it\" \/>\n<meta property=\"article:publisher\" content=\"https:\/\/www.facebook.com\/docenti.it\" \/>\n<meta property=\"article:published_time\" content=\"2025-05-13T18:23:15+00:00\" \/>\n<meta property=\"article:modified_time\" content=\"2025-05-13T18:23:16+00:00\" \/>\n<meta property=\"og:image\" content=\"https:\/\/www.docenti.it\/blog\/wp-content\/uploads\/2023\/01\/pexels-matheus-bertelli-3856027.jpg\" \/>\n\t<meta property=\"og:image:width\" content=\"640\" \/>\n\t<meta property=\"og:image:height\" content=\"427\" \/>\n\t<meta property=\"og:image:type\" content=\"image\/jpeg\" \/>\n<meta name=\"author\" content=\"Gabriella Capraro\" \/>\n<meta name=\"twitter:card\" content=\"summary_large_image\" \/>\n<meta name=\"twitter:label1\" content=\"Written by\" \/>\n\t<meta name=\"twitter:data1\" content=\"Gabriella Capraro\" \/>\n\t<meta name=\"twitter:label2\" content=\"Est. reading time\" \/>\n\t<meta name=\"twitter:data2\" content=\"3 minuti\" \/>\n<script type=\"application\/ld+json\" class=\"yoast-schema-graph\">{\"@context\":\"https:\/\/schema.org\",\"@graph\":[{\"@type\":\"Article\",\"@id\":\"https:\/\/www.docenti.it\/blog\/tfa-sostegno-faq\/#article\",\"isPartOf\":{\"@id\":\"https:\/\/www.docenti.it\/blog\/tfa-sostegno-faq\/\"},\"author\":{\"name\":\"Gabriella Capraro\",\"@id\":\"https:\/\/www.docenti.it\/blog\/#\/schema\/person\/773963d3c0645bd34c150c41a13e5754\"},\"headline\":\"TFA Sostegno 2025: le F.A.Q. dei nostri utenti\",\"datePublished\":\"2025-05-13T18:23:15+00:00\",\"dateModified\":\"2025-05-13T18:23:16+00:00\",\"mainEntityOfPage\":{\"@id\":\"https:\/\/www.docenti.it\/blog\/tfa-sostegno-faq\/\"},\"wordCount\":651,\"commentCount\":0,\"publisher\":{\"@id\":\"https:\/\/www.docenti.it\/blog\/#organization\"},\"keywords\":[\"corsi sostegno INDIRE\",\"percorsi INDIRE\",\"percorsi INDIRE 2025\",\"TFA Sostegno\",\"tfa sostegno 2025\"],\"articleSection\":[\"FAQ\",\"Normativa\",\"tfa sostegno\"],\"inLanguage\":\"it-IT\",\"potentialAction\":[{\"@type\":\"CommentAction\",\"name\":\"Comment\",\"target\":[\"https:\/\/www.docenti.it\/blog\/tfa-sostegno-faq\/#respond\"]}]},{\"@type\":\"WebPage\",\"@id\":\"https:\/\/www.docenti.it\/blog\/tfa-sostegno-faq\/\",\"url\":\"https:\/\/www.docenti.it\/blog\/tfa-sostegno-faq\/\",\"name\":\"TFA Sostegno 2025: le F.A.Q. dei nostri utenti - Blog | Docenti.it\",\"isPartOf\":{\"@id\":\"https:\/\/www.docenti.it\/blog\/#website\"},\"datePublished\":\"2025-05-13T18:23:15+00:00\",\"dateModified\":\"2025-05-13T18:23:16+00:00\",\"description\":\"TFA sostegno: una risposta dei consulenti Docenti.it sulle domande pi\u00f9 frequenti dei nostri utenti in merito ai corsi INDIRE 2025.\",\"breadcrumb\":{\"@id\":\"https:\/\/www.docenti.it\/blog\/tfa-sostegno-faq\/#breadcrumb\"},\"inLanguage\":\"it-IT\",\"potentialAction\":[{\"@type\":\"ReadAction\",\"target\":[\"https:\/\/www.docenti.it\/blog\/tfa-sostegno-faq\/\"]}]},{\"@type\":\"BreadcrumbList\",\"@id\":\"https:\/\/www.docenti.it\/blog\/tfa-sostegno-faq\/#breadcrumb\",\"itemListElement\":[{\"@type\":\"ListItem\",\"position\":1,\"name\":\"Home\",\"item\":\"https:\/\/www.docenti.it\/blog\/\"},{\"@type\":\"ListItem\",\"position\":2,\"name\":\"TFA Sostegno 2025: le F.A.Q. dei nostri utenti\"}]},{\"@type\":\"WebSite\",\"@id\":\"https:\/\/www.docenti.it\/blog\/#website\",\"url\":\"https:\/\/www.docenti.it\/blog\/\",\"name\":\"Blog | Docenti.it\",\"description\":\"Tutte le notizie e gli aggiornamenti dal mondo della scuola\",\"publisher\":{\"@id\":\"https:\/\/www.docenti.it\/blog\/#organization\"},\"potentialAction\":[{\"@type\":\"SearchAction\",\"target\":{\"@type\":\"EntryPoint\",\"urlTemplate\":\"https:\/\/www.docenti.it\/blog\/?s={search_term_string}\"},\"query-input\":\"required name=search_term_string\"}],\"inLanguage\":\"it-IT\"},{\"@type\":\"Organization\",\"@id\":\"https:\/\/www.docenti.it\/blog\/#organization\",\"name\":\"Blog | Docenti.it\",\"url\":\"https:\/\/www.docenti.it\/blog\/\",\"logo\":{\"@type\":\"ImageObject\",\"inLanguage\":\"it-IT\",\"@id\":\"https:\/\/www.docenti.it\/blog\/#\/schema\/logo\/image\/\",\"url\":\"https:\/\/www.docenti.it\/blog\/wp-content\/uploads\/2025\/06\/fb_mad_img.png\",\"contentUrl\":\"https:\/\/www.docenti.it\/blog\/wp-content\/uploads\/2025\/06\/fb_mad_img.png\",\"width\":1140,\"height\":620,\"caption\":\"Blog | Docenti.it\"},\"image\":{\"@id\":\"https:\/\/www.docenti.it\/blog\/#\/schema\/logo\/image\/\"},\"sameAs\":[\"https:\/\/www.facebook.com\/docenti.it\"]},{\"@type\":\"Person\",\"@id\":\"https:\/\/www.docenti.it\/blog\/#\/schema\/person\/773963d3c0645bd34c150c41a13e5754\",\"name\":\"Gabriella Capraro\",\"image\":{\"@type\":\"ImageObject\",\"inLanguage\":\"it-IT\",\"@id\":\"https:\/\/www.docenti.it\/blog\/#\/schema\/person\/image\/\",\"url\":\"https:\/\/secure.gravatar.com\/avatar\/17e0ab06bea064a8a7c5bef443cb7153?s=96&d=mm&r=g\",\"contentUrl\":\"https:\/\/secure.gravatar.com\/avatar\/17e0ab06bea064a8a7c5bef443cb7153?s=96&d=mm&r=g\",\"caption\":\"Gabriella Capraro\"},\"description\":\"Copywriter e digital strategist, collabora come articolista e autrice per diverse piattaforme online, spaziando da tematiche scolastiche\/istituzionali a letterarie e musicali.\",\"url\":\"https:\/\/www.docenti.it\/blog\/author\/gcapraro\/\"}]}<\/script>\n<!-- \/ Yoast SEO plugin. -->","yoast_head_json":{"title":"TFA Sostegno 2025: le F.A.Q. dei nostri utenti - Blog | Docenti.it","description":"TFA sostegno: una risposta dei consulenti Docenti.it sulle domande pi\u00f9 frequenti dei nostri utenti in merito ai corsi INDIRE 2025.","robots":{"index":"index","follow":"follow","max-snippet":"max-snippet:-1","max-image-preview":"max-image-preview:large","max-video-preview":"max-video-preview:-1"},"canonical":"https:\/\/www.docenti.it\/blog\/tfa-sostegno-faq\/","og_locale":"it_IT","og_type":"article","og_title":"TFA Sostegno 2025: le F.A.Q. dei nostri utenti - Blog | Docenti.it","og_description":"TFA sostegno: una risposta dei consulenti Docenti.it sulle domande pi\u00f9 frequenti dei nostri utenti in merito ai corsi INDIRE 2025.","og_url":"https:\/\/www.docenti.it\/blog\/tfa-sostegno-faq\/","og_site_name":"Blog | Docenti.it","article_publisher":"https:\/\/www.facebook.com\/docenti.it","article_published_time":"2025-05-13T18:23:15+00:00","article_modified_time":"2025-05-13T18:23:16+00:00","og_image":[{"width":640,"height":427,"url":"https:\/\/www.docenti.it\/blog\/wp-content\/uploads\/2023\/01\/pexels-matheus-bertelli-3856027.jpg","type":"image\/jpeg"}],"author":"Gabriella Capraro","twitter_card":"summary_large_image","twitter_misc":{"Written by":"Gabriella Capraro","Est. reading time":"3 minuti"},"schema":{"@context":"https:\/\/schema.org","@graph":[{"@type":"Article","@id":"https:\/\/www.docenti.it\/blog\/tfa-sostegno-faq\/#article","isPartOf":{"@id":"https:\/\/www.docenti.it\/blog\/tfa-sostegno-faq\/"},"author":{"name":"Gabriella Capraro","@id":"https:\/\/www.docenti.it\/blog\/#\/schema\/person\/773963d3c0645bd34c150c41a13e5754"},"headline":"TFA Sostegno 2025: le F.A.Q. dei nostri utenti","datePublished":"2025-05-13T18:23:15+00:00","dateModified":"2025-05-13T18:23:16+00:00","mainEntityOfPage":{"@id":"https:\/\/www.docenti.it\/blog\/tfa-sostegno-faq\/"},"wordCount":651,"commentCount":0,"publisher":{"@id":"https:\/\/www.docenti.it\/blog\/#organization"},"keywords":["corsi sostegno INDIRE","percorsi INDIRE","percorsi INDIRE 2025","TFA Sostegno","tfa sostegno 2025"],"articleSection":["FAQ","Normativa","tfa sostegno"],"inLanguage":"it-IT","potentialAction":[{"@type":"CommentAction","name":"Comment","target":["https:\/\/www.docenti.it\/blog\/tfa-sostegno-faq\/#respond"]}]},{"@type":"WebPage","@id":"https:\/\/www.docenti.it\/blog\/tfa-sostegno-faq\/","url":"https:\/\/www.docenti.it\/blog\/tfa-sostegno-faq\/","name":"TFA Sostegno 2025: le F.A.Q. dei nostri utenti - Blog | Docenti.it","isPartOf":{"@id":"https:\/\/www.docenti.it\/blog\/#website"},"datePublished":"2025-05-13T18:23:15+00:00","dateModified":"2025-05-13T18:23:16+00:00","description":"TFA sostegno: una risposta dei consulenti Docenti.it sulle domande pi\u00f9 frequenti dei nostri utenti in merito ai corsi INDIRE 2025.","breadcrumb":{"@id":"https:\/\/www.docenti.it\/blog\/tfa-sostegno-faq\/#breadcrumb"},"inLanguage":"it-IT","potentialAction":[{"@type":"ReadAction","target":["https:\/\/www.docenti.it\/blog\/tfa-sostegno-faq\/"]}]},{"@type":"BreadcrumbList","@id":"https:\/\/www.docenti.it\/blog\/tfa-sostegno-faq\/#breadcrumb","itemListElement":[{"@type":"ListItem","position":1,"name":"Home","item":"https:\/\/www.docenti.it\/blog\/"},{"@type":"ListItem","position":2,"name":"TFA Sostegno 2025: le F.A.Q. dei nostri utenti"}]},{"@type":"WebSite","@id":"https:\/\/www.docenti.it\/blog\/#website","url":"https:\/\/www.docenti.it\/blog\/","name":"Blog | Docenti.it","description":"Tutte le notizie e gli aggiornamenti dal mondo della scuola","publisher":{"@id":"https:\/\/www.docenti.it\/blog\/#organization"},"potentialAction":[{"@type":"SearchAction","target":{"@type":"EntryPoint","urlTemplate":"https:\/\/www.docenti.it\/blog\/?s={search_term_string}"},"query-input":"required name=search_term_string"}],"inLanguage":"it-IT"},{"@type":"Organization","@id":"https:\/\/www.docenti.it\/blog\/#organization","name":"Blog | Docenti.it","url":"https:\/\/www.docenti.it\/blog\/","logo":{"@type":"ImageObject","inLanguage":"it-IT","@id":"https:\/\/www.docenti.it\/blog\/#\/schema\/logo\/image\/","url":"https:\/\/www.docenti.it\/blog\/wp-content\/uploads\/2025\/06\/fb_mad_img.png","contentUrl":"https:\/\/www.docenti.it\/blog\/wp-content\/uploads\/2025\/06\/fb_mad_img.png","width":1140,"height":620,"caption":"Blog | Docenti.it"},"image":{"@id":"https:\/\/www.docenti.it\/blog\/#\/schema\/logo\/image\/"},"sameAs":["https:\/\/www.facebook.com\/docenti.it"]},{"@type":"Person","@id":"https:\/\/www.docenti.it\/blog\/#\/schema\/person\/773963d3c0645bd34c150c41a13e5754","name":"Gabriella Capraro","image":{"@type":"ImageObject","inLanguage":"it-IT","@id":"https:\/\/www.docenti.it\/blog\/#\/schema\/person\/image\/","url":"https:\/\/secure.gravatar.com\/avatar\/17e0ab06bea064a8a7c5bef443cb7153?s=96&d=mm&r=g","contentUrl":"https:\/\/secure.gravatar.com\/avatar\/17e0ab06bea064a8a7c5bef443cb7153?s=96&d=mm&r=g","caption":"Gabriella Capraro"},"description":"Copywriter e digital strategist, collabora come articolista e autrice per diverse piattaforme online, spaziando da tematiche scolastiche\/istituzionali a letterarie e musicali.","url":"https:\/\/www.docenti.it\/blog\/author\/gcapraro\/"}]}},"_links":{"self":[{"href":"https:\/\/www.docenti.it\/blog\/wp-json\/wp\/v2\/posts\/46511"}],"collection":[{"href":"https:\/\/www.docenti.it\/blog\/wp-json\/wp\/v2\/posts"}],"about":[{"href":"https:\/\/www.docenti.it\/blog\/wp-json\/wp\/v2\/types\/post"}],"author":[{"embeddable":true,"href":"https:\/\/www.docenti.it\/blog\/wp-json\/wp\/v2\/users\/25"}],"replies":[{"embeddable":true,"href":"https:\/\/www.docenti.it\/blog\/wp-json\/wp\/v2\/comments?post=46511"}],"version-history":[{"count":1,"href":"https:\/\/www.docenti.it\/blog\/wp-json\/wp\/v2\/posts\/46511\/revisions"}],"predecessor-version":[{"id":46512,"href":"https:\/\/www.docenti.it\/blog\/wp-json\/wp\/v2\/posts\/46511\/revisions\/46512"}],"wp:featuredmedia":[{"embeddable":true,"href":"https:\/\/www.docenti.it\/blog\/wp-json\/wp\/v2\/media\/43727"}],"wp:attachment":[{"href":"https:\/\/www.docenti.it\/blog\/wp-json\/wp\/v2\/media?parent=46511"}],"wp:term":[{"taxonomy":"category","embeddable":true,"href":"https:\/\/www.docenti.it\/blog\/wp-json\/wp\/v2\/categories?post=46511"},{"taxonomy":"post_tag","embeddable":true,"href":"https:\/\/www.docenti.it\/blog\/wp-json\/wp\/v2\/tags?post=46511"}],"curies":[{"name":"wp","href":"https:\/\/api.w.org\/{rel}","templated":true}]}}