{"id":46515,"date":"2025-05-14T18:26:40","date_gmt":"2025-05-14T16:26:40","guid":{"rendered":"https:\/\/www.docenti.it\/blog\/?p=46515"},"modified":"2025-05-14T18:26:41","modified_gmt":"2025-05-14T16:26:41","slug":"corsi-indire-titoli-esteri-criticita","status":"publish","type":"post","link":"https:\/\/www.docenti.it\/blog\/corsi-indire-titoli-esteri-criticita\/","title":{"rendered":"Corsi INDIRE e titoli esteri: le criticit\u00e0 emerse"},"content":{"rendered":"\n<p>Corsi INDIRE e titoli esteri: un&#8217;opportunit\u00e0 formativa per docenti che hanno conseguito titoli di abilitazione o specializzazione, anche all&#8217;estero. <\/p>\n\n\n\n<p>L&#8217;accesso ai percorsi \u00e8 regolamentato da norme specifiche, che hanno sollevato alcune problematiche relative alla <strong>disparit\u00e0 di trattamento<\/strong> tra i candidati, in particolare rispetto alla categoria di docenti che ha conseguito il titolo all&#8217;estero. <\/p>\n\n\n\n<p><em>In questo contenuto approfondiremo quali sono le criticit\u00e0 emerse rispetto ai percorsi INDIRE. <\/em><\/p>\n\n\n\n<p>Nel frattempo, dai un&#8217;occhiata ai percorsi: <\/p>\n\n\n\n<p><\/p>\n\n\n\n<div class=\"is-layout-flex wp-block-buttons\">\n<div class=\"wp-block-button\"><a class=\"wp-block-button__link wp-element-button\" href=\"https:\/\/www.docenti.it\/formazione-docenti\/percorsi-formativi.html?tc=35\" target=\"_blank\" rel=\"noreferrer noopener\">PROGRAMMA PERCORSI INDIRE<\/a><\/div>\n<\/div>\n\n\n\n<p><\/p>\n\n\n\n<h2>I requisiti di accesso previsti dalla normativa<\/h2>\n\n\n\n<p>Secondo quanto stabilito dal <strong>decreto attuativo<\/strong> e dalla normativa corrente, possono accedere ai percorsi Indire solo coloro che, alla data del <strong>1\u00b0 giugno 2024<\/strong>, si trovano in una delle condizioni previste dal <strong>DM n. 77 del 24 aprile 2025<\/strong>. <\/p>\n\n\n\n<p>Ci\u00f2 significa che i docenti che ottengono l&#8217;abilitazione o la specializzazione dopo tale data, come ad esempio a giugno 2025, non potranno partecipare a tali percorsi.<\/p>\n\n\n\n<p>\u00c8 importante sottolineare che il <strong>percorso Indire<\/strong> previsto dal decreto n. 77 \u00e8 stato concepito come una misura <strong>straordinaria e unica<\/strong>, senza la possibilit\u00e0 di ulteriori edizioni in futuro. <\/p>\n\n\n\n<p>Attualmente, si stima che circa <strong>10.000 aspiranti<\/strong> siano in possesso dei requisiti necessari per l&#8217;accesso. Il <strong>Ministro Valditara<\/strong> ha dichiarato che i nuovi docenti formati attraverso i percorsi straordinari saranno circa <strong>60.000<\/strong>, di cui <strong>52.667<\/strong> con tre anni di servizio, come indicato dal <strong>DM n. 75\/2025<\/strong>. <\/p>\n\n\n\n<p>Ne deriva quindi che il numero di docenti con titoli esteri abilitati si aggira intorno a <strong>10.000<\/strong>. <\/p>\n\n\n\n<h2>Percorsi INDIRE titoli esteri: una possibile disparit\u00e0 di trattamento<\/h2>\n\n\n\n<p>Nonostante il Ministero dell&#8217;Istruzione e del Merito abbia fornito le linee guida per i <strong>corsi Indire<\/strong> dei docenti specializzati sul sostegno all&#8217;estero, permangono delle criticit\u00e0. <\/p>\n\n\n\n<p>In particolare, esistono delle <strong>disparit\u00e0 di trattamento<\/strong> che penalizzano alcuni docenti con titoli esteri.<\/p>\n\n\n\n<p>Infatti, diversi insegnanti che hanno ottenuto l&#8217;abilitazione presso la stessa universit\u00e0 e seguendo un percorso di studi identico, possono trovarsi in situazioni diverse a seconda della data di presentazione della <strong>Domanda di riconoscimento<\/strong>. Ad esempio, risultano esclusi dai corsi Indire:<\/p>\n\n\n\n<ul>\n<li>Coloro che hanno ricevuto un <strong>provvedimento di rigetto<\/strong> della domanda prima del 1\u00b0 giugno 2024; <\/li>\n\n\n\n<li>Coloro che hanno presentato la domanda dopo il 1\u00b0 giugno 2024; <\/li>\n\n\n\n<li>Coloro che, pur avendo presentato la domanda prima di tale data, non hanno ancora completato i <strong>120 giorni<\/strong> necessari alla valutazione (ovvero, domande presentate tra il <strong>2 febbraio 2024<\/strong> e il <strong>31 maggio 2024<\/strong>).<\/li>\n<\/ul>\n\n\n\n<p>Questa situazione ha generato malcontento tra i docenti coinvolti, poich\u00e9 l&#8217;esclusione dai corsi Indire limita fortemente la possibilit\u00e0 di ottenere il riconoscimento del <strong>titolo estero<\/strong> in Italia, impedendo loro di inserirsi pienamente nel sistema scolastico nazionale.<\/p>\n\n\n\n<p><em>In attesa di notizie ulteriori sul tema, il nostro consiglio \u00e8 quello di tenersi aggiornati attraverso i portali ufficiali. <\/em><\/p>\n\n\n\n<p>Nel frattempo: <\/p>\n\n\n\n<p><\/p>\n\n\n\n<div class=\"is-layout-flex wp-block-buttons\">\n<div class=\"wp-block-button\"><a class=\"wp-block-button__link wp-element-button\" href=\"https:\/\/www.docenti.it\/formazione-docenti\/percorsi-formativi.html?tc=35\" target=\"_blank\" rel=\"noreferrer noopener\">SCOPRI I PERCORSI INDIRE <\/a><\/div>\n<\/div>\n\n\n\n<p><\/p>\n\n\n\n<p>Per ulteriori news e approfondimenti sul mondo scuola, segui il\u00a0<strong><a href=\"https:\/\/www.docenti.it\/blog\/\" target=\"_blank\" rel=\"noreferrer noopener\">blog\u00a0<\/a><\/strong>di\u00a0<strong><a href=\"https:\/\/www.docenti.it\/\" target=\"_blank\" rel=\"noreferrer noopener\">Docenti.it<\/a><\/strong><\/p>\n\n\n\n<p><\/p>\n","protected":false},"excerpt":{"rendered":"<p>Corsi INDIRE e titoli esteri: un&#8217;opportunit\u00e0 formativa per docenti che hanno conseguito titoli di [&hellip;]<\/p>\n","protected":false},"author":25,"featured_media":41602,"comment_status":"open","ping_status":"open","sticky":false,"template":"","format":"standard","meta":[],"categories":[3,14],"tags":[859,831,820,841],"yoast_head":"<!-- This site is optimized with the Yoast SEO plugin v20.4 - https:\/\/yoast.com\/wordpress\/plugins\/seo\/ -->\n<title>Corsi INDIRE e titoli esteri: le criticit\u00e0 emerse - Blog | Docenti.it<\/title>\n<meta name=\"description\" content=\"Corsi INDIRE titoli esteri: un chiarimento sulle criticit\u00e0 emerse rispetto ai docenti che hanno gi\u00e0 conseguito una specializzazione.\" \/>\n<meta name=\"robots\" content=\"index, follow, max-snippet:-1, max-image-preview:large, max-video-preview:-1\" \/>\n<link rel=\"canonical\" href=\"https:\/\/www.docenti.it\/blog\/corsi-indire-titoli-esteri-criticita\/\" \/>\n<meta property=\"og:locale\" content=\"it_IT\" \/>\n<meta property=\"og:type\" content=\"article\" \/>\n<meta property=\"og:title\" content=\"Corsi INDIRE e titoli esteri: le criticit\u00e0 emerse - Blog | Docenti.it\" \/>\n<meta property=\"og:description\" content=\"Corsi INDIRE titoli esteri: un chiarimento sulle criticit\u00e0 emerse rispetto ai docenti che hanno gi\u00e0 conseguito una specializzazione.\" \/>\n<meta property=\"og:url\" content=\"https:\/\/www.docenti.it\/blog\/corsi-indire-titoli-esteri-criticita\/\" \/>\n<meta property=\"og:site_name\" content=\"Blog | Docenti.it\" \/>\n<meta property=\"article:publisher\" content=\"https:\/\/www.facebook.com\/docenti.it\" \/>\n<meta property=\"article:published_time\" content=\"2025-05-14T16:26:40+00:00\" \/>\n<meta property=\"article:modified_time\" content=\"2025-05-14T16:26:41+00:00\" \/>\n<meta property=\"og:image\" content=\"https:\/\/www.docenti.it\/blog\/wp-content\/uploads\/2022\/12\/woman-gd0e7cf1d5_640.jpg\" \/>\n\t<meta property=\"og:image:width\" content=\"640\" \/>\n\t<meta property=\"og:image:height\" content=\"427\" \/>\n\t<meta property=\"og:image:type\" content=\"image\/jpeg\" \/>\n<meta name=\"author\" content=\"Gabriella Capraro\" \/>\n<meta name=\"twitter:card\" content=\"summary_large_image\" \/>\n<meta name=\"twitter:label1\" content=\"Written by\" \/>\n\t<meta name=\"twitter:data1\" content=\"Gabriella Capraro\" \/>\n\t<meta name=\"twitter:label2\" content=\"Est. reading time\" \/>\n\t<meta name=\"twitter:data2\" content=\"2 minuti\" \/>\n<script type=\"application\/ld+json\" class=\"yoast-schema-graph\">{\"@context\":\"https:\/\/schema.org\",\"@graph\":[{\"@type\":\"Article\",\"@id\":\"https:\/\/www.docenti.it\/blog\/corsi-indire-titoli-esteri-criticita\/#article\",\"isPartOf\":{\"@id\":\"https:\/\/www.docenti.it\/blog\/corsi-indire-titoli-esteri-criticita\/\"},\"author\":{\"name\":\"Gabriella Capraro\",\"@id\":\"https:\/\/www.docenti.it\/blog\/#\/schema\/person\/773963d3c0645bd34c150c41a13e5754\"},\"headline\":\"Corsi INDIRE e titoli esteri: le criticit\u00e0 emerse\",\"datePublished\":\"2025-05-14T16:26:40+00:00\",\"dateModified\":\"2025-05-14T16:26:41+00:00\",\"mainEntityOfPage\":{\"@id\":\"https:\/\/www.docenti.it\/blog\/corsi-indire-titoli-esteri-criticita\/\"},\"wordCount\":445,\"commentCount\":0,\"publisher\":{\"@id\":\"https:\/\/www.docenti.it\/blog\/#organization\"},\"keywords\":[\"corsi indire titoli esteri\",\"INDIRE 2025\",\"percorsi INDIRE\",\"percorsi indire sostegno\"],\"articleSection\":[\"Normativa\",\"tfa sostegno\"],\"inLanguage\":\"it-IT\",\"potentialAction\":[{\"@type\":\"CommentAction\",\"name\":\"Comment\",\"target\":[\"https:\/\/www.docenti.it\/blog\/corsi-indire-titoli-esteri-criticita\/#respond\"]}]},{\"@type\":\"WebPage\",\"@id\":\"https:\/\/www.docenti.it\/blog\/corsi-indire-titoli-esteri-criticita\/\",\"url\":\"https:\/\/www.docenti.it\/blog\/corsi-indire-titoli-esteri-criticita\/\",\"name\":\"Corsi INDIRE e titoli esteri: le criticit\u00e0 emerse - Blog | Docenti.it\",\"isPartOf\":{\"@id\":\"https:\/\/www.docenti.it\/blog\/#website\"},\"datePublished\":\"2025-05-14T16:26:40+00:00\",\"dateModified\":\"2025-05-14T16:26:41+00:00\",\"description\":\"Corsi INDIRE titoli esteri: un chiarimento sulle criticit\u00e0 emerse rispetto ai docenti che hanno gi\u00e0 conseguito una specializzazione.\",\"breadcrumb\":{\"@id\":\"https:\/\/www.docenti.it\/blog\/corsi-indire-titoli-esteri-criticita\/#breadcrumb\"},\"inLanguage\":\"it-IT\",\"potentialAction\":[{\"@type\":\"ReadAction\",\"target\":[\"https:\/\/www.docenti.it\/blog\/corsi-indire-titoli-esteri-criticita\/\"]}]},{\"@type\":\"BreadcrumbList\",\"@id\":\"https:\/\/www.docenti.it\/blog\/corsi-indire-titoli-esteri-criticita\/#breadcrumb\",\"itemListElement\":[{\"@type\":\"ListItem\",\"position\":1,\"name\":\"Home\",\"item\":\"https:\/\/www.docenti.it\/blog\/\"},{\"@type\":\"ListItem\",\"position\":2,\"name\":\"Corsi INDIRE e titoli esteri: le criticit\u00e0 emerse\"}]},{\"@type\":\"WebSite\",\"@id\":\"https:\/\/www.docenti.it\/blog\/#website\",\"url\":\"https:\/\/www.docenti.it\/blog\/\",\"name\":\"Blog | Docenti.it\",\"description\":\"Tutte le notizie e gli aggiornamenti dal mondo della scuola\",\"publisher\":{\"@id\":\"https:\/\/www.docenti.it\/blog\/#organization\"},\"potentialAction\":[{\"@type\":\"SearchAction\",\"target\":{\"@type\":\"EntryPoint\",\"urlTemplate\":\"https:\/\/www.docenti.it\/blog\/?s={search_term_string}\"},\"query-input\":\"required name=search_term_string\"}],\"inLanguage\":\"it-IT\"},{\"@type\":\"Organization\",\"@id\":\"https:\/\/www.docenti.it\/blog\/#organization\",\"name\":\"Blog | Docenti.it\",\"url\":\"https:\/\/www.docenti.it\/blog\/\",\"logo\":{\"@type\":\"ImageObject\",\"inLanguage\":\"it-IT\",\"@id\":\"https:\/\/www.docenti.it\/blog\/#\/schema\/logo\/image\/\",\"url\":\"https:\/\/www.docenti.it\/blog\/wp-content\/uploads\/2025\/06\/fb_mad_img.png\",\"contentUrl\":\"https:\/\/www.docenti.it\/blog\/wp-content\/uploads\/2025\/06\/fb_mad_img.png\",\"width\":1140,\"height\":620,\"caption\":\"Blog | Docenti.it\"},\"image\":{\"@id\":\"https:\/\/www.docenti.it\/blog\/#\/schema\/logo\/image\/\"},\"sameAs\":[\"https:\/\/www.facebook.com\/docenti.it\"]},{\"@type\":\"Person\",\"@id\":\"https:\/\/www.docenti.it\/blog\/#\/schema\/person\/773963d3c0645bd34c150c41a13e5754\",\"name\":\"Gabriella Capraro\",\"image\":{\"@type\":\"ImageObject\",\"inLanguage\":\"it-IT\",\"@id\":\"https:\/\/www.docenti.it\/blog\/#\/schema\/person\/image\/\",\"url\":\"https:\/\/secure.gravatar.com\/avatar\/17e0ab06bea064a8a7c5bef443cb7153?s=96&d=mm&r=g\",\"contentUrl\":\"https:\/\/secure.gravatar.com\/avatar\/17e0ab06bea064a8a7c5bef443cb7153?s=96&d=mm&r=g\",\"caption\":\"Gabriella Capraro\"},\"description\":\"Copywriter e digital strategist, collabora come articolista e autrice per diverse piattaforme online, spaziando da tematiche scolastiche\/istituzionali a letterarie e musicali.\",\"url\":\"https:\/\/www.docenti.it\/blog\/author\/gcapraro\/\"}]}<\/script>\n<!-- \/ Yoast SEO plugin. -->","yoast_head_json":{"title":"Corsi INDIRE e titoli esteri: le criticit\u00e0 emerse - Blog | Docenti.it","description":"Corsi INDIRE titoli esteri: un chiarimento sulle criticit\u00e0 emerse rispetto ai docenti che hanno gi\u00e0 conseguito una specializzazione.","robots":{"index":"index","follow":"follow","max-snippet":"max-snippet:-1","max-image-preview":"max-image-preview:large","max-video-preview":"max-video-preview:-1"},"canonical":"https:\/\/www.docenti.it\/blog\/corsi-indire-titoli-esteri-criticita\/","og_locale":"it_IT","og_type":"article","og_title":"Corsi INDIRE e titoli esteri: le criticit\u00e0 emerse - Blog | Docenti.it","og_description":"Corsi INDIRE titoli esteri: un chiarimento sulle criticit\u00e0 emerse rispetto ai docenti che hanno gi\u00e0 conseguito una specializzazione.","og_url":"https:\/\/www.docenti.it\/blog\/corsi-indire-titoli-esteri-criticita\/","og_site_name":"Blog | Docenti.it","article_publisher":"https:\/\/www.facebook.com\/docenti.it","article_published_time":"2025-05-14T16:26:40+00:00","article_modified_time":"2025-05-14T16:26:41+00:00","og_image":[{"width":640,"height":427,"url":"https:\/\/www.docenti.it\/blog\/wp-content\/uploads\/2022\/12\/woman-gd0e7cf1d5_640.jpg","type":"image\/jpeg"}],"author":"Gabriella Capraro","twitter_card":"summary_large_image","twitter_misc":{"Written by":"Gabriella Capraro","Est. reading time":"2 minuti"},"schema":{"@context":"https:\/\/schema.org","@graph":[{"@type":"Article","@id":"https:\/\/www.docenti.it\/blog\/corsi-indire-titoli-esteri-criticita\/#article","isPartOf":{"@id":"https:\/\/www.docenti.it\/blog\/corsi-indire-titoli-esteri-criticita\/"},"author":{"name":"Gabriella Capraro","@id":"https:\/\/www.docenti.it\/blog\/#\/schema\/person\/773963d3c0645bd34c150c41a13e5754"},"headline":"Corsi INDIRE e titoli esteri: le criticit\u00e0 emerse","datePublished":"2025-05-14T16:26:40+00:00","dateModified":"2025-05-14T16:26:41+00:00","mainEntityOfPage":{"@id":"https:\/\/www.docenti.it\/blog\/corsi-indire-titoli-esteri-criticita\/"},"wordCount":445,"commentCount":0,"publisher":{"@id":"https:\/\/www.docenti.it\/blog\/#organization"},"keywords":["corsi indire titoli esteri","INDIRE 2025","percorsi INDIRE","percorsi indire sostegno"],"articleSection":["Normativa","tfa sostegno"],"inLanguage":"it-IT","potentialAction":[{"@type":"CommentAction","name":"Comment","target":["https:\/\/www.docenti.it\/blog\/corsi-indire-titoli-esteri-criticita\/#respond"]}]},{"@type":"WebPage","@id":"https:\/\/www.docenti.it\/blog\/corsi-indire-titoli-esteri-criticita\/","url":"https:\/\/www.docenti.it\/blog\/corsi-indire-titoli-esteri-criticita\/","name":"Corsi INDIRE e titoli esteri: le criticit\u00e0 emerse - Blog | Docenti.it","isPartOf":{"@id":"https:\/\/www.docenti.it\/blog\/#website"},"datePublished":"2025-05-14T16:26:40+00:00","dateModified":"2025-05-14T16:26:41+00:00","description":"Corsi INDIRE titoli esteri: un chiarimento sulle criticit\u00e0 emerse rispetto ai docenti che hanno gi\u00e0 conseguito una specializzazione.","breadcrumb":{"@id":"https:\/\/www.docenti.it\/blog\/corsi-indire-titoli-esteri-criticita\/#breadcrumb"},"inLanguage":"it-IT","potentialAction":[{"@type":"ReadAction","target":["https:\/\/www.docenti.it\/blog\/corsi-indire-titoli-esteri-criticita\/"]}]},{"@type":"BreadcrumbList","@id":"https:\/\/www.docenti.it\/blog\/corsi-indire-titoli-esteri-criticita\/#breadcrumb","itemListElement":[{"@type":"ListItem","position":1,"name":"Home","item":"https:\/\/www.docenti.it\/blog\/"},{"@type":"ListItem","position":2,"name":"Corsi INDIRE e titoli esteri: le criticit\u00e0 emerse"}]},{"@type":"WebSite","@id":"https:\/\/www.docenti.it\/blog\/#website","url":"https:\/\/www.docenti.it\/blog\/","name":"Blog | Docenti.it","description":"Tutte le notizie e gli aggiornamenti dal mondo della scuola","publisher":{"@id":"https:\/\/www.docenti.it\/blog\/#organization"},"potentialAction":[{"@type":"SearchAction","target":{"@type":"EntryPoint","urlTemplate":"https:\/\/www.docenti.it\/blog\/?s={search_term_string}"},"query-input":"required name=search_term_string"}],"inLanguage":"it-IT"},{"@type":"Organization","@id":"https:\/\/www.docenti.it\/blog\/#organization","name":"Blog | Docenti.it","url":"https:\/\/www.docenti.it\/blog\/","logo":{"@type":"ImageObject","inLanguage":"it-IT","@id":"https:\/\/www.docenti.it\/blog\/#\/schema\/logo\/image\/","url":"https:\/\/www.docenti.it\/blog\/wp-content\/uploads\/2025\/06\/fb_mad_img.png","contentUrl":"https:\/\/www.docenti.it\/blog\/wp-content\/uploads\/2025\/06\/fb_mad_img.png","width":1140,"height":620,"caption":"Blog | Docenti.it"},"image":{"@id":"https:\/\/www.docenti.it\/blog\/#\/schema\/logo\/image\/"},"sameAs":["https:\/\/www.facebook.com\/docenti.it"]},{"@type":"Person","@id":"https:\/\/www.docenti.it\/blog\/#\/schema\/person\/773963d3c0645bd34c150c41a13e5754","name":"Gabriella Capraro","image":{"@type":"ImageObject","inLanguage":"it-IT","@id":"https:\/\/www.docenti.it\/blog\/#\/schema\/person\/image\/","url":"https:\/\/secure.gravatar.com\/avatar\/17e0ab06bea064a8a7c5bef443cb7153?s=96&d=mm&r=g","contentUrl":"https:\/\/secure.gravatar.com\/avatar\/17e0ab06bea064a8a7c5bef443cb7153?s=96&d=mm&r=g","caption":"Gabriella Capraro"},"description":"Copywriter e digital strategist, collabora come articolista e autrice per diverse piattaforme online, spaziando da tematiche scolastiche\/istituzionali a letterarie e musicali.","url":"https:\/\/www.docenti.it\/blog\/author\/gcapraro\/"}]}},"_links":{"self":[{"href":"https:\/\/www.docenti.it\/blog\/wp-json\/wp\/v2\/posts\/46515"}],"collection":[{"href":"https:\/\/www.docenti.it\/blog\/wp-json\/wp\/v2\/posts"}],"about":[{"href":"https:\/\/www.docenti.it\/blog\/wp-json\/wp\/v2\/types\/post"}],"author":[{"embeddable":true,"href":"https:\/\/www.docenti.it\/blog\/wp-json\/wp\/v2\/users\/25"}],"replies":[{"embeddable":true,"href":"https:\/\/www.docenti.it\/blog\/wp-json\/wp\/v2\/comments?post=46515"}],"version-history":[{"count":1,"href":"https:\/\/www.docenti.it\/blog\/wp-json\/wp\/v2\/posts\/46515\/revisions"}],"predecessor-version":[{"id":46516,"href":"https:\/\/www.docenti.it\/blog\/wp-json\/wp\/v2\/posts\/46515\/revisions\/46516"}],"wp:featuredmedia":[{"embeddable":true,"href":"https:\/\/www.docenti.it\/blog\/wp-json\/wp\/v2\/media\/41602"}],"wp:attachment":[{"href":"https:\/\/www.docenti.it\/blog\/wp-json\/wp\/v2\/media?parent=46515"}],"wp:term":[{"taxonomy":"category","embeddable":true,"href":"https:\/\/www.docenti.it\/blog\/wp-json\/wp\/v2\/categories?post=46515"},{"taxonomy":"post_tag","embeddable":true,"href":"https:\/\/www.docenti.it\/blog\/wp-json\/wp\/v2\/tags?post=46515"}],"curies":[{"name":"wp","href":"https:\/\/api.w.org\/{rel}","templated":true}]}}