{"id":46523,"date":"2025-05-18T16:41:28","date_gmt":"2025-05-18T14:41:28","guid":{"rendered":"https:\/\/www.docenti.it\/blog\/?p=46523"},"modified":"2025-05-18T16:41:29","modified_gmt":"2025-05-18T14:41:29","slug":"graduatorie-ata-24-mesi-scadenza-domanda","status":"publish","type":"post","link":"https:\/\/www.docenti.it\/blog\/graduatorie-ata-24-mesi-scadenza-domanda\/","title":{"rendered":"Graduatorie ATA 24 mesi e scadenza 19 maggio"},"content":{"rendered":"\n<p>Graduatorie ATA 24 mesi: le <strong>domande di inserimento e aggiornamento<\/strong> nelle <em>graduatorie ATA 24 mesi<\/em> sono aperte fino alle ore 14 del 19 maggio.<\/p>\n\n\n\n<p>Ricordiamo a tutti i nostri lettori che queste graduatorie sono destinate al <strong>personale ATA<\/strong> che abbia svolto almeno <strong>24 mesi di servizio<\/strong> (o 23 mesi e 16 giorni), anche se non continuativo, presso le <strong>scuole statali<\/strong>.<\/p>\n\n\n\n<p>Dopo la <strong>nota ministeriale<\/strong>, gli <strong>Uffici scolastici regionali<\/strong> hanno pubblicato i bandi relativi. Il <strong>16 maggio<\/strong> \u00e8 stata pubblicata un&#8217;integrazione alla nota: il <strong>servizio contratti PNRR e Agenda Sud<\/strong> sar\u00e0 valido anche per l&#8217;anno scolastico <strong>2025\/2026<\/strong>. <\/p>\n\n\n\n<p><em>Per il testo integrale della nota ministeriale: <\/em><\/p>\n\n\n<p><strong><a href=\"https:\/\/www.orizzontescuola.it\/wp-content\/uploads\/2025\/05\/m_pi.AOODGPER.REGISTRO-UFFICIALEU.0112499.15-05-2025_watermark.pdf\" target=\"_blank\" rel=\"noopener\">Nota Ministeriale <\/a><\/strong><\/p>\n\n\n<p><em>In questo contenuto faremo una breve sintesi circa le modalit\u00e0 di compilazione della domanda. <\/em><\/p>\n\n\n\n<h2>Graduatorie ATA 24 mesi e modalit\u00e0 di presentazione della domanda<\/h2>\n\n\n\n<p>Le domande devono essere presentate tramite il portale <strong>Polis Istanze online<\/strong> dalle ore 14 del <strong>28 aprile<\/strong> alle ore 14 del <strong>19 maggio 2025<\/strong>.<\/p>\n\n\n\n<p>Il servizio \u00e8 disponibile sulla <strong>home page del sito del Ministero<\/strong>, nella sezione <strong>Servizi<\/strong> o tramite il percorso <strong>Argomenti e Servizi > Servizi online > Istanze on line<\/strong>. \u00c8 possibile accedere anche tramite il <strong>Portale InPa<\/strong>.<\/p>\n\n\n\n<p>Tra le principali novit\u00e0 figura la <strong>CIAD<\/strong> (Certificazione Internazionale di Alfabetizzazione Digitale), richiesta per i <strong>nuovi inserimenti<\/strong>, ma <strong>non obbligatoria<\/strong> per i <strong>collaboratori scolastici<\/strong>.<\/p>\n\n\n\n<h3>Modello B1<\/h3>\n\n\n\n<p>Nel <strong>Modello B1<\/strong> \u00e8 necessario compilare i dati relativi alla CIAD, indicando:<\/p>\n\n\n\n<ul>\n<li><strong>Titolo della certificazione<\/strong><\/li>\n\n\n\n<li><strong>Ente rilasciante<\/strong><\/li>\n\n\n\n<li><strong>Data di conseguimento<\/strong> (entro il <strong>30 aprile 2025<\/strong>)<\/li>\n\n\n\n<li><strong>Dichiarazione Accredia<\/strong><\/li>\n<\/ul>\n\n\n\n<h3>Riserva del 15%<\/h3>\n\n\n\n<p>Un&#8217;ulteriore novit\u00e0 riguarda l&#8217;estensione della <strong>riserva del 15%<\/strong> anche a chi ha svolto il <strong>servizio civile nazionale<\/strong>, oltre al servizio civile universale.<\/p>\n\n\n\n<p><\/p>\n\n\n\n<div class=\"is-layout-flex wp-block-buttons\">\n<div class=\"wp-block-button\"><a class=\"wp-block-button__link wp-element-button\" href=\"https:\/\/www.docenti.it\/formazione-docenti\/percorsi-formativi.html?tc=36\" target=\"_blank\" rel=\"noreferrer noopener\">OTTIENI LA CIAD<\/a><\/div>\n<\/div>\n\n\n\n<p><\/p>\n\n\n\n<h2>Graduatorie ATA 24 mesi e requisiti di accesso <\/h2>\n\n\n\n<h3>Titoli di studio per i diversi profili<\/h3>\n\n\n\n<ul>\n<li><strong>Assistente Amministrativo<\/strong>: Diploma di maturit\u00e0 + CIAD<\/li>\n\n\n\n<li><strong>Assistente Tecnico<\/strong>: Diploma di maturit\u00e0 specifico per l&#8217;area professionale + CIAD<\/li>\n\n\n\n<li><strong>Cuoco<\/strong>: Diploma tecnico dei servizi di ristorazione + CIAD<\/li>\n\n\n\n<li><strong>Infermiere<\/strong>: Laurea in scienze infermieristiche o titolo equivalente + CIAD<\/li>\n\n\n\n<li><strong>Guardarobiere<\/strong>: Diploma di Operatore della moda + CIAD<\/li>\n\n\n\n<li><strong>Operatore dei servizi agrari<\/strong>: Attestato professionale agrituristico o equivalente + CIAD<\/li>\n\n\n\n<li><strong>Collaboratore Scolastico<\/strong>: Diploma di qualifica triennale, maestro d\u2019arte o altro diploma equivalente<\/li>\n<\/ul>\n\n\n\n<h3>Requisiti di servizio<\/h3>\n\n\n\n<ul>\n<li><strong>Anzianit\u00e0<\/strong>: Almeno <strong>24 mesi<\/strong> di servizio presso scuole statali<\/li>\n\n\n\n<li><strong>Validit\u00e0 dei titoli<\/strong>: Valutazione del servizio anche presso istituzioni scolastiche in <strong>Valle d\u2019Aosta, Trento, Bolzano<\/strong><\/li>\n\n\n\n<li><strong>Servizio all\u2019estero<\/strong>: Equiparato al servizio prestato in Italia<\/li>\n<\/ul>\n\n\n\n<p>Il calcolo dei <strong>24 mesi di servizio<\/strong> considera anche i periodi non continuativi. Non vengono conteggiati i periodi prestati in <strong>scuole paritarie<\/strong>.<\/p>\n\n\n\n<p>Chi \u00e8 gi\u00e0 inserito pu\u00f2 <strong>aggiornare i titoli<\/strong> o scegliere di <strong>non presentare la domanda<\/strong>. I <strong>titoli di riserva<\/strong> e le <strong>preferenze<\/strong> vanno confermati.<\/p>\n\n\n\n<p><em>Consiglio per tutti i nostri lettori: affrettatevi nel compilare la domanda, perch\u00e9 la scadenza ufficiale \u00e8 prevista il 19 maggio, alle ore 14:00.<\/em><\/p>\n\n\n\n<p><\/p>\n\n\n\n<p>Per ulteriori news e approfondimenti sul mondo scuola, segui il&nbsp;<strong><a href=\"https:\/\/www.docenti.it\/blog\/\" target=\"_blank\" rel=\"noreferrer noopener\">blog&nbsp;<\/a><\/strong>di&nbsp;<strong><a href=\"https:\/\/www.docenti.it\/\" target=\"_blank\" rel=\"noreferrer noopener\">Docenti.it<\/a><\/strong><\/p>\n\n\n\n<p><\/p>\n","protected":false},"excerpt":{"rendered":"<p>Graduatorie ATA 24 mesi: le domande di inserimento e aggiornamento nelle graduatorie ATA 24 [&hellip;]<\/p>\n","protected":false},"author":25,"featured_media":45237,"comment_status":"open","ping_status":"open","sticky":false,"template":"","format":"standard","meta":[],"categories":[5,4,82],"tags":[60,763,799],"yoast_head":"<!-- This site is optimized with the Yoast SEO plugin v20.4 - https:\/\/yoast.com\/wordpress\/plugins\/seo\/ -->\n<title>Graduatorie ATA 24 mesi e scadenza 19 maggio - Blog | Docenti.it<\/title>\n<meta name=\"description\" content=\"Graduatorie ATA 24 mesi: ultime ore disponibili per la compilazione della domanda, in scadenza il 19 maggio alle ore 14:00, guida pratica\" \/>\n<meta name=\"robots\" content=\"index, follow, max-snippet:-1, max-image-preview:large, max-video-preview:-1\" \/>\n<link rel=\"canonical\" href=\"https:\/\/www.docenti.it\/blog\/graduatorie-ata-24-mesi-scadenza-domanda\/\" \/>\n<meta property=\"og:locale\" content=\"it_IT\" \/>\n<meta property=\"og:type\" content=\"article\" \/>\n<meta property=\"og:title\" content=\"Graduatorie ATA 24 mesi e scadenza 19 maggio - Blog | Docenti.it\" \/>\n<meta property=\"og:description\" content=\"Graduatorie ATA 24 mesi: ultime ore disponibili per la compilazione della domanda, in scadenza il 19 maggio alle ore 14:00, guida pratica\" \/>\n<meta property=\"og:url\" content=\"https:\/\/www.docenti.it\/blog\/graduatorie-ata-24-mesi-scadenza-domanda\/\" \/>\n<meta property=\"og:site_name\" content=\"Blog | Docenti.it\" \/>\n<meta property=\"article:publisher\" content=\"https:\/\/www.facebook.com\/docenti.it\" \/>\n<meta property=\"article:published_time\" content=\"2025-05-18T14:41:28+00:00\" \/>\n<meta property=\"article:modified_time\" content=\"2025-05-18T14:41:29+00:00\" \/>\n<meta property=\"og:image\" content=\"https:\/\/www.docenti.it\/blog\/wp-content\/uploads\/2023\/02\/man-ge98fcbdd2_640.jpg\" \/>\n\t<meta property=\"og:image:width\" content=\"640\" \/>\n\t<meta property=\"og:image:height\" content=\"427\" \/>\n\t<meta property=\"og:image:type\" content=\"image\/jpeg\" \/>\n<meta name=\"author\" content=\"Gabriella Capraro\" \/>\n<meta name=\"twitter:card\" content=\"summary_large_image\" \/>\n<meta name=\"twitter:label1\" content=\"Written by\" \/>\n\t<meta name=\"twitter:data1\" content=\"Gabriella Capraro\" \/>\n\t<meta name=\"twitter:label2\" content=\"Est. reading time\" \/>\n\t<meta name=\"twitter:data2\" content=\"2 minuti\" \/>\n<script type=\"application\/ld+json\" class=\"yoast-schema-graph\">{\"@context\":\"https:\/\/schema.org\",\"@graph\":[{\"@type\":\"Article\",\"@id\":\"https:\/\/www.docenti.it\/blog\/graduatorie-ata-24-mesi-scadenza-domanda\/#article\",\"isPartOf\":{\"@id\":\"https:\/\/www.docenti.it\/blog\/graduatorie-ata-24-mesi-scadenza-domanda\/\"},\"author\":{\"name\":\"Gabriella Capraro\",\"@id\":\"https:\/\/www.docenti.it\/blog\/#\/schema\/person\/773963d3c0645bd34c150c41a13e5754\"},\"headline\":\"Graduatorie ATA 24 mesi e scadenza 19 maggio\",\"datePublished\":\"2025-05-18T14:41:28+00:00\",\"dateModified\":\"2025-05-18T14:41:29+00:00\",\"mainEntityOfPage\":{\"@id\":\"https:\/\/www.docenti.it\/blog\/graduatorie-ata-24-mesi-scadenza-domanda\/\"},\"wordCount\":445,\"commentCount\":0,\"publisher\":{\"@id\":\"https:\/\/www.docenti.it\/blog\/#organization\"},\"keywords\":[\"graduatorie ATA\",\"graduatorie ATA 24 mesi\",\"personale ata 2025\"],\"articleSection\":[\"Graduatorie scuola\",\"News\",\"Personale ATA\"],\"inLanguage\":\"it-IT\",\"potentialAction\":[{\"@type\":\"CommentAction\",\"name\":\"Comment\",\"target\":[\"https:\/\/www.docenti.it\/blog\/graduatorie-ata-24-mesi-scadenza-domanda\/#respond\"]}]},{\"@type\":\"WebPage\",\"@id\":\"https:\/\/www.docenti.it\/blog\/graduatorie-ata-24-mesi-scadenza-domanda\/\",\"url\":\"https:\/\/www.docenti.it\/blog\/graduatorie-ata-24-mesi-scadenza-domanda\/\",\"name\":\"Graduatorie ATA 24 mesi e scadenza 19 maggio - Blog | Docenti.it\",\"isPartOf\":{\"@id\":\"https:\/\/www.docenti.it\/blog\/#website\"},\"datePublished\":\"2025-05-18T14:41:28+00:00\",\"dateModified\":\"2025-05-18T14:41:29+00:00\",\"description\":\"Graduatorie ATA 24 mesi: ultime ore disponibili per la compilazione della domanda, in scadenza il 19 maggio alle ore 14:00, guida pratica\",\"breadcrumb\":{\"@id\":\"https:\/\/www.docenti.it\/blog\/graduatorie-ata-24-mesi-scadenza-domanda\/#breadcrumb\"},\"inLanguage\":\"it-IT\",\"potentialAction\":[{\"@type\":\"ReadAction\",\"target\":[\"https:\/\/www.docenti.it\/blog\/graduatorie-ata-24-mesi-scadenza-domanda\/\"]}]},{\"@type\":\"BreadcrumbList\",\"@id\":\"https:\/\/www.docenti.it\/blog\/graduatorie-ata-24-mesi-scadenza-domanda\/#breadcrumb\",\"itemListElement\":[{\"@type\":\"ListItem\",\"position\":1,\"name\":\"Home\",\"item\":\"https:\/\/www.docenti.it\/blog\/\"},{\"@type\":\"ListItem\",\"position\":2,\"name\":\"Graduatorie ATA 24 mesi e scadenza 19 maggio\"}]},{\"@type\":\"WebSite\",\"@id\":\"https:\/\/www.docenti.it\/blog\/#website\",\"url\":\"https:\/\/www.docenti.it\/blog\/\",\"name\":\"Blog | Docenti.it\",\"description\":\"Tutte le notizie e gli aggiornamenti dal mondo della scuola\",\"publisher\":{\"@id\":\"https:\/\/www.docenti.it\/blog\/#organization\"},\"potentialAction\":[{\"@type\":\"SearchAction\",\"target\":{\"@type\":\"EntryPoint\",\"urlTemplate\":\"https:\/\/www.docenti.it\/blog\/?s={search_term_string}\"},\"query-input\":\"required name=search_term_string\"}],\"inLanguage\":\"it-IT\"},{\"@type\":\"Organization\",\"@id\":\"https:\/\/www.docenti.it\/blog\/#organization\",\"name\":\"Blog | Docenti.it\",\"url\":\"https:\/\/www.docenti.it\/blog\/\",\"logo\":{\"@type\":\"ImageObject\",\"inLanguage\":\"it-IT\",\"@id\":\"https:\/\/www.docenti.it\/blog\/#\/schema\/logo\/image\/\",\"url\":\"https:\/\/www.docenti.it\/blog\/wp-content\/uploads\/2025\/06\/fb_mad_img.png\",\"contentUrl\":\"https:\/\/www.docenti.it\/blog\/wp-content\/uploads\/2025\/06\/fb_mad_img.png\",\"width\":1140,\"height\":620,\"caption\":\"Blog | Docenti.it\"},\"image\":{\"@id\":\"https:\/\/www.docenti.it\/blog\/#\/schema\/logo\/image\/\"},\"sameAs\":[\"https:\/\/www.facebook.com\/docenti.it\"]},{\"@type\":\"Person\",\"@id\":\"https:\/\/www.docenti.it\/blog\/#\/schema\/person\/773963d3c0645bd34c150c41a13e5754\",\"name\":\"Gabriella Capraro\",\"image\":{\"@type\":\"ImageObject\",\"inLanguage\":\"it-IT\",\"@id\":\"https:\/\/www.docenti.it\/blog\/#\/schema\/person\/image\/\",\"url\":\"https:\/\/secure.gravatar.com\/avatar\/17e0ab06bea064a8a7c5bef443cb7153?s=96&d=mm&r=g\",\"contentUrl\":\"https:\/\/secure.gravatar.com\/avatar\/17e0ab06bea064a8a7c5bef443cb7153?s=96&d=mm&r=g\",\"caption\":\"Gabriella Capraro\"},\"description\":\"Copywriter e digital strategist, collabora come articolista e autrice per diverse piattaforme online, spaziando da tematiche scolastiche\/istituzionali a letterarie e musicali.\",\"url\":\"https:\/\/www.docenti.it\/blog\/author\/gcapraro\/\"}]}<\/script>\n<!-- \/ Yoast SEO plugin. -->","yoast_head_json":{"title":"Graduatorie ATA 24 mesi e scadenza 19 maggio - Blog | Docenti.it","description":"Graduatorie ATA 24 mesi: ultime ore disponibili per la compilazione della domanda, in scadenza il 19 maggio alle ore 14:00, guida pratica","robots":{"index":"index","follow":"follow","max-snippet":"max-snippet:-1","max-image-preview":"max-image-preview:large","max-video-preview":"max-video-preview:-1"},"canonical":"https:\/\/www.docenti.it\/blog\/graduatorie-ata-24-mesi-scadenza-domanda\/","og_locale":"it_IT","og_type":"article","og_title":"Graduatorie ATA 24 mesi e scadenza 19 maggio - Blog | Docenti.it","og_description":"Graduatorie ATA 24 mesi: ultime ore disponibili per la compilazione della domanda, in scadenza il 19 maggio alle ore 14:00, guida pratica","og_url":"https:\/\/www.docenti.it\/blog\/graduatorie-ata-24-mesi-scadenza-domanda\/","og_site_name":"Blog | Docenti.it","article_publisher":"https:\/\/www.facebook.com\/docenti.it","article_published_time":"2025-05-18T14:41:28+00:00","article_modified_time":"2025-05-18T14:41:29+00:00","og_image":[{"width":640,"height":427,"url":"https:\/\/www.docenti.it\/blog\/wp-content\/uploads\/2023\/02\/man-ge98fcbdd2_640.jpg","type":"image\/jpeg"}],"author":"Gabriella Capraro","twitter_card":"summary_large_image","twitter_misc":{"Written by":"Gabriella Capraro","Est. reading time":"2 minuti"},"schema":{"@context":"https:\/\/schema.org","@graph":[{"@type":"Article","@id":"https:\/\/www.docenti.it\/blog\/graduatorie-ata-24-mesi-scadenza-domanda\/#article","isPartOf":{"@id":"https:\/\/www.docenti.it\/blog\/graduatorie-ata-24-mesi-scadenza-domanda\/"},"author":{"name":"Gabriella Capraro","@id":"https:\/\/www.docenti.it\/blog\/#\/schema\/person\/773963d3c0645bd34c150c41a13e5754"},"headline":"Graduatorie ATA 24 mesi e scadenza 19 maggio","datePublished":"2025-05-18T14:41:28+00:00","dateModified":"2025-05-18T14:41:29+00:00","mainEntityOfPage":{"@id":"https:\/\/www.docenti.it\/blog\/graduatorie-ata-24-mesi-scadenza-domanda\/"},"wordCount":445,"commentCount":0,"publisher":{"@id":"https:\/\/www.docenti.it\/blog\/#organization"},"keywords":["graduatorie ATA","graduatorie ATA 24 mesi","personale ata 2025"],"articleSection":["Graduatorie scuola","News","Personale ATA"],"inLanguage":"it-IT","potentialAction":[{"@type":"CommentAction","name":"Comment","target":["https:\/\/www.docenti.it\/blog\/graduatorie-ata-24-mesi-scadenza-domanda\/#respond"]}]},{"@type":"WebPage","@id":"https:\/\/www.docenti.it\/blog\/graduatorie-ata-24-mesi-scadenza-domanda\/","url":"https:\/\/www.docenti.it\/blog\/graduatorie-ata-24-mesi-scadenza-domanda\/","name":"Graduatorie ATA 24 mesi e scadenza 19 maggio - Blog | Docenti.it","isPartOf":{"@id":"https:\/\/www.docenti.it\/blog\/#website"},"datePublished":"2025-05-18T14:41:28+00:00","dateModified":"2025-05-18T14:41:29+00:00","description":"Graduatorie ATA 24 mesi: ultime ore disponibili per la compilazione della domanda, in scadenza il 19 maggio alle ore 14:00, guida pratica","breadcrumb":{"@id":"https:\/\/www.docenti.it\/blog\/graduatorie-ata-24-mesi-scadenza-domanda\/#breadcrumb"},"inLanguage":"it-IT","potentialAction":[{"@type":"ReadAction","target":["https:\/\/www.docenti.it\/blog\/graduatorie-ata-24-mesi-scadenza-domanda\/"]}]},{"@type":"BreadcrumbList","@id":"https:\/\/www.docenti.it\/blog\/graduatorie-ata-24-mesi-scadenza-domanda\/#breadcrumb","itemListElement":[{"@type":"ListItem","position":1,"name":"Home","item":"https:\/\/www.docenti.it\/blog\/"},{"@type":"ListItem","position":2,"name":"Graduatorie ATA 24 mesi e scadenza 19 maggio"}]},{"@type":"WebSite","@id":"https:\/\/www.docenti.it\/blog\/#website","url":"https:\/\/www.docenti.it\/blog\/","name":"Blog | Docenti.it","description":"Tutte le notizie e gli aggiornamenti dal mondo della scuola","publisher":{"@id":"https:\/\/www.docenti.it\/blog\/#organization"},"potentialAction":[{"@type":"SearchAction","target":{"@type":"EntryPoint","urlTemplate":"https:\/\/www.docenti.it\/blog\/?s={search_term_string}"},"query-input":"required name=search_term_string"}],"inLanguage":"it-IT"},{"@type":"Organization","@id":"https:\/\/www.docenti.it\/blog\/#organization","name":"Blog | Docenti.it","url":"https:\/\/www.docenti.it\/blog\/","logo":{"@type":"ImageObject","inLanguage":"it-IT","@id":"https:\/\/www.docenti.it\/blog\/#\/schema\/logo\/image\/","url":"https:\/\/www.docenti.it\/blog\/wp-content\/uploads\/2025\/06\/fb_mad_img.png","contentUrl":"https:\/\/www.docenti.it\/blog\/wp-content\/uploads\/2025\/06\/fb_mad_img.png","width":1140,"height":620,"caption":"Blog | Docenti.it"},"image":{"@id":"https:\/\/www.docenti.it\/blog\/#\/schema\/logo\/image\/"},"sameAs":["https:\/\/www.facebook.com\/docenti.it"]},{"@type":"Person","@id":"https:\/\/www.docenti.it\/blog\/#\/schema\/person\/773963d3c0645bd34c150c41a13e5754","name":"Gabriella Capraro","image":{"@type":"ImageObject","inLanguage":"it-IT","@id":"https:\/\/www.docenti.it\/blog\/#\/schema\/person\/image\/","url":"https:\/\/secure.gravatar.com\/avatar\/17e0ab06bea064a8a7c5bef443cb7153?s=96&d=mm&r=g","contentUrl":"https:\/\/secure.gravatar.com\/avatar\/17e0ab06bea064a8a7c5bef443cb7153?s=96&d=mm&r=g","caption":"Gabriella Capraro"},"description":"Copywriter e digital strategist, collabora come articolista e autrice per diverse piattaforme online, spaziando da tematiche scolastiche\/istituzionali a letterarie e musicali.","url":"https:\/\/www.docenti.it\/blog\/author\/gcapraro\/"}]}},"_links":{"self":[{"href":"https:\/\/www.docenti.it\/blog\/wp-json\/wp\/v2\/posts\/46523"}],"collection":[{"href":"https:\/\/www.docenti.it\/blog\/wp-json\/wp\/v2\/posts"}],"about":[{"href":"https:\/\/www.docenti.it\/blog\/wp-json\/wp\/v2\/types\/post"}],"author":[{"embeddable":true,"href":"https:\/\/www.docenti.it\/blog\/wp-json\/wp\/v2\/users\/25"}],"replies":[{"embeddable":true,"href":"https:\/\/www.docenti.it\/blog\/wp-json\/wp\/v2\/comments?post=46523"}],"version-history":[{"count":1,"href":"https:\/\/www.docenti.it\/blog\/wp-json\/wp\/v2\/posts\/46523\/revisions"}],"predecessor-version":[{"id":46524,"href":"https:\/\/www.docenti.it\/blog\/wp-json\/wp\/v2\/posts\/46523\/revisions\/46524"}],"wp:featuredmedia":[{"embeddable":true,"href":"https:\/\/www.docenti.it\/blog\/wp-json\/wp\/v2\/media\/45237"}],"wp:attachment":[{"href":"https:\/\/www.docenti.it\/blog\/wp-json\/wp\/v2\/media?parent=46523"}],"wp:term":[{"taxonomy":"category","embeddable":true,"href":"https:\/\/www.docenti.it\/blog\/wp-json\/wp\/v2\/categories?post=46523"},{"taxonomy":"post_tag","embeddable":true,"href":"https:\/\/www.docenti.it\/blog\/wp-json\/wp\/v2\/tags?post=46523"}],"curies":[{"name":"wp","href":"https:\/\/api.w.org\/{rel}","templated":true}]}}