{"id":46525,"date":"2025-05-18T17:08:06","date_gmt":"2025-05-18T15:08:06","guid":{"rendered":"https:\/\/www.docenti.it\/blog\/?p=46525"},"modified":"2025-05-18T17:08:06","modified_gmt":"2025-05-18T15:08:06","slug":"messa-a-disposizione-maturita-2025","status":"publish","type":"post","link":"https:\/\/www.docenti.it\/blog\/messa-a-disposizione-maturita-2025\/","title":{"rendered":"Messa a disposizione maturit\u00e0 2025: gli avvisi"},"content":{"rendered":"\n<p>Messa a disposizione ed esami di maturit\u00e0 2025: gli <strong>Uffici Scolastici Territoriali (UST)<\/strong> stanno predisponendo le procedure per la gestione delle sostituzioni di presidenti e commissari tramite le domande <strong>MAD (Messa a Disposizione)<\/strong>.<\/p>\n\n\n\n<p>Nonostante l&#8217;oramai diffusa prassi delle scuole di selezionare il personale a tempo determinato tramite la procedura degli interpelli, la messa a disposizione continua a rimanere uno strumento essenziale per garantire la continuit\u00e0 sia delle lezioni che, come in questo caso, degli esami di maturit\u00e0. <\/p>\n\n\n\n<p>La <strong>prima prova scritta<\/strong> \u00e8 fissata per il 18 giugno 2025 e la <strong>disponibilit\u00e0 dei docenti<\/strong> \u00e8 cruciale per assicurare il corretto svolgimento delle prove. <\/p>\n\n\n\n<p><em>In questo articolo esamineremo le modalit\u00e0 e i requisiti per la compilazione della MAD, insieme all&#8217;elenco di uffici scolastici che hanno gi\u00e0 pubblicato gli avvisi. <\/em><\/p>\n\n\n\n<h2>Chi pu\u00f2 presentare la MAD? <\/h2>\n\n\n\n<p>I <strong>docenti precari<\/strong> che non hanno partecipato alla procedura ufficiale entro il <strong>9 aprile 2025<\/strong> possono presentare la domanda cartacea di <strong>messa a disposizione<\/strong>. Questa possibilit\u00e0 \u00e8 riservata a chi non era obbligato a partecipare alla procedura online o non l&#8217;ha completata in tempo.<\/p>\n\n\n\n<p>Inviare tempestivamente la propria <strong>domanda MAD<\/strong>, specificando <strong>titoli<\/strong> e <strong>disponibilit\u00e0<\/strong>, pu\u00f2 aumentare le probabilit\u00e0 di essere selezionati. <\/p>\n\n\n\n<p>In caso di <strong>assenza dei commissari<\/strong> agli Esami di Maturit\u00e0 2025, sar\u00e0 necessario provvedere alla loro sostituzione in maniera tempestiva.<\/p>\n\n\n\n<p><\/p>\n\n\n\n<div class=\"is-layout-flex wp-block-buttons\">\n<div class=\"wp-block-button\"><a class=\"wp-block-button__link wp-element-button\" href=\"https:\/\/www.docenti.it\/mad.html\" target=\"_blank\" rel=\"noreferrer noopener\">COMPILA LA MAD MATURITA&#8217; 2025<\/a><\/div>\n<\/div>\n\n\n\n<p><\/p>\n\n\n\n<h2>Messa a disposizione maturit\u00e0 2025 e scadenze per la presentazione della domanda<\/h2>\n\n\n\n<p>\u00c8 fondamentale verificare le date specifiche stabilite dai singoli <strong>Uffici Scolastici<\/strong>.<\/p>\n\n\n\n<p>Di seguito, l&#8217;elenco degli Uffici scolastici che hanno gi\u00e0 pubblicato gli avvisi: <\/p>\n\n\n\n<p><strong>CAMPANIA<\/strong><\/p>\n\n\n\n<p><a href=\"https:\/\/www.uat-caserta.it\/2025\/03\/27\/sostituzioni-componenti-commissioni-esami-di-stato-2024-25\/\">Caserta<\/a>&nbsp;\u2013&nbsp;<a href=\"https:\/\/www.uat-napoli.it\/esami-di-stato-a-s-2024-2025-sostituzioni-componenti-commissioni-desame-modalita-di-partecipazione-soggetti-e-divieto-di-presentazione\/\">Napoli<\/a>&nbsp;entro il 13 giugno \u2013&nbsp;&nbsp;<a href=\"https:\/\/uat-salerno.it\/Documenti\/CIRCOLARI\/Esami-di-Stato-A.S.-2024-2025.-Modulo-disponibilita-per-la-sostituzione-componenti-delle-Commissioni\">Salerno<\/a>&nbsp;\u2013<\/p>\n\n\n\n<p><strong>EMILIA ROMAGNA&nbsp;<\/strong><\/p>\n\n\n\n<p><a href=\"https:\/\/bo.istruzioneer.gov.it\/2025\/05\/06\/esami-di-stato-ii-ciclo-24_25-avviso-presentazione-mad\/\">Bologna<\/a>&nbsp;\u2013<\/p>\n\n\n\n<p><strong>LAZIO<\/strong><\/p>\n\n\n\n<p><a href=\"https:\/\/www.uspistruzione.fr.it\/wp2\/esami-di-stato-a-s-2024-25.html\">Frosinone<\/a>&nbsp;\u2013<\/p>\n\n\n\n<p><a href=\"https:\/\/www.usrlazio.it\/2025\/04\/10\/istanza-sostituzione-dei-presidenti-di-commissione-esame-di-stato-conclusivo-del-secondo-ciclo-di-istruzione-roma-e-provincia-di-roma-2\/\">Roma presidenti<\/a>&nbsp;\u2013&nbsp;<a href=\"https:\/\/www.atpromaistruzione.it\/atp\/2025\/04\/sostituzioni-commissari-esterni-esami-di-stato-a-s-2024-2025-modulo-di-domanda\/\">Roma commissari esterni<\/a>&nbsp;\u2013&nbsp;<a href=\"https:\/\/www.csalatina.it\/jclub\/index.php?option=com_fabrik&amp;c=form&amp;view=details&amp;Itemid=1&amp;fabrik=2&amp;tableid=2&amp;rowid=2400\">Latina<\/a>&nbsp;\u2013&nbsp;<a href=\"http:\/\/www.provveditoratostudiviterbo.it\/Esamidistato\/EsStato.htm\">Viterbo<\/a>&nbsp;\u2013<\/p>\n\n\n\n<p><strong>LOMBARDIA<\/strong><\/p>\n\n\n\n<p><a href=\"https:\/\/varese.istruzionelombardia.gov.it\/modulo-per-disponibilita-in-qualita-di-presidente-o-commissario-esami-di-stato-conclusivi-dei-corsi-di-studio-di-istruzione-secondaria-superiore-nelle-scuole-statali-e-non-statali-anno-scola\/\">Varese presidenti e commissari<\/a>&nbsp;\u2013&nbsp;<a href=\"https:\/\/monza.istruzionelombardia.gov.it\/20250408-prot-ru-n-0005902\/\">Monza e Brianza<\/a>&nbsp;\u2013&nbsp;<a href=\"https:\/\/milano.istruzionelombardia.gov.it\/202505120010739\/\">Milano<\/a>&nbsp;\u2013<\/p>\n\n\n\n<p><strong>MOLISE&nbsp;<\/strong><\/p>\n\n\n\n<p><a href=\"https:\/\/atcampobasso.it\/2025\/04\/sostituzioni-componenti-commissioni-esami-di-stato-a-s-2024-2025\/\">Campobasso&nbsp;<\/a>&nbsp;\u2013<\/p>\n\n\n\n<p><strong>PUGLIA&nbsp;<\/strong><\/p>\n\n\n\n<p><a href=\"https:\/\/www.ustlecce.it\/index.php\/esami-di-stato\/file\/2393-modello-domanda-di-messa-a-disposizione-per-la-nomina-in-sostituzione-del-commissario-esterno-agli-esami-di-stato-scuola-secondaria-ii-grado-per-l-a-s-2024-2025\">Lecce<\/a>&nbsp;\u2013&nbsp;<a href=\"https:\/\/www.istruzionebrindisi.it\/esami-di-stato-2024-2025-scuola-secondaria-di-ii-grado-pubblicazione-modello-di-domanda-per-messa-a-disposizione-in-sostituzione-di-commissario-esterno\/\">Brindisi<\/a>&nbsp;\u2013&nbsp;<a href=\"https:\/\/www.usptaranto.it\/2025\/04\/28\/esame-di-stato-a-s-20242025-conclusivo-del-secondo-ciclo-di-istruzione-pubblicazione-modello-domanda-messa-a-disposizione-sostituzione-commissario-esterno-esame-di-stato\/\">Taranto<\/a>&nbsp;\u2013<\/p>\n\n\n\n<p><strong>SICILIA<\/strong><\/p>\n\n\n\n<p><a href=\"https:\/\/ag.usr.sicilia.it\/esami-di-stato-a-s-2024-2025-scheda-per-la-disponibilita-alla-nomina-in-sostituzione-del-commissario-esterno\/\">Agrigento<\/a>&nbsp;\u2013<\/p>\n\n\n\n<p><a href=\"https:\/\/ct.usr.sicilia.it\/esami-di-stato-ii-ciclo-a-s-2024-2025-scheda-per-la-disponibilita-alla-nomina-in-sostituzione-del-commissario-esterno\/\">Catania<\/a>: scadenza 4 giugno \u2013&nbsp;<a href=\"https:\/\/me.usr.sicilia.it\/avviso-esami-di-stato-a-s-2024-2025-messa-a-disposizione-per-nomina-commissario-esterno-in-sostituzione\/\">Messina<\/a>&nbsp;entro il 30 maggio \u2013&nbsp;<a href=\"https:\/\/tp.usr.sicilia.it\/esami-di-stato-2024-25-scheda-disponibilita-alla-nomina-di-commissario-esterno\/\">Trapani<\/a>&nbsp; \u2013&nbsp;<a href=\"https:\/\/pa.usr.sicilia.it\/esami-di-stato-2024-25-domanda-di-messa-a-disposizione-per-la-nomina-in-sostituzione-dei-commissari-esterni\/\">Palermo<\/a>&nbsp;\u2013<\/p>\n\n\n\n<p><strong>TOSCANA&nbsp;<\/strong><\/p>\n\n\n\n<p><a href=\"https:\/\/www.ustli.it\/usp_livorno\/index.php\/2-info\/1886-esami-di-stato-a-s-2024-2025-messa-a-disposizione-presidente-commissario\">Livorno<\/a>&nbsp;\u2013&nbsp;<a href=\"https:\/\/www.toscana-istruzione.it\/atpisa\/2025\/04\/16\/esami-di-stato-secondo-ciclo-a-s-2024-2025-disponibilita-alla-nomina-come-presidente-e-commissario-esterno\/\">Pisa<\/a>&nbsp;\u2013 Prato&nbsp;<a href=\"https:\/\/www.ufficioscolasticoprovinciale.prato.it\/mad-per-nomina-presidente-commissioni-esami-di-stato-di-ii-ciclo-a-s-2024-25\/\">Presidenti<\/a>&nbsp;\u2013&nbsp;<a href=\"https:\/\/www.ufficioscolasticoprovinciale.prato.it\/mad-per-nomina-commissario-esterno-esami-di-stato-di-ii-ciclo-a-s-2024-25\/\">Commissari<\/a>&nbsp;\u2013&nbsp;<a href=\"https:\/\/www.ustms.it\/modulo-messa-a-disposizione-mad-per-sostituti-presidenti-o-commissari-esami-di-stato-2024-2025\/\">Massa Carrara<\/a>&nbsp;\u2013&nbsp;<a href=\"http:\/\/www.ustlucca.it\/2025\/05\/09\/esame-di-stato-a-s-202-2025-fac-simile-di-domanda-per-rendersi-disponibili-come-presidenti-o-commissari-di-commissione\/\">Lucca<\/a>&nbsp;\u2013<\/p>\n\n\n\n<p><strong>TRENTO<\/strong><\/p>\n\n\n\n<p><a href=\"https:\/\/www.orizzontescuola.it\/maturita-ricerca-commissari-esterni-provincia-di-trento-domande-entro-il-31-maggio\/\">Provincia di Trento<\/a>: domanda entro il 31 maggio<\/p>\n\n\n\n<p><strong>UMBRIA&nbsp;<\/strong><\/p>\n\n\n\n<p><a href=\"https:\/\/istruzione.umbria.it\/usr-umbria\/modello-di-messa-a-disposizione-per-la-sostituzione-dei-commissari-esterni-pg-2\/\">Perugia<\/a>&nbsp;\u2013<\/p>\n\n\n\n<p><strong>VALLE D\u2019AOSTA<\/strong><\/p>\n\n\n\n<p><a href=\"https:\/\/www.orizzontescuola.it\/maturita-ricerca-commissari-esterni-in-valle-daosta-domande-entro-il-9-aprile\/\">Richiesta nominativi per commissari esterni<\/a>&nbsp;scadenza 9 aprile<\/p>\n\n\n\n<p><strong>VENETO<\/strong><\/p>\n\n\n\n<p><a href=\"https:\/\/padova.istruzioneveneto.gov.it\/2025\/04\/14\/esami-di-stato-ii-grado-modello-di-messa-a-disposizione-in-qualita-di-commissario-o-presidente-di-commissione-a-s-2024-2025\/\">Padova<\/a>\u00a0\u2013\u00a0<a href=\"https:\/\/win.istruzioneverona.it\/uspvr\/index.php\/2025\/04\/28\/esami-di-stato-a-s-2024-25-conclusivi-del-ii-ciclo-di-istruzione-acquisizione-disponibilita-per-attivita-di-presidente-commissario\/\">Verona<\/a>\u00a0\u2013\u00a0<a href=\"https:\/\/rovigo.istruzioneveneto.gov.it\/2025\/04\/30\/esami-di-stato-modello-messa-a-disposizione\/\">Rovigo<\/a>\u00a0\u2013<\/p>\n\n\n\n<p><\/p>\n\n\n\n<p><em>Il consiglio che diamo ai nostri lettori \u00e8 quello di mantenersi aggiornati, sia sulle piattaforme di consulenza scolastica come <strong><a href=\"https:\/\/www.docenti.it\/\" target=\"_blank\" rel=\"noreferrer noopener\">Docenti.it<\/a><\/strong><\/em>, che sui portali ufficiali, in quanto gli elenchi sono soggetti ad aggiornamenti quotidiani. <\/p>\n\n\n\n<p><\/p>\n\n\n\n<div class=\"is-layout-flex wp-block-buttons\">\n<div class=\"wp-block-button\"><a class=\"wp-block-button__link wp-element-button\" href=\"https:\/\/www.docenti.it\/mad.html\" target=\"_blank\" rel=\"noreferrer noopener\">INVIA LA MAD MATURITA&#8217; 2025<\/a><\/div>\n<\/div>\n\n\n\n<p><\/p>\n\n\n\n<p>Per ulteriori news e approfondimenti sul mondo scuola, segui il\u00a0<strong><a href=\"https:\/\/www.docenti.it\/blog\/\" target=\"_blank\" rel=\"noreferrer noopener\">blog\u00a0<\/a><\/strong>di\u00a0<strong><a href=\"https:\/\/www.docenti.it\/\" target=\"_blank\" rel=\"noreferrer noopener\">Docenti.it<\/a><\/strong><\/p>\n\n\n\n<p><\/p>\n","protected":false},"excerpt":{"rendered":"<p>Messa a disposizione ed esami di maturit\u00e0 2025: gli Uffici Scolastici Territoriali (UST) stanno [&hellip;]<\/p>\n","protected":false},"author":25,"featured_media":45319,"comment_status":"open","ping_status":"open","sticky":false,"template":"","format":"standard","meta":[],"categories":[2,4],"tags":[11,26,863,627],"yoast_head":"<!-- This site is optimized with the Yoast SEO plugin v20.4 - https:\/\/yoast.com\/wordpress\/plugins\/seo\/ -->\n<title>Messa a disposizione maturit\u00e0 2025: gli avvisi - Blog | Docenti.it<\/title>\n<meta name=\"description\" content=\"Messa a disposizione maturit\u00e0 2025: l&#039;elenco aggiornato degli Uffici scolastici che hanno gi\u00e0 pubblicato gli avvisi.\" \/>\n<meta name=\"robots\" content=\"index, follow, max-snippet:-1, max-image-preview:large, max-video-preview:-1\" \/>\n<link rel=\"canonical\" href=\"https:\/\/www.docenti.it\/blog\/messa-a-disposizione-maturita-2025\/\" \/>\n<meta property=\"og:locale\" content=\"it_IT\" \/>\n<meta property=\"og:type\" content=\"article\" \/>\n<meta property=\"og:title\" content=\"Messa a disposizione maturit\u00e0 2025: gli avvisi - Blog | Docenti.it\" \/>\n<meta property=\"og:description\" content=\"Messa a disposizione maturit\u00e0 2025: l&#039;elenco aggiornato degli Uffici scolastici che hanno gi\u00e0 pubblicato gli avvisi.\" \/>\n<meta property=\"og:url\" content=\"https:\/\/www.docenti.it\/blog\/messa-a-disposizione-maturita-2025\/\" \/>\n<meta property=\"og:site_name\" content=\"Blog | Docenti.it\" \/>\n<meta property=\"article:publisher\" content=\"https:\/\/www.facebook.com\/docenti.it\" \/>\n<meta property=\"article:published_time\" content=\"2025-05-18T15:08:06+00:00\" \/>\n<meta property=\"og:image\" content=\"https:\/\/www.docenti.it\/blog\/wp-content\/uploads\/2023\/07\/people-g25fd7e1f7_1280.jpg\" \/>\n\t<meta property=\"og:image:width\" content=\"1280\" \/>\n\t<meta property=\"og:image:height\" content=\"853\" \/>\n\t<meta property=\"og:image:type\" content=\"image\/jpeg\" \/>\n<meta name=\"author\" content=\"Gabriella Capraro\" \/>\n<meta name=\"twitter:card\" content=\"summary_large_image\" \/>\n<meta name=\"twitter:label1\" content=\"Written by\" \/>\n\t<meta name=\"twitter:data1\" content=\"Gabriella Capraro\" \/>\n\t<meta name=\"twitter:label2\" content=\"Est. reading time\" \/>\n\t<meta name=\"twitter:data2\" content=\"2 minuti\" \/>\n<script type=\"application\/ld+json\" class=\"yoast-schema-graph\">{\"@context\":\"https:\/\/schema.org\",\"@graph\":[{\"@type\":\"Article\",\"@id\":\"https:\/\/www.docenti.it\/blog\/messa-a-disposizione-maturita-2025\/#article\",\"isPartOf\":{\"@id\":\"https:\/\/www.docenti.it\/blog\/messa-a-disposizione-maturita-2025\/\"},\"author\":{\"name\":\"Gabriella Capraro\",\"@id\":\"https:\/\/www.docenti.it\/blog\/#\/schema\/person\/773963d3c0645bd34c150c41a13e5754\"},\"headline\":\"Messa a disposizione maturit\u00e0 2025: gli avvisi\",\"datePublished\":\"2025-05-18T15:08:06+00:00\",\"dateModified\":\"2025-05-18T15:08:06+00:00\",\"mainEntityOfPage\":{\"@id\":\"https:\/\/www.docenti.it\/blog\/messa-a-disposizione-maturita-2025\/\"},\"wordCount\":428,\"commentCount\":0,\"publisher\":{\"@id\":\"https:\/\/www.docenti.it\/blog\/#organization\"},\"keywords\":[\"mad\",\"MAD online\",\"messa a disposizione maturit\u00e0 2025\",\"messa a disposizione scuola\"],\"articleSection\":[\"Messa a Disposizione\",\"News\"],\"inLanguage\":\"it-IT\",\"potentialAction\":[{\"@type\":\"CommentAction\",\"name\":\"Comment\",\"target\":[\"https:\/\/www.docenti.it\/blog\/messa-a-disposizione-maturita-2025\/#respond\"]}]},{\"@type\":\"WebPage\",\"@id\":\"https:\/\/www.docenti.it\/blog\/messa-a-disposizione-maturita-2025\/\",\"url\":\"https:\/\/www.docenti.it\/blog\/messa-a-disposizione-maturita-2025\/\",\"name\":\"Messa a disposizione maturit\u00e0 2025: gli avvisi - Blog | Docenti.it\",\"isPartOf\":{\"@id\":\"https:\/\/www.docenti.it\/blog\/#website\"},\"datePublished\":\"2025-05-18T15:08:06+00:00\",\"dateModified\":\"2025-05-18T15:08:06+00:00\",\"description\":\"Messa a disposizione maturit\u00e0 2025: l'elenco aggiornato degli Uffici scolastici che hanno gi\u00e0 pubblicato gli avvisi.\",\"breadcrumb\":{\"@id\":\"https:\/\/www.docenti.it\/blog\/messa-a-disposizione-maturita-2025\/#breadcrumb\"},\"inLanguage\":\"it-IT\",\"potentialAction\":[{\"@type\":\"ReadAction\",\"target\":[\"https:\/\/www.docenti.it\/blog\/messa-a-disposizione-maturita-2025\/\"]}]},{\"@type\":\"BreadcrumbList\",\"@id\":\"https:\/\/www.docenti.it\/blog\/messa-a-disposizione-maturita-2025\/#breadcrumb\",\"itemListElement\":[{\"@type\":\"ListItem\",\"position\":1,\"name\":\"Home\",\"item\":\"https:\/\/www.docenti.it\/blog\/\"},{\"@type\":\"ListItem\",\"position\":2,\"name\":\"Messa a disposizione maturit\u00e0 2025: gli avvisi\"}]},{\"@type\":\"WebSite\",\"@id\":\"https:\/\/www.docenti.it\/blog\/#website\",\"url\":\"https:\/\/www.docenti.it\/blog\/\",\"name\":\"Blog | Docenti.it\",\"description\":\"Tutte le notizie e gli aggiornamenti dal mondo della scuola\",\"publisher\":{\"@id\":\"https:\/\/www.docenti.it\/blog\/#organization\"},\"potentialAction\":[{\"@type\":\"SearchAction\",\"target\":{\"@type\":\"EntryPoint\",\"urlTemplate\":\"https:\/\/www.docenti.it\/blog\/?s={search_term_string}\"},\"query-input\":\"required name=search_term_string\"}],\"inLanguage\":\"it-IT\"},{\"@type\":\"Organization\",\"@id\":\"https:\/\/www.docenti.it\/blog\/#organization\",\"name\":\"Blog | Docenti.it\",\"url\":\"https:\/\/www.docenti.it\/blog\/\",\"logo\":{\"@type\":\"ImageObject\",\"inLanguage\":\"it-IT\",\"@id\":\"https:\/\/www.docenti.it\/blog\/#\/schema\/logo\/image\/\",\"url\":\"https:\/\/www.docenti.it\/blog\/wp-content\/uploads\/2025\/06\/fb_mad_img.png\",\"contentUrl\":\"https:\/\/www.docenti.it\/blog\/wp-content\/uploads\/2025\/06\/fb_mad_img.png\",\"width\":1140,\"height\":620,\"caption\":\"Blog | Docenti.it\"},\"image\":{\"@id\":\"https:\/\/www.docenti.it\/blog\/#\/schema\/logo\/image\/\"},\"sameAs\":[\"https:\/\/www.facebook.com\/docenti.it\"]},{\"@type\":\"Person\",\"@id\":\"https:\/\/www.docenti.it\/blog\/#\/schema\/person\/773963d3c0645bd34c150c41a13e5754\",\"name\":\"Gabriella Capraro\",\"image\":{\"@type\":\"ImageObject\",\"inLanguage\":\"it-IT\",\"@id\":\"https:\/\/www.docenti.it\/blog\/#\/schema\/person\/image\/\",\"url\":\"https:\/\/secure.gravatar.com\/avatar\/17e0ab06bea064a8a7c5bef443cb7153?s=96&d=mm&r=g\",\"contentUrl\":\"https:\/\/secure.gravatar.com\/avatar\/17e0ab06bea064a8a7c5bef443cb7153?s=96&d=mm&r=g\",\"caption\":\"Gabriella Capraro\"},\"description\":\"Copywriter e digital strategist, collabora come articolista e autrice per diverse piattaforme online, spaziando da tematiche scolastiche\/istituzionali a letterarie e musicali.\",\"url\":\"https:\/\/www.docenti.it\/blog\/author\/gcapraro\/\"}]}<\/script>\n<!-- \/ Yoast SEO plugin. -->","yoast_head_json":{"title":"Messa a disposizione maturit\u00e0 2025: gli avvisi - Blog | Docenti.it","description":"Messa a disposizione maturit\u00e0 2025: l'elenco aggiornato degli Uffici scolastici che hanno gi\u00e0 pubblicato gli avvisi.","robots":{"index":"index","follow":"follow","max-snippet":"max-snippet:-1","max-image-preview":"max-image-preview:large","max-video-preview":"max-video-preview:-1"},"canonical":"https:\/\/www.docenti.it\/blog\/messa-a-disposizione-maturita-2025\/","og_locale":"it_IT","og_type":"article","og_title":"Messa a disposizione maturit\u00e0 2025: gli avvisi - Blog | Docenti.it","og_description":"Messa a disposizione maturit\u00e0 2025: l'elenco aggiornato degli Uffici scolastici che hanno gi\u00e0 pubblicato gli avvisi.","og_url":"https:\/\/www.docenti.it\/blog\/messa-a-disposizione-maturita-2025\/","og_site_name":"Blog | Docenti.it","article_publisher":"https:\/\/www.facebook.com\/docenti.it","article_published_time":"2025-05-18T15:08:06+00:00","og_image":[{"width":1280,"height":853,"url":"https:\/\/www.docenti.it\/blog\/wp-content\/uploads\/2023\/07\/people-g25fd7e1f7_1280.jpg","type":"image\/jpeg"}],"author":"Gabriella Capraro","twitter_card":"summary_large_image","twitter_misc":{"Written by":"Gabriella Capraro","Est. reading time":"2 minuti"},"schema":{"@context":"https:\/\/schema.org","@graph":[{"@type":"Article","@id":"https:\/\/www.docenti.it\/blog\/messa-a-disposizione-maturita-2025\/#article","isPartOf":{"@id":"https:\/\/www.docenti.it\/blog\/messa-a-disposizione-maturita-2025\/"},"author":{"name":"Gabriella Capraro","@id":"https:\/\/www.docenti.it\/blog\/#\/schema\/person\/773963d3c0645bd34c150c41a13e5754"},"headline":"Messa a disposizione maturit\u00e0 2025: gli avvisi","datePublished":"2025-05-18T15:08:06+00:00","dateModified":"2025-05-18T15:08:06+00:00","mainEntityOfPage":{"@id":"https:\/\/www.docenti.it\/blog\/messa-a-disposizione-maturita-2025\/"},"wordCount":428,"commentCount":0,"publisher":{"@id":"https:\/\/www.docenti.it\/blog\/#organization"},"keywords":["mad","MAD online","messa a disposizione maturit\u00e0 2025","messa a disposizione scuola"],"articleSection":["Messa a Disposizione","News"],"inLanguage":"it-IT","potentialAction":[{"@type":"CommentAction","name":"Comment","target":["https:\/\/www.docenti.it\/blog\/messa-a-disposizione-maturita-2025\/#respond"]}]},{"@type":"WebPage","@id":"https:\/\/www.docenti.it\/blog\/messa-a-disposizione-maturita-2025\/","url":"https:\/\/www.docenti.it\/blog\/messa-a-disposizione-maturita-2025\/","name":"Messa a disposizione maturit\u00e0 2025: gli avvisi - Blog | Docenti.it","isPartOf":{"@id":"https:\/\/www.docenti.it\/blog\/#website"},"datePublished":"2025-05-18T15:08:06+00:00","dateModified":"2025-05-18T15:08:06+00:00","description":"Messa a disposizione maturit\u00e0 2025: l'elenco aggiornato degli Uffici scolastici che hanno gi\u00e0 pubblicato gli avvisi.","breadcrumb":{"@id":"https:\/\/www.docenti.it\/blog\/messa-a-disposizione-maturita-2025\/#breadcrumb"},"inLanguage":"it-IT","potentialAction":[{"@type":"ReadAction","target":["https:\/\/www.docenti.it\/blog\/messa-a-disposizione-maturita-2025\/"]}]},{"@type":"BreadcrumbList","@id":"https:\/\/www.docenti.it\/blog\/messa-a-disposizione-maturita-2025\/#breadcrumb","itemListElement":[{"@type":"ListItem","position":1,"name":"Home","item":"https:\/\/www.docenti.it\/blog\/"},{"@type":"ListItem","position":2,"name":"Messa a disposizione maturit\u00e0 2025: gli avvisi"}]},{"@type":"WebSite","@id":"https:\/\/www.docenti.it\/blog\/#website","url":"https:\/\/www.docenti.it\/blog\/","name":"Blog | Docenti.it","description":"Tutte le notizie e gli aggiornamenti dal mondo della scuola","publisher":{"@id":"https:\/\/www.docenti.it\/blog\/#organization"},"potentialAction":[{"@type":"SearchAction","target":{"@type":"EntryPoint","urlTemplate":"https:\/\/www.docenti.it\/blog\/?s={search_term_string}"},"query-input":"required name=search_term_string"}],"inLanguage":"it-IT"},{"@type":"Organization","@id":"https:\/\/www.docenti.it\/blog\/#organization","name":"Blog | Docenti.it","url":"https:\/\/www.docenti.it\/blog\/","logo":{"@type":"ImageObject","inLanguage":"it-IT","@id":"https:\/\/www.docenti.it\/blog\/#\/schema\/logo\/image\/","url":"https:\/\/www.docenti.it\/blog\/wp-content\/uploads\/2025\/06\/fb_mad_img.png","contentUrl":"https:\/\/www.docenti.it\/blog\/wp-content\/uploads\/2025\/06\/fb_mad_img.png","width":1140,"height":620,"caption":"Blog | Docenti.it"},"image":{"@id":"https:\/\/www.docenti.it\/blog\/#\/schema\/logo\/image\/"},"sameAs":["https:\/\/www.facebook.com\/docenti.it"]},{"@type":"Person","@id":"https:\/\/www.docenti.it\/blog\/#\/schema\/person\/773963d3c0645bd34c150c41a13e5754","name":"Gabriella Capraro","image":{"@type":"ImageObject","inLanguage":"it-IT","@id":"https:\/\/www.docenti.it\/blog\/#\/schema\/person\/image\/","url":"https:\/\/secure.gravatar.com\/avatar\/17e0ab06bea064a8a7c5bef443cb7153?s=96&d=mm&r=g","contentUrl":"https:\/\/secure.gravatar.com\/avatar\/17e0ab06bea064a8a7c5bef443cb7153?s=96&d=mm&r=g","caption":"Gabriella Capraro"},"description":"Copywriter e digital strategist, collabora come articolista e autrice per diverse piattaforme online, spaziando da tematiche scolastiche\/istituzionali a letterarie e musicali.","url":"https:\/\/www.docenti.it\/blog\/author\/gcapraro\/"}]}},"_links":{"self":[{"href":"https:\/\/www.docenti.it\/blog\/wp-json\/wp\/v2\/posts\/46525"}],"collection":[{"href":"https:\/\/www.docenti.it\/blog\/wp-json\/wp\/v2\/posts"}],"about":[{"href":"https:\/\/www.docenti.it\/blog\/wp-json\/wp\/v2\/types\/post"}],"author":[{"embeddable":true,"href":"https:\/\/www.docenti.it\/blog\/wp-json\/wp\/v2\/users\/25"}],"replies":[{"embeddable":true,"href":"https:\/\/www.docenti.it\/blog\/wp-json\/wp\/v2\/comments?post=46525"}],"version-history":[{"count":1,"href":"https:\/\/www.docenti.it\/blog\/wp-json\/wp\/v2\/posts\/46525\/revisions"}],"predecessor-version":[{"id":46526,"href":"https:\/\/www.docenti.it\/blog\/wp-json\/wp\/v2\/posts\/46525\/revisions\/46526"}],"wp:featuredmedia":[{"embeddable":true,"href":"https:\/\/www.docenti.it\/blog\/wp-json\/wp\/v2\/media\/45319"}],"wp:attachment":[{"href":"https:\/\/www.docenti.it\/blog\/wp-json\/wp\/v2\/media?parent=46525"}],"wp:term":[{"taxonomy":"category","embeddable":true,"href":"https:\/\/www.docenti.it\/blog\/wp-json\/wp\/v2\/categories?post=46525"},{"taxonomy":"post_tag","embeddable":true,"href":"https:\/\/www.docenti.it\/blog\/wp-json\/wp\/v2\/tags?post=46525"}],"curies":[{"name":"wp","href":"https:\/\/api.w.org\/{rel}","templated":true}]}}