{"id":46588,"date":"2025-06-03T18:01:14","date_gmt":"2025-06-03T16:01:14","guid":{"rendered":"https:\/\/www.docenti.it\/blog\/?p=46588"},"modified":"2025-06-03T18:01:14","modified_gmt":"2025-06-03T16:01:14","slug":"tfa-sostegno-2025","status":"publish","type":"post","link":"https:\/\/www.docenti.it\/blog\/tfa-sostegno-2025\/","title":{"rendered":"TFA sostegno 2025: i dettagli da non perdere"},"content":{"rendered":"\n<p>TFA Sostegno 2025: il <strong>TFA sostegno X ciclo<\/strong>, in partenza nel 2025, rappresenta una nuova opportunit\u00e0 per diventare docenti specializzati nel sostegno. <\/p>\n\n\n\n<p>Secondo le ultime indicazioni del Ministero, il percorso sar\u00e0 avviato entro la <strong>primavera 2025<\/strong> e dovrebbe concludersi in tempo utile per l\u2019inserimento nelle <strong>GPS 2026<\/strong>.<\/p>\n\n\n\n<p>Si prevede una <strong>disponibilit\u00e0 compresa tra 30.000 e 35.000 posti<\/strong>, un numero che riflette l\u2019aumento costante della richiesta di insegnanti di sostegno nella scuola italiana.<\/p>\n\n\n\n<p><em>In questo contenuto approfondiremo insieme tutti i requisiti di accesso al percorso di specializzazione sul sostegno. <\/em><\/p>\n\n\n\n<h2>Le tempistiche<\/h2>\n\n\n\n<p>Il <strong>TFA sostegno X ciclo<\/strong> durer\u00e0 circa <strong>8 mesi<\/strong>. Le <strong>prove selettive<\/strong> sono attese per <strong>settembre 2025<\/strong>, mentre i corsi veri e propri dovrebbero iniziare a <strong>ottobre<\/strong>. <\/p>\n\n\n\n<p>Questo calendario permetter\u00e0 ai partecipanti di completare il percorso entro <strong>maggio 2026<\/strong>, tempismo ideale per entrare nella <strong>prima fascia GPS sostegno<\/strong>, anche in forma <strong>con riserva<\/strong>, se l\u2019ordinanza ministeriale verr\u00e0 pubblicata nei tempi stabiliti.<\/p>\n\n\n\n<p><strong>Rispettare le scadenze \u00e8 fondamentale<\/strong> per rendere valida l\u2019abilitazione e per l\u2019inserimento nelle graduatorie provinciali.<\/p>\n\n\n\n<p><\/p>\n\n\n\n<div class=\"is-layout-flex wp-block-buttons\">\n<div class=\"wp-block-button\"><a class=\"wp-block-button__link wp-element-button\" href=\"https:\/\/www.docenti.it\/formazione-docenti\/percorsi-formativi.html?tc=35\" target=\"_blank\" rel=\"noreferrer noopener\">VISUALIZZA I PERCORSI TFA\/INDIRE 2025<\/a><\/div>\n<\/div>\n\n\n\n<p><\/p>\n\n\n\n<h2>TFA sostegno 2025: i requisiti di accesso<\/h2>\n\n\n\n<p>Per iscriversi al <strong>TFA sostegno X ciclo<\/strong>, \u00e8 necessario possedere <strong>titoli specifici<\/strong>, diversi a seconda del grado scolastico di riferimento:<\/p>\n\n\n\n<h3>Scuola dell\u2019Infanzia e Primaria<\/h3>\n\n\n\n<ul>\n<li><strong>Diploma magistrale<\/strong> conseguito entro l\u2019anno scolastico 2001\/2002; <\/li>\n\n\n\n<li>Oppure <strong>laurea magistrale in Scienze della Formazione Primaria<\/strong>. <\/li>\n<\/ul>\n\n\n\n<h3>Scuola Secondaria di Primo e Secondo Grado<\/h3>\n\n\n\n<ul>\n<li><strong>Abilitazione<\/strong> su una classe di concorso; <\/li>\n\n\n\n<li>Oppure <strong>laurea magistrale<\/strong> o <strong>diploma ITP<\/strong>. <\/li>\n<\/ul>\n\n\n\n<h3>Titoli Esteri<\/h3>\n\n\n\n<ul>\n<li>\u00c8 richiesto il <strong>riconoscimento ufficiale<\/strong> del titolo da parte dello Stato italiano.<\/li>\n<\/ul>\n\n\n\n<p>I requisiti devono essere posseduti <strong>entro la data indicata nel bando ufficiale<\/strong>, pena l\u2019esclusione.<\/p>\n\n\n\n<h2>Quanti posti sono previsti per il TFA sostegno X ciclo?<\/h2>\n\n\n\n<p>Sebbene il numero ufficiale dei posti sar\u00e0 comunicato soltanto con la pubblicazione del bando, le stime attuali parlano di una disponibilit\u00e0 compresa tra <strong>30.000 e 35.000 posti<\/strong>. <\/p>\n\n\n\n<p>Si tratta di una cifra in linea con quanto avvenuto nei cicli precedenti e che testimonia una tendenza ormai chiara: la scuola italiana ha sempre pi\u00f9 bisogno di <strong>docenti specializzati sul sostegno<\/strong>.<\/p>\n\n\n\n<p>Questo aumento non \u00e8 casuale.<\/p>\n\n\n\n<p>\u00c8 una risposta concreta all\u2019incremento degli alunni con disabilit\u00e0, che richiedono percorsi didattici personalizzati e insegnanti in grado di supportarli al meglio nel loro percorso scolastico. <\/p>\n\n\n\n<p>Il <strong>TFA sostegno X ciclo<\/strong>, quindi, non \u00e8 solo un\u2019opportunit\u00e0 per chi vuole entrare nel mondo della scuola, ma anche uno strumento fondamentale per promuovere una didattica realmente inclusiva.<\/p>\n\n\n\n<p><\/p>\n\n\n\n<div class=\"is-layout-flex wp-block-buttons\">\n<div class=\"wp-block-button\"><a class=\"wp-block-button__link wp-element-button\" href=\"https:\/\/www.docenti.it\/formazione-docenti\/percorsi-formativi.html?tc=35\" target=\"_blank\" rel=\"noreferrer noopener\">ACCEDI AL PROGRAMMA DEI CORSI<\/a><\/div>\n<\/div>\n\n\n\n<p><\/p>\n\n\n\n<h2>TFA sostegno 2025: come avverr\u00e0 l\u2019assegnazione dei posti? <\/h2>\n\n\n\n<p>La distribuzione dei posti non sar\u00e0 uniforme sul territorio nazionale, ma terr\u00e0 conto delle <strong>esigenze regionali<\/strong> e delle <strong>capacit\u00e0 formative delle singole universit\u00e0<\/strong>. Ogni ateneo ricever\u00e0 un numero specifico di posti, stabilito in base alle proprie risorse, strutture e disponibilit\u00e0 di tutor e docenti.<\/p>\n\n\n\n<p>Per questo motivo, \u00e8 molto importante che i candidati interessati al <strong>TFA sostegno X ciclo<\/strong> seguano con attenzione l\u2019uscita del bando ufficiale e valutino con cura <strong>in quale sede presentare domanda<\/strong>. <\/p>\n\n\n\n<p>Una scelta consapevole pu\u00f2 fare la differenza, sia per le possibilit\u00e0 di ammissione, sia per la qualit\u00e0 del percorso formativo che si andr\u00e0 a intraprendere.<\/p>\n\n\n\n<p><em>Se hai bisogno di ulteriori informazioni, non esitare a contattare i nostri consulenti. <\/em><\/p>\n\n\n\n<p><\/p>\n\n\n\n<div class=\"is-layout-flex wp-block-buttons\">\n<div class=\"wp-block-button\"><a class=\"wp-block-button__link wp-element-button\" href=\"https:\/\/www.docenti.it\/contatti.html\" target=\"_blank\" rel=\"noreferrer noopener\">CONTATTA I CONSULENTI DOCENTI.IT<\/a><\/div>\n<\/div>\n\n\n\n<p><\/p>\n\n\n\n<p>Per ulteriori news e aggiornamenti sul mondo scuola, segui il\u00a0<strong><a href=\"https:\/\/www.docenti.it\/blog\/\" target=\"_blank\" rel=\"noreferrer noopener\">blog<\/a><\/strong>\u00a0di\u00a0<strong><a href=\"https:\/\/www.docenti.it\/\">Docenti.it<\/a><\/strong><\/p>\n\n\n\n<p><\/p>\n","protected":false},"excerpt":{"rendered":"<p>TFA Sostegno 2025: il TFA sostegno X ciclo, in partenza nel 2025, rappresenta una [&hellip;]<\/p>\n","protected":false},"author":25,"featured_media":46573,"comment_status":"open","ping_status":"open","sticky":false,"template":"","format":"standard","meta":[],"categories":[3,14],"tags":[447,873,856,825],"yoast_head":"<!-- This site is optimized with the Yoast SEO plugin v20.4 - https:\/\/yoast.com\/wordpress\/plugins\/seo\/ -->\n<title>TFA sostegno 2025: i dettagli da non perdere - Blog | Docenti.it<\/title>\n<meta name=\"description\" content=\"TFA sostegno 2025: tutti i dettagli sulle modalit\u00e0 di funzionamento dei percorsi, compresi i requisiti di accesso.\" \/>\n<meta name=\"robots\" content=\"index, follow, max-snippet:-1, max-image-preview:large, max-video-preview:-1\" \/>\n<link rel=\"canonical\" href=\"https:\/\/www.docenti.it\/blog\/tfa-sostegno-2025\/\" \/>\n<meta property=\"og:locale\" content=\"it_IT\" \/>\n<meta property=\"og:type\" content=\"article\" \/>\n<meta property=\"og:title\" content=\"TFA sostegno 2025: i dettagli da non perdere - Blog | Docenti.it\" \/>\n<meta property=\"og:description\" content=\"TFA sostegno 2025: tutti i dettagli sulle modalit\u00e0 di funzionamento dei percorsi, compresi i requisiti di accesso.\" \/>\n<meta property=\"og:url\" content=\"https:\/\/www.docenti.it\/blog\/tfa-sostegno-2025\/\" \/>\n<meta property=\"og:site_name\" content=\"Blog | Docenti.it\" \/>\n<meta property=\"article:publisher\" content=\"https:\/\/www.facebook.com\/docenti.it\" \/>\n<meta property=\"article:published_time\" content=\"2025-06-03T16:01:14+00:00\" \/>\n<meta property=\"og:image\" content=\"https:\/\/www.docenti.it\/blog\/wp-content\/uploads\/2025\/05\/interpelli-services.webp\" \/>\n\t<meta property=\"og:image:width\" content=\"700\" \/>\n\t<meta property=\"og:image:height\" content=\"394\" \/>\n\t<meta property=\"og:image:type\" content=\"image\/webp\" \/>\n<meta name=\"author\" content=\"Gabriella Capraro\" \/>\n<meta name=\"twitter:card\" content=\"summary_large_image\" \/>\n<meta name=\"twitter:label1\" content=\"Written by\" \/>\n\t<meta name=\"twitter:data1\" content=\"Gabriella Capraro\" \/>\n\t<meta name=\"twitter:label2\" content=\"Est. reading time\" \/>\n\t<meta name=\"twitter:data2\" content=\"3 minuti\" \/>\n<script type=\"application\/ld+json\" class=\"yoast-schema-graph\">{\"@context\":\"https:\/\/schema.org\",\"@graph\":[{\"@type\":\"Article\",\"@id\":\"https:\/\/www.docenti.it\/blog\/tfa-sostegno-2025\/#article\",\"isPartOf\":{\"@id\":\"https:\/\/www.docenti.it\/blog\/tfa-sostegno-2025\/\"},\"author\":{\"name\":\"Gabriella Capraro\",\"@id\":\"https:\/\/www.docenti.it\/blog\/#\/schema\/person\/773963d3c0645bd34c150c41a13e5754\"},\"headline\":\"TFA sostegno 2025: i dettagli da non perdere\",\"datePublished\":\"2025-06-03T16:01:14+00:00\",\"dateModified\":\"2025-06-03T16:01:14+00:00\",\"mainEntityOfPage\":{\"@id\":\"https:\/\/www.docenti.it\/blog\/tfa-sostegno-2025\/\"},\"wordCount\":536,\"commentCount\":0,\"publisher\":{\"@id\":\"https:\/\/www.docenti.it\/blog\/#organization\"},\"keywords\":[\"specializzazione sostegno\",\"tfa indire\",\"tfa sostegno 2025\",\"TFA sostegno X ciclo\"],\"articleSection\":[\"Normativa\",\"tfa sostegno\"],\"inLanguage\":\"it-IT\",\"potentialAction\":[{\"@type\":\"CommentAction\",\"name\":\"Comment\",\"target\":[\"https:\/\/www.docenti.it\/blog\/tfa-sostegno-2025\/#respond\"]}]},{\"@type\":\"WebPage\",\"@id\":\"https:\/\/www.docenti.it\/blog\/tfa-sostegno-2025\/\",\"url\":\"https:\/\/www.docenti.it\/blog\/tfa-sostegno-2025\/\",\"name\":\"TFA sostegno 2025: i dettagli da non perdere - Blog | Docenti.it\",\"isPartOf\":{\"@id\":\"https:\/\/www.docenti.it\/blog\/#website\"},\"datePublished\":\"2025-06-03T16:01:14+00:00\",\"dateModified\":\"2025-06-03T16:01:14+00:00\",\"description\":\"TFA sostegno 2025: tutti i dettagli sulle modalit\u00e0 di funzionamento dei percorsi, compresi i requisiti di accesso.\",\"breadcrumb\":{\"@id\":\"https:\/\/www.docenti.it\/blog\/tfa-sostegno-2025\/#breadcrumb\"},\"inLanguage\":\"it-IT\",\"potentialAction\":[{\"@type\":\"ReadAction\",\"target\":[\"https:\/\/www.docenti.it\/blog\/tfa-sostegno-2025\/\"]}]},{\"@type\":\"BreadcrumbList\",\"@id\":\"https:\/\/www.docenti.it\/blog\/tfa-sostegno-2025\/#breadcrumb\",\"itemListElement\":[{\"@type\":\"ListItem\",\"position\":1,\"name\":\"Home\",\"item\":\"https:\/\/www.docenti.it\/blog\/\"},{\"@type\":\"ListItem\",\"position\":2,\"name\":\"TFA sostegno 2025: i dettagli da non perdere\"}]},{\"@type\":\"WebSite\",\"@id\":\"https:\/\/www.docenti.it\/blog\/#website\",\"url\":\"https:\/\/www.docenti.it\/blog\/\",\"name\":\"Blog | Docenti.it\",\"description\":\"Tutte le notizie e gli aggiornamenti dal mondo della scuola\",\"publisher\":{\"@id\":\"https:\/\/www.docenti.it\/blog\/#organization\"},\"potentialAction\":[{\"@type\":\"SearchAction\",\"target\":{\"@type\":\"EntryPoint\",\"urlTemplate\":\"https:\/\/www.docenti.it\/blog\/?s={search_term_string}\"},\"query-input\":\"required name=search_term_string\"}],\"inLanguage\":\"it-IT\"},{\"@type\":\"Organization\",\"@id\":\"https:\/\/www.docenti.it\/blog\/#organization\",\"name\":\"Blog | Docenti.it\",\"url\":\"https:\/\/www.docenti.it\/blog\/\",\"logo\":{\"@type\":\"ImageObject\",\"inLanguage\":\"it-IT\",\"@id\":\"https:\/\/www.docenti.it\/blog\/#\/schema\/logo\/image\/\",\"url\":\"https:\/\/www.docenti.it\/blog\/wp-content\/uploads\/2025\/06\/fb_mad_img.png\",\"contentUrl\":\"https:\/\/www.docenti.it\/blog\/wp-content\/uploads\/2025\/06\/fb_mad_img.png\",\"width\":1140,\"height\":620,\"caption\":\"Blog | Docenti.it\"},\"image\":{\"@id\":\"https:\/\/www.docenti.it\/blog\/#\/schema\/logo\/image\/\"},\"sameAs\":[\"https:\/\/www.facebook.com\/docenti.it\"]},{\"@type\":\"Person\",\"@id\":\"https:\/\/www.docenti.it\/blog\/#\/schema\/person\/773963d3c0645bd34c150c41a13e5754\",\"name\":\"Gabriella Capraro\",\"image\":{\"@type\":\"ImageObject\",\"inLanguage\":\"it-IT\",\"@id\":\"https:\/\/www.docenti.it\/blog\/#\/schema\/person\/image\/\",\"url\":\"https:\/\/secure.gravatar.com\/avatar\/17e0ab06bea064a8a7c5bef443cb7153?s=96&d=mm&r=g\",\"contentUrl\":\"https:\/\/secure.gravatar.com\/avatar\/17e0ab06bea064a8a7c5bef443cb7153?s=96&d=mm&r=g\",\"caption\":\"Gabriella Capraro\"},\"description\":\"Copywriter e digital strategist, collabora come articolista e autrice per diverse piattaforme online, spaziando da tematiche scolastiche\/istituzionali a letterarie e musicali.\",\"url\":\"https:\/\/www.docenti.it\/blog\/author\/gcapraro\/\"}]}<\/script>\n<!-- \/ Yoast SEO plugin. -->","yoast_head_json":{"title":"TFA sostegno 2025: i dettagli da non perdere - Blog | Docenti.it","description":"TFA sostegno 2025: tutti i dettagli sulle modalit\u00e0 di funzionamento dei percorsi, compresi i requisiti di accesso.","robots":{"index":"index","follow":"follow","max-snippet":"max-snippet:-1","max-image-preview":"max-image-preview:large","max-video-preview":"max-video-preview:-1"},"canonical":"https:\/\/www.docenti.it\/blog\/tfa-sostegno-2025\/","og_locale":"it_IT","og_type":"article","og_title":"TFA sostegno 2025: i dettagli da non perdere - Blog | Docenti.it","og_description":"TFA sostegno 2025: tutti i dettagli sulle modalit\u00e0 di funzionamento dei percorsi, compresi i requisiti di accesso.","og_url":"https:\/\/www.docenti.it\/blog\/tfa-sostegno-2025\/","og_site_name":"Blog | Docenti.it","article_publisher":"https:\/\/www.facebook.com\/docenti.it","article_published_time":"2025-06-03T16:01:14+00:00","og_image":[{"width":700,"height":394,"url":"https:\/\/www.docenti.it\/blog\/wp-content\/uploads\/2025\/05\/interpelli-services.webp","type":"image\/webp"}],"author":"Gabriella Capraro","twitter_card":"summary_large_image","twitter_misc":{"Written by":"Gabriella Capraro","Est. reading time":"3 minuti"},"schema":{"@context":"https:\/\/schema.org","@graph":[{"@type":"Article","@id":"https:\/\/www.docenti.it\/blog\/tfa-sostegno-2025\/#article","isPartOf":{"@id":"https:\/\/www.docenti.it\/blog\/tfa-sostegno-2025\/"},"author":{"name":"Gabriella Capraro","@id":"https:\/\/www.docenti.it\/blog\/#\/schema\/person\/773963d3c0645bd34c150c41a13e5754"},"headline":"TFA sostegno 2025: i dettagli da non perdere","datePublished":"2025-06-03T16:01:14+00:00","dateModified":"2025-06-03T16:01:14+00:00","mainEntityOfPage":{"@id":"https:\/\/www.docenti.it\/blog\/tfa-sostegno-2025\/"},"wordCount":536,"commentCount":0,"publisher":{"@id":"https:\/\/www.docenti.it\/blog\/#organization"},"keywords":["specializzazione sostegno","tfa indire","tfa sostegno 2025","TFA sostegno X ciclo"],"articleSection":["Normativa","tfa sostegno"],"inLanguage":"it-IT","potentialAction":[{"@type":"CommentAction","name":"Comment","target":["https:\/\/www.docenti.it\/blog\/tfa-sostegno-2025\/#respond"]}]},{"@type":"WebPage","@id":"https:\/\/www.docenti.it\/blog\/tfa-sostegno-2025\/","url":"https:\/\/www.docenti.it\/blog\/tfa-sostegno-2025\/","name":"TFA sostegno 2025: i dettagli da non perdere - Blog | Docenti.it","isPartOf":{"@id":"https:\/\/www.docenti.it\/blog\/#website"},"datePublished":"2025-06-03T16:01:14+00:00","dateModified":"2025-06-03T16:01:14+00:00","description":"TFA sostegno 2025: tutti i dettagli sulle modalit\u00e0 di funzionamento dei percorsi, compresi i requisiti di accesso.","breadcrumb":{"@id":"https:\/\/www.docenti.it\/blog\/tfa-sostegno-2025\/#breadcrumb"},"inLanguage":"it-IT","potentialAction":[{"@type":"ReadAction","target":["https:\/\/www.docenti.it\/blog\/tfa-sostegno-2025\/"]}]},{"@type":"BreadcrumbList","@id":"https:\/\/www.docenti.it\/blog\/tfa-sostegno-2025\/#breadcrumb","itemListElement":[{"@type":"ListItem","position":1,"name":"Home","item":"https:\/\/www.docenti.it\/blog\/"},{"@type":"ListItem","position":2,"name":"TFA sostegno 2025: i dettagli da non perdere"}]},{"@type":"WebSite","@id":"https:\/\/www.docenti.it\/blog\/#website","url":"https:\/\/www.docenti.it\/blog\/","name":"Blog | Docenti.it","description":"Tutte le notizie e gli aggiornamenti dal mondo della scuola","publisher":{"@id":"https:\/\/www.docenti.it\/blog\/#organization"},"potentialAction":[{"@type":"SearchAction","target":{"@type":"EntryPoint","urlTemplate":"https:\/\/www.docenti.it\/blog\/?s={search_term_string}"},"query-input":"required name=search_term_string"}],"inLanguage":"it-IT"},{"@type":"Organization","@id":"https:\/\/www.docenti.it\/blog\/#organization","name":"Blog | Docenti.it","url":"https:\/\/www.docenti.it\/blog\/","logo":{"@type":"ImageObject","inLanguage":"it-IT","@id":"https:\/\/www.docenti.it\/blog\/#\/schema\/logo\/image\/","url":"https:\/\/www.docenti.it\/blog\/wp-content\/uploads\/2025\/06\/fb_mad_img.png","contentUrl":"https:\/\/www.docenti.it\/blog\/wp-content\/uploads\/2025\/06\/fb_mad_img.png","width":1140,"height":620,"caption":"Blog | Docenti.it"},"image":{"@id":"https:\/\/www.docenti.it\/blog\/#\/schema\/logo\/image\/"},"sameAs":["https:\/\/www.facebook.com\/docenti.it"]},{"@type":"Person","@id":"https:\/\/www.docenti.it\/blog\/#\/schema\/person\/773963d3c0645bd34c150c41a13e5754","name":"Gabriella Capraro","image":{"@type":"ImageObject","inLanguage":"it-IT","@id":"https:\/\/www.docenti.it\/blog\/#\/schema\/person\/image\/","url":"https:\/\/secure.gravatar.com\/avatar\/17e0ab06bea064a8a7c5bef443cb7153?s=96&d=mm&r=g","contentUrl":"https:\/\/secure.gravatar.com\/avatar\/17e0ab06bea064a8a7c5bef443cb7153?s=96&d=mm&r=g","caption":"Gabriella Capraro"},"description":"Copywriter e digital strategist, collabora come articolista e autrice per diverse piattaforme online, spaziando da tematiche scolastiche\/istituzionali a letterarie e musicali.","url":"https:\/\/www.docenti.it\/blog\/author\/gcapraro\/"}]}},"_links":{"self":[{"href":"https:\/\/www.docenti.it\/blog\/wp-json\/wp\/v2\/posts\/46588"}],"collection":[{"href":"https:\/\/www.docenti.it\/blog\/wp-json\/wp\/v2\/posts"}],"about":[{"href":"https:\/\/www.docenti.it\/blog\/wp-json\/wp\/v2\/types\/post"}],"author":[{"embeddable":true,"href":"https:\/\/www.docenti.it\/blog\/wp-json\/wp\/v2\/users\/25"}],"replies":[{"embeddable":true,"href":"https:\/\/www.docenti.it\/blog\/wp-json\/wp\/v2\/comments?post=46588"}],"version-history":[{"count":1,"href":"https:\/\/www.docenti.it\/blog\/wp-json\/wp\/v2\/posts\/46588\/revisions"}],"predecessor-version":[{"id":46589,"href":"https:\/\/www.docenti.it\/blog\/wp-json\/wp\/v2\/posts\/46588\/revisions\/46589"}],"wp:featuredmedia":[{"embeddable":true,"href":"https:\/\/www.docenti.it\/blog\/wp-json\/wp\/v2\/media\/46573"}],"wp:attachment":[{"href":"https:\/\/www.docenti.it\/blog\/wp-json\/wp\/v2\/media?parent=46588"}],"wp:term":[{"taxonomy":"category","embeddable":true,"href":"https:\/\/www.docenti.it\/blog\/wp-json\/wp\/v2\/categories?post=46588"},{"taxonomy":"post_tag","embeddable":true,"href":"https:\/\/www.docenti.it\/blog\/wp-json\/wp\/v2\/tags?post=46588"}],"curies":[{"name":"wp","href":"https:\/\/api.w.org\/{rel}","templated":true}]}}