{"id":46615,"date":"2025-06-10T18:39:58","date_gmt":"2025-06-10T16:39:58","guid":{"rendered":"https:\/\/www.docenti.it\/blog\/?p=46615"},"modified":"2025-06-10T18:39:59","modified_gmt":"2025-06-10T16:39:59","slug":"sostegno-abilitati-estero-rinuncia","status":"publish","type":"post","link":"https:\/\/www.docenti.it\/blog\/sostegno-abilitati-estero-rinuncia\/","title":{"rendered":"Sostegno abilitati all&#8217;estero: domanda di rinuncia"},"content":{"rendered":"\n<p>Sostegno abilitati all&#8217;estero: con un avviso del 4 giugno, il Ministero dell&#8217;Istruzione e del Merito ha dato il via a un&#8217;operazione importante: ha fornito tutte le <strong>istruzioni e le scadenze<\/strong> per chi vuole rinunciare alle richieste di riconoscimento del titolo di <strong>sostegno abilitati all&#8217;estero<\/strong>. <\/p>\n\n\n\n<p>Questo \u00e8 fondamentale per partecipare ai nuovi percorsi di specializzazione di Indire o delle Universit\u00e0 (come dice l&#8217;articolo 5, comma 3 del decreto interministeriale n. 77 del 24 aprile 2025). <\/p>\n\n\n\n<p>Insomma, rinunciare a quella precedente domanda di riconoscimento \u00e8 un <strong>passaggio obbligatorio<\/strong> per accedere a questi nuovi corsi di specializzazione per il sostegno didattico.<\/p>\n\n\n\n<p><em>In questo contenuto esamineremo i dettagli della richiesta di rinuncia al riconoscimento titoli. <\/em><\/p>\n\n\n\n<h2>Come fare domanda di rinuncia<\/h2>\n\n\n\n<p>La rinuncia va compilata in due modi diversi, a seconda di come si era presentata la domanda iniziale:<\/p>\n\n\n\n<ul>\n<li><strong>Tramite la piattaforma SIDI<\/strong>: se la richiesta di riconoscimento del percorso di <strong>sostegno abilitati all&#8217;estero<\/strong> era stata fatta usando la piattaforma SIDI &#8220;Riconoscimento professione docente&#8221; (RPD), allora si dovr\u00e0 usare quella stessa piattaforma anche per la rinuncia. \u00c8 disponibile un link diretto per accedervi; <br><\/li>\n\n\n\n<li><strong>Tramite PEC<\/strong>: se invece la domanda di riconoscimento per il percorso di <strong>sostegno abilitati all&#8217;estero<\/strong> era stata presentata in formato cartaceo, allora la rinuncia deve essere inviata solo ed esclusivamente tramite posta elettronica certificata (PEC) all&#8217;indirizzo specifico: rinuncia.sostegnoestero@postacert.istruzione.it.<\/li>\n<\/ul>\n\n\n\n<p>\u00c8 importante fare attenzione alle date: la rinuncia pu\u00f2 essere presentata <strong>dal 5 al 25 giugno 2025<\/strong>. E, ovviamente, solo chi possiede i requisiti previsti dalla legge pu\u00f2 farlo. <\/p>\n\n\n\n<p>Il Ministero ha specificato che le rinunce inviate prima del 5 giugno non saranno considerate valide. <\/p>\n\n\n\n<p>Quindi, anche se una rinuncia \u00e8 gi\u00e0 stata fatta in precedenza, se non \u00e8 stata ripresentata tra il 5 e il 25 giugno con le modalit\u00e0 corrette, \u00e8 necessario provvedere di nuovo.<\/p>\n\n\n\n<p><\/p>\n\n\n\n<div class=\"is-layout-flex wp-block-buttons\">\n<div class=\"wp-block-button\"><a class=\"wp-block-button__link wp-element-button\" href=\"https:\/\/www.docenti.it\/formazione-docenti\/percorsi-formativi.html?tc=35\" target=\"_blank\" rel=\"noreferrer noopener\">VISUALIZZA I PERCORSI TFA\/INDIRE<\/a><\/div>\n<\/div>\n\n\n\n<p><\/p>\n\n\n\n<h2>Sostegno abilitati all&#8217;estero: chi pu\u00f2 iscriversi ai percorsi?<\/h2>\n\n\n\n<p>Possono iscriversi a questi percorsi di specializzazione sul sostegno (Indire\/Universit\u00e0) coloro che hanno completato un <strong>percorso formativo sul sostegno agli alunni con disabilit\u00e0<\/strong> fuori dall&#8217;Italia. <\/p>\n\n\n\n<p>Questo percorso deve essere stato conseguito presso un&#8217;universit\u00e0 estera legalmente riconosciuta nel paese d&#8217;origine o un altro ente abilitato.<\/p>\n\n\n\n<p>Il corso deve avere una durata minima di <strong>1500 ore<\/strong> o, in alternativa, deve aver dato diritto ad almeno <strong>60 CFU<\/strong>.<\/p>\n\n\n\n<p>Inoltre, chi desidera iscriversi deve aver gi\u00e0 presentato una <strong>domanda di riconoscimento<\/strong> per questo percorso. \u00c8 necessario che, alla data del 1\u00b0 giugno 2024, i termini per la conclusione di quella pratica siano scaduti, oppure che ci sia un <strong>contenzioso legale in corso<\/strong> a causa della mancata decisione da parte dell&#8217;Amministrazione.<\/p>\n\n\n\n<p>\u00c8 fondamentale sapere che si pu\u00f2 scegliere di iscriversi a <strong>un solo percorso<\/strong>. Tuttavia, la partecipazione \u00e8 assicurata a tutti coloro che, avendo i requisiti, presenteranno correttamente la domanda. Se il numero di domande dovesse superare i posti assegnati all&#8217;Universit\u00e0, le richieste in eccesso verranno accolte da Indire.<\/p>\n\n\n\n<p>Infine, il Ministero chiarisce un aspetto importante per chi ha un contenzioso in corso: se al 1\u00b0 giugno 2024 si aveva una causa aperta per il mancato riconoscimento del titolo di <strong>sostegno abilitati all&#8217;estero<\/strong> e ora si decide di rinunciare a quella domanda, \u00e8 indispensabile presentare questa rinuncia anche nell&#8217;ambito del giudizio legale in corso. <\/p>\n\n\n\n<p>Questo assicura che tutte le procedure siano allineate.<\/p>\n\n\n\n<p><\/p>\n\n\n\n<p><em>Se hai dubbi o necessiti di chiarimenti, non esitare a metterti in contatto con noi. <\/em><\/p>\n\n\n\n<p><\/p>\n\n\n\n<div class=\"is-layout-flex wp-block-buttons\">\n<div class=\"wp-block-button\"><a class=\"wp-block-button__link wp-element-button\" href=\"https:\/\/www.docenti.it\/contatti.html\" target=\"_blank\" rel=\"noreferrer noopener\">CONTATTA I CONSULENTI DOCENTI.IT<\/a><\/div>\n<\/div>\n\n\n\n<p><\/p>\n\n\n\n<p>Per ulteriori news e aggiornamenti sul mondo scuola, segui il\u00a0<strong><a href=\"https:\/\/www.docenti.it\/blog\/\" target=\"_blank\" rel=\"noreferrer noopener\">blog<\/a><\/strong>\u00a0di\u00a0<strong><a href=\"https:\/\/www.docenti.it\/\">Docenti.it<\/a><\/strong><\/p>\n\n\n\n<p><\/p>\n","protected":false},"excerpt":{"rendered":"<p>Sostegno abilitati all&#8217;estero: con un avviso del 4 giugno, il Ministero dell&#8217;Istruzione e del [&hellip;]<\/p>\n","protected":false},"author":25,"featured_media":45319,"comment_status":"open","ping_status":"open","sticky":false,"template":"","format":"standard","meta":[],"categories":[13],"tags":[831,880,447,873],"yoast_head":"<!-- This site is optimized with the Yoast SEO plugin v20.4 - https:\/\/yoast.com\/wordpress\/plugins\/seo\/ -->\n<title>Sostegno abilitati all&#039;estero: domanda di rinuncia - Blog | Docenti.it<\/title>\n<meta name=\"description\" content=\"Sostegno abilitati all&#039;estero: una guida sui termini di presentazione dell&#039;istanza di rinuncia del riconoscimento titoli.\" \/>\n<meta name=\"robots\" content=\"index, follow, max-snippet:-1, max-image-preview:large, max-video-preview:-1\" \/>\n<link rel=\"canonical\" href=\"https:\/\/www.docenti.it\/blog\/sostegno-abilitati-estero-rinuncia\/\" \/>\n<meta property=\"og:locale\" content=\"it_IT\" \/>\n<meta property=\"og:type\" content=\"article\" \/>\n<meta property=\"og:title\" content=\"Sostegno abilitati all&#039;estero: domanda di rinuncia - Blog | Docenti.it\" \/>\n<meta property=\"og:description\" content=\"Sostegno abilitati all&#039;estero: una guida sui termini di presentazione dell&#039;istanza di rinuncia del riconoscimento titoli.\" \/>\n<meta property=\"og:url\" content=\"https:\/\/www.docenti.it\/blog\/sostegno-abilitati-estero-rinuncia\/\" \/>\n<meta property=\"og:site_name\" content=\"Blog | Docenti.it\" \/>\n<meta property=\"article:publisher\" content=\"https:\/\/www.facebook.com\/docenti.it\" \/>\n<meta property=\"article:published_time\" content=\"2025-06-10T16:39:58+00:00\" \/>\n<meta property=\"article:modified_time\" content=\"2025-06-10T16:39:59+00:00\" \/>\n<meta property=\"og:image\" content=\"https:\/\/www.docenti.it\/blog\/wp-content\/uploads\/2023\/07\/people-g25fd7e1f7_1280.jpg\" \/>\n\t<meta property=\"og:image:width\" content=\"1280\" \/>\n\t<meta property=\"og:image:height\" content=\"853\" \/>\n\t<meta property=\"og:image:type\" content=\"image\/jpeg\" \/>\n<meta name=\"author\" content=\"Gabriella Capraro\" \/>\n<meta name=\"twitter:card\" content=\"summary_large_image\" \/>\n<meta name=\"twitter:label1\" content=\"Written by\" \/>\n\t<meta name=\"twitter:data1\" content=\"Gabriella Capraro\" \/>\n\t<meta name=\"twitter:label2\" content=\"Est. reading time\" \/>\n\t<meta name=\"twitter:data2\" content=\"3 minuti\" \/>\n<script type=\"application\/ld+json\" class=\"yoast-schema-graph\">{\"@context\":\"https:\/\/schema.org\",\"@graph\":[{\"@type\":\"Article\",\"@id\":\"https:\/\/www.docenti.it\/blog\/sostegno-abilitati-estero-rinuncia\/#article\",\"isPartOf\":{\"@id\":\"https:\/\/www.docenti.it\/blog\/sostegno-abilitati-estero-rinuncia\/\"},\"author\":{\"name\":\"Gabriella Capraro\",\"@id\":\"https:\/\/www.docenti.it\/blog\/#\/schema\/person\/773963d3c0645bd34c150c41a13e5754\"},\"headline\":\"Sostegno abilitati all&#8217;estero: domanda di rinuncia\",\"datePublished\":\"2025-06-10T16:39:58+00:00\",\"dateModified\":\"2025-06-10T16:39:59+00:00\",\"mainEntityOfPage\":{\"@id\":\"https:\/\/www.docenti.it\/blog\/sostegno-abilitati-estero-rinuncia\/\"},\"wordCount\":549,\"commentCount\":0,\"publisher\":{\"@id\":\"https:\/\/www.docenti.it\/blog\/#organization\"},\"keywords\":[\"INDIRE 2025\",\"sostegno abilitati all&#039;estero\",\"specializzazione sostegno\",\"tfa indire\"],\"articleSection\":[\"Corso Specializzazione Sostegno\"],\"inLanguage\":\"it-IT\",\"potentialAction\":[{\"@type\":\"CommentAction\",\"name\":\"Comment\",\"target\":[\"https:\/\/www.docenti.it\/blog\/sostegno-abilitati-estero-rinuncia\/#respond\"]}]},{\"@type\":\"WebPage\",\"@id\":\"https:\/\/www.docenti.it\/blog\/sostegno-abilitati-estero-rinuncia\/\",\"url\":\"https:\/\/www.docenti.it\/blog\/sostegno-abilitati-estero-rinuncia\/\",\"name\":\"Sostegno abilitati all'estero: domanda di rinuncia - Blog | Docenti.it\",\"isPartOf\":{\"@id\":\"https:\/\/www.docenti.it\/blog\/#website\"},\"datePublished\":\"2025-06-10T16:39:58+00:00\",\"dateModified\":\"2025-06-10T16:39:59+00:00\",\"description\":\"Sostegno abilitati all'estero: una guida sui termini di presentazione dell'istanza di rinuncia del riconoscimento titoli.\",\"breadcrumb\":{\"@id\":\"https:\/\/www.docenti.it\/blog\/sostegno-abilitati-estero-rinuncia\/#breadcrumb\"},\"inLanguage\":\"it-IT\",\"potentialAction\":[{\"@type\":\"ReadAction\",\"target\":[\"https:\/\/www.docenti.it\/blog\/sostegno-abilitati-estero-rinuncia\/\"]}]},{\"@type\":\"BreadcrumbList\",\"@id\":\"https:\/\/www.docenti.it\/blog\/sostegno-abilitati-estero-rinuncia\/#breadcrumb\",\"itemListElement\":[{\"@type\":\"ListItem\",\"position\":1,\"name\":\"Home\",\"item\":\"https:\/\/www.docenti.it\/blog\/\"},{\"@type\":\"ListItem\",\"position\":2,\"name\":\"Sostegno abilitati all&#8217;estero: domanda di rinuncia\"}]},{\"@type\":\"WebSite\",\"@id\":\"https:\/\/www.docenti.it\/blog\/#website\",\"url\":\"https:\/\/www.docenti.it\/blog\/\",\"name\":\"Blog | Docenti.it\",\"description\":\"Tutte le notizie e gli aggiornamenti dal mondo della scuola\",\"publisher\":{\"@id\":\"https:\/\/www.docenti.it\/blog\/#organization\"},\"potentialAction\":[{\"@type\":\"SearchAction\",\"target\":{\"@type\":\"EntryPoint\",\"urlTemplate\":\"https:\/\/www.docenti.it\/blog\/?s={search_term_string}\"},\"query-input\":\"required name=search_term_string\"}],\"inLanguage\":\"it-IT\"},{\"@type\":\"Organization\",\"@id\":\"https:\/\/www.docenti.it\/blog\/#organization\",\"name\":\"Blog | Docenti.it\",\"url\":\"https:\/\/www.docenti.it\/blog\/\",\"logo\":{\"@type\":\"ImageObject\",\"inLanguage\":\"it-IT\",\"@id\":\"https:\/\/www.docenti.it\/blog\/#\/schema\/logo\/image\/\",\"url\":\"https:\/\/www.docenti.it\/blog\/wp-content\/uploads\/2025\/06\/fb_mad_img.png\",\"contentUrl\":\"https:\/\/www.docenti.it\/blog\/wp-content\/uploads\/2025\/06\/fb_mad_img.png\",\"width\":1140,\"height\":620,\"caption\":\"Blog | Docenti.it\"},\"image\":{\"@id\":\"https:\/\/www.docenti.it\/blog\/#\/schema\/logo\/image\/\"},\"sameAs\":[\"https:\/\/www.facebook.com\/docenti.it\"]},{\"@type\":\"Person\",\"@id\":\"https:\/\/www.docenti.it\/blog\/#\/schema\/person\/773963d3c0645bd34c150c41a13e5754\",\"name\":\"Gabriella Capraro\",\"image\":{\"@type\":\"ImageObject\",\"inLanguage\":\"it-IT\",\"@id\":\"https:\/\/www.docenti.it\/blog\/#\/schema\/person\/image\/\",\"url\":\"https:\/\/secure.gravatar.com\/avatar\/17e0ab06bea064a8a7c5bef443cb7153?s=96&d=mm&r=g\",\"contentUrl\":\"https:\/\/secure.gravatar.com\/avatar\/17e0ab06bea064a8a7c5bef443cb7153?s=96&d=mm&r=g\",\"caption\":\"Gabriella Capraro\"},\"description\":\"Copywriter e digital strategist, collabora come articolista e autrice per diverse piattaforme online, spaziando da tematiche scolastiche\/istituzionali a letterarie e musicali.\",\"url\":\"https:\/\/www.docenti.it\/blog\/author\/gcapraro\/\"}]}<\/script>\n<!-- \/ Yoast SEO plugin. -->","yoast_head_json":{"title":"Sostegno abilitati all'estero: domanda di rinuncia - Blog | Docenti.it","description":"Sostegno abilitati all'estero: una guida sui termini di presentazione dell'istanza di rinuncia del riconoscimento titoli.","robots":{"index":"index","follow":"follow","max-snippet":"max-snippet:-1","max-image-preview":"max-image-preview:large","max-video-preview":"max-video-preview:-1"},"canonical":"https:\/\/www.docenti.it\/blog\/sostegno-abilitati-estero-rinuncia\/","og_locale":"it_IT","og_type":"article","og_title":"Sostegno abilitati all'estero: domanda di rinuncia - Blog | Docenti.it","og_description":"Sostegno abilitati all'estero: una guida sui termini di presentazione dell'istanza di rinuncia del riconoscimento titoli.","og_url":"https:\/\/www.docenti.it\/blog\/sostegno-abilitati-estero-rinuncia\/","og_site_name":"Blog | Docenti.it","article_publisher":"https:\/\/www.facebook.com\/docenti.it","article_published_time":"2025-06-10T16:39:58+00:00","article_modified_time":"2025-06-10T16:39:59+00:00","og_image":[{"width":1280,"height":853,"url":"https:\/\/www.docenti.it\/blog\/wp-content\/uploads\/2023\/07\/people-g25fd7e1f7_1280.jpg","type":"image\/jpeg"}],"author":"Gabriella Capraro","twitter_card":"summary_large_image","twitter_misc":{"Written by":"Gabriella Capraro","Est. reading time":"3 minuti"},"schema":{"@context":"https:\/\/schema.org","@graph":[{"@type":"Article","@id":"https:\/\/www.docenti.it\/blog\/sostegno-abilitati-estero-rinuncia\/#article","isPartOf":{"@id":"https:\/\/www.docenti.it\/blog\/sostegno-abilitati-estero-rinuncia\/"},"author":{"name":"Gabriella Capraro","@id":"https:\/\/www.docenti.it\/blog\/#\/schema\/person\/773963d3c0645bd34c150c41a13e5754"},"headline":"Sostegno abilitati all&#8217;estero: domanda di rinuncia","datePublished":"2025-06-10T16:39:58+00:00","dateModified":"2025-06-10T16:39:59+00:00","mainEntityOfPage":{"@id":"https:\/\/www.docenti.it\/blog\/sostegno-abilitati-estero-rinuncia\/"},"wordCount":549,"commentCount":0,"publisher":{"@id":"https:\/\/www.docenti.it\/blog\/#organization"},"keywords":["INDIRE 2025","sostegno abilitati all&#039;estero","specializzazione sostegno","tfa indire"],"articleSection":["Corso Specializzazione Sostegno"],"inLanguage":"it-IT","potentialAction":[{"@type":"CommentAction","name":"Comment","target":["https:\/\/www.docenti.it\/blog\/sostegno-abilitati-estero-rinuncia\/#respond"]}]},{"@type":"WebPage","@id":"https:\/\/www.docenti.it\/blog\/sostegno-abilitati-estero-rinuncia\/","url":"https:\/\/www.docenti.it\/blog\/sostegno-abilitati-estero-rinuncia\/","name":"Sostegno abilitati all'estero: domanda di rinuncia - Blog | Docenti.it","isPartOf":{"@id":"https:\/\/www.docenti.it\/blog\/#website"},"datePublished":"2025-06-10T16:39:58+00:00","dateModified":"2025-06-10T16:39:59+00:00","description":"Sostegno abilitati all'estero: una guida sui termini di presentazione dell'istanza di rinuncia del riconoscimento titoli.","breadcrumb":{"@id":"https:\/\/www.docenti.it\/blog\/sostegno-abilitati-estero-rinuncia\/#breadcrumb"},"inLanguage":"it-IT","potentialAction":[{"@type":"ReadAction","target":["https:\/\/www.docenti.it\/blog\/sostegno-abilitati-estero-rinuncia\/"]}]},{"@type":"BreadcrumbList","@id":"https:\/\/www.docenti.it\/blog\/sostegno-abilitati-estero-rinuncia\/#breadcrumb","itemListElement":[{"@type":"ListItem","position":1,"name":"Home","item":"https:\/\/www.docenti.it\/blog\/"},{"@type":"ListItem","position":2,"name":"Sostegno abilitati all&#8217;estero: domanda di rinuncia"}]},{"@type":"WebSite","@id":"https:\/\/www.docenti.it\/blog\/#website","url":"https:\/\/www.docenti.it\/blog\/","name":"Blog | Docenti.it","description":"Tutte le notizie e gli aggiornamenti dal mondo della scuola","publisher":{"@id":"https:\/\/www.docenti.it\/blog\/#organization"},"potentialAction":[{"@type":"SearchAction","target":{"@type":"EntryPoint","urlTemplate":"https:\/\/www.docenti.it\/blog\/?s={search_term_string}"},"query-input":"required name=search_term_string"}],"inLanguage":"it-IT"},{"@type":"Organization","@id":"https:\/\/www.docenti.it\/blog\/#organization","name":"Blog | Docenti.it","url":"https:\/\/www.docenti.it\/blog\/","logo":{"@type":"ImageObject","inLanguage":"it-IT","@id":"https:\/\/www.docenti.it\/blog\/#\/schema\/logo\/image\/","url":"https:\/\/www.docenti.it\/blog\/wp-content\/uploads\/2025\/06\/fb_mad_img.png","contentUrl":"https:\/\/www.docenti.it\/blog\/wp-content\/uploads\/2025\/06\/fb_mad_img.png","width":1140,"height":620,"caption":"Blog | Docenti.it"},"image":{"@id":"https:\/\/www.docenti.it\/blog\/#\/schema\/logo\/image\/"},"sameAs":["https:\/\/www.facebook.com\/docenti.it"]},{"@type":"Person","@id":"https:\/\/www.docenti.it\/blog\/#\/schema\/person\/773963d3c0645bd34c150c41a13e5754","name":"Gabriella Capraro","image":{"@type":"ImageObject","inLanguage":"it-IT","@id":"https:\/\/www.docenti.it\/blog\/#\/schema\/person\/image\/","url":"https:\/\/secure.gravatar.com\/avatar\/17e0ab06bea064a8a7c5bef443cb7153?s=96&d=mm&r=g","contentUrl":"https:\/\/secure.gravatar.com\/avatar\/17e0ab06bea064a8a7c5bef443cb7153?s=96&d=mm&r=g","caption":"Gabriella Capraro"},"description":"Copywriter e digital strategist, collabora come articolista e autrice per diverse piattaforme online, spaziando da tematiche scolastiche\/istituzionali a letterarie e musicali.","url":"https:\/\/www.docenti.it\/blog\/author\/gcapraro\/"}]}},"_links":{"self":[{"href":"https:\/\/www.docenti.it\/blog\/wp-json\/wp\/v2\/posts\/46615"}],"collection":[{"href":"https:\/\/www.docenti.it\/blog\/wp-json\/wp\/v2\/posts"}],"about":[{"href":"https:\/\/www.docenti.it\/blog\/wp-json\/wp\/v2\/types\/post"}],"author":[{"embeddable":true,"href":"https:\/\/www.docenti.it\/blog\/wp-json\/wp\/v2\/users\/25"}],"replies":[{"embeddable":true,"href":"https:\/\/www.docenti.it\/blog\/wp-json\/wp\/v2\/comments?post=46615"}],"version-history":[{"count":1,"href":"https:\/\/www.docenti.it\/blog\/wp-json\/wp\/v2\/posts\/46615\/revisions"}],"predecessor-version":[{"id":46616,"href":"https:\/\/www.docenti.it\/blog\/wp-json\/wp\/v2\/posts\/46615\/revisions\/46616"}],"wp:featuredmedia":[{"embeddable":true,"href":"https:\/\/www.docenti.it\/blog\/wp-json\/wp\/v2\/media\/45319"}],"wp:attachment":[{"href":"https:\/\/www.docenti.it\/blog\/wp-json\/wp\/v2\/media?parent=46615"}],"wp:term":[{"taxonomy":"category","embeddable":true,"href":"https:\/\/www.docenti.it\/blog\/wp-json\/wp\/v2\/categories?post=46615"},{"taxonomy":"post_tag","embeddable":true,"href":"https:\/\/www.docenti.it\/blog\/wp-json\/wp\/v2\/tags?post=46615"}],"curies":[{"name":"wp","href":"https:\/\/api.w.org\/{rel}","templated":true}]}}