{"id":46633,"date":"2025-06-18T17:53:48","date_gmt":"2025-06-18T15:53:48","guid":{"rendered":"https:\/\/www.docenti.it\/blog\/?p=46633"},"modified":"2025-06-18T17:53:48","modified_gmt":"2025-06-18T15:53:48","slug":"mad-maturita-2025","status":"publish","type":"post","link":"https:\/\/www.docenti.it\/blog\/mad-maturita-2025\/","title":{"rendered":"MAD maturit\u00e0 2025: le sostituzioni"},"content":{"rendered":"\n<p>Con l\u2019avvicinarsi degli <strong>Esami di Stato 2024\/25<\/strong>, le scuole di tutta Italia si stanno organizzando per garantire che tutto si svolga nel migliore dei modi. La riunione plenaria del 16 giugno 2025 ha segnato l&#8217;inizio ufficiale delle operazioni e, come ogni anno, uno dei primi compiti \u00e8 stato quello di affrontare le <strong>sostituzioni di docenti e Presidenti<\/strong> assenti.<\/p>\n\n\n\n<p>Anche se al momento non sono ancora disponibili dati ufficiali, alcune testate locali hanno gi\u00e0 fornito un primo quadro della situazione.<\/p>\n\n\n\n<h2>Prime stime sulle assenze: cosa succede nelle province italiane<\/h2>\n\n\n\n<h3>A Roma l\u20198% dei docenti non si \u00e8 presentato<\/h3>\n\n\n\n<p>Secondo quanto riportato da <strong>Il Messaggero<\/strong>, a <strong>Roma e provincia<\/strong> circa l\u2019<strong>8% del personale nominato risulta assente<\/strong>. Un dato che, seppur non allarmante, richiede comunque interventi tempestivi per assicurare la regolarit\u00e0 delle prove.<\/p>\n\n\n\n<h3>A Salerno i numeri sono in crescita rispetto allo scorso anno<\/h3>\n\n\n\n<p>Nel territorio di <strong>Salerno<\/strong>, la situazione appare un po\u2019 pi\u00f9 critica. Come segnalato da <strong>Salernonotizie.it<\/strong>, sono stati necessari <strong>circa 200 avvicendamenti<\/strong>, un aumento significativo rispetto ai <strong>130 dello scorso anno scolastico<\/strong>.<\/p>\n\n\n\n<h3>A Napoli le sostituzioni sono iniziate in anticipo<\/h3>\n\n\n\n<p>Anche <strong>Napoli e provincia<\/strong> hanno anticipato i tempi. Le sostituzioni sono iniziate gi\u00e0 la settimana scorsa, e gli Uffici Scolastici hanno chiarito che, in caso di <strong>tre assenze consecutive<\/strong>, si avvia una <strong>valutazione di tipo disciplinare<\/strong>.<\/p>\n\n\n\n<h2>MAD maturit\u00e0 2025: come vengono gestite le sostituzioni<\/h2>\n\n\n\n<h3>I Presidenti vengono scelti dall\u2019elenco regionale<\/h3>\n\n\n\n<p>Quando un <strong>Presidente di Commissione<\/strong> risulta assente, si procede attingendo direttamente dall\u2019<strong>elenco regionale dei candidati disponibili<\/strong>. Questa lista \u00e8 gi\u00e0 pronta e consente un intervento rapido.<\/p>\n\n\n\n<h3>Per i docenti si segue un doppio canale<\/h3>\n\n\n\n<p>La procedura per i <strong>docenti assenti<\/strong> prevede prima di tutto di consultare l\u2019<strong>elenco di coloro che avevano presentato regolare domanda entro il 9 aprile<\/strong>. Ma se questo non basta \u2013 ed \u00e8 spesso il caso \u2013 si passa all\u2019uso delle <strong>MAD maturit\u00e0 2025<\/strong>, le <strong>domande di Messa a Disposizione<\/strong> che i candidati inviano agli Uffici Scolastici.<\/p>\n\n\n\n<p>Le <strong>MAD rappresentano una risorsa fondamentale<\/strong>, soprattutto quando il tempo stringe. Grazie a queste candidature spontanee, le scuole riescono a reperire docenti disponibili anche all\u2019ultimo momento, evitando blocchi nel regolare svolgimento degli esami.<\/p>\n\n\n\n<h2>MAD maturit\u00e0 2025 e documentazione necessaria: il verbale di sostituzione<\/h2>\n\n\n\n<p>Ogni volta che si rende necessaria una sostituzione, \u00e8 obbligatorio compilare un <strong>verbale ufficiale<\/strong>. Questo documento serve a certificare l\u2019assenza e a indicare il nominativo del sostituto.<\/p>\n\n\n\n<p>Il modello \u00e8 fornito direttamente dal Ministero e contiene frasi come:<\/p>\n\n\n\n<blockquote class=\"wp-block-quote\">\n<p>\u201cI componenti le commissioni\/classi sopra indicati risultano nominati dal Direttore generale dell\u2019Ufficio scolastico regionale. I\u2026 prof. \u2026 sono stati nominati in sostituzione de\u2026 prof. \u2026 Viene constatata l\u2019assenza de\u2026 prof. \u2026\u201d<\/p>\n<\/blockquote>\n\n\n\n<p>Inoltre, la <strong>comunicazione dell\u2019assenza<\/strong> segue un canale ben preciso:<\/p>\n\n\n\n<ul>\n<li>Se riguarda un <strong>Presidente o un commissario esterno<\/strong>, \u00e8 il <strong>Direttore Generale dell\u2019Ufficio Scolastico Regionale<\/strong> a dover essere informato; <\/li>\n\n\n\n<li>Se invece l\u2019assenza \u00e8 di un <strong>commissario interno<\/strong>, la segnalazione va al <strong>Dirigente scolastico<\/strong>.<\/li>\n<\/ul>\n\n\n\n<h2>MAD maturit\u00e0 2025, la prima prova \u00e8 vicina: cosa devono sapere i docenti non nominati<\/h2>\n\n\n\n<h3>Il 18 giugno parte ufficialmente la maturit\u00e0 2025<\/h3>\n\n\n\n<p>La data tanto attesa \u00e8 il <strong>18 giugno<\/strong>, giorno della <strong>prima prova scritta di Italiano<\/strong>. In questa occasione \u00e8 richiesta la presenza anche dei <strong>docenti non ancora ufficialmente nominati<\/strong>, pronti a intervenire nel caso in cui qualche commissario dovesse mancare all\u2019ultimo momento.<\/p>\n\n\n\n<h3>Fino al 30 giugno i docenti restano a disposizione<\/h3>\n\n\n\n<p>Oltre alla prima prova, i <strong>docenti inseriti nelle MAD maturit\u00e0 2025<\/strong> o comunque non ancora chiamati <strong>restano disponibili fino al 30 giugno<\/strong>. Questa finestra temporale consente agli istituti di affrontare eventuali imprevisti e garantire la piena regolarit\u00e0 degli esami.<\/p>\n\n\n\n<p><\/p>\n\n\n\n<div class=\"is-layout-flex wp-block-buttons\">\n<div class=\"wp-block-button\"><a class=\"wp-block-button__link wp-element-button\" href=\"https:\/\/www.docenti.it\/mad.html\" target=\"_blank\" rel=\"noreferrer noopener\">COMPILA LA TUA MAD MATURITA&#8217;2025<\/a><\/div>\n<\/div>\n\n\n\n<p><\/p>\n\n\n\n<p>Per ulteriori news e aggiornamenti sul mondo scuola, segui il\u00a0<strong><a href=\"https:\/\/www.docenti.it\/blog\/\" target=\"_blank\" rel=\"noreferrer noopener\">blog<\/a><\/strong>\u00a0di\u00a0<strong><a href=\"https:\/\/www.docenti.it\/\">Docenti.it<\/a><\/strong><\/p>\n\n\n\n<p><\/p>\n","protected":false},"excerpt":{"rendered":"<p>Con l\u2019avvicinarsi degli Esami di Stato 2024\/25, le scuole di tutta Italia si stanno [&hellip;]<\/p>\n","protected":false},"author":25,"featured_media":46573,"comment_status":"open","ping_status":"open","sticky":false,"template":"","format":"standard","meta":[],"categories":[2,4],"tags":[885,847,836],"yoast_head":"<!-- This site is optimized with the Yoast SEO plugin v20.4 - https:\/\/yoast.com\/wordpress\/plugins\/seo\/ -->\n<title>MAD maturit\u00e0 2025: le sostituzioni - Blog | Docenti.it<\/title>\n<meta name=\"description\" content=\"MAD maturit\u00e0 2025: le modalit\u00e0 di sostituzione tramite MAD dei commissari assenti, per gli esami di maturit\u00e0 2025.\" \/>\n<meta name=\"robots\" content=\"index, follow, max-snippet:-1, max-image-preview:large, max-video-preview:-1\" \/>\n<link rel=\"canonical\" href=\"https:\/\/www.docenti.it\/blog\/mad-maturita-2025\/\" \/>\n<meta property=\"og:locale\" content=\"it_IT\" \/>\n<meta property=\"og:type\" content=\"article\" \/>\n<meta property=\"og:title\" content=\"MAD maturit\u00e0 2025: le sostituzioni - Blog | Docenti.it\" \/>\n<meta property=\"og:description\" content=\"MAD maturit\u00e0 2025: le modalit\u00e0 di sostituzione tramite MAD dei commissari assenti, per gli esami di maturit\u00e0 2025.\" \/>\n<meta property=\"og:url\" content=\"https:\/\/www.docenti.it\/blog\/mad-maturita-2025\/\" \/>\n<meta property=\"og:site_name\" content=\"Blog | Docenti.it\" \/>\n<meta property=\"article:publisher\" content=\"https:\/\/www.facebook.com\/docenti.it\" \/>\n<meta property=\"article:published_time\" content=\"2025-06-18T15:53:48+00:00\" \/>\n<meta property=\"og:image\" content=\"https:\/\/www.docenti.it\/blog\/wp-content\/uploads\/2025\/05\/interpelli-services.webp\" \/>\n\t<meta property=\"og:image:width\" content=\"700\" \/>\n\t<meta property=\"og:image:height\" content=\"394\" \/>\n\t<meta property=\"og:image:type\" content=\"image\/webp\" \/>\n<meta name=\"author\" content=\"Gabriella Capraro\" \/>\n<meta name=\"twitter:card\" content=\"summary_large_image\" \/>\n<meta name=\"twitter:label1\" content=\"Written by\" \/>\n\t<meta name=\"twitter:data1\" content=\"Gabriella Capraro\" \/>\n\t<meta name=\"twitter:label2\" content=\"Est. reading time\" \/>\n\t<meta name=\"twitter:data2\" content=\"3 minuti\" \/>\n<script type=\"application\/ld+json\" class=\"yoast-schema-graph\">{\"@context\":\"https:\/\/schema.org\",\"@graph\":[{\"@type\":\"Article\",\"@id\":\"https:\/\/www.docenti.it\/blog\/mad-maturita-2025\/#article\",\"isPartOf\":{\"@id\":\"https:\/\/www.docenti.it\/blog\/mad-maturita-2025\/\"},\"author\":{\"name\":\"Gabriella Capraro\",\"@id\":\"https:\/\/www.docenti.it\/blog\/#\/schema\/person\/773963d3c0645bd34c150c41a13e5754\"},\"headline\":\"MAD maturit\u00e0 2025: le sostituzioni\",\"datePublished\":\"2025-06-18T15:53:48+00:00\",\"dateModified\":\"2025-06-18T15:53:48+00:00\",\"mainEntityOfPage\":{\"@id\":\"https:\/\/www.docenti.it\/blog\/mad-maturita-2025\/\"},\"wordCount\":593,\"commentCount\":0,\"publisher\":{\"@id\":\"https:\/\/www.docenti.it\/blog\/#organization\"},\"keywords\":[\"esami di maturit\u00e0 2025\",\"MAD maturit\u00e0 2025\",\"messa a disposizione 2025\"],\"articleSection\":[\"Messa a Disposizione\",\"News\"],\"inLanguage\":\"it-IT\",\"potentialAction\":[{\"@type\":\"CommentAction\",\"name\":\"Comment\",\"target\":[\"https:\/\/www.docenti.it\/blog\/mad-maturita-2025\/#respond\"]}]},{\"@type\":\"WebPage\",\"@id\":\"https:\/\/www.docenti.it\/blog\/mad-maturita-2025\/\",\"url\":\"https:\/\/www.docenti.it\/blog\/mad-maturita-2025\/\",\"name\":\"MAD maturit\u00e0 2025: le sostituzioni - Blog | Docenti.it\",\"isPartOf\":{\"@id\":\"https:\/\/www.docenti.it\/blog\/#website\"},\"datePublished\":\"2025-06-18T15:53:48+00:00\",\"dateModified\":\"2025-06-18T15:53:48+00:00\",\"description\":\"MAD maturit\u00e0 2025: le modalit\u00e0 di sostituzione tramite MAD dei commissari assenti, per gli esami di maturit\u00e0 2025.\",\"breadcrumb\":{\"@id\":\"https:\/\/www.docenti.it\/blog\/mad-maturita-2025\/#breadcrumb\"},\"inLanguage\":\"it-IT\",\"potentialAction\":[{\"@type\":\"ReadAction\",\"target\":[\"https:\/\/www.docenti.it\/blog\/mad-maturita-2025\/\"]}]},{\"@type\":\"BreadcrumbList\",\"@id\":\"https:\/\/www.docenti.it\/blog\/mad-maturita-2025\/#breadcrumb\",\"itemListElement\":[{\"@type\":\"ListItem\",\"position\":1,\"name\":\"Home\",\"item\":\"https:\/\/www.docenti.it\/blog\/\"},{\"@type\":\"ListItem\",\"position\":2,\"name\":\"MAD maturit\u00e0 2025: le sostituzioni\"}]},{\"@type\":\"WebSite\",\"@id\":\"https:\/\/www.docenti.it\/blog\/#website\",\"url\":\"https:\/\/www.docenti.it\/blog\/\",\"name\":\"Blog | Docenti.it\",\"description\":\"Tutte le notizie e gli aggiornamenti dal mondo della scuola\",\"publisher\":{\"@id\":\"https:\/\/www.docenti.it\/blog\/#organization\"},\"potentialAction\":[{\"@type\":\"SearchAction\",\"target\":{\"@type\":\"EntryPoint\",\"urlTemplate\":\"https:\/\/www.docenti.it\/blog\/?s={search_term_string}\"},\"query-input\":\"required name=search_term_string\"}],\"inLanguage\":\"it-IT\"},{\"@type\":\"Organization\",\"@id\":\"https:\/\/www.docenti.it\/blog\/#organization\",\"name\":\"Blog | Docenti.it\",\"url\":\"https:\/\/www.docenti.it\/blog\/\",\"logo\":{\"@type\":\"ImageObject\",\"inLanguage\":\"it-IT\",\"@id\":\"https:\/\/www.docenti.it\/blog\/#\/schema\/logo\/image\/\",\"url\":\"https:\/\/www.docenti.it\/blog\/wp-content\/uploads\/2025\/06\/fb_mad_img.png\",\"contentUrl\":\"https:\/\/www.docenti.it\/blog\/wp-content\/uploads\/2025\/06\/fb_mad_img.png\",\"width\":1140,\"height\":620,\"caption\":\"Blog | Docenti.it\"},\"image\":{\"@id\":\"https:\/\/www.docenti.it\/blog\/#\/schema\/logo\/image\/\"},\"sameAs\":[\"https:\/\/www.facebook.com\/docenti.it\"]},{\"@type\":\"Person\",\"@id\":\"https:\/\/www.docenti.it\/blog\/#\/schema\/person\/773963d3c0645bd34c150c41a13e5754\",\"name\":\"Gabriella Capraro\",\"image\":{\"@type\":\"ImageObject\",\"inLanguage\":\"it-IT\",\"@id\":\"https:\/\/www.docenti.it\/blog\/#\/schema\/person\/image\/\",\"url\":\"https:\/\/secure.gravatar.com\/avatar\/17e0ab06bea064a8a7c5bef443cb7153?s=96&d=mm&r=g\",\"contentUrl\":\"https:\/\/secure.gravatar.com\/avatar\/17e0ab06bea064a8a7c5bef443cb7153?s=96&d=mm&r=g\",\"caption\":\"Gabriella Capraro\"},\"description\":\"Copywriter e digital strategist, collabora come articolista e autrice per diverse piattaforme online, spaziando da tematiche scolastiche\/istituzionali a letterarie e musicali.\",\"url\":\"https:\/\/www.docenti.it\/blog\/author\/gcapraro\/\"}]}<\/script>\n<!-- \/ Yoast SEO plugin. -->","yoast_head_json":{"title":"MAD maturit\u00e0 2025: le sostituzioni - Blog | Docenti.it","description":"MAD maturit\u00e0 2025: le modalit\u00e0 di sostituzione tramite MAD dei commissari assenti, per gli esami di maturit\u00e0 2025.","robots":{"index":"index","follow":"follow","max-snippet":"max-snippet:-1","max-image-preview":"max-image-preview:large","max-video-preview":"max-video-preview:-1"},"canonical":"https:\/\/www.docenti.it\/blog\/mad-maturita-2025\/","og_locale":"it_IT","og_type":"article","og_title":"MAD maturit\u00e0 2025: le sostituzioni - Blog | Docenti.it","og_description":"MAD maturit\u00e0 2025: le modalit\u00e0 di sostituzione tramite MAD dei commissari assenti, per gli esami di maturit\u00e0 2025.","og_url":"https:\/\/www.docenti.it\/blog\/mad-maturita-2025\/","og_site_name":"Blog | Docenti.it","article_publisher":"https:\/\/www.facebook.com\/docenti.it","article_published_time":"2025-06-18T15:53:48+00:00","og_image":[{"width":700,"height":394,"url":"https:\/\/www.docenti.it\/blog\/wp-content\/uploads\/2025\/05\/interpelli-services.webp","type":"image\/webp"}],"author":"Gabriella Capraro","twitter_card":"summary_large_image","twitter_misc":{"Written by":"Gabriella Capraro","Est. reading time":"3 minuti"},"schema":{"@context":"https:\/\/schema.org","@graph":[{"@type":"Article","@id":"https:\/\/www.docenti.it\/blog\/mad-maturita-2025\/#article","isPartOf":{"@id":"https:\/\/www.docenti.it\/blog\/mad-maturita-2025\/"},"author":{"name":"Gabriella Capraro","@id":"https:\/\/www.docenti.it\/blog\/#\/schema\/person\/773963d3c0645bd34c150c41a13e5754"},"headline":"MAD maturit\u00e0 2025: le sostituzioni","datePublished":"2025-06-18T15:53:48+00:00","dateModified":"2025-06-18T15:53:48+00:00","mainEntityOfPage":{"@id":"https:\/\/www.docenti.it\/blog\/mad-maturita-2025\/"},"wordCount":593,"commentCount":0,"publisher":{"@id":"https:\/\/www.docenti.it\/blog\/#organization"},"keywords":["esami di maturit\u00e0 2025","MAD maturit\u00e0 2025","messa a disposizione 2025"],"articleSection":["Messa a Disposizione","News"],"inLanguage":"it-IT","potentialAction":[{"@type":"CommentAction","name":"Comment","target":["https:\/\/www.docenti.it\/blog\/mad-maturita-2025\/#respond"]}]},{"@type":"WebPage","@id":"https:\/\/www.docenti.it\/blog\/mad-maturita-2025\/","url":"https:\/\/www.docenti.it\/blog\/mad-maturita-2025\/","name":"MAD maturit\u00e0 2025: le sostituzioni - Blog | Docenti.it","isPartOf":{"@id":"https:\/\/www.docenti.it\/blog\/#website"},"datePublished":"2025-06-18T15:53:48+00:00","dateModified":"2025-06-18T15:53:48+00:00","description":"MAD maturit\u00e0 2025: le modalit\u00e0 di sostituzione tramite MAD dei commissari assenti, per gli esami di maturit\u00e0 2025.","breadcrumb":{"@id":"https:\/\/www.docenti.it\/blog\/mad-maturita-2025\/#breadcrumb"},"inLanguage":"it-IT","potentialAction":[{"@type":"ReadAction","target":["https:\/\/www.docenti.it\/blog\/mad-maturita-2025\/"]}]},{"@type":"BreadcrumbList","@id":"https:\/\/www.docenti.it\/blog\/mad-maturita-2025\/#breadcrumb","itemListElement":[{"@type":"ListItem","position":1,"name":"Home","item":"https:\/\/www.docenti.it\/blog\/"},{"@type":"ListItem","position":2,"name":"MAD maturit\u00e0 2025: le sostituzioni"}]},{"@type":"WebSite","@id":"https:\/\/www.docenti.it\/blog\/#website","url":"https:\/\/www.docenti.it\/blog\/","name":"Blog | Docenti.it","description":"Tutte le notizie e gli aggiornamenti dal mondo della scuola","publisher":{"@id":"https:\/\/www.docenti.it\/blog\/#organization"},"potentialAction":[{"@type":"SearchAction","target":{"@type":"EntryPoint","urlTemplate":"https:\/\/www.docenti.it\/blog\/?s={search_term_string}"},"query-input":"required name=search_term_string"}],"inLanguage":"it-IT"},{"@type":"Organization","@id":"https:\/\/www.docenti.it\/blog\/#organization","name":"Blog | Docenti.it","url":"https:\/\/www.docenti.it\/blog\/","logo":{"@type":"ImageObject","inLanguage":"it-IT","@id":"https:\/\/www.docenti.it\/blog\/#\/schema\/logo\/image\/","url":"https:\/\/www.docenti.it\/blog\/wp-content\/uploads\/2025\/06\/fb_mad_img.png","contentUrl":"https:\/\/www.docenti.it\/blog\/wp-content\/uploads\/2025\/06\/fb_mad_img.png","width":1140,"height":620,"caption":"Blog | Docenti.it"},"image":{"@id":"https:\/\/www.docenti.it\/blog\/#\/schema\/logo\/image\/"},"sameAs":["https:\/\/www.facebook.com\/docenti.it"]},{"@type":"Person","@id":"https:\/\/www.docenti.it\/blog\/#\/schema\/person\/773963d3c0645bd34c150c41a13e5754","name":"Gabriella Capraro","image":{"@type":"ImageObject","inLanguage":"it-IT","@id":"https:\/\/www.docenti.it\/blog\/#\/schema\/person\/image\/","url":"https:\/\/secure.gravatar.com\/avatar\/17e0ab06bea064a8a7c5bef443cb7153?s=96&d=mm&r=g","contentUrl":"https:\/\/secure.gravatar.com\/avatar\/17e0ab06bea064a8a7c5bef443cb7153?s=96&d=mm&r=g","caption":"Gabriella Capraro"},"description":"Copywriter e digital strategist, collabora come articolista e autrice per diverse piattaforme online, spaziando da tematiche scolastiche\/istituzionali a letterarie e musicali.","url":"https:\/\/www.docenti.it\/blog\/author\/gcapraro\/"}]}},"_links":{"self":[{"href":"https:\/\/www.docenti.it\/blog\/wp-json\/wp\/v2\/posts\/46633"}],"collection":[{"href":"https:\/\/www.docenti.it\/blog\/wp-json\/wp\/v2\/posts"}],"about":[{"href":"https:\/\/www.docenti.it\/blog\/wp-json\/wp\/v2\/types\/post"}],"author":[{"embeddable":true,"href":"https:\/\/www.docenti.it\/blog\/wp-json\/wp\/v2\/users\/25"}],"replies":[{"embeddable":true,"href":"https:\/\/www.docenti.it\/blog\/wp-json\/wp\/v2\/comments?post=46633"}],"version-history":[{"count":1,"href":"https:\/\/www.docenti.it\/blog\/wp-json\/wp\/v2\/posts\/46633\/revisions"}],"predecessor-version":[{"id":46634,"href":"https:\/\/www.docenti.it\/blog\/wp-json\/wp\/v2\/posts\/46633\/revisions\/46634"}],"wp:featuredmedia":[{"embeddable":true,"href":"https:\/\/www.docenti.it\/blog\/wp-json\/wp\/v2\/media\/46573"}],"wp:attachment":[{"href":"https:\/\/www.docenti.it\/blog\/wp-json\/wp\/v2\/media?parent=46633"}],"wp:term":[{"taxonomy":"category","embeddable":true,"href":"https:\/\/www.docenti.it\/blog\/wp-json\/wp\/v2\/categories?post=46633"},{"taxonomy":"post_tag","embeddable":true,"href":"https:\/\/www.docenti.it\/blog\/wp-json\/wp\/v2\/tags?post=46633"}],"curies":[{"name":"wp","href":"https:\/\/api.w.org\/{rel}","templated":true}]}}