{"id":46640,"date":"2025-06-20T19:02:45","date_gmt":"2025-06-20T17:02:45","guid":{"rendered":"https:\/\/www.docenti.it\/blog\/?p=46640"},"modified":"2025-06-20T19:02:46","modified_gmt":"2025-06-20T17:02:46","slug":"tfa-sostegno-x-ciclo-2025-requisiti-e-prove","status":"publish","type":"post","link":"https:\/\/www.docenti.it\/blog\/tfa-sostegno-x-ciclo-2025-requisiti-e-prove\/","title":{"rendered":"TFA Sostegno X ciclo 2025: requisiti e prove"},"content":{"rendered":"\n<p>TFA Sostegno X ciclo 2025: il <strong>TFA Sostegno X ciclo<\/strong> \u00e8 ormai alle porte e rappresenta un\u2019importante opportunit\u00e0 per tutti coloro che desiderano specializzarsi nel <strong>sostegno didattico<\/strong>. Il <strong>Ministero dell&#8217;Istruzione<\/strong>, con il supporto del <strong>MEF<\/strong>, \u00e8 in procinto di pubblicare il decreto che regoler\u00e0 l\u2019avvio del nuovo ciclo, previsto entro l\u2019estate. <\/p>\n\n\n\n<p>Di seguito, tutti i dettagli aggiornati su requisiti, modalit\u00e0 di accesso, prove d\u2019esame e tempistiche.<\/p>\n\n\n\n<p><\/p>\n\n\n\n<h2>Il nuovo TFA Sostegno: cosa prevede il X ciclo<\/h2>\n\n\n\n<h3>Decreto ministeriale e posti disponibili<\/h3>\n\n\n\n<p>Il <strong>decreto attuativo<\/strong> del TFA Sostegno X ciclo \u00e8 atteso a breve. Il Ministero ha gi\u00e0 concluso la fase istruttoria con le Universit\u00e0, le quali hanno inserito nella banca dati il massimo potenziale formativo. <\/p>\n\n\n\n<p>L\u2019offerta proposta tiene conto anche degli <strong>idonei non ammessi del IX ciclo<\/strong>, che potranno accedere come <strong>sovrannumerari<\/strong>.<\/p>\n\n\n\n<p>Secondo le prime anticipazioni, i posti disponibili saranno circa <strong>32.000<\/strong>, cos\u00ec suddivisi:<\/p>\n\n\n\n<ul>\n<li><strong>Infanzia<\/strong><\/li>\n\n\n\n<li><strong>Primaria<\/strong><\/li>\n\n\n\n<li><strong>Secondaria di primo grado<\/strong><\/li>\n\n\n\n<li><strong>Secondaria di secondo grado<\/strong><\/li>\n<\/ul>\n\n\n\n<p><\/p>\n\n\n\n<h2>Modalit\u00e0 di accesso al TFA Sostegno X ciclo 2025<\/h2>\n\n\n\n<h3>Normativa di riferimento<\/h3>\n\n\n\n<p>Il percorso di selezione sar\u00e0 regolato, come nei precedenti cicli, dal <strong>DM 92\/2019<\/strong> e dal <strong>DM 90\/2020<\/strong>, che stabiliscono le prove d\u2019accesso e le modalit\u00e0 organizzative. La gestione delle attivit\u00e0 formative spetter\u00e0 ai singoli <strong>atenei<\/strong>.<\/p>\n\n\n\n<p><\/p>\n\n\n\n<div class=\"is-layout-flex wp-block-buttons\">\n<div class=\"wp-block-button\"><a class=\"wp-block-button__link wp-element-button\" href=\"https:\/\/www.docenti.it\/formazione-docenti\/percorsi-formativi.html?tc=35\" target=\"_blank\" rel=\"noreferrer noopener\">VISUALIZZA IL PROGRAMMA DEL PERCORSO<\/a><\/div>\n<\/div>\n\n\n\n<p><\/p>\n\n\n\n<h2>TFA sostegno X ciclo e prove di selezione: come prepararsi<\/h2>\n\n\n\n<h3>Test preselettivo<\/h3>\n\n\n\n<p>Il primo step per accedere al <strong>TFA sostegno X ciclo<\/strong> \u00e8 il <strong>test preliminare<\/strong>, che consiste in <strong>60 quesiti a risposta multipla<\/strong>, con 5 opzioni per ogni domanda (solo una corretta). I dettagli:<\/p>\n\n\n\n<ul>\n<li><strong>20 quesiti<\/strong> verteranno su <strong>competenze linguistiche e comprensione del testo<\/strong> in lingua italiana.<\/li>\n\n\n\n<li>Ogni risposta esatta vale <strong>0,5 punti<\/strong>.<\/li>\n\n\n\n<li>Le risposte errate o non date valgono <strong>0 punti<\/strong>.<\/li>\n\n\n\n<li>Il tempo massimo per completare la prova \u00e8 di <strong>2 ore<\/strong>.<\/li>\n<\/ul>\n\n\n\n<h3>Prova scritta<\/h3>\n\n\n\n<p>Accedono alla prova scritta:<\/p>\n\n\n\n<ul>\n<li>I candidati con i <strong>punteggi pi\u00f9 alti<\/strong>, fino al <strong>doppio dei posti disponibili<\/strong> per ogni sede.<\/li>\n\n\n\n<li>Chi ha ottenuto il <strong>punteggio minimo<\/strong> utile.<\/li>\n\n\n\n<li>I candidati gi\u00e0 risultati idonei nei cicli precedenti, che:\n<ul>\n<li>hanno <strong>rinunciato<\/strong> pur essendo in posizione utile,<\/li>\n\n\n\n<li>hanno scelto un altro corso tra pi\u00f9 opzioni disponibili,<\/li>\n\n\n\n<li>sono stati <strong>idonei non ammessi<\/strong> per mancanza di posti.<\/li>\n<\/ul>\n<\/li>\n<\/ul>\n\n\n\n<p>La prova scritta verifica le competenze in:<\/p>\n\n\n\n<ul>\n<li><strong>Pedagogia<\/strong><\/li>\n\n\n\n<li><strong>Didattica dell\u2019inclusione<\/strong><\/li>\n\n\n\n<li><strong>Strategie educative per l\u2019insegnamento personalizzato<\/strong><\/li>\n<\/ul>\n\n\n\n<h3>Prova orale<\/h3>\n\n\n\n<p>L\u2019ultimo step \u00e8 la <strong>prova orale<\/strong>, riservata a chi ha superato le precedenti fasi. Serve a valutare:<\/p>\n\n\n\n<ul>\n<li>Le <strong>competenze comunicative<\/strong> del candidato<\/li>\n\n\n\n<li>La <strong>conoscenza della normativa sull\u2019inclusione scolastica<\/strong><\/li>\n<\/ul>\n\n\n\n<p><\/p>\n\n\n\n<h2>Requisiti per accedere al TFA Sostegno X ciclo 2025<\/h2>\n\n\n\n<p>I <strong>requisiti di accesso<\/strong> cambiano in base al grado scolastico:<\/p>\n\n\n\n<h3>Per infanzia e primaria<\/h3>\n\n\n\n<ul>\n<li><strong>Laurea in Scienze della Formazione Primaria<\/strong><\/li>\n\n\n\n<li>Oppure <strong>diploma magistrale<\/strong> conseguito <strong>entro l\u2019a.s. 2001\/2002<\/strong><\/li>\n<\/ul>\n\n\n\n<h3>Per secondaria di I e II grado<\/h3>\n\n\n\n<ul>\n<li><strong>Abilitazione su classe di concorso<\/strong><\/li>\n\n\n\n<li>Oppure <strong>laurea magistrale + 24 CFU<\/strong> (se ancora riconosciuti)<\/li>\n\n\n\n<li>Oppure <strong>diploma ITP<\/strong> per le classi tecnico-pratiche<\/li>\n<\/ul>\n\n\n\n<p><\/p>\n\n\n\n<h2>Quando uscir\u00e0 il decreto del TFA Sostegno X ciclo?<\/h2>\n\n\n\n<p>La fase di raccolta dati da parte delle Universit\u00e0 si \u00e8 conclusa il <strong>3 giugno<\/strong>. Ci\u00f2 significa che il <strong>MUR (Ministero dell\u2019Universit\u00e0 e della Ricerca)<\/strong> \u00e8 pronto a pubblicare il <strong>decreto ufficiale di attivazione del X ciclo<\/strong>. L\u2019uscita \u00e8 prevista <strong>entro l\u2019estate 2025<\/strong>, con l\u2019avvio delle selezioni subito dopo.<\/p>\n\n\n\n<p><\/p>\n\n\n\n<p><em>Nell&#8217;attesa del decreto ufficiale: <\/em><\/p>\n\n\n\n<p><\/p>\n\n\n\n<div class=\"is-layout-flex wp-block-buttons\">\n<div class=\"wp-block-button\"><a class=\"wp-block-button__link wp-element-button\" href=\"https:\/\/www.docenti.it\/formazione-docenti\/percorsi-formativi.html?tc=35\" target=\"_blank\" rel=\"noreferrer noopener\">VISUALIZZA IL PROGRAMMA TFA 2025<\/a><\/div>\n<\/div>\n\n\n\n<p><\/p>\n\n\n\n<p>Per ulteriori news e aggiornamenti sul mondo scuola, segui il\u00a0<strong><a href=\"https:\/\/www.docenti.it\/blog\/\" target=\"_blank\" rel=\"noreferrer noopener\">blog<\/a><\/strong>\u00a0di\u00a0<strong><a href=\"https:\/\/www.docenti.it\/\">Docenti.it<\/a><\/strong><\/p>\n\n\n\n<p><\/p>\n","protected":false},"excerpt":{"rendered":"<p>TFA Sostegno X ciclo 2025: il TFA Sostegno X ciclo \u00e8 ormai alle porte [&hellip;]<\/p>\n","protected":false},"author":25,"featured_media":44810,"comment_status":"open","ping_status":"open","sticky":false,"template":"","format":"standard","meta":[],"categories":[3,14],"tags":[447,856,825],"yoast_head":"<!-- This site is optimized with the Yoast SEO plugin v20.4 - https:\/\/yoast.com\/wordpress\/plugins\/seo\/ -->\n<title>TFA Sostegno X ciclo 2025: requisiti e prove - Blog | Docenti.it<\/title>\n<meta name=\"description\" content=\"TFA sostegno X ciclo 2025: in attesa della pubblicazione del decreto ufficiale che ne andr\u00e0 a sancire l&#039;attivazione, tutti i dettagli.\" \/>\n<meta name=\"robots\" content=\"index, follow, max-snippet:-1, max-image-preview:large, max-video-preview:-1\" \/>\n<link rel=\"canonical\" href=\"https:\/\/www.docenti.it\/blog\/tfa-sostegno-x-ciclo-2025-requisiti-e-prove\/\" \/>\n<meta property=\"og:locale\" content=\"it_IT\" \/>\n<meta property=\"og:type\" content=\"article\" \/>\n<meta property=\"og:title\" content=\"TFA Sostegno X ciclo 2025: requisiti e prove - Blog | Docenti.it\" \/>\n<meta property=\"og:description\" content=\"TFA sostegno X ciclo 2025: in attesa della pubblicazione del decreto ufficiale che ne andr\u00e0 a sancire l&#039;attivazione, tutti i dettagli.\" \/>\n<meta property=\"og:url\" content=\"https:\/\/www.docenti.it\/blog\/tfa-sostegno-x-ciclo-2025-requisiti-e-prove\/\" \/>\n<meta property=\"og:site_name\" content=\"Blog | Docenti.it\" \/>\n<meta property=\"article:publisher\" content=\"https:\/\/www.facebook.com\/docenti.it\" \/>\n<meta property=\"article:published_time\" content=\"2025-06-20T17:02:45+00:00\" \/>\n<meta property=\"article:modified_time\" content=\"2025-06-20T17:02:46+00:00\" \/>\n<meta property=\"og:image\" content=\"https:\/\/www.docenti.it\/blog\/wp-content\/uploads\/2023\/02\/pexels-pixabay-2170.jpg\" \/>\n\t<meta property=\"og:image:width\" content=\"640\" \/>\n\t<meta property=\"og:image:height\" content=\"427\" \/>\n\t<meta property=\"og:image:type\" content=\"image\/jpeg\" \/>\n<meta name=\"author\" content=\"Gabriella Capraro\" \/>\n<meta name=\"twitter:card\" content=\"summary_large_image\" \/>\n<meta name=\"twitter:label1\" content=\"Written by\" \/>\n\t<meta name=\"twitter:data1\" content=\"Gabriella Capraro\" \/>\n\t<meta name=\"twitter:label2\" content=\"Est. reading time\" \/>\n\t<meta name=\"twitter:data2\" content=\"3 minuti\" \/>\n<script type=\"application\/ld+json\" class=\"yoast-schema-graph\">{\"@context\":\"https:\/\/schema.org\",\"@graph\":[{\"@type\":\"Article\",\"@id\":\"https:\/\/www.docenti.it\/blog\/tfa-sostegno-x-ciclo-2025-requisiti-e-prove\/#article\",\"isPartOf\":{\"@id\":\"https:\/\/www.docenti.it\/blog\/tfa-sostegno-x-ciclo-2025-requisiti-e-prove\/\"},\"author\":{\"name\":\"Gabriella Capraro\",\"@id\":\"https:\/\/www.docenti.it\/blog\/#\/schema\/person\/773963d3c0645bd34c150c41a13e5754\"},\"headline\":\"TFA Sostegno X ciclo 2025: requisiti e prove\",\"datePublished\":\"2025-06-20T17:02:45+00:00\",\"dateModified\":\"2025-06-20T17:02:46+00:00\",\"mainEntityOfPage\":{\"@id\":\"https:\/\/www.docenti.it\/blog\/tfa-sostegno-x-ciclo-2025-requisiti-e-prove\/\"},\"wordCount\":538,\"commentCount\":0,\"publisher\":{\"@id\":\"https:\/\/www.docenti.it\/blog\/#organization\"},\"keywords\":[\"specializzazione sostegno\",\"tfa sostegno 2025\",\"TFA sostegno X ciclo\"],\"articleSection\":[\"Normativa\",\"tfa sostegno\"],\"inLanguage\":\"it-IT\",\"potentialAction\":[{\"@type\":\"CommentAction\",\"name\":\"Comment\",\"target\":[\"https:\/\/www.docenti.it\/blog\/tfa-sostegno-x-ciclo-2025-requisiti-e-prove\/#respond\"]}]},{\"@type\":\"WebPage\",\"@id\":\"https:\/\/www.docenti.it\/blog\/tfa-sostegno-x-ciclo-2025-requisiti-e-prove\/\",\"url\":\"https:\/\/www.docenti.it\/blog\/tfa-sostegno-x-ciclo-2025-requisiti-e-prove\/\",\"name\":\"TFA Sostegno X ciclo 2025: requisiti e prove - Blog | Docenti.it\",\"isPartOf\":{\"@id\":\"https:\/\/www.docenti.it\/blog\/#website\"},\"datePublished\":\"2025-06-20T17:02:45+00:00\",\"dateModified\":\"2025-06-20T17:02:46+00:00\",\"description\":\"TFA sostegno X ciclo 2025: in attesa della pubblicazione del decreto ufficiale che ne andr\u00e0 a sancire l'attivazione, tutti i dettagli.\",\"breadcrumb\":{\"@id\":\"https:\/\/www.docenti.it\/blog\/tfa-sostegno-x-ciclo-2025-requisiti-e-prove\/#breadcrumb\"},\"inLanguage\":\"it-IT\",\"potentialAction\":[{\"@type\":\"ReadAction\",\"target\":[\"https:\/\/www.docenti.it\/blog\/tfa-sostegno-x-ciclo-2025-requisiti-e-prove\/\"]}]},{\"@type\":\"BreadcrumbList\",\"@id\":\"https:\/\/www.docenti.it\/blog\/tfa-sostegno-x-ciclo-2025-requisiti-e-prove\/#breadcrumb\",\"itemListElement\":[{\"@type\":\"ListItem\",\"position\":1,\"name\":\"Home\",\"item\":\"https:\/\/www.docenti.it\/blog\/\"},{\"@type\":\"ListItem\",\"position\":2,\"name\":\"TFA Sostegno X ciclo 2025: requisiti e prove\"}]},{\"@type\":\"WebSite\",\"@id\":\"https:\/\/www.docenti.it\/blog\/#website\",\"url\":\"https:\/\/www.docenti.it\/blog\/\",\"name\":\"Blog | Docenti.it\",\"description\":\"Tutte le notizie e gli aggiornamenti dal mondo della scuola\",\"publisher\":{\"@id\":\"https:\/\/www.docenti.it\/blog\/#organization\"},\"potentialAction\":[{\"@type\":\"SearchAction\",\"target\":{\"@type\":\"EntryPoint\",\"urlTemplate\":\"https:\/\/www.docenti.it\/blog\/?s={search_term_string}\"},\"query-input\":\"required name=search_term_string\"}],\"inLanguage\":\"it-IT\"},{\"@type\":\"Organization\",\"@id\":\"https:\/\/www.docenti.it\/blog\/#organization\",\"name\":\"Blog | Docenti.it\",\"url\":\"https:\/\/www.docenti.it\/blog\/\",\"logo\":{\"@type\":\"ImageObject\",\"inLanguage\":\"it-IT\",\"@id\":\"https:\/\/www.docenti.it\/blog\/#\/schema\/logo\/image\/\",\"url\":\"https:\/\/www.docenti.it\/blog\/wp-content\/uploads\/2025\/06\/fb_mad_img.png\",\"contentUrl\":\"https:\/\/www.docenti.it\/blog\/wp-content\/uploads\/2025\/06\/fb_mad_img.png\",\"width\":1140,\"height\":620,\"caption\":\"Blog | Docenti.it\"},\"image\":{\"@id\":\"https:\/\/www.docenti.it\/blog\/#\/schema\/logo\/image\/\"},\"sameAs\":[\"https:\/\/www.facebook.com\/docenti.it\"]},{\"@type\":\"Person\",\"@id\":\"https:\/\/www.docenti.it\/blog\/#\/schema\/person\/773963d3c0645bd34c150c41a13e5754\",\"name\":\"Gabriella Capraro\",\"image\":{\"@type\":\"ImageObject\",\"inLanguage\":\"it-IT\",\"@id\":\"https:\/\/www.docenti.it\/blog\/#\/schema\/person\/image\/\",\"url\":\"https:\/\/secure.gravatar.com\/avatar\/17e0ab06bea064a8a7c5bef443cb7153?s=96&d=mm&r=g\",\"contentUrl\":\"https:\/\/secure.gravatar.com\/avatar\/17e0ab06bea064a8a7c5bef443cb7153?s=96&d=mm&r=g\",\"caption\":\"Gabriella Capraro\"},\"description\":\"Copywriter e digital strategist, collabora come articolista e autrice per diverse piattaforme online, spaziando da tematiche scolastiche\/istituzionali a letterarie e musicali.\",\"url\":\"https:\/\/www.docenti.it\/blog\/author\/gcapraro\/\"}]}<\/script>\n<!-- \/ Yoast SEO plugin. -->","yoast_head_json":{"title":"TFA Sostegno X ciclo 2025: requisiti e prove - Blog | Docenti.it","description":"TFA sostegno X ciclo 2025: in attesa della pubblicazione del decreto ufficiale che ne andr\u00e0 a sancire l'attivazione, tutti i dettagli.","robots":{"index":"index","follow":"follow","max-snippet":"max-snippet:-1","max-image-preview":"max-image-preview:large","max-video-preview":"max-video-preview:-1"},"canonical":"https:\/\/www.docenti.it\/blog\/tfa-sostegno-x-ciclo-2025-requisiti-e-prove\/","og_locale":"it_IT","og_type":"article","og_title":"TFA Sostegno X ciclo 2025: requisiti e prove - Blog | Docenti.it","og_description":"TFA sostegno X ciclo 2025: in attesa della pubblicazione del decreto ufficiale che ne andr\u00e0 a sancire l'attivazione, tutti i dettagli.","og_url":"https:\/\/www.docenti.it\/blog\/tfa-sostegno-x-ciclo-2025-requisiti-e-prove\/","og_site_name":"Blog | Docenti.it","article_publisher":"https:\/\/www.facebook.com\/docenti.it","article_published_time":"2025-06-20T17:02:45+00:00","article_modified_time":"2025-06-20T17:02:46+00:00","og_image":[{"width":640,"height":427,"url":"https:\/\/www.docenti.it\/blog\/wp-content\/uploads\/2023\/02\/pexels-pixabay-2170.jpg","type":"image\/jpeg"}],"author":"Gabriella Capraro","twitter_card":"summary_large_image","twitter_misc":{"Written by":"Gabriella Capraro","Est. reading time":"3 minuti"},"schema":{"@context":"https:\/\/schema.org","@graph":[{"@type":"Article","@id":"https:\/\/www.docenti.it\/blog\/tfa-sostegno-x-ciclo-2025-requisiti-e-prove\/#article","isPartOf":{"@id":"https:\/\/www.docenti.it\/blog\/tfa-sostegno-x-ciclo-2025-requisiti-e-prove\/"},"author":{"name":"Gabriella Capraro","@id":"https:\/\/www.docenti.it\/blog\/#\/schema\/person\/773963d3c0645bd34c150c41a13e5754"},"headline":"TFA Sostegno X ciclo 2025: requisiti e prove","datePublished":"2025-06-20T17:02:45+00:00","dateModified":"2025-06-20T17:02:46+00:00","mainEntityOfPage":{"@id":"https:\/\/www.docenti.it\/blog\/tfa-sostegno-x-ciclo-2025-requisiti-e-prove\/"},"wordCount":538,"commentCount":0,"publisher":{"@id":"https:\/\/www.docenti.it\/blog\/#organization"},"keywords":["specializzazione sostegno","tfa sostegno 2025","TFA sostegno X ciclo"],"articleSection":["Normativa","tfa sostegno"],"inLanguage":"it-IT","potentialAction":[{"@type":"CommentAction","name":"Comment","target":["https:\/\/www.docenti.it\/blog\/tfa-sostegno-x-ciclo-2025-requisiti-e-prove\/#respond"]}]},{"@type":"WebPage","@id":"https:\/\/www.docenti.it\/blog\/tfa-sostegno-x-ciclo-2025-requisiti-e-prove\/","url":"https:\/\/www.docenti.it\/blog\/tfa-sostegno-x-ciclo-2025-requisiti-e-prove\/","name":"TFA Sostegno X ciclo 2025: requisiti e prove - Blog | Docenti.it","isPartOf":{"@id":"https:\/\/www.docenti.it\/blog\/#website"},"datePublished":"2025-06-20T17:02:45+00:00","dateModified":"2025-06-20T17:02:46+00:00","description":"TFA sostegno X ciclo 2025: in attesa della pubblicazione del decreto ufficiale che ne andr\u00e0 a sancire l'attivazione, tutti i dettagli.","breadcrumb":{"@id":"https:\/\/www.docenti.it\/blog\/tfa-sostegno-x-ciclo-2025-requisiti-e-prove\/#breadcrumb"},"inLanguage":"it-IT","potentialAction":[{"@type":"ReadAction","target":["https:\/\/www.docenti.it\/blog\/tfa-sostegno-x-ciclo-2025-requisiti-e-prove\/"]}]},{"@type":"BreadcrumbList","@id":"https:\/\/www.docenti.it\/blog\/tfa-sostegno-x-ciclo-2025-requisiti-e-prove\/#breadcrumb","itemListElement":[{"@type":"ListItem","position":1,"name":"Home","item":"https:\/\/www.docenti.it\/blog\/"},{"@type":"ListItem","position":2,"name":"TFA Sostegno X ciclo 2025: requisiti e prove"}]},{"@type":"WebSite","@id":"https:\/\/www.docenti.it\/blog\/#website","url":"https:\/\/www.docenti.it\/blog\/","name":"Blog | Docenti.it","description":"Tutte le notizie e gli aggiornamenti dal mondo della scuola","publisher":{"@id":"https:\/\/www.docenti.it\/blog\/#organization"},"potentialAction":[{"@type":"SearchAction","target":{"@type":"EntryPoint","urlTemplate":"https:\/\/www.docenti.it\/blog\/?s={search_term_string}"},"query-input":"required name=search_term_string"}],"inLanguage":"it-IT"},{"@type":"Organization","@id":"https:\/\/www.docenti.it\/blog\/#organization","name":"Blog | Docenti.it","url":"https:\/\/www.docenti.it\/blog\/","logo":{"@type":"ImageObject","inLanguage":"it-IT","@id":"https:\/\/www.docenti.it\/blog\/#\/schema\/logo\/image\/","url":"https:\/\/www.docenti.it\/blog\/wp-content\/uploads\/2025\/06\/fb_mad_img.png","contentUrl":"https:\/\/www.docenti.it\/blog\/wp-content\/uploads\/2025\/06\/fb_mad_img.png","width":1140,"height":620,"caption":"Blog | Docenti.it"},"image":{"@id":"https:\/\/www.docenti.it\/blog\/#\/schema\/logo\/image\/"},"sameAs":["https:\/\/www.facebook.com\/docenti.it"]},{"@type":"Person","@id":"https:\/\/www.docenti.it\/blog\/#\/schema\/person\/773963d3c0645bd34c150c41a13e5754","name":"Gabriella Capraro","image":{"@type":"ImageObject","inLanguage":"it-IT","@id":"https:\/\/www.docenti.it\/blog\/#\/schema\/person\/image\/","url":"https:\/\/secure.gravatar.com\/avatar\/17e0ab06bea064a8a7c5bef443cb7153?s=96&d=mm&r=g","contentUrl":"https:\/\/secure.gravatar.com\/avatar\/17e0ab06bea064a8a7c5bef443cb7153?s=96&d=mm&r=g","caption":"Gabriella Capraro"},"description":"Copywriter e digital strategist, collabora come articolista e autrice per diverse piattaforme online, spaziando da tematiche scolastiche\/istituzionali a letterarie e musicali.","url":"https:\/\/www.docenti.it\/blog\/author\/gcapraro\/"}]}},"_links":{"self":[{"href":"https:\/\/www.docenti.it\/blog\/wp-json\/wp\/v2\/posts\/46640"}],"collection":[{"href":"https:\/\/www.docenti.it\/blog\/wp-json\/wp\/v2\/posts"}],"about":[{"href":"https:\/\/www.docenti.it\/blog\/wp-json\/wp\/v2\/types\/post"}],"author":[{"embeddable":true,"href":"https:\/\/www.docenti.it\/blog\/wp-json\/wp\/v2\/users\/25"}],"replies":[{"embeddable":true,"href":"https:\/\/www.docenti.it\/blog\/wp-json\/wp\/v2\/comments?post=46640"}],"version-history":[{"count":1,"href":"https:\/\/www.docenti.it\/blog\/wp-json\/wp\/v2\/posts\/46640\/revisions"}],"predecessor-version":[{"id":46642,"href":"https:\/\/www.docenti.it\/blog\/wp-json\/wp\/v2\/posts\/46640\/revisions\/46642"}],"wp:featuredmedia":[{"embeddable":true,"href":"https:\/\/www.docenti.it\/blog\/wp-json\/wp\/v2\/media\/44810"}],"wp:attachment":[{"href":"https:\/\/www.docenti.it\/blog\/wp-json\/wp\/v2\/media?parent=46640"}],"wp:term":[{"taxonomy":"category","embeddable":true,"href":"https:\/\/www.docenti.it\/blog\/wp-json\/wp\/v2\/categories?post=46640"},{"taxonomy":"post_tag","embeddable":true,"href":"https:\/\/www.docenti.it\/blog\/wp-json\/wp\/v2\/tags?post=46640"}],"curies":[{"name":"wp","href":"https:\/\/api.w.org\/{rel}","templated":true}]}}