{"id":46654,"date":"2025-06-24T12:00:07","date_gmt":"2025-06-24T10:00:07","guid":{"rendered":"https:\/\/www.docenti.it\/blog\/?p=46654"},"modified":"2025-06-24T12:00:08","modified_gmt":"2025-06-24T10:00:08","slug":"tfa-sostegno-2025-elenco-atenei","status":"publish","type":"post","link":"https:\/\/www.docenti.it\/blog\/tfa-sostegno-2025-elenco-atenei\/","title":{"rendered":"TFA sostegno 2025: l&#8217;elenco di atenei disponibili"},"content":{"rendered":"\n<p>TFA sostegno 2025: il <strong>TFA sostegno <\/strong>X ciclo si avvicina e l\u2019attesa per la pubblicazione del Decreto ufficiale cresce. <\/p>\n\n\n\n<p>Questo importante provvedimento stabilir\u00e0 <strong>il numero di posti disponibili<\/strong> e la <strong>distribuzione tra le Universit\u00e0 italiane<\/strong> che organizzeranno i corsi di specializzazione.<\/p>\n\n\n\n<p>Il Decreto ministeriale che avvia ufficialmente il <strong>TFA sostegno X ciclo 2025<\/strong> era previsto per la primavera, ma ad oggi non \u00e8 ancora stato pubblicato. Tuttavia, <strong>alcune Universit\u00e0 stanno gi\u00e0 aggiornando i propri siti<\/strong> con informazioni sui corsi, segno che il Decreto potrebbe essere pubblicato a breve.<\/p>\n\n\n\n<p><em>Esploriamo insieme l&#8217;elenco delle Universit\u00e0 disponibili. <\/em><\/p>\n\n\n\n<h2>TFA sostegno 2025: quali sono le tempistiche per l&#8217;attivazione dei corsi?<\/h2>\n\n\n\n<p>Secondo le recenti dichiarazioni del Ministro dell\u2019Istruzione Giuseppe Valditara, il <strong>bando del TFA sostegno 2025<\/strong> doveva arrivare entro giugno. <\/p>\n\n\n\n<p>Tuttavia, il ritardo nella pubblicazione potrebbe far slittare l\u2019uscita <strong>ai primi di luglio<\/strong>, rispetto allo scorso ciclo, che ha visto i bandi gi\u00e0 disponibili ad aprile.<\/p>\n\n\n\n<p><\/p>\n\n\n\n<div class=\"is-layout-flex wp-block-buttons\">\n<div class=\"wp-block-button\"><a class=\"wp-block-button__link wp-element-button\" href=\"https:\/\/www.docenti.it\/formazione-docenti\/percorsi-formativi.html?tc=35\" target=\"_blank\" rel=\"noreferrer noopener\">VISUALIZZA IL PROGRAMMA TFA 2025<\/a><\/div>\n<\/div>\n\n\n\n<p><\/p>\n\n\n\n<h2>TFA sostegno 2025: struttura e posti disponbili<\/h2>\n\n\n\n<p>Il <strong>TFA sostegno 2025<\/strong> ha una durata di circa <strong>8 mesi<\/strong>. Durante il percorso, i candidati devono conseguire <strong>60 CFU (Crediti Formativi Universitari)<\/strong>. I corsi si concludono normalmente <strong>entro il 30 giugno dell\u2019anno accademico in corso<\/strong>.<\/p>\n\n\n\n<p>Al momento, il numero ufficiale dei posti per il <strong>X ciclo del TFA sostegno<\/strong> non \u00e8 ancora stato comunicato. Tuttavia, in base alle esigenze espresse dal Ministero dell\u2019Istruzione e del Merito, il MUR ha previsto <strong>circa 30.000 posti<\/strong> per i futuri docenti di sostegno.<\/p>\n\n\n\n<p>Per conoscere la <strong>ripartizione per regione e ordine scolastico<\/strong>, \u00e8 possibile consultare le tabelle pubblicate sui siti ufficiali dei Ministeri competenti.<\/p>\n\n\n\n<h2>TFA sostegno 2025: l&#8217;elenco degli atenei<\/h2>\n\n\n\n<p>Non esiste ancora un elenco definitivo degli Atenei coinvolti nel <strong>TFA sostegno 2025<\/strong>, ma diversi hanno gi\u00e0 predisposto <strong>le pagine informative del X ciclo<\/strong>, segnalando la probabile attivazione dei corsi.<\/p>\n\n\n\n<h3>Abruzzo<\/h3>\n\n\n\n<ul>\n<li>Universit\u00e0 dell\u2019Aquila<\/li>\n\n\n\n<li>Universit\u00e0 di Chieti-Pescara<\/li>\n\n\n\n<li>Universit\u00e0 di Teramo<\/li>\n<\/ul>\n\n\n\n<h3>Basilicata<\/h3>\n\n\n\n<ul>\n<li>Universit\u00e0 della Basilicata<\/li>\n<\/ul>\n\n\n\n<h3>Calabria<\/h3>\n\n\n\n<ul>\n<li>Universit\u00e0 della Calabria<\/li>\n\n\n\n<li>Universit\u00e0 Mediterranea di Reggio Calabria<\/li>\n\n\n\n<li>Universit\u00e0 Magna Graecia di Catanzaro<\/li>\n\n\n\n<li>Universit\u00e0 per Stranieri Dante Alighieri di Reggio Calabria<\/li>\n<\/ul>\n\n\n\n<h3>Campania<\/h3>\n\n\n\n<ul>\n<li>Universit\u00e0 Suor Orsola Benincasa di Napoli<\/li>\n\n\n\n<li>Universit\u00e0 di Salerno<\/li>\n<\/ul>\n\n\n\n<h3>Emilia-Romagna<\/h3>\n\n\n\n<ul>\n<li>Universit\u00e0 di Bologna<\/li>\n\n\n\n<li>Universit\u00e0 di Ferrara<\/li>\n\n\n\n<li>Universit\u00e0 di Modena e Reggio Emilia<\/li>\n\n\n\n<li>Universit\u00e0 di Parma<\/li>\n<\/ul>\n\n\n\n<h3>Friuli Venezia Giulia<\/h3>\n\n\n\n<ul>\n<li>Universit\u00e0 di Udine<\/li>\n\n\n\n<li>Universit\u00e0 di Trieste<\/li>\n<\/ul>\n\n\n\n<h3>Lazio<\/h3>\n\n\n\n<ul>\n<li>Universit\u00e0 UNINT di Roma<\/li>\n\n\n\n<li>Universit\u00e0 LUMSA di Roma<\/li>\n\n\n\n<li>Universit\u00e0 Roma Tre<\/li>\n\n\n\n<li>Universit\u00e0 Europea di Roma<\/li>\n\n\n\n<li>Universit\u00e0 di Roma Tor Vergata<\/li>\n\n\n\n<li>Universit\u00e0 della Tuscia di Viterbo<\/li>\n\n\n\n<li>Universit\u00e0 di Cassino e del Lazio Meridionale<\/li>\n\n\n\n<li>UniCamillus di Roma<\/li>\n\n\n\n<li>Universit\u00e0 di Roma Foro Italico<\/li>\n\n\n\n<li>Universit\u00e0 degli studi Link<\/li>\n<\/ul>\n\n\n\n<h3>Liguria<\/h3>\n\n\n\n<ul>\n<li>Universit\u00e0 di Genova<\/li>\n<\/ul>\n\n\n\n<h3>Lombardia<\/h3>\n\n\n\n<ul>\n<li>Universit\u00e0 di Milano Bicocca<\/li>\n\n\n\n<li>Universit\u00e0 Cattolica del Sacro Cuore di Milano<\/li>\n\n\n\n<li>Universit\u00e0 degli Studi di Milano<\/li>\n\n\n\n<li>Universit\u00e0 di Bergamo<\/li>\n<\/ul>\n\n\n\n<h3>Marche<\/h3>\n\n\n\n<ul>\n<li>Universit\u00e0 di Macerata<\/li>\n\n\n\n<li>Universit\u00e0 di Urbino<\/li>\n<\/ul>\n\n\n\n<h3>Molise<\/h3>\n\n\n\n<ul>\n<li>Universit\u00e0 degli Studi del Molise<\/li>\n<\/ul>\n\n\n\n<h3>Piemonte<\/h3>\n\n\n\n<ul>\n<li>Universit\u00e0 di Torino<\/li>\n<\/ul>\n\n\n\n<h3>Puglia<\/h3>\n\n\n\n<ul>\n<li>Universit\u00e0 degli Studi di Bari<\/li>\n\n\n\n<li>Universit\u00e0 di Foggia<\/li>\n\n\n\n<li>Universit\u00e0 del Salento<\/li>\n<\/ul>\n\n\n\n<h3>Sardegna<\/h3>\n\n\n\n<ul>\n<li>Universit\u00e0 di Cagliari<\/li>\n\n\n\n<li>Universit\u00e0 di Sassari<\/li>\n<\/ul>\n\n\n\n<h3>Sicilia<\/h3>\n\n\n\n<ul>\n<li>Universit\u00e0 di Catania<\/li>\n\n\n\n<li>Universit\u00e0 di Enna<\/li>\n\n\n\n<li>Universit\u00e0 degli Studi di Messina<\/li>\n\n\n\n<li>Universit\u00e0 degli Studi di Palermo<\/li>\n<\/ul>\n\n\n\n<h3>Toscana<\/h3>\n\n\n\n<ul>\n<li>Universit\u00e0 degli Studi di Firenze<\/li>\n\n\n\n<li>Universit\u00e0 di Pisa<\/li>\n<\/ul>\n\n\n\n<h3>Trentino-Alto Adige<\/h3>\n\n\n\n<ul>\n<li>Universit\u00e0 di Trento<\/li>\n\n\n\n<li>Universit\u00e0 di Bolzano<\/li>\n<\/ul>\n\n\n\n<h3>Umbria<\/h3>\n\n\n\n<ul>\n<li>Universit\u00e0 di Perugia<\/li>\n<\/ul>\n\n\n\n<h3>Veneto<\/h3>\n\n\n\n<ul>\n<li>Universit\u00e0 di Verona<\/li>\n\n\n\n<li>Universit\u00e0 degli Studi di Padova<\/li>\n<\/ul>\n\n\n\n<p><\/p>\n\n\n\n<p><em>Per visualizzare requisiti e programma completo del X ciclo del TFA Sostegno: <\/em><\/p>\n\n\n\n<p><\/p>\n\n\n\n<div class=\"is-layout-flex wp-block-buttons\">\n<div class=\"wp-block-button\"><a class=\"wp-block-button__link wp-element-button\" href=\"https:\/\/www.docenti.it\/formazione-docenti\/percorsi-formativi.html?tc=35\" target=\"_blank\" rel=\"noreferrer noopener\">PROGRAMMA TFA SOSTEGNO 2025<\/a><\/div>\n<\/div>\n\n\n\n<p><\/p>\n\n\n\n<p>Per ulteriori news sul mondo scuola, segui il\u00a0<strong><a href=\"https:\/\/www.docenti.it\/blog\/\" target=\"_blank\" rel=\"noreferrer noopener\">Blog<\/a><\/strong>\u00a0di\u00a0<strong><a href=\"https:\/\/www.docenti.it\/\" target=\"_blank\" rel=\"noreferrer noopener\">Docenti.it<\/a><\/strong><\/p>\n\n\n\n<p><\/p>\n","protected":false},"excerpt":{"rendered":"<p>TFA sostegno 2025: il TFA sostegno X ciclo si avvicina e l\u2019attesa per la [&hellip;]<\/p>\n","protected":false},"author":25,"featured_media":45296,"comment_status":"open","ping_status":"open","sticky":false,"template":"","format":"standard","meta":[],"categories":[3,14],"tags":[249,856,825],"yoast_head":"<!-- This site is optimized with the Yoast SEO plugin v20.4 - https:\/\/yoast.com\/wordpress\/plugins\/seo\/ -->\n<title>TFA sostegno 2025: l&#039;elenco di atenei disponibili - Blog | Docenti.it<\/title>\n<meta name=\"description\" content=\"TFA sostegno 2025: l&#039;elenco, in aggiornamento, degli atenei disponibili per l&#039;erogazione dei percorsi TFA sostegno X ciclo.\" \/>\n<meta name=\"robots\" content=\"index, follow, max-snippet:-1, max-image-preview:large, max-video-preview:-1\" \/>\n<link rel=\"canonical\" href=\"https:\/\/www.docenti.it\/blog\/tfa-sostegno-2025-elenco-atenei\/\" \/>\n<meta property=\"og:locale\" content=\"it_IT\" \/>\n<meta property=\"og:type\" content=\"article\" \/>\n<meta property=\"og:title\" content=\"TFA sostegno 2025: l&#039;elenco di atenei disponibili - Blog | Docenti.it\" \/>\n<meta property=\"og:description\" content=\"TFA sostegno 2025: l&#039;elenco, in aggiornamento, degli atenei disponibili per l&#039;erogazione dei percorsi TFA sostegno X ciclo.\" \/>\n<meta property=\"og:url\" content=\"https:\/\/www.docenti.it\/blog\/tfa-sostegno-2025-elenco-atenei\/\" \/>\n<meta property=\"og:site_name\" content=\"Blog | Docenti.it\" \/>\n<meta property=\"article:publisher\" content=\"https:\/\/www.facebook.com\/docenti.it\" \/>\n<meta property=\"article:published_time\" content=\"2025-06-24T10:00:07+00:00\" \/>\n<meta property=\"article:modified_time\" content=\"2025-06-24T10:00:08+00:00\" \/>\n<meta property=\"og:image\" content=\"https:\/\/www.docenti.it\/blog\/wp-content\/uploads\/2023\/07\/pexels-pixabay-301926-scaled.jpg\" \/>\n\t<meta property=\"og:image:width\" content=\"2560\" \/>\n\t<meta property=\"og:image:height\" content=\"1708\" \/>\n\t<meta property=\"og:image:type\" content=\"image\/jpeg\" \/>\n<meta name=\"author\" content=\"Gabriella Capraro\" \/>\n<meta name=\"twitter:card\" content=\"summary_large_image\" \/>\n<meta name=\"twitter:label1\" content=\"Written by\" \/>\n\t<meta name=\"twitter:data1\" content=\"Gabriella Capraro\" \/>\n\t<meta name=\"twitter:label2\" content=\"Est. reading time\" \/>\n\t<meta name=\"twitter:data2\" content=\"3 minuti\" \/>\n<script type=\"application\/ld+json\" class=\"yoast-schema-graph\">{\"@context\":\"https:\/\/schema.org\",\"@graph\":[{\"@type\":\"Article\",\"@id\":\"https:\/\/www.docenti.it\/blog\/tfa-sostegno-2025-elenco-atenei\/#article\",\"isPartOf\":{\"@id\":\"https:\/\/www.docenti.it\/blog\/tfa-sostegno-2025-elenco-atenei\/\"},\"author\":{\"name\":\"Gabriella Capraro\",\"@id\":\"https:\/\/www.docenti.it\/blog\/#\/schema\/person\/773963d3c0645bd34c150c41a13e5754\"},\"headline\":\"TFA sostegno 2025: l&#8217;elenco di atenei disponibili\",\"datePublished\":\"2025-06-24T10:00:07+00:00\",\"dateModified\":\"2025-06-24T10:00:08+00:00\",\"mainEntityOfPage\":{\"@id\":\"https:\/\/www.docenti.it\/blog\/tfa-sostegno-2025-elenco-atenei\/\"},\"wordCount\":544,\"commentCount\":0,\"publisher\":{\"@id\":\"https:\/\/www.docenti.it\/blog\/#organization\"},\"keywords\":[\"TFA Sostegno\",\"tfa sostegno 2025\",\"TFA sostegno X ciclo\"],\"articleSection\":[\"Normativa\",\"tfa sostegno\"],\"inLanguage\":\"it-IT\",\"potentialAction\":[{\"@type\":\"CommentAction\",\"name\":\"Comment\",\"target\":[\"https:\/\/www.docenti.it\/blog\/tfa-sostegno-2025-elenco-atenei\/#respond\"]}]},{\"@type\":\"WebPage\",\"@id\":\"https:\/\/www.docenti.it\/blog\/tfa-sostegno-2025-elenco-atenei\/\",\"url\":\"https:\/\/www.docenti.it\/blog\/tfa-sostegno-2025-elenco-atenei\/\",\"name\":\"TFA sostegno 2025: l'elenco di atenei disponibili - Blog | Docenti.it\",\"isPartOf\":{\"@id\":\"https:\/\/www.docenti.it\/blog\/#website\"},\"datePublished\":\"2025-06-24T10:00:07+00:00\",\"dateModified\":\"2025-06-24T10:00:08+00:00\",\"description\":\"TFA sostegno 2025: l'elenco, in aggiornamento, degli atenei disponibili per l'erogazione dei percorsi TFA sostegno X ciclo.\",\"breadcrumb\":{\"@id\":\"https:\/\/www.docenti.it\/blog\/tfa-sostegno-2025-elenco-atenei\/#breadcrumb\"},\"inLanguage\":\"it-IT\",\"potentialAction\":[{\"@type\":\"ReadAction\",\"target\":[\"https:\/\/www.docenti.it\/blog\/tfa-sostegno-2025-elenco-atenei\/\"]}]},{\"@type\":\"BreadcrumbList\",\"@id\":\"https:\/\/www.docenti.it\/blog\/tfa-sostegno-2025-elenco-atenei\/#breadcrumb\",\"itemListElement\":[{\"@type\":\"ListItem\",\"position\":1,\"name\":\"Home\",\"item\":\"https:\/\/www.docenti.it\/blog\/\"},{\"@type\":\"ListItem\",\"position\":2,\"name\":\"TFA sostegno 2025: l&#8217;elenco di atenei disponibili\"}]},{\"@type\":\"WebSite\",\"@id\":\"https:\/\/www.docenti.it\/blog\/#website\",\"url\":\"https:\/\/www.docenti.it\/blog\/\",\"name\":\"Blog | Docenti.it\",\"description\":\"Tutte le notizie e gli aggiornamenti dal mondo della scuola\",\"publisher\":{\"@id\":\"https:\/\/www.docenti.it\/blog\/#organization\"},\"potentialAction\":[{\"@type\":\"SearchAction\",\"target\":{\"@type\":\"EntryPoint\",\"urlTemplate\":\"https:\/\/www.docenti.it\/blog\/?s={search_term_string}\"},\"query-input\":\"required name=search_term_string\"}],\"inLanguage\":\"it-IT\"},{\"@type\":\"Organization\",\"@id\":\"https:\/\/www.docenti.it\/blog\/#organization\",\"name\":\"Blog | Docenti.it\",\"url\":\"https:\/\/www.docenti.it\/blog\/\",\"logo\":{\"@type\":\"ImageObject\",\"inLanguage\":\"it-IT\",\"@id\":\"https:\/\/www.docenti.it\/blog\/#\/schema\/logo\/image\/\",\"url\":\"https:\/\/www.docenti.it\/blog\/wp-content\/uploads\/2025\/06\/fb_mad_img.png\",\"contentUrl\":\"https:\/\/www.docenti.it\/blog\/wp-content\/uploads\/2025\/06\/fb_mad_img.png\",\"width\":1140,\"height\":620,\"caption\":\"Blog | Docenti.it\"},\"image\":{\"@id\":\"https:\/\/www.docenti.it\/blog\/#\/schema\/logo\/image\/\"},\"sameAs\":[\"https:\/\/www.facebook.com\/docenti.it\"]},{\"@type\":\"Person\",\"@id\":\"https:\/\/www.docenti.it\/blog\/#\/schema\/person\/773963d3c0645bd34c150c41a13e5754\",\"name\":\"Gabriella Capraro\",\"image\":{\"@type\":\"ImageObject\",\"inLanguage\":\"it-IT\",\"@id\":\"https:\/\/www.docenti.it\/blog\/#\/schema\/person\/image\/\",\"url\":\"https:\/\/secure.gravatar.com\/avatar\/17e0ab06bea064a8a7c5bef443cb7153?s=96&d=mm&r=g\",\"contentUrl\":\"https:\/\/secure.gravatar.com\/avatar\/17e0ab06bea064a8a7c5bef443cb7153?s=96&d=mm&r=g\",\"caption\":\"Gabriella Capraro\"},\"description\":\"Copywriter e digital strategist, collabora come articolista e autrice per diverse piattaforme online, spaziando da tematiche scolastiche\/istituzionali a letterarie e musicali.\",\"url\":\"https:\/\/www.docenti.it\/blog\/author\/gcapraro\/\"}]}<\/script>\n<!-- \/ Yoast SEO plugin. -->","yoast_head_json":{"title":"TFA sostegno 2025: l'elenco di atenei disponibili - Blog | Docenti.it","description":"TFA sostegno 2025: l'elenco, in aggiornamento, degli atenei disponibili per l'erogazione dei percorsi TFA sostegno X ciclo.","robots":{"index":"index","follow":"follow","max-snippet":"max-snippet:-1","max-image-preview":"max-image-preview:large","max-video-preview":"max-video-preview:-1"},"canonical":"https:\/\/www.docenti.it\/blog\/tfa-sostegno-2025-elenco-atenei\/","og_locale":"it_IT","og_type":"article","og_title":"TFA sostegno 2025: l'elenco di atenei disponibili - Blog | Docenti.it","og_description":"TFA sostegno 2025: l'elenco, in aggiornamento, degli atenei disponibili per l'erogazione dei percorsi TFA sostegno X ciclo.","og_url":"https:\/\/www.docenti.it\/blog\/tfa-sostegno-2025-elenco-atenei\/","og_site_name":"Blog | Docenti.it","article_publisher":"https:\/\/www.facebook.com\/docenti.it","article_published_time":"2025-06-24T10:00:07+00:00","article_modified_time":"2025-06-24T10:00:08+00:00","og_image":[{"width":2560,"height":1708,"url":"https:\/\/www.docenti.it\/blog\/wp-content\/uploads\/2023\/07\/pexels-pixabay-301926-scaled.jpg","type":"image\/jpeg"}],"author":"Gabriella Capraro","twitter_card":"summary_large_image","twitter_misc":{"Written by":"Gabriella Capraro","Est. reading time":"3 minuti"},"schema":{"@context":"https:\/\/schema.org","@graph":[{"@type":"Article","@id":"https:\/\/www.docenti.it\/blog\/tfa-sostegno-2025-elenco-atenei\/#article","isPartOf":{"@id":"https:\/\/www.docenti.it\/blog\/tfa-sostegno-2025-elenco-atenei\/"},"author":{"name":"Gabriella Capraro","@id":"https:\/\/www.docenti.it\/blog\/#\/schema\/person\/773963d3c0645bd34c150c41a13e5754"},"headline":"TFA sostegno 2025: l&#8217;elenco di atenei disponibili","datePublished":"2025-06-24T10:00:07+00:00","dateModified":"2025-06-24T10:00:08+00:00","mainEntityOfPage":{"@id":"https:\/\/www.docenti.it\/blog\/tfa-sostegno-2025-elenco-atenei\/"},"wordCount":544,"commentCount":0,"publisher":{"@id":"https:\/\/www.docenti.it\/blog\/#organization"},"keywords":["TFA Sostegno","tfa sostegno 2025","TFA sostegno X ciclo"],"articleSection":["Normativa","tfa sostegno"],"inLanguage":"it-IT","potentialAction":[{"@type":"CommentAction","name":"Comment","target":["https:\/\/www.docenti.it\/blog\/tfa-sostegno-2025-elenco-atenei\/#respond"]}]},{"@type":"WebPage","@id":"https:\/\/www.docenti.it\/blog\/tfa-sostegno-2025-elenco-atenei\/","url":"https:\/\/www.docenti.it\/blog\/tfa-sostegno-2025-elenco-atenei\/","name":"TFA sostegno 2025: l'elenco di atenei disponibili - Blog | Docenti.it","isPartOf":{"@id":"https:\/\/www.docenti.it\/blog\/#website"},"datePublished":"2025-06-24T10:00:07+00:00","dateModified":"2025-06-24T10:00:08+00:00","description":"TFA sostegno 2025: l'elenco, in aggiornamento, degli atenei disponibili per l'erogazione dei percorsi TFA sostegno X ciclo.","breadcrumb":{"@id":"https:\/\/www.docenti.it\/blog\/tfa-sostegno-2025-elenco-atenei\/#breadcrumb"},"inLanguage":"it-IT","potentialAction":[{"@type":"ReadAction","target":["https:\/\/www.docenti.it\/blog\/tfa-sostegno-2025-elenco-atenei\/"]}]},{"@type":"BreadcrumbList","@id":"https:\/\/www.docenti.it\/blog\/tfa-sostegno-2025-elenco-atenei\/#breadcrumb","itemListElement":[{"@type":"ListItem","position":1,"name":"Home","item":"https:\/\/www.docenti.it\/blog\/"},{"@type":"ListItem","position":2,"name":"TFA sostegno 2025: l&#8217;elenco di atenei disponibili"}]},{"@type":"WebSite","@id":"https:\/\/www.docenti.it\/blog\/#website","url":"https:\/\/www.docenti.it\/blog\/","name":"Blog | Docenti.it","description":"Tutte le notizie e gli aggiornamenti dal mondo della scuola","publisher":{"@id":"https:\/\/www.docenti.it\/blog\/#organization"},"potentialAction":[{"@type":"SearchAction","target":{"@type":"EntryPoint","urlTemplate":"https:\/\/www.docenti.it\/blog\/?s={search_term_string}"},"query-input":"required name=search_term_string"}],"inLanguage":"it-IT"},{"@type":"Organization","@id":"https:\/\/www.docenti.it\/blog\/#organization","name":"Blog | Docenti.it","url":"https:\/\/www.docenti.it\/blog\/","logo":{"@type":"ImageObject","inLanguage":"it-IT","@id":"https:\/\/www.docenti.it\/blog\/#\/schema\/logo\/image\/","url":"https:\/\/www.docenti.it\/blog\/wp-content\/uploads\/2025\/06\/fb_mad_img.png","contentUrl":"https:\/\/www.docenti.it\/blog\/wp-content\/uploads\/2025\/06\/fb_mad_img.png","width":1140,"height":620,"caption":"Blog | Docenti.it"},"image":{"@id":"https:\/\/www.docenti.it\/blog\/#\/schema\/logo\/image\/"},"sameAs":["https:\/\/www.facebook.com\/docenti.it"]},{"@type":"Person","@id":"https:\/\/www.docenti.it\/blog\/#\/schema\/person\/773963d3c0645bd34c150c41a13e5754","name":"Gabriella Capraro","image":{"@type":"ImageObject","inLanguage":"it-IT","@id":"https:\/\/www.docenti.it\/blog\/#\/schema\/person\/image\/","url":"https:\/\/secure.gravatar.com\/avatar\/17e0ab06bea064a8a7c5bef443cb7153?s=96&d=mm&r=g","contentUrl":"https:\/\/secure.gravatar.com\/avatar\/17e0ab06bea064a8a7c5bef443cb7153?s=96&d=mm&r=g","caption":"Gabriella Capraro"},"description":"Copywriter e digital strategist, collabora come articolista e autrice per diverse piattaforme online, spaziando da tematiche scolastiche\/istituzionali a letterarie e musicali.","url":"https:\/\/www.docenti.it\/blog\/author\/gcapraro\/"}]}},"_links":{"self":[{"href":"https:\/\/www.docenti.it\/blog\/wp-json\/wp\/v2\/posts\/46654"}],"collection":[{"href":"https:\/\/www.docenti.it\/blog\/wp-json\/wp\/v2\/posts"}],"about":[{"href":"https:\/\/www.docenti.it\/blog\/wp-json\/wp\/v2\/types\/post"}],"author":[{"embeddable":true,"href":"https:\/\/www.docenti.it\/blog\/wp-json\/wp\/v2\/users\/25"}],"replies":[{"embeddable":true,"href":"https:\/\/www.docenti.it\/blog\/wp-json\/wp\/v2\/comments?post=46654"}],"version-history":[{"count":1,"href":"https:\/\/www.docenti.it\/blog\/wp-json\/wp\/v2\/posts\/46654\/revisions"}],"predecessor-version":[{"id":46655,"href":"https:\/\/www.docenti.it\/blog\/wp-json\/wp\/v2\/posts\/46654\/revisions\/46655"}],"wp:featuredmedia":[{"embeddable":true,"href":"https:\/\/www.docenti.it\/blog\/wp-json\/wp\/v2\/media\/45296"}],"wp:attachment":[{"href":"https:\/\/www.docenti.it\/blog\/wp-json\/wp\/v2\/media?parent=46654"}],"wp:term":[{"taxonomy":"category","embeddable":true,"href":"https:\/\/www.docenti.it\/blog\/wp-json\/wp\/v2\/categories?post=46654"},{"taxonomy":"post_tag","embeddable":true,"href":"https:\/\/www.docenti.it\/blog\/wp-json\/wp\/v2\/tags?post=46654"}],"curies":[{"name":"wp","href":"https:\/\/api.w.org\/{rel}","templated":true}]}}