{"id":46700,"date":"2025-07-15T18:57:55","date_gmt":"2025-07-15T16:57:55","guid":{"rendered":"https:\/\/www.docenti.it\/blog\/?p=46700"},"modified":"2025-07-15T19:00:58","modified_gmt":"2025-07-15T17:00:58","slug":"istanze-online-assegnazione-provvisoria-domanda","status":"publish","type":"post","link":"https:\/\/www.docenti.it\/blog\/istanze-online-assegnazione-provvisoria-domanda\/","title":{"rendered":"Assegnazione provvisoria Istanze OnLine: la domanda"},"content":{"rendered":"\n<p>Assegnazione provvisoria Istanze OnLine: la domanda di assegnazione provvisoria si presenta esclusivamente online attraverso la piattaforma POLIS \u2013 Istanze Online, messa a disposizione dal Ministero dell\u2019Istruzione. <\/p>\n\n\n\n<p><em>Esploriamo insieme tutti i dettagli utili per la procedura di assegnazione provvisoria. <\/em><\/p>\n\n\n\n<h2>Chi pu\u00f2 presentare domanda?<\/h2>\n\n\n\n<p>L\u2019<strong>assegnazione provvisoria<\/strong> pu\u00f2 essere richiesta da diversi profili di docenti, ma con alcune distinzioni. I <strong>docenti di ruolo assunti fino all\u2019anno scolastico 2022\/2023<\/strong> possono fare domanda sia per il trasferimento provinciale che interprovinciale. <\/p>\n\n\n\n<p>I <strong>neoassunti del 2023\/2024 e 2024\/2025<\/strong>, invece, possono richiedere l\u2019assegnazione solo a livello <strong>provinciale<\/strong>, salvo che non rientrino in specifiche <strong>deroghe previste dal contratto nazionale<\/strong> (art. 1\/17 del CCNI 2025\/28), siano in situazione di <strong>soprannumero o esubero<\/strong>, oppure abbiano ottenuto i benefici della <strong>legge 104\/92<\/strong> in tempi successivi rispetto al termine per la presentazione della domanda di concorso o dell&#8217;inserimento nelle graduatorie ad esaurimento.<\/p>\n\n\n\n<p>Anche i docenti assunti da <strong>GPS sostegno prima fascia<\/strong> nel 2023\/24 e immessi in ruolo dal 2024\/25 possono presentare domanda, purch\u00e9 abbiano superato l\u2019anno di prova e si trovino in una delle condizioni che rientrano nelle deroghe. Lo stesso vale per i neoassunti da GPS nel 2024\/25.<\/p>\n\n\n\n<p>Per quanto riguarda i <strong>vincitori non abilitati del concorso PNRR 1<\/strong>, questi possono inoltrare domanda per l\u2019anno scolastico 2024\/25 con riserva. <\/p>\n\n\n\n<p><em>Per verificare di possedere tutti i requisiti per accedere ai percorsi abilitanti: <\/em><\/p>\n\n\n\n<p><\/p>\n\n\n\n<div class=\"is-layout-flex wp-block-buttons\">\n<div class=\"wp-block-button\"><a class=\"wp-block-button__link wp-element-button\" href=\"https:\/\/www.docenti.it\/valutazione-abilitazioni.html\" target=\"_blank\" rel=\"noreferrer noopener\">VERIFICA LA TUA AMMISSIONE AI BANDI<\/a><\/div>\n<\/div>\n\n\n\n<p><\/p>\n\n\n\n<p>La richiesta sar\u00e0 valida solo se conseguiranno e comunicheranno l\u2019abilitazione entro il <strong>10 agosto 2025<\/strong>. In caso di domanda interprovinciale, sar\u00e0 comunque necessario rientrare anche nelle deroghe contrattuali.<\/p>\n\n\n\n<h2>Assegnazione provvisoria Istanze OnLine e casi di deroga previsti dalla normativa<\/h2>\n\n\n\n<p>Le deroghe che consentono ai docenti non ancora pienamente titolari o in attesa di abilitazione di accedere all\u2019assegnazione provvisoria interprovinciale sono specificate nell\u2019articolo 1, comma 17 del CCNI 2025\/28. Tra le condizioni pi\u00f9 rilevanti rientrano:<\/p>\n\n\n\n<ul>\n<li>la presenza di figli minori di 16 anni, inclusi figli adottivi o in affido;<\/li>\n\n\n\n<li>l\u2019assistenza a soggetti con disabilit\u00e0 grave ai sensi della legge 104\/92;<\/li>\n\n\n\n<li>la fruizione di permessi per assistenza ai familiari in situazione di disabilit\u00e0;<\/li>\n\n\n\n<li>la condizione di coniuge o figlio di mutilato o invalido civile;<\/li>\n\n\n\n<li>la presenza di genitori ultrasessantacinquenni.<\/li>\n<\/ul>\n\n\n\n<h2>Quando si pu\u00f2 fare istanza di assegnazione provvisoria?<\/h2>\n\n\n\n<p>Ogni docente pu\u00f2 chiedere l\u2019assegnazione per <strong>una sola provincia<\/strong>, e solo se sussistono motivazioni precise. <\/p>\n\n\n\n<p>I casi pi\u00f9 comuni riguardano il <strong>ricongiungimento familiare<\/strong> (con figli, coniuge, partner convivente o genitore), l\u2019<strong>assistenza a persone con disabilit\u00e0 grave<\/strong>, oppure la presenza di <strong>gravi problemi di salute<\/strong> debitamente certificati.<\/p>\n\n\n\n<p>\u00c8 fondamentale ricordare che la domanda pu\u00f2 essere <strong>provinciale<\/strong> (all\u2019interno della provincia di titolarit\u00e0) oppure <strong>interprovinciale<\/strong> (verso un\u2019altra provincia). <\/p>\n\n\n\n<p>Nella compilazione dell\u2019istanza, il docente ha la possibilit\u00e0 di esprimere delle <strong>preferenze<\/strong>: fino a <strong>20 per l\u2019infanzia e la primaria<\/strong>, e fino a <strong>15 per la secondaria di primo e secondo grado<\/strong>. Le preferenze possono indicare sia <strong>scuole specifiche<\/strong> (puntuali) sia ambiti territoriali pi\u00f9 ampi (sintetiche).<\/p>\n\n\n\n<h2>Oltre l&#8217;assegnazione provvisoria: la domanda di utilizzazione<\/h2>\n\n\n\n<p>La domanda di <strong>utilizzazione<\/strong> \u00e8 un\u2019ulteriore opportunit\u00e0 per i docenti che, per vari motivi, non hanno una sede definitiva o desiderano un\u2019assegnazione differente rispetto alla loro titolarit\u00e0.<\/p>\n\n\n\n<p>Possono farne richiesta coloro che, dopo i trasferimenti, risultano <strong>senza sede<\/strong>, i <strong>docenti in esubero<\/strong> o i <strong>soprannumerari trasferiti d\u2019ufficio<\/strong>. Anche chi \u00e8 stato restituito ai ruoli senza una sede espressa pu\u00f2 essere utilizzato, cos\u00ec come i docenti che hanno chiesto e ottenuto il <strong>mantenimento in servizio a tempo parziale<\/strong> ma non hanno trovato posto nella loro sede originaria.<\/p>\n\n\n\n<p>Rientrano inoltre i docenti <strong>con specializzazione sul sostegno<\/strong> che desiderano essere utilizzati su posti di sostegno, i titolari su posto comune in possesso del titolo per insegnare <strong>lingue straniere<\/strong> nella primaria, e quelli che vogliono lavorare in <strong>contesti specifici<\/strong> come carceri, ospedali, CPIA o percorsi di secondo livello.<\/p>\n\n\n\n<p><em>Per un approfondimento:<\/em><\/p>\n\n\n<p><strong><a href=\"https:\/\/www.docenti.it\/blog\/utilizzazioni-scuola-2025\/\">Utilizzazioni scuola 2025: come funzionano?<\/a><\/strong><\/p>\n\n\n<h2>Assegnazione provvisoria su Istanze OnLine e F.A.Q. dei nostri utenti<\/h2>\n\n\n\n<ul>\n<li><strong>Dove si presenta la domanda per l\u2019assegnazione provvisoria?<\/strong><br>Tramite la piattaforma ufficiale <strong>POLIS \u2013 Istanze Online<\/strong>.<\/li>\n<\/ul>\n\n\n\n<p><\/p>\n\n\n\n<ul>\n<li><strong>\u00c8 possibile scegliere pi\u00f9 province nella domanda?<\/strong><br>No, si pu\u00f2 fare domanda per <strong>una sola provincia<\/strong>.<br><\/li>\n<\/ul>\n\n\n\n<ul>\n<li><strong>Chi pu\u00f2 chiedere l\u2019assegnazione interprovinciale?<\/strong><br>Solo i docenti che rientrano in specifiche <strong>deroghe contrattuali<\/strong>, oppure in situazione di <strong>esubero o soprannumero<\/strong>.<br><\/li>\n<\/ul>\n\n\n\n<ul>\n<li><strong>Entro quando va comunicata l\u2019abilitazione per i vincitori PNRR?<\/strong><br>Entro il <strong>10 agosto 2025<\/strong>, altrimenti la domanda presentata con riserva non sar\u00e0 considerata valida.<\/li>\n<\/ul>\n\n\n\n<p><\/p>\n\n\n\n<p><em>Link utili: <\/em><\/p>\n\n\n<p><strong><a href=\"https:\/\/www.istruzione.it\/polis\/Istanzeonline.htm\">IstanzeOnline POLIS<\/a><\/strong><\/p>\n\n\n<p><\/p>\n\n\n\n<p>Per ulteriori news e aggiornamenti sul mondo scuola, segui il&nbsp;<strong><a href=\"https:\/\/www.docenti.it\/blog\/\" target=\"_blank\" rel=\"noreferrer noopener\">blog<\/a><\/strong>&nbsp;di&nbsp;<strong><a href=\"https:\/\/www.docenti.it\/\">Docenti.it<\/a><\/strong><\/p>\n\n\n\n<p><\/p>\n","protected":false},"excerpt":{"rendered":"<p>Assegnazione provvisoria Istanze OnLine: la domanda di assegnazione provvisoria si presenta esclusivamente online attraverso [&hellip;]<\/p>\n","protected":false},"author":25,"featured_media":44933,"comment_status":"open","ping_status":"open","sticky":false,"template":"","format":"standard","meta":[],"categories":[1,4],"tags":[906,488,871],"yoast_head":"<!-- This site is optimized with the Yoast SEO plugin v20.4 - https:\/\/yoast.com\/wordpress\/plugins\/seo\/ -->\n<title>Assegnazione provvisoria Istanze OnLine: la domanda - Blog | Docenti.it<\/title>\n<meta name=\"description\" content=\"Assegnazione provvisoria Istanze OnLine: tutto quello che c&#039;\u00e8 da sapere circa l&#039;istanza per l&#039;assegnazione provvisoria 2025.\" \/>\n<meta name=\"robots\" content=\"index, follow, max-snippet:-1, max-image-preview:large, max-video-preview:-1\" \/>\n<link rel=\"canonical\" href=\"https:\/\/www.docenti.it\/blog\/istanze-online-assegnazione-provvisoria-domanda\/\" \/>\n<meta property=\"og:locale\" content=\"it_IT\" \/>\n<meta property=\"og:type\" content=\"article\" \/>\n<meta property=\"og:title\" content=\"Assegnazione provvisoria Istanze OnLine: la domanda - Blog | Docenti.it\" \/>\n<meta property=\"og:description\" content=\"Assegnazione provvisoria Istanze OnLine: tutto quello che c&#039;\u00e8 da sapere circa l&#039;istanza per l&#039;assegnazione provvisoria 2025.\" \/>\n<meta property=\"og:url\" content=\"https:\/\/www.docenti.it\/blog\/istanze-online-assegnazione-provvisoria-domanda\/\" \/>\n<meta property=\"og:site_name\" content=\"Blog | Docenti.it\" \/>\n<meta property=\"article:publisher\" content=\"https:\/\/www.facebook.com\/docenti.it\" \/>\n<meta property=\"article:published_time\" content=\"2025-07-15T16:57:55+00:00\" \/>\n<meta property=\"article:modified_time\" content=\"2025-07-15T17:00:58+00:00\" \/>\n<meta property=\"og:image\" content=\"https:\/\/www.docenti.it\/blog\/wp-content\/uploads\/2023\/02\/business-idea-g34519b7b1_640.jpg\" \/>\n\t<meta property=\"og:image:width\" content=\"640\" \/>\n\t<meta property=\"og:image:height\" content=\"427\" \/>\n\t<meta property=\"og:image:type\" content=\"image\/jpeg\" \/>\n<meta name=\"author\" content=\"Gabriella Capraro\" \/>\n<meta name=\"twitter:card\" content=\"summary_large_image\" \/>\n<meta name=\"twitter:label1\" content=\"Written by\" \/>\n\t<meta name=\"twitter:data1\" content=\"Gabriella Capraro\" \/>\n\t<meta name=\"twitter:label2\" content=\"Est. reading time\" \/>\n\t<meta name=\"twitter:data2\" content=\"4 minuti\" \/>\n<script type=\"application\/ld+json\" class=\"yoast-schema-graph\">{\"@context\":\"https:\/\/schema.org\",\"@graph\":[{\"@type\":\"Article\",\"@id\":\"https:\/\/www.docenti.it\/blog\/istanze-online-assegnazione-provvisoria-domanda\/#article\",\"isPartOf\":{\"@id\":\"https:\/\/www.docenti.it\/blog\/istanze-online-assegnazione-provvisoria-domanda\/\"},\"author\":{\"name\":\"Gabriella Capraro\",\"@id\":\"https:\/\/www.docenti.it\/blog\/#\/schema\/person\/773963d3c0645bd34c150c41a13e5754\"},\"headline\":\"Assegnazione provvisoria Istanze OnLine: la domanda\",\"datePublished\":\"2025-07-15T16:57:55+00:00\",\"dateModified\":\"2025-07-15T17:00:58+00:00\",\"mainEntityOfPage\":{\"@id\":\"https:\/\/www.docenti.it\/blog\/istanze-online-assegnazione-provvisoria-domanda\/\"},\"wordCount\":729,\"commentCount\":0,\"publisher\":{\"@id\":\"https:\/\/www.docenti.it\/blog\/#organization\"},\"keywords\":[\"assegnazione provvisoria 2025\",\"domanda di assegnazione provvisoria\",\"utilizzazioni scuola 2025\"],\"articleSection\":[\"FAQ\",\"News\"],\"inLanguage\":\"it-IT\",\"potentialAction\":[{\"@type\":\"CommentAction\",\"name\":\"Comment\",\"target\":[\"https:\/\/www.docenti.it\/blog\/istanze-online-assegnazione-provvisoria-domanda\/#respond\"]}]},{\"@type\":\"WebPage\",\"@id\":\"https:\/\/www.docenti.it\/blog\/istanze-online-assegnazione-provvisoria-domanda\/\",\"url\":\"https:\/\/www.docenti.it\/blog\/istanze-online-assegnazione-provvisoria-domanda\/\",\"name\":\"Assegnazione provvisoria Istanze OnLine: la domanda - Blog | Docenti.it\",\"isPartOf\":{\"@id\":\"https:\/\/www.docenti.it\/blog\/#website\"},\"datePublished\":\"2025-07-15T16:57:55+00:00\",\"dateModified\":\"2025-07-15T17:00:58+00:00\",\"description\":\"Assegnazione provvisoria Istanze OnLine: tutto quello che c'\u00e8 da sapere circa l'istanza per l'assegnazione provvisoria 2025.\",\"breadcrumb\":{\"@id\":\"https:\/\/www.docenti.it\/blog\/istanze-online-assegnazione-provvisoria-domanda\/#breadcrumb\"},\"inLanguage\":\"it-IT\",\"potentialAction\":[{\"@type\":\"ReadAction\",\"target\":[\"https:\/\/www.docenti.it\/blog\/istanze-online-assegnazione-provvisoria-domanda\/\"]}]},{\"@type\":\"BreadcrumbList\",\"@id\":\"https:\/\/www.docenti.it\/blog\/istanze-online-assegnazione-provvisoria-domanda\/#breadcrumb\",\"itemListElement\":[{\"@type\":\"ListItem\",\"position\":1,\"name\":\"Home\",\"item\":\"https:\/\/www.docenti.it\/blog\/\"},{\"@type\":\"ListItem\",\"position\":2,\"name\":\"Assegnazione provvisoria Istanze OnLine: la domanda\"}]},{\"@type\":\"WebSite\",\"@id\":\"https:\/\/www.docenti.it\/blog\/#website\",\"url\":\"https:\/\/www.docenti.it\/blog\/\",\"name\":\"Blog | Docenti.it\",\"description\":\"Tutte le notizie e gli aggiornamenti dal mondo della scuola\",\"publisher\":{\"@id\":\"https:\/\/www.docenti.it\/blog\/#organization\"},\"potentialAction\":[{\"@type\":\"SearchAction\",\"target\":{\"@type\":\"EntryPoint\",\"urlTemplate\":\"https:\/\/www.docenti.it\/blog\/?s={search_term_string}\"},\"query-input\":\"required name=search_term_string\"}],\"inLanguage\":\"it-IT\"},{\"@type\":\"Organization\",\"@id\":\"https:\/\/www.docenti.it\/blog\/#organization\",\"name\":\"Blog | Docenti.it\",\"url\":\"https:\/\/www.docenti.it\/blog\/\",\"logo\":{\"@type\":\"ImageObject\",\"inLanguage\":\"it-IT\",\"@id\":\"https:\/\/www.docenti.it\/blog\/#\/schema\/logo\/image\/\",\"url\":\"https:\/\/www.docenti.it\/blog\/wp-content\/uploads\/2025\/06\/fb_mad_img.png\",\"contentUrl\":\"https:\/\/www.docenti.it\/blog\/wp-content\/uploads\/2025\/06\/fb_mad_img.png\",\"width\":1140,\"height\":620,\"caption\":\"Blog | Docenti.it\"},\"image\":{\"@id\":\"https:\/\/www.docenti.it\/blog\/#\/schema\/logo\/image\/\"},\"sameAs\":[\"https:\/\/www.facebook.com\/docenti.it\"]},{\"@type\":\"Person\",\"@id\":\"https:\/\/www.docenti.it\/blog\/#\/schema\/person\/773963d3c0645bd34c150c41a13e5754\",\"name\":\"Gabriella Capraro\",\"image\":{\"@type\":\"ImageObject\",\"inLanguage\":\"it-IT\",\"@id\":\"https:\/\/www.docenti.it\/blog\/#\/schema\/person\/image\/\",\"url\":\"https:\/\/secure.gravatar.com\/avatar\/17e0ab06bea064a8a7c5bef443cb7153?s=96&d=mm&r=g\",\"contentUrl\":\"https:\/\/secure.gravatar.com\/avatar\/17e0ab06bea064a8a7c5bef443cb7153?s=96&d=mm&r=g\",\"caption\":\"Gabriella Capraro\"},\"description\":\"Copywriter e digital strategist, collabora come articolista e autrice per diverse piattaforme online, spaziando da tematiche scolastiche\/istituzionali a letterarie e musicali.\",\"url\":\"https:\/\/www.docenti.it\/blog\/author\/gcapraro\/\"}]}<\/script>\n<!-- \/ Yoast SEO plugin. -->","yoast_head_json":{"title":"Assegnazione provvisoria Istanze OnLine: la domanda - Blog | Docenti.it","description":"Assegnazione provvisoria Istanze OnLine: tutto quello che c'\u00e8 da sapere circa l'istanza per l'assegnazione provvisoria 2025.","robots":{"index":"index","follow":"follow","max-snippet":"max-snippet:-1","max-image-preview":"max-image-preview:large","max-video-preview":"max-video-preview:-1"},"canonical":"https:\/\/www.docenti.it\/blog\/istanze-online-assegnazione-provvisoria-domanda\/","og_locale":"it_IT","og_type":"article","og_title":"Assegnazione provvisoria Istanze OnLine: la domanda - Blog | Docenti.it","og_description":"Assegnazione provvisoria Istanze OnLine: tutto quello che c'\u00e8 da sapere circa l'istanza per l'assegnazione provvisoria 2025.","og_url":"https:\/\/www.docenti.it\/blog\/istanze-online-assegnazione-provvisoria-domanda\/","og_site_name":"Blog | Docenti.it","article_publisher":"https:\/\/www.facebook.com\/docenti.it","article_published_time":"2025-07-15T16:57:55+00:00","article_modified_time":"2025-07-15T17:00:58+00:00","og_image":[{"width":640,"height":427,"url":"https:\/\/www.docenti.it\/blog\/wp-content\/uploads\/2023\/02\/business-idea-g34519b7b1_640.jpg","type":"image\/jpeg"}],"author":"Gabriella Capraro","twitter_card":"summary_large_image","twitter_misc":{"Written by":"Gabriella Capraro","Est. reading time":"4 minuti"},"schema":{"@context":"https:\/\/schema.org","@graph":[{"@type":"Article","@id":"https:\/\/www.docenti.it\/blog\/istanze-online-assegnazione-provvisoria-domanda\/#article","isPartOf":{"@id":"https:\/\/www.docenti.it\/blog\/istanze-online-assegnazione-provvisoria-domanda\/"},"author":{"name":"Gabriella Capraro","@id":"https:\/\/www.docenti.it\/blog\/#\/schema\/person\/773963d3c0645bd34c150c41a13e5754"},"headline":"Assegnazione provvisoria Istanze OnLine: la domanda","datePublished":"2025-07-15T16:57:55+00:00","dateModified":"2025-07-15T17:00:58+00:00","mainEntityOfPage":{"@id":"https:\/\/www.docenti.it\/blog\/istanze-online-assegnazione-provvisoria-domanda\/"},"wordCount":729,"commentCount":0,"publisher":{"@id":"https:\/\/www.docenti.it\/blog\/#organization"},"keywords":["assegnazione provvisoria 2025","domanda di assegnazione provvisoria","utilizzazioni scuola 2025"],"articleSection":["FAQ","News"],"inLanguage":"it-IT","potentialAction":[{"@type":"CommentAction","name":"Comment","target":["https:\/\/www.docenti.it\/blog\/istanze-online-assegnazione-provvisoria-domanda\/#respond"]}]},{"@type":"WebPage","@id":"https:\/\/www.docenti.it\/blog\/istanze-online-assegnazione-provvisoria-domanda\/","url":"https:\/\/www.docenti.it\/blog\/istanze-online-assegnazione-provvisoria-domanda\/","name":"Assegnazione provvisoria Istanze OnLine: la domanda - Blog | Docenti.it","isPartOf":{"@id":"https:\/\/www.docenti.it\/blog\/#website"},"datePublished":"2025-07-15T16:57:55+00:00","dateModified":"2025-07-15T17:00:58+00:00","description":"Assegnazione provvisoria Istanze OnLine: tutto quello che c'\u00e8 da sapere circa l'istanza per l'assegnazione provvisoria 2025.","breadcrumb":{"@id":"https:\/\/www.docenti.it\/blog\/istanze-online-assegnazione-provvisoria-domanda\/#breadcrumb"},"inLanguage":"it-IT","potentialAction":[{"@type":"ReadAction","target":["https:\/\/www.docenti.it\/blog\/istanze-online-assegnazione-provvisoria-domanda\/"]}]},{"@type":"BreadcrumbList","@id":"https:\/\/www.docenti.it\/blog\/istanze-online-assegnazione-provvisoria-domanda\/#breadcrumb","itemListElement":[{"@type":"ListItem","position":1,"name":"Home","item":"https:\/\/www.docenti.it\/blog\/"},{"@type":"ListItem","position":2,"name":"Assegnazione provvisoria Istanze OnLine: la domanda"}]},{"@type":"WebSite","@id":"https:\/\/www.docenti.it\/blog\/#website","url":"https:\/\/www.docenti.it\/blog\/","name":"Blog | Docenti.it","description":"Tutte le notizie e gli aggiornamenti dal mondo della scuola","publisher":{"@id":"https:\/\/www.docenti.it\/blog\/#organization"},"potentialAction":[{"@type":"SearchAction","target":{"@type":"EntryPoint","urlTemplate":"https:\/\/www.docenti.it\/blog\/?s={search_term_string}"},"query-input":"required name=search_term_string"}],"inLanguage":"it-IT"},{"@type":"Organization","@id":"https:\/\/www.docenti.it\/blog\/#organization","name":"Blog | Docenti.it","url":"https:\/\/www.docenti.it\/blog\/","logo":{"@type":"ImageObject","inLanguage":"it-IT","@id":"https:\/\/www.docenti.it\/blog\/#\/schema\/logo\/image\/","url":"https:\/\/www.docenti.it\/blog\/wp-content\/uploads\/2025\/06\/fb_mad_img.png","contentUrl":"https:\/\/www.docenti.it\/blog\/wp-content\/uploads\/2025\/06\/fb_mad_img.png","width":1140,"height":620,"caption":"Blog | Docenti.it"},"image":{"@id":"https:\/\/www.docenti.it\/blog\/#\/schema\/logo\/image\/"},"sameAs":["https:\/\/www.facebook.com\/docenti.it"]},{"@type":"Person","@id":"https:\/\/www.docenti.it\/blog\/#\/schema\/person\/773963d3c0645bd34c150c41a13e5754","name":"Gabriella Capraro","image":{"@type":"ImageObject","inLanguage":"it-IT","@id":"https:\/\/www.docenti.it\/blog\/#\/schema\/person\/image\/","url":"https:\/\/secure.gravatar.com\/avatar\/17e0ab06bea064a8a7c5bef443cb7153?s=96&d=mm&r=g","contentUrl":"https:\/\/secure.gravatar.com\/avatar\/17e0ab06bea064a8a7c5bef443cb7153?s=96&d=mm&r=g","caption":"Gabriella Capraro"},"description":"Copywriter e digital strategist, collabora come articolista e autrice per diverse piattaforme online, spaziando da tematiche scolastiche\/istituzionali a letterarie e musicali.","url":"https:\/\/www.docenti.it\/blog\/author\/gcapraro\/"}]}},"_links":{"self":[{"href":"https:\/\/www.docenti.it\/blog\/wp-json\/wp\/v2\/posts\/46700"}],"collection":[{"href":"https:\/\/www.docenti.it\/blog\/wp-json\/wp\/v2\/posts"}],"about":[{"href":"https:\/\/www.docenti.it\/blog\/wp-json\/wp\/v2\/types\/post"}],"author":[{"embeddable":true,"href":"https:\/\/www.docenti.it\/blog\/wp-json\/wp\/v2\/users\/25"}],"replies":[{"embeddable":true,"href":"https:\/\/www.docenti.it\/blog\/wp-json\/wp\/v2\/comments?post=46700"}],"version-history":[{"count":2,"href":"https:\/\/www.docenti.it\/blog\/wp-json\/wp\/v2\/posts\/46700\/revisions"}],"predecessor-version":[{"id":46703,"href":"https:\/\/www.docenti.it\/blog\/wp-json\/wp\/v2\/posts\/46700\/revisions\/46703"}],"wp:featuredmedia":[{"embeddable":true,"href":"https:\/\/www.docenti.it\/blog\/wp-json\/wp\/v2\/media\/44933"}],"wp:attachment":[{"href":"https:\/\/www.docenti.it\/blog\/wp-json\/wp\/v2\/media?parent=46700"}],"wp:term":[{"taxonomy":"category","embeddable":true,"href":"https:\/\/www.docenti.it\/blog\/wp-json\/wp\/v2\/categories?post=46700"},{"taxonomy":"post_tag","embeddable":true,"href":"https:\/\/www.docenti.it\/blog\/wp-json\/wp\/v2\/tags?post=46700"}],"curies":[{"name":"wp","href":"https:\/\/api.w.org\/{rel}","templated":true}]}}