{"id":46788,"date":"2025-08-12T18:39:40","date_gmt":"2025-08-12T16:39:40","guid":{"rendered":"https:\/\/www.docenti.it\/blog\/?p=46788"},"modified":"2025-08-12T18:39:41","modified_gmt":"2025-08-12T16:39:41","slug":"mad-scuola-2025-info-utili-per-inizio-del-nuovo-anno","status":"publish","type":"post","link":"https:\/\/www.docenti.it\/blog\/mad-scuola-2025-info-utili-per-inizio-del-nuovo-anno\/","title":{"rendered":"MAD scuola 2025: guida pratica per aspiranti docenti"},"content":{"rendered":"\n<p>MAD scuola 2025: anche per l\u2019anno scolastico <strong>2025-26<\/strong>, il binomio <strong>MAD e Interpelli<\/strong> sar\u00e0 al centro delle opportunit\u00e0 per chi desidera ottenere una supplenza.<\/p>\n\n\n\n<p>Come ogni anno, le scuole avranno la possibilit\u00e0 di assegnare incarichi tramite entrambi gli strumenti, ma la tendenza \u00e8 sempre pi\u00f9 chiara: <strong>gli interpelli stanno diventando il principale canale di reclutamento<\/strong> per molti istituti.<\/p>\n\n\n\n<p>La <strong>MAD<\/strong> (messa a disposizione), tuttavia, resta uno strumento efficace, soprattutto per chi non \u00e8 inserito in graduatoria e punta a province con carenze di personale.<\/p>\n\n\n\n<p><em>In questo contenuto esaminiamo i vantaggi della domanda di messa a disposizione, con una serie di consigli utili agli aspiranti docenti.<\/em><\/p>\n\n\n\n<h2>MAD Scuola 2025: se vi state interrogando sull&#8217;utilit\u00e0 di questa risorsa, la risposta \u00e8 s\u00ec<\/h2>\n\n\n\n<p>Nonostante le novit\u00e0 introdotte dal <strong>decreto scuola 2025<\/strong>, la <strong>MAD<\/strong> non scompare. Rimane una soluzione concreta per inserirsi nel mondo scolastico, soprattutto in territori scoperti.<\/p>\n\n\n\n<p>Il vantaggio principale \u00e8 il <strong>tempismo<\/strong>: in alcune province, la carenza di docenti porta le segreterie a ricorrere alla MAD per coprire rapidamente le cattedre.<\/p>\n\n\n\n<p>Tra i principali punti di forza della domanda di messa a disposizione: <\/p>\n\n\n\n<ul>\n<li><strong>Candidatura veloce<\/strong> e con meno burocrazia; <\/li>\n<\/ul>\n\n\n\n<ul>\n<li><strong>Maggiore probabilit\u00e0 di convocazione<\/strong> nelle aree con pi\u00f9 posti vacanti; <\/li>\n<\/ul>\n\n\n\n<ul>\n<li><strong>Nessuna attesa<\/strong> per l\u2019aggiornamento delle graduatorie.<\/li>\n<\/ul>\n\n\n\n<p><\/p>\n\n\n\n<div class=\"is-layout-flex wp-block-buttons\">\n<div class=\"wp-block-button\"><a class=\"wp-block-button__link wp-element-button\" href=\"https:\/\/www.docenti.it\/mad.html\" target=\"_blank\" rel=\"noreferrer noopener\">COMPILA LA TUA MAD 2025<\/a><\/div>\n<\/div>\n\n\n\n<p><\/p>\n\n\n\n<h2>MAD vs Interpelli: differenze da conoscere<\/h2>\n\n\n\n<p>La procedura degli interpelli, introdotta ufficialmente con la <strong>circolare supplenze 2023\/2024<\/strong> e rafforzata dalla <strong>nuova Ordinanza Ministeriale 2024\/2026<\/strong>, si sta imponendo come il metodo pi\u00f9 diffuso per le convocazioni.<\/p>\n\n\n\n<p><em>Come funziona?<\/em><\/p>\n\n\n\n<ul>\n<li>Le scuole o gli Uffici Scolastici pubblicano un <strong>avviso ufficiale<\/strong> sul proprio sito.<\/li>\n<\/ul>\n\n\n\n<ul>\n<li>Solo chi risponde a questo annuncio pu\u00f2 essere preso in considerazione.<\/li>\n<\/ul>\n\n\n\n<ul>\n<li>Sono esclusi i docenti gi\u00e0 con contratto a tempo determinato.<\/li>\n<\/ul>\n\n\n\n<ul>\n<li>Nei <strong>posti comuni<\/strong>, non possono partecipare i candidati gi\u00e0 presenti nelle GPS che hanno ricevuto una proposta di nomina.<\/li>\n<\/ul>\n\n\n\n<p><em>Differenze con la MAD: <\/em><\/p>\n\n\n\n<ul>\n<li><strong>MAD<\/strong>: accessibile a chi <strong>non \u00e8 inserito in alcuna graduatoria<\/strong>, provinciale o di istituto.<\/li>\n\n\n\n<li><strong>Interpelli<\/strong>: aperti anche a chi \u00e8 in graduatoria, purch\u00e9 <strong>non abbia gi\u00e0 una proposta di nomina<\/strong>.<\/li>\n<\/ul>\n\n\n\n<p>In sostanza, gli interpelli rispondono a un\u2019esigenza precisa dell\u2019istituto, mentre la MAD \u00e8 una candidatura spontanea.<\/p>\n\n\n\n<p><em>Per un approfondimento: <\/em><\/p>\n\n\n<p><strong><a href=\"https:\/\/www.docenti.it\/blog\/mad-scuola-interpelli-differenze\/\">Messa a disposizione e Interpello: differenze<\/a><\/strong><\/p>\n\n\n<p>La <strong>mad scuola 2025<\/strong> pu\u00f2 ancora essere un trampolino di lancio, ma occorre agire con metodo.<br>\u00c8 consigliabile puntare su:<\/p>\n\n\n\n<ul>\n<li><strong>Province con maggiore disponibilit\u00e0 di incarichi<\/strong>.<\/li>\n\n\n\n<li><strong>Periodi dell\u2019anno strategici<\/strong> per l\u2019invio, come prima dell\u2019inizio delle lezioni o dopo le festivit\u00e0.<\/li>\n<\/ul>\n\n\n\n<p>Per quanto possa sembrare un procedimento semplice, la corretta scelta della provincia e del periodo pi\u00f9 conveniente per l&#8217;invio rappresentano elementi <em>che possono fare la differenza. <\/em><\/p>\n\n\n\n<p>Affidarsi a professionisti esperti, come <strong>docenti.it<\/strong>, comporta vantaggi come: <\/p>\n\n\n\n<ul>\n<li>Correzione di eventuali errori nella compilazione; <\/li>\n\n\n\n<li>Invio della MAD a tutte le scuole delle province selezionate; <\/li>\n\n\n\n<li>Trasmissione entro <strong>24 ore lavorative<\/strong>.<\/li>\n<\/ul>\n\n\n\n<p><em>Approfitta dell&#8217;esperienza dei nostri consulenti scolastici: <\/em><\/p>\n\n\n\n<p><\/p>\n\n\n\n<div class=\"is-layout-flex wp-block-buttons\">\n<div class=\"wp-block-button\"><a class=\"wp-block-button__link wp-element-button\" href=\"https:\/\/www.docenti.it\/mad.html\" target=\"_blank\" rel=\"noreferrer noopener\">INVIA LA TUA MAD, CON DOCENTI.IT<\/a><\/div>\n<\/div>\n\n\n\n<p><\/p>\n\n\n\n<p>Per ulteriori news e approfondimenti sul mondo scuola, segui il\u00a0<strong><a href=\"https:\/\/www.docenti.it\/blog\/\" target=\"_blank\" rel=\"noreferrer noopener\">blog\u00a0<\/a><\/strong>di\u00a0<strong><a href=\"https:\/\/www.docenti.it\/\" target=\"_blank\" rel=\"noreferrer noopener\">Docenti.it<\/a><\/strong><\/p>\n\n\n\n<p><\/p>\n","protected":false},"excerpt":{"rendered":"<p>MAD scuola 2025: anche per l\u2019anno scolastico 2025-26, il binomio MAD e Interpelli sar\u00e0 [&hellip;]<\/p>\n","protected":false},"author":25,"featured_media":46601,"comment_status":"open","ping_status":"open","sticky":false,"template":"","format":"standard","meta":[],"categories":[2],"tags":[798,119,10,836],"yoast_head":"<!-- This site is optimized with the Yoast SEO plugin v20.4 - https:\/\/yoast.com\/wordpress\/plugins\/seo\/ -->\n<title>MAD scuola 2025: guida pratica per aspiranti docenti - Blog | Docenti.it<\/title>\n<meta name=\"description\" content=\"MAD scuola 2025: la MAD rappresenta un&#039;imperdibile opportunit\u00e0 di ingresso nel mondo scuola, anche per chi \u00e8 fuori graduatoria.\" \/>\n<meta name=\"robots\" content=\"index, follow, max-snippet:-1, max-image-preview:large, max-video-preview:-1\" \/>\n<link rel=\"canonical\" href=\"https:\/\/www.docenti.it\/blog\/mad-scuola-2025-info-utili-per-inizio-del-nuovo-anno\/\" \/>\n<meta property=\"og:locale\" content=\"it_IT\" \/>\n<meta property=\"og:type\" content=\"article\" \/>\n<meta property=\"og:title\" content=\"MAD scuola 2025: guida pratica per aspiranti docenti - Blog | Docenti.it\" \/>\n<meta property=\"og:description\" content=\"MAD scuola 2025: la MAD rappresenta un&#039;imperdibile opportunit\u00e0 di ingresso nel mondo scuola, anche per chi \u00e8 fuori graduatoria.\" \/>\n<meta property=\"og:url\" content=\"https:\/\/www.docenti.it\/blog\/mad-scuola-2025-info-utili-per-inizio-del-nuovo-anno\/\" \/>\n<meta property=\"og:site_name\" content=\"Blog | Docenti.it\" \/>\n<meta property=\"article:publisher\" content=\"https:\/\/www.facebook.com\/docenti.it\" \/>\n<meta property=\"article:published_time\" content=\"2025-08-12T16:39:40+00:00\" \/>\n<meta property=\"article:modified_time\" content=\"2025-08-12T16:39:41+00:00\" \/>\n<meta property=\"og:image\" content=\"https:\/\/www.docenti.it\/blog\/wp-content\/uploads\/2025\/06\/fb_mad_img.png\" \/>\n\t<meta property=\"og:image:width\" content=\"1140\" \/>\n\t<meta property=\"og:image:height\" content=\"620\" \/>\n\t<meta property=\"og:image:type\" content=\"image\/png\" \/>\n<meta name=\"author\" content=\"Gabriella Capraro\" \/>\n<meta name=\"twitter:card\" content=\"summary_large_image\" \/>\n<meta name=\"twitter:label1\" content=\"Written by\" \/>\n\t<meta name=\"twitter:data1\" content=\"Gabriella Capraro\" \/>\n\t<meta name=\"twitter:label2\" content=\"Est. reading time\" \/>\n\t<meta name=\"twitter:data2\" content=\"2 minuti\" \/>\n<script type=\"application\/ld+json\" class=\"yoast-schema-graph\">{\"@context\":\"https:\/\/schema.org\",\"@graph\":[{\"@type\":\"Article\",\"@id\":\"https:\/\/www.docenti.it\/blog\/mad-scuola-2025-info-utili-per-inizio-del-nuovo-anno\/#article\",\"isPartOf\":{\"@id\":\"https:\/\/www.docenti.it\/blog\/mad-scuola-2025-info-utili-per-inizio-del-nuovo-anno\/\"},\"author\":{\"name\":\"Gabriella Capraro\",\"@id\":\"https:\/\/www.docenti.it\/blog\/#\/schema\/person\/773963d3c0645bd34c150c41a13e5754\"},\"headline\":\"MAD scuola 2025: guida pratica per aspiranti docenti\",\"datePublished\":\"2025-08-12T16:39:40+00:00\",\"dateModified\":\"2025-08-12T16:39:41+00:00\",\"mainEntityOfPage\":{\"@id\":\"https:\/\/www.docenti.it\/blog\/mad-scuola-2025-info-utili-per-inizio-del-nuovo-anno\/\"},\"wordCount\":480,\"commentCount\":0,\"publisher\":{\"@id\":\"https:\/\/www.docenti.it\/blog\/#organization\"},\"keywords\":[\"MAD 2025\",\"MAd scuola\",\"Messa a Disposizione\",\"messa a disposizione 2025\"],\"articleSection\":[\"Messa a Disposizione\"],\"inLanguage\":\"it-IT\",\"potentialAction\":[{\"@type\":\"CommentAction\",\"name\":\"Comment\",\"target\":[\"https:\/\/www.docenti.it\/blog\/mad-scuola-2025-info-utili-per-inizio-del-nuovo-anno\/#respond\"]}]},{\"@type\":\"WebPage\",\"@id\":\"https:\/\/www.docenti.it\/blog\/mad-scuola-2025-info-utili-per-inizio-del-nuovo-anno\/\",\"url\":\"https:\/\/www.docenti.it\/blog\/mad-scuola-2025-info-utili-per-inizio-del-nuovo-anno\/\",\"name\":\"MAD scuola 2025: guida pratica per aspiranti docenti - Blog | Docenti.it\",\"isPartOf\":{\"@id\":\"https:\/\/www.docenti.it\/blog\/#website\"},\"datePublished\":\"2025-08-12T16:39:40+00:00\",\"dateModified\":\"2025-08-12T16:39:41+00:00\",\"description\":\"MAD scuola 2025: la MAD rappresenta un'imperdibile opportunit\u00e0 di ingresso nel mondo scuola, anche per chi \u00e8 fuori graduatoria.\",\"breadcrumb\":{\"@id\":\"https:\/\/www.docenti.it\/blog\/mad-scuola-2025-info-utili-per-inizio-del-nuovo-anno\/#breadcrumb\"},\"inLanguage\":\"it-IT\",\"potentialAction\":[{\"@type\":\"ReadAction\",\"target\":[\"https:\/\/www.docenti.it\/blog\/mad-scuola-2025-info-utili-per-inizio-del-nuovo-anno\/\"]}]},{\"@type\":\"BreadcrumbList\",\"@id\":\"https:\/\/www.docenti.it\/blog\/mad-scuola-2025-info-utili-per-inizio-del-nuovo-anno\/#breadcrumb\",\"itemListElement\":[{\"@type\":\"ListItem\",\"position\":1,\"name\":\"Home\",\"item\":\"https:\/\/www.docenti.it\/blog\/\"},{\"@type\":\"ListItem\",\"position\":2,\"name\":\"MAD scuola 2025: guida pratica per aspiranti docenti\"}]},{\"@type\":\"WebSite\",\"@id\":\"https:\/\/www.docenti.it\/blog\/#website\",\"url\":\"https:\/\/www.docenti.it\/blog\/\",\"name\":\"Blog | Docenti.it\",\"description\":\"Tutte le notizie e gli aggiornamenti dal mondo della scuola\",\"publisher\":{\"@id\":\"https:\/\/www.docenti.it\/blog\/#organization\"},\"potentialAction\":[{\"@type\":\"SearchAction\",\"target\":{\"@type\":\"EntryPoint\",\"urlTemplate\":\"https:\/\/www.docenti.it\/blog\/?s={search_term_string}\"},\"query-input\":\"required name=search_term_string\"}],\"inLanguage\":\"it-IT\"},{\"@type\":\"Organization\",\"@id\":\"https:\/\/www.docenti.it\/blog\/#organization\",\"name\":\"Blog | Docenti.it\",\"url\":\"https:\/\/www.docenti.it\/blog\/\",\"logo\":{\"@type\":\"ImageObject\",\"inLanguage\":\"it-IT\",\"@id\":\"https:\/\/www.docenti.it\/blog\/#\/schema\/logo\/image\/\",\"url\":\"https:\/\/www.docenti.it\/blog\/wp-content\/uploads\/2025\/06\/fb_mad_img.png\",\"contentUrl\":\"https:\/\/www.docenti.it\/blog\/wp-content\/uploads\/2025\/06\/fb_mad_img.png\",\"width\":1140,\"height\":620,\"caption\":\"Blog | Docenti.it\"},\"image\":{\"@id\":\"https:\/\/www.docenti.it\/blog\/#\/schema\/logo\/image\/\"},\"sameAs\":[\"https:\/\/www.facebook.com\/docenti.it\"]},{\"@type\":\"Person\",\"@id\":\"https:\/\/www.docenti.it\/blog\/#\/schema\/person\/773963d3c0645bd34c150c41a13e5754\",\"name\":\"Gabriella Capraro\",\"image\":{\"@type\":\"ImageObject\",\"inLanguage\":\"it-IT\",\"@id\":\"https:\/\/www.docenti.it\/blog\/#\/schema\/person\/image\/\",\"url\":\"https:\/\/secure.gravatar.com\/avatar\/17e0ab06bea064a8a7c5bef443cb7153?s=96&d=mm&r=g\",\"contentUrl\":\"https:\/\/secure.gravatar.com\/avatar\/17e0ab06bea064a8a7c5bef443cb7153?s=96&d=mm&r=g\",\"caption\":\"Gabriella Capraro\"},\"description\":\"Copywriter e digital strategist, collabora come articolista e autrice per diverse piattaforme online, spaziando da tematiche scolastiche\/istituzionali a letterarie e musicali.\",\"url\":\"https:\/\/www.docenti.it\/blog\/author\/gcapraro\/\"}]}<\/script>\n<!-- \/ Yoast SEO plugin. -->","yoast_head_json":{"title":"MAD scuola 2025: guida pratica per aspiranti docenti - Blog | Docenti.it","description":"MAD scuola 2025: la MAD rappresenta un'imperdibile opportunit\u00e0 di ingresso nel mondo scuola, anche per chi \u00e8 fuori graduatoria.","robots":{"index":"index","follow":"follow","max-snippet":"max-snippet:-1","max-image-preview":"max-image-preview:large","max-video-preview":"max-video-preview:-1"},"canonical":"https:\/\/www.docenti.it\/blog\/mad-scuola-2025-info-utili-per-inizio-del-nuovo-anno\/","og_locale":"it_IT","og_type":"article","og_title":"MAD scuola 2025: guida pratica per aspiranti docenti - Blog | Docenti.it","og_description":"MAD scuola 2025: la MAD rappresenta un'imperdibile opportunit\u00e0 di ingresso nel mondo scuola, anche per chi \u00e8 fuori graduatoria.","og_url":"https:\/\/www.docenti.it\/blog\/mad-scuola-2025-info-utili-per-inizio-del-nuovo-anno\/","og_site_name":"Blog | Docenti.it","article_publisher":"https:\/\/www.facebook.com\/docenti.it","article_published_time":"2025-08-12T16:39:40+00:00","article_modified_time":"2025-08-12T16:39:41+00:00","og_image":[{"width":1140,"height":620,"url":"https:\/\/www.docenti.it\/blog\/wp-content\/uploads\/2025\/06\/fb_mad_img.png","type":"image\/png"}],"author":"Gabriella Capraro","twitter_card":"summary_large_image","twitter_misc":{"Written by":"Gabriella Capraro","Est. reading time":"2 minuti"},"schema":{"@context":"https:\/\/schema.org","@graph":[{"@type":"Article","@id":"https:\/\/www.docenti.it\/blog\/mad-scuola-2025-info-utili-per-inizio-del-nuovo-anno\/#article","isPartOf":{"@id":"https:\/\/www.docenti.it\/blog\/mad-scuola-2025-info-utili-per-inizio-del-nuovo-anno\/"},"author":{"name":"Gabriella Capraro","@id":"https:\/\/www.docenti.it\/blog\/#\/schema\/person\/773963d3c0645bd34c150c41a13e5754"},"headline":"MAD scuola 2025: guida pratica per aspiranti docenti","datePublished":"2025-08-12T16:39:40+00:00","dateModified":"2025-08-12T16:39:41+00:00","mainEntityOfPage":{"@id":"https:\/\/www.docenti.it\/blog\/mad-scuola-2025-info-utili-per-inizio-del-nuovo-anno\/"},"wordCount":480,"commentCount":0,"publisher":{"@id":"https:\/\/www.docenti.it\/blog\/#organization"},"keywords":["MAD 2025","MAd scuola","Messa a Disposizione","messa a disposizione 2025"],"articleSection":["Messa a Disposizione"],"inLanguage":"it-IT","potentialAction":[{"@type":"CommentAction","name":"Comment","target":["https:\/\/www.docenti.it\/blog\/mad-scuola-2025-info-utili-per-inizio-del-nuovo-anno\/#respond"]}]},{"@type":"WebPage","@id":"https:\/\/www.docenti.it\/blog\/mad-scuola-2025-info-utili-per-inizio-del-nuovo-anno\/","url":"https:\/\/www.docenti.it\/blog\/mad-scuola-2025-info-utili-per-inizio-del-nuovo-anno\/","name":"MAD scuola 2025: guida pratica per aspiranti docenti - Blog | Docenti.it","isPartOf":{"@id":"https:\/\/www.docenti.it\/blog\/#website"},"datePublished":"2025-08-12T16:39:40+00:00","dateModified":"2025-08-12T16:39:41+00:00","description":"MAD scuola 2025: la MAD rappresenta un'imperdibile opportunit\u00e0 di ingresso nel mondo scuola, anche per chi \u00e8 fuori graduatoria.","breadcrumb":{"@id":"https:\/\/www.docenti.it\/blog\/mad-scuola-2025-info-utili-per-inizio-del-nuovo-anno\/#breadcrumb"},"inLanguage":"it-IT","potentialAction":[{"@type":"ReadAction","target":["https:\/\/www.docenti.it\/blog\/mad-scuola-2025-info-utili-per-inizio-del-nuovo-anno\/"]}]},{"@type":"BreadcrumbList","@id":"https:\/\/www.docenti.it\/blog\/mad-scuola-2025-info-utili-per-inizio-del-nuovo-anno\/#breadcrumb","itemListElement":[{"@type":"ListItem","position":1,"name":"Home","item":"https:\/\/www.docenti.it\/blog\/"},{"@type":"ListItem","position":2,"name":"MAD scuola 2025: guida pratica per aspiranti docenti"}]},{"@type":"WebSite","@id":"https:\/\/www.docenti.it\/blog\/#website","url":"https:\/\/www.docenti.it\/blog\/","name":"Blog | Docenti.it","description":"Tutte le notizie e gli aggiornamenti dal mondo della scuola","publisher":{"@id":"https:\/\/www.docenti.it\/blog\/#organization"},"potentialAction":[{"@type":"SearchAction","target":{"@type":"EntryPoint","urlTemplate":"https:\/\/www.docenti.it\/blog\/?s={search_term_string}"},"query-input":"required name=search_term_string"}],"inLanguage":"it-IT"},{"@type":"Organization","@id":"https:\/\/www.docenti.it\/blog\/#organization","name":"Blog | Docenti.it","url":"https:\/\/www.docenti.it\/blog\/","logo":{"@type":"ImageObject","inLanguage":"it-IT","@id":"https:\/\/www.docenti.it\/blog\/#\/schema\/logo\/image\/","url":"https:\/\/www.docenti.it\/blog\/wp-content\/uploads\/2025\/06\/fb_mad_img.png","contentUrl":"https:\/\/www.docenti.it\/blog\/wp-content\/uploads\/2025\/06\/fb_mad_img.png","width":1140,"height":620,"caption":"Blog | Docenti.it"},"image":{"@id":"https:\/\/www.docenti.it\/blog\/#\/schema\/logo\/image\/"},"sameAs":["https:\/\/www.facebook.com\/docenti.it"]},{"@type":"Person","@id":"https:\/\/www.docenti.it\/blog\/#\/schema\/person\/773963d3c0645bd34c150c41a13e5754","name":"Gabriella Capraro","image":{"@type":"ImageObject","inLanguage":"it-IT","@id":"https:\/\/www.docenti.it\/blog\/#\/schema\/person\/image\/","url":"https:\/\/secure.gravatar.com\/avatar\/17e0ab06bea064a8a7c5bef443cb7153?s=96&d=mm&r=g","contentUrl":"https:\/\/secure.gravatar.com\/avatar\/17e0ab06bea064a8a7c5bef443cb7153?s=96&d=mm&r=g","caption":"Gabriella Capraro"},"description":"Copywriter e digital strategist, collabora come articolista e autrice per diverse piattaforme online, spaziando da tematiche scolastiche\/istituzionali a letterarie e musicali.","url":"https:\/\/www.docenti.it\/blog\/author\/gcapraro\/"}]}},"_links":{"self":[{"href":"https:\/\/www.docenti.it\/blog\/wp-json\/wp\/v2\/posts\/46788"}],"collection":[{"href":"https:\/\/www.docenti.it\/blog\/wp-json\/wp\/v2\/posts"}],"about":[{"href":"https:\/\/www.docenti.it\/blog\/wp-json\/wp\/v2\/types\/post"}],"author":[{"embeddable":true,"href":"https:\/\/www.docenti.it\/blog\/wp-json\/wp\/v2\/users\/25"}],"replies":[{"embeddable":true,"href":"https:\/\/www.docenti.it\/blog\/wp-json\/wp\/v2\/comments?post=46788"}],"version-history":[{"count":1,"href":"https:\/\/www.docenti.it\/blog\/wp-json\/wp\/v2\/posts\/46788\/revisions"}],"predecessor-version":[{"id":46789,"href":"https:\/\/www.docenti.it\/blog\/wp-json\/wp\/v2\/posts\/46788\/revisions\/46789"}],"wp:featuredmedia":[{"embeddable":true,"href":"https:\/\/www.docenti.it\/blog\/wp-json\/wp\/v2\/media\/46601"}],"wp:attachment":[{"href":"https:\/\/www.docenti.it\/blog\/wp-json\/wp\/v2\/media?parent=46788"}],"wp:term":[{"taxonomy":"category","embeddable":true,"href":"https:\/\/www.docenti.it\/blog\/wp-json\/wp\/v2\/categories?post=46788"},{"taxonomy":"post_tag","embeddable":true,"href":"https:\/\/www.docenti.it\/blog\/wp-json\/wp\/v2\/tags?post=46788"}],"curies":[{"name":"wp","href":"https:\/\/api.w.org\/{rel}","templated":true}]}}