{"id":46798,"date":"2025-08-17T14:25:53","date_gmt":"2025-08-17T12:25:53","guid":{"rendered":"https:\/\/www.docenti.it\/blog\/?p=46798"},"modified":"2025-08-17T14:25:54","modified_gmt":"2025-08-17T12:25:54","slug":"interpelli-scuola-guida-alle-candidature-2025","status":"publish","type":"post","link":"https:\/\/www.docenti.it\/blog\/interpelli-scuola-guida-alle-candidature-2025\/","title":{"rendered":"Interpelli scuola: guida alle candidature 2025"},"content":{"rendered":"\n<p>Interpelli scuola: con l\u2019inizio dell\u2019anno scolastico 2025\/2026, molti insegnanti e membri del personale ATA si trovano a chiedersi come funzionino gli <strong>interpelli scuola<\/strong>, quali siano i tempi di pubblicazione e soprattutto chi possa partecipare. <\/p>\n\n\n\n<p>Questa guida raccoglie tutte le informazioni utili e le domande pi\u00f9 frequenti, cos\u00ec da aiutarti a muoverti con sicurezza in questo ambito.<\/p>\n\n\n\n<p><em>Cominciamo! <\/em><\/p>\n\n\n\n<h2>Cos&#8217;\u00e8 l&#8217;Interpello?<\/h2>\n\n\n\n<p>Un interpello scolastico \u00e8 una procedura ufficiale che le scuole attivano per coprire incarichi di supplenza quando le graduatorie GPS e GI risultano esaurite. In pratica, l\u2019istituto pubblica un avviso sul proprio sito e lo comunica anche all\u2019Ufficio Scolastico Territoriale.<\/p>\n\n\n\n<p>Si tratta di uno strumento rapido ed efficace per reperire personale e garantire la continuit\u00e0 didattica agli studenti.<\/p>\n\n\n\n<p><\/p>\n\n\n\n<div class=\"is-layout-flex wp-block-buttons\">\n<div class=\"wp-block-button\"><a class=\"wp-block-button__link wp-element-button\" href=\"https:\/\/www.docenti.it\/interpelli.html\" target=\"_blank\" rel=\"noreferrer noopener\">REGISTRATI AGLI INTERPELLI SCUOLA<\/a><\/div>\n<\/div>\n\n\n\n<p><\/p>\n\n\n\n<p>Gli interpelli non sono aperti a tutti indiscriminatamente. <\/p>\n\n\n\n<p>Possono candidarsi i docenti abilitati, in particolare chi possiede la specializzazione sul sostegno, cos\u00ec come gli insegnanti gi\u00e0 inseriti nelle GPS o in altre graduatorie che per\u00f2 non abbiano ancora ricevuto un incarico. <\/p>\n\n\n\n<p>In alcuni casi possono accedervi anche i collaboratori ATA, ma solo quando ci\u00f2 \u00e8 specificato dall\u2019avviso.<\/p>\n\n\n\n<p>Chi invece ha gi\u00e0 un contratto a tempo determinato nello stesso anno scolastico non pu\u00f2 partecipare. Allo stesso modo, non \u00e8 possibile rispondere a un interpello se si \u00e8 gi\u00e0 presenti in un bollettino di nomina dell\u2019Ufficio Scolastico Provinciale.<\/p>\n\n\n\n<h2>Interpelli scuola: dove vengono pubblicati?<\/h2>\n\n\n\n<p>Gli avvisi di interpello vengono pubblicati principalmente sul sito web delle scuole, ma spesso compaiono anche sui portali degli Uffici Scolastici Provinciali e, in alcuni casi, su quelli regionali. <\/p>\n\n\n\n<p>Per non rischiare di perdere opportunit\u00e0, \u00e8 importante monitorare regolarmente questi canali, soprattutto a fine agosto e inizio settembre, quando si concentrano le prime convocazioni.<\/p>\n\n\n\n<p>Oggi per\u00f2 esistono anche servizi di notifica che semplificano il lavoro di ricerca. Iscrivendosi a queste piattaforme, si ricevono aggiornamenti in tempo reale sugli interpelli compatibili con il proprio profilo, evitando di dover controllare manualmente decine di siti.<\/p>\n\n\n\n<p><em>Un esempio di questa tipologia di servizi \u00e8 rappresentato da Interpelli scuola, offerto dal team di Docenti.it: un pool di consulenti scolastici qualificati provveder\u00e0 a rispondere agli avvisi pubblicati dalle scuole da te selezionate, e tu riceverai un report aggiornato per ogni Istituto che risponde alla tua candidatura. <\/em><\/p>\n\n\n\n<p><\/p>\n\n\n\n<div class=\"is-layout-flex wp-block-buttons\">\n<div class=\"wp-block-button\"><a class=\"wp-block-button__link wp-element-button\" href=\"https:\/\/www.docenti.it\/interpelli.html\" target=\"_blank\" rel=\"noreferrer noopener\">REGISTRATI AGLI INTERPELLI SCUOLA<\/a><\/div>\n<\/div>\n\n\n\n<p><\/p>\n\n\n\n<h2>Cosa contiene un interpello scuola?<\/h2>\n\n\n\n<p>Un <strong>interpello completo<\/strong> deve riportare informazioni chiare e precise: la <strong>data di inizio e la durata della supplenza<\/strong>, l\u2019orario e la sede di servizio, i <strong>requisiti richiesti<\/strong>, le modalit\u00e0 di presentazione della candidatura e i tempi di risposta. Generalmente viene richiesta la presa di servizio entro 24-48 ore.<\/p>\n\n\n\n<p>La presenza di tutte queste indicazioni garantisce <strong>trasparenza<\/strong> e aiuta i candidati a capire subito se hanno i requisiti adatti per partecipare.<\/p>\n\n\n\n<p>Dopo aver inviato la candidatura, la scuola solitamente invia un\u2019<strong>email di conferma<\/strong>. Se si viene convocati, la comunicazione arriva tramite PEC, posta elettronica o, talvolta, anche con una telefonata.<\/p>\n\n\n\n<p>Per incrementare le proprie chance conviene mantenere aggiornati titoli e certificazioni, monitorare costantemente i siti delle scuole e rispondere con rapidit\u00e0 agli avvisi. <\/p>\n\n\n\n<p>Chi utilizza servizi di notifica o consulenze specializzate ha certamente un vantaggio competitivo rispetto a chi si affida solo a controlli manuali.<\/p>\n\n\n\n<p><\/p>\n\n\n\n<div class=\"is-layout-flex wp-block-buttons\">\n<div class=\"wp-block-button\"><a class=\"wp-block-button__link wp-element-button\" href=\"https:\/\/www.docenti.it\/interpelli.html\" target=\"_blank\" rel=\"noreferrer noopener\">REGISTRATI AGLI INTERPELLI SCUOLA<\/a><\/div>\n<\/div>\n\n\n\n<p><\/p>\n\n\n\n<p>Per ulteriori news e aggiornamenti sul mondo scuola, segui il\u00a0<strong><a href=\"https:\/\/www.docenti.it\/blog\/\" target=\"_blank\" rel=\"noreferrer noopener\">blog<\/a><\/strong>\u00a0di\u00a0<strong><a href=\"https:\/\/www.docenti.it\/\">Docenti.it<\/a><\/strong><\/p>\n\n\n\n<p><\/p>\n","protected":false},"excerpt":{"rendered":"<p>Interpelli scuola: con l\u2019inizio dell\u2019anno scolastico 2025\/2026, molti insegnanti e membri del personale ATA [&hellip;]<\/p>\n","protected":false},"author":25,"featured_media":45023,"comment_status":"open","ping_status":"open","sticky":false,"template":"","format":"standard","meta":[],"categories":[751],"tags":[699,797,759],"yoast_head":"<!-- This site is optimized with the Yoast SEO plugin v20.4 - https:\/\/yoast.com\/wordpress\/plugins\/seo\/ -->\n<title>Interpelli scuola: guida alle candidature 2025 - Blog | Docenti.it<\/title>\n<meta name=\"description\" content=\"Interpelli scuola: un recap delle caratteristiche dell&#039;interpello, comprensivo dei requisiti e dei termini per inviare le candidature.\" \/>\n<meta name=\"robots\" content=\"index, follow, max-snippet:-1, max-image-preview:large, max-video-preview:-1\" \/>\n<link rel=\"canonical\" href=\"https:\/\/www.docenti.it\/blog\/interpelli-scuola-guida-alle-candidature-2025\/\" \/>\n<meta property=\"og:locale\" content=\"it_IT\" \/>\n<meta property=\"og:type\" content=\"article\" \/>\n<meta property=\"og:title\" content=\"Interpelli scuola: guida alle candidature 2025 - Blog | Docenti.it\" \/>\n<meta property=\"og:description\" content=\"Interpelli scuola: un recap delle caratteristiche dell&#039;interpello, comprensivo dei requisiti e dei termini per inviare le candidature.\" \/>\n<meta property=\"og:url\" content=\"https:\/\/www.docenti.it\/blog\/interpelli-scuola-guida-alle-candidature-2025\/\" \/>\n<meta property=\"og:site_name\" content=\"Blog | Docenti.it\" \/>\n<meta property=\"article:publisher\" content=\"https:\/\/www.facebook.com\/docenti.it\" \/>\n<meta property=\"article:published_time\" content=\"2025-08-17T12:25:53+00:00\" \/>\n<meta property=\"article:modified_time\" content=\"2025-08-17T12:25:54+00:00\" \/>\n<meta property=\"og:image\" content=\"https:\/\/www.docenti.it\/blog\/wp-content\/uploads\/2023\/02\/studies-g1044a36f8_640.jpg\" \/>\n\t<meta property=\"og:image:width\" content=\"640\" \/>\n\t<meta property=\"og:image:height\" content=\"427\" \/>\n\t<meta property=\"og:image:type\" content=\"image\/jpeg\" \/>\n<meta name=\"author\" content=\"Gabriella Capraro\" \/>\n<meta name=\"twitter:card\" content=\"summary_large_image\" \/>\n<meta name=\"twitter:label1\" content=\"Written by\" \/>\n\t<meta name=\"twitter:data1\" content=\"Gabriella Capraro\" \/>\n\t<meta name=\"twitter:label2\" content=\"Est. reading time\" \/>\n\t<meta name=\"twitter:data2\" content=\"3 minuti\" \/>\n<script type=\"application\/ld+json\" class=\"yoast-schema-graph\">{\"@context\":\"https:\/\/schema.org\",\"@graph\":[{\"@type\":\"Article\",\"@id\":\"https:\/\/www.docenti.it\/blog\/interpelli-scuola-guida-alle-candidature-2025\/#article\",\"isPartOf\":{\"@id\":\"https:\/\/www.docenti.it\/blog\/interpelli-scuola-guida-alle-candidature-2025\/\"},\"author\":{\"name\":\"Gabriella Capraro\",\"@id\":\"https:\/\/www.docenti.it\/blog\/#\/schema\/person\/773963d3c0645bd34c150c41a13e5754\"},\"headline\":\"Interpelli scuola: guida alle candidature 2025\",\"datePublished\":\"2025-08-17T12:25:53+00:00\",\"dateModified\":\"2025-08-17T12:25:54+00:00\",\"mainEntityOfPage\":{\"@id\":\"https:\/\/www.docenti.it\/blog\/interpelli-scuola-guida-alle-candidature-2025\/\"},\"wordCount\":540,\"commentCount\":0,\"publisher\":{\"@id\":\"https:\/\/www.docenti.it\/blog\/#organization\"},\"keywords\":[\"interpelli\",\"interpelli 2025\",\"Interpelli scuola\"],\"articleSection\":[\"Interpelli, mad e supplenze\"],\"inLanguage\":\"it-IT\",\"potentialAction\":[{\"@type\":\"CommentAction\",\"name\":\"Comment\",\"target\":[\"https:\/\/www.docenti.it\/blog\/interpelli-scuola-guida-alle-candidature-2025\/#respond\"]}]},{\"@type\":\"WebPage\",\"@id\":\"https:\/\/www.docenti.it\/blog\/interpelli-scuola-guida-alle-candidature-2025\/\",\"url\":\"https:\/\/www.docenti.it\/blog\/interpelli-scuola-guida-alle-candidature-2025\/\",\"name\":\"Interpelli scuola: guida alle candidature 2025 - Blog | Docenti.it\",\"isPartOf\":{\"@id\":\"https:\/\/www.docenti.it\/blog\/#website\"},\"datePublished\":\"2025-08-17T12:25:53+00:00\",\"dateModified\":\"2025-08-17T12:25:54+00:00\",\"description\":\"Interpelli scuola: un recap delle caratteristiche dell'interpello, comprensivo dei requisiti e dei termini per inviare le candidature.\",\"breadcrumb\":{\"@id\":\"https:\/\/www.docenti.it\/blog\/interpelli-scuola-guida-alle-candidature-2025\/#breadcrumb\"},\"inLanguage\":\"it-IT\",\"potentialAction\":[{\"@type\":\"ReadAction\",\"target\":[\"https:\/\/www.docenti.it\/blog\/interpelli-scuola-guida-alle-candidature-2025\/\"]}]},{\"@type\":\"BreadcrumbList\",\"@id\":\"https:\/\/www.docenti.it\/blog\/interpelli-scuola-guida-alle-candidature-2025\/#breadcrumb\",\"itemListElement\":[{\"@type\":\"ListItem\",\"position\":1,\"name\":\"Home\",\"item\":\"https:\/\/www.docenti.it\/blog\/\"},{\"@type\":\"ListItem\",\"position\":2,\"name\":\"Interpelli scuola: guida alle candidature 2025\"}]},{\"@type\":\"WebSite\",\"@id\":\"https:\/\/www.docenti.it\/blog\/#website\",\"url\":\"https:\/\/www.docenti.it\/blog\/\",\"name\":\"Blog | Docenti.it\",\"description\":\"Tutte le notizie e gli aggiornamenti dal mondo della scuola\",\"publisher\":{\"@id\":\"https:\/\/www.docenti.it\/blog\/#organization\"},\"potentialAction\":[{\"@type\":\"SearchAction\",\"target\":{\"@type\":\"EntryPoint\",\"urlTemplate\":\"https:\/\/www.docenti.it\/blog\/?s={search_term_string}\"},\"query-input\":\"required name=search_term_string\"}],\"inLanguage\":\"it-IT\"},{\"@type\":\"Organization\",\"@id\":\"https:\/\/www.docenti.it\/blog\/#organization\",\"name\":\"Blog | Docenti.it\",\"url\":\"https:\/\/www.docenti.it\/blog\/\",\"logo\":{\"@type\":\"ImageObject\",\"inLanguage\":\"it-IT\",\"@id\":\"https:\/\/www.docenti.it\/blog\/#\/schema\/logo\/image\/\",\"url\":\"https:\/\/www.docenti.it\/blog\/wp-content\/uploads\/2025\/06\/fb_mad_img.png\",\"contentUrl\":\"https:\/\/www.docenti.it\/blog\/wp-content\/uploads\/2025\/06\/fb_mad_img.png\",\"width\":1140,\"height\":620,\"caption\":\"Blog | Docenti.it\"},\"image\":{\"@id\":\"https:\/\/www.docenti.it\/blog\/#\/schema\/logo\/image\/\"},\"sameAs\":[\"https:\/\/www.facebook.com\/docenti.it\"]},{\"@type\":\"Person\",\"@id\":\"https:\/\/www.docenti.it\/blog\/#\/schema\/person\/773963d3c0645bd34c150c41a13e5754\",\"name\":\"Gabriella Capraro\",\"image\":{\"@type\":\"ImageObject\",\"inLanguage\":\"it-IT\",\"@id\":\"https:\/\/www.docenti.it\/blog\/#\/schema\/person\/image\/\",\"url\":\"https:\/\/secure.gravatar.com\/avatar\/17e0ab06bea064a8a7c5bef443cb7153?s=96&d=mm&r=g\",\"contentUrl\":\"https:\/\/secure.gravatar.com\/avatar\/17e0ab06bea064a8a7c5bef443cb7153?s=96&d=mm&r=g\",\"caption\":\"Gabriella Capraro\"},\"description\":\"Copywriter e digital strategist, collabora come articolista e autrice per diverse piattaforme online, spaziando da tematiche scolastiche\/istituzionali a letterarie e musicali.\",\"url\":\"https:\/\/www.docenti.it\/blog\/author\/gcapraro\/\"}]}<\/script>\n<!-- \/ Yoast SEO plugin. -->","yoast_head_json":{"title":"Interpelli scuola: guida alle candidature 2025 - Blog | Docenti.it","description":"Interpelli scuola: un recap delle caratteristiche dell'interpello, comprensivo dei requisiti e dei termini per inviare le candidature.","robots":{"index":"index","follow":"follow","max-snippet":"max-snippet:-1","max-image-preview":"max-image-preview:large","max-video-preview":"max-video-preview:-1"},"canonical":"https:\/\/www.docenti.it\/blog\/interpelli-scuola-guida-alle-candidature-2025\/","og_locale":"it_IT","og_type":"article","og_title":"Interpelli scuola: guida alle candidature 2025 - Blog | Docenti.it","og_description":"Interpelli scuola: un recap delle caratteristiche dell'interpello, comprensivo dei requisiti e dei termini per inviare le candidature.","og_url":"https:\/\/www.docenti.it\/blog\/interpelli-scuola-guida-alle-candidature-2025\/","og_site_name":"Blog | Docenti.it","article_publisher":"https:\/\/www.facebook.com\/docenti.it","article_published_time":"2025-08-17T12:25:53+00:00","article_modified_time":"2025-08-17T12:25:54+00:00","og_image":[{"width":640,"height":427,"url":"https:\/\/www.docenti.it\/blog\/wp-content\/uploads\/2023\/02\/studies-g1044a36f8_640.jpg","type":"image\/jpeg"}],"author":"Gabriella Capraro","twitter_card":"summary_large_image","twitter_misc":{"Written by":"Gabriella Capraro","Est. reading time":"3 minuti"},"schema":{"@context":"https:\/\/schema.org","@graph":[{"@type":"Article","@id":"https:\/\/www.docenti.it\/blog\/interpelli-scuola-guida-alle-candidature-2025\/#article","isPartOf":{"@id":"https:\/\/www.docenti.it\/blog\/interpelli-scuola-guida-alle-candidature-2025\/"},"author":{"name":"Gabriella Capraro","@id":"https:\/\/www.docenti.it\/blog\/#\/schema\/person\/773963d3c0645bd34c150c41a13e5754"},"headline":"Interpelli scuola: guida alle candidature 2025","datePublished":"2025-08-17T12:25:53+00:00","dateModified":"2025-08-17T12:25:54+00:00","mainEntityOfPage":{"@id":"https:\/\/www.docenti.it\/blog\/interpelli-scuola-guida-alle-candidature-2025\/"},"wordCount":540,"commentCount":0,"publisher":{"@id":"https:\/\/www.docenti.it\/blog\/#organization"},"keywords":["interpelli","interpelli 2025","Interpelli scuola"],"articleSection":["Interpelli, mad e supplenze"],"inLanguage":"it-IT","potentialAction":[{"@type":"CommentAction","name":"Comment","target":["https:\/\/www.docenti.it\/blog\/interpelli-scuola-guida-alle-candidature-2025\/#respond"]}]},{"@type":"WebPage","@id":"https:\/\/www.docenti.it\/blog\/interpelli-scuola-guida-alle-candidature-2025\/","url":"https:\/\/www.docenti.it\/blog\/interpelli-scuola-guida-alle-candidature-2025\/","name":"Interpelli scuola: guida alle candidature 2025 - Blog | Docenti.it","isPartOf":{"@id":"https:\/\/www.docenti.it\/blog\/#website"},"datePublished":"2025-08-17T12:25:53+00:00","dateModified":"2025-08-17T12:25:54+00:00","description":"Interpelli scuola: un recap delle caratteristiche dell'interpello, comprensivo dei requisiti e dei termini per inviare le candidature.","breadcrumb":{"@id":"https:\/\/www.docenti.it\/blog\/interpelli-scuola-guida-alle-candidature-2025\/#breadcrumb"},"inLanguage":"it-IT","potentialAction":[{"@type":"ReadAction","target":["https:\/\/www.docenti.it\/blog\/interpelli-scuola-guida-alle-candidature-2025\/"]}]},{"@type":"BreadcrumbList","@id":"https:\/\/www.docenti.it\/blog\/interpelli-scuola-guida-alle-candidature-2025\/#breadcrumb","itemListElement":[{"@type":"ListItem","position":1,"name":"Home","item":"https:\/\/www.docenti.it\/blog\/"},{"@type":"ListItem","position":2,"name":"Interpelli scuola: guida alle candidature 2025"}]},{"@type":"WebSite","@id":"https:\/\/www.docenti.it\/blog\/#website","url":"https:\/\/www.docenti.it\/blog\/","name":"Blog | Docenti.it","description":"Tutte le notizie e gli aggiornamenti dal mondo della scuola","publisher":{"@id":"https:\/\/www.docenti.it\/blog\/#organization"},"potentialAction":[{"@type":"SearchAction","target":{"@type":"EntryPoint","urlTemplate":"https:\/\/www.docenti.it\/blog\/?s={search_term_string}"},"query-input":"required name=search_term_string"}],"inLanguage":"it-IT"},{"@type":"Organization","@id":"https:\/\/www.docenti.it\/blog\/#organization","name":"Blog | Docenti.it","url":"https:\/\/www.docenti.it\/blog\/","logo":{"@type":"ImageObject","inLanguage":"it-IT","@id":"https:\/\/www.docenti.it\/blog\/#\/schema\/logo\/image\/","url":"https:\/\/www.docenti.it\/blog\/wp-content\/uploads\/2025\/06\/fb_mad_img.png","contentUrl":"https:\/\/www.docenti.it\/blog\/wp-content\/uploads\/2025\/06\/fb_mad_img.png","width":1140,"height":620,"caption":"Blog | Docenti.it"},"image":{"@id":"https:\/\/www.docenti.it\/blog\/#\/schema\/logo\/image\/"},"sameAs":["https:\/\/www.facebook.com\/docenti.it"]},{"@type":"Person","@id":"https:\/\/www.docenti.it\/blog\/#\/schema\/person\/773963d3c0645bd34c150c41a13e5754","name":"Gabriella Capraro","image":{"@type":"ImageObject","inLanguage":"it-IT","@id":"https:\/\/www.docenti.it\/blog\/#\/schema\/person\/image\/","url":"https:\/\/secure.gravatar.com\/avatar\/17e0ab06bea064a8a7c5bef443cb7153?s=96&d=mm&r=g","contentUrl":"https:\/\/secure.gravatar.com\/avatar\/17e0ab06bea064a8a7c5bef443cb7153?s=96&d=mm&r=g","caption":"Gabriella Capraro"},"description":"Copywriter e digital strategist, collabora come articolista e autrice per diverse piattaforme online, spaziando da tematiche scolastiche\/istituzionali a letterarie e musicali.","url":"https:\/\/www.docenti.it\/blog\/author\/gcapraro\/"}]}},"_links":{"self":[{"href":"https:\/\/www.docenti.it\/blog\/wp-json\/wp\/v2\/posts\/46798"}],"collection":[{"href":"https:\/\/www.docenti.it\/blog\/wp-json\/wp\/v2\/posts"}],"about":[{"href":"https:\/\/www.docenti.it\/blog\/wp-json\/wp\/v2\/types\/post"}],"author":[{"embeddable":true,"href":"https:\/\/www.docenti.it\/blog\/wp-json\/wp\/v2\/users\/25"}],"replies":[{"embeddable":true,"href":"https:\/\/www.docenti.it\/blog\/wp-json\/wp\/v2\/comments?post=46798"}],"version-history":[{"count":1,"href":"https:\/\/www.docenti.it\/blog\/wp-json\/wp\/v2\/posts\/46798\/revisions"}],"predecessor-version":[{"id":46799,"href":"https:\/\/www.docenti.it\/blog\/wp-json\/wp\/v2\/posts\/46798\/revisions\/46799"}],"wp:featuredmedia":[{"embeddable":true,"href":"https:\/\/www.docenti.it\/blog\/wp-json\/wp\/v2\/media\/45023"}],"wp:attachment":[{"href":"https:\/\/www.docenti.it\/blog\/wp-json\/wp\/v2\/media?parent=46798"}],"wp:term":[{"taxonomy":"category","embeddable":true,"href":"https:\/\/www.docenti.it\/blog\/wp-json\/wp\/v2\/categories?post=46798"},{"taxonomy":"post_tag","embeddable":true,"href":"https:\/\/www.docenti.it\/blog\/wp-json\/wp\/v2\/tags?post=46798"}],"curies":[{"name":"wp","href":"https:\/\/api.w.org\/{rel}","templated":true}]}}