{"id":46800,"date":"2025-08-18T18:25:02","date_gmt":"2025-08-18T16:25:02","guid":{"rendered":"https:\/\/www.docenti.it\/blog\/?p=46800"},"modified":"2025-08-18T18:25:42","modified_gmt":"2025-08-18T16:25:42","slug":"mini-call-veloce-2025-26-ultimo-giorno-disponibile","status":"publish","type":"post","link":"https:\/\/www.docenti.it\/blog\/mini-call-veloce-2025-26-ultimo-giorno-disponibile\/","title":{"rendered":"Mini call veloce 2025\/26: ultimo giorno disponibile"},"content":{"rendered":"\n<p>Mini call veloce 2025\/26: l\u2019ultimo passaggio delle assunzioni per l\u2019anno scolastico 2025\/26.<\/p>\n\n\n\n<p>La domanda va presentata dal <strong>14 agosto ore 10:00 al 19 agosto ore 9:00<\/strong>. I posti disponibili riguardano principalmente <strong>infanzia e primaria<\/strong>, pochissimi per <strong>ADMM<\/strong>, mentre per <strong>ADSS<\/strong> al momento non ci sono disponibilit\u00e0 (in attesa dei dati completi degli Uffici Scolastici).<\/p>\n\n\n\n<p><em>In questo contenuto illustreremo le F.A.Q. relative alle procedure di assunzione sul sostegno da mini call veloce. <\/em><\/p>\n\n\n\n<h2>Mini call veloce 2025\/26: dove \u00e8 possibile visualizzare i posti disponibili? <\/h2>\n\n\n\n<p><strong>Le disponibilit\u00e0 vengono pubblicate sui siti degli Uffici Scolastici Provinciali (USP)<\/strong>, e in alcuni casi anche su quelli regionali (USR). \u00c8 fondamentale consultare i siti delle province di interesse.<\/p>\n\n\n\n<p><strong>Situazione attuale dei posti:<\/strong><\/p>\n\n\n\n<ul>\n<li><strong>Sud Italia<\/strong>: pochi posti disponibili.<\/li>\n\n\n\n<li><strong>Sardegna e alcune province del Nord<\/strong>: maggiore disponibilit\u00e0, soprattutto per primaria.<\/li>\n\n\n\n<li><strong>Secondaria<\/strong>: situazione molto critica, con opportunit\u00e0 limitate.<\/li>\n<\/ul>\n\n\n\n<h2>Come funziona la procedura Mini Call Veloce<\/h2>\n\n\n\n<p>La <strong>mini call veloce<\/strong> si articola in <strong>due fasi principali<\/strong>:<\/p>\n\n\n\n<h3>Fase 1: scelta della provincia<\/h3>\n\n\n\n<ul>\n<li>Dal <strong>14 agosto ore 10:00<\/strong> al <strong>19 agosto ore 9:00<\/strong>.<\/li>\n\n\n\n<li>\u00c8 possibile indicare una o pi\u00f9 province, purch\u00e9 all\u2019interno della stessa regione.<\/li>\n<\/ul>\n\n\n\n<h3>Fase 2: scelta delle sedi<\/h3>\n\n\n\n<ul>\n<li>Dopo la pubblicazione delle assegnazioni provinciali.<\/li>\n\n\n\n<li>L\u2019intero iter si conclude entro il <strong>21 agosto<\/strong>.<\/li>\n\n\n\n<li>Se nessuna preferenza viene soddisfatta, la sede sar\u00e0 assegnata d\u2019ufficio.<\/li>\n<\/ul>\n\n\n\n<p><strong>Importante:<\/strong> per lo stesso grado di istruzione si pu\u00f2 scegliere un\u2019unica regione. La provincia indicata deve essere diversa da quella di inserimento nelle GPS.<\/p>\n\n\n\n<h2>Mini call veloce 2025\/26: le domande pi\u00f9 frequenti<\/h2>\n\n\n\n<h3>Se non ottengo l\u2019assegnazione, perdo il diritto alle supplenze?<\/h3>\n\n\n\n<p><strong>No.<\/strong> La mancata assegnazione non comporta esclusione da supplenze GPS o GI. L\u2019esclusione avviene solo se si ottiene una sede e successivamente si rinuncia.<\/p>\n\n\n\n<h3>I posti rifiutati vengono riassegnati?<\/h3>\n\n\n\n<p>Non \u00e8 previsto alcuno scorrimento specifico per la mini call veloce.<\/p>\n\n\n\n<h3>Gli elenchi aggiuntivi hanno possibilit\u00e0 di nomina?<\/h3>\n\n\n\n<p><strong>S\u00ec, soprattutto al Nord.<\/strong> Tuttavia, prima viene esaurita la prima fascia e solo dopo si passa agli elenchi aggiuntivi.<\/p>\n\n\n\n<h3>\u00c8 possibile partecipare in una regione diversa dalla propria?<\/h3>\n\n\n\n<p><strong>S\u00ec.<\/strong> La procedura nasce proprio per consentire candidature anche fuori dalla propria regione di inserimento GPS.<\/p>\n\n\n\n<h3>Chi \u00e8 in prima fascia ha la precedenza?<\/h3>\n\n\n\n<p><strong>Assolutamente s\u00ec.<\/strong> L\u2019ordine \u00e8 sempre prima fascia, poi elenchi aggiuntivi.<\/p>\n\n\n\n<p><strong>Chi ottiene un incarico tramite mini call veloce \u00e8 soggetto al vincolo triennale.<\/strong><br>Questo significa che per tre anni non si possono richiedere trasferimenti o assegnazioni provvisorie, salvo deroghe molto limitate.<\/p>\n\n\n\n<p>Tuttavia, la mini call rappresenta un\u2019opportunit\u00e0 per chi vuole <strong>raggiungere il ruolo a tempo indeterminato<\/strong> anche in province lontane dalla propria, accettando il rischio di sedi disagiate.<\/p>\n\n\n\n<h2>Le nostre best practice per la procedura della mini call veloce 2025\/26<\/h2>\n\n\n\n<p>Questo \u00e8 un elenco di consigli che diamo ai nostri lettori, in vista della chiusura delle domande: <\/p>\n\n\n\n<ul>\n<li><strong>Controllare con attenzione i siti USP<\/strong> per le disponibilit\u00e0 aggiornate; <\/li>\n<\/ul>\n\n\n\n<ul>\n<li><strong>Indicare pi\u00f9 sedi possibili<\/strong> per aumentare le possibilit\u00e0 di assegnazione; <\/li>\n<\/ul>\n\n\n\n<ul>\n<li><strong>Valutare bene il vincolo triennale<\/strong>: accettare una sede lontana pu\u00f2 comportare difficolt\u00e0 negli spostamenti; <\/li>\n<\/ul>\n\n\n\n<ul>\n<li><strong>Non rinunciare alla leggerezza della procedura<\/strong>: tentare non comporta penalizzazioni se non si viene assegnati.<\/li>\n<\/ul>\n\n\n\n<p>La <strong>mini call veloce sostegno 2025\/26<\/strong> \u00e8 un passaggio fondamentale per chi aspira a entrare di ruolo, soprattutto in province con carenze di personale.<\/p>\n\n\n\n<p><strong>Informarsi, scegliere con attenzione e valutare i vincoli<\/strong> sono le chiavi per affrontare questa procedura nel modo pi\u00f9 consapevole possibile.<\/p>\n\n\n\n<p><\/p>\n\n\n\n<p>Per ulteriori news e aggiornamenti sul mondo scuola, segui il\u00a0<strong><a href=\"https:\/\/www.docenti.it\/blog\/\" target=\"_blank\" rel=\"noreferrer noopener\">blog<\/a><\/strong>\u00a0di\u00a0<strong><a href=\"https:\/\/www.docenti.it\/\">Docenti.it<\/a><\/strong><\/p>\n\n\n\n<p><\/p>\n","protected":false},"excerpt":{"rendered":"<p>Mini call veloce 2025\/26: l\u2019ultimo passaggio delle assunzioni per l\u2019anno scolastico 2025\/26. La domanda [&hellip;]<\/p>\n","protected":false},"author":25,"featured_media":44535,"comment_status":"open","ping_status":"open","sticky":false,"template":"","format":"standard","meta":[],"categories":[1,4],"tags":[867,929,811],"yoast_head":"<!-- This site is optimized with the Yoast SEO plugin v20.4 - https:\/\/yoast.com\/wordpress\/plugins\/seo\/ -->\n<title>Mini call veloce 2025\/26: ultimo giorno disponibile - Blog | Docenti.it<\/title>\n<meta name=\"description\" content=\"Mini call veloce 2025\/26: in scadenza domani la domanda per la partecipazione alla procedura della mini call veloce 2025\/26.\" \/>\n<meta name=\"robots\" content=\"index, follow, max-snippet:-1, max-image-preview:large, max-video-preview:-1\" \/>\n<link rel=\"canonical\" href=\"https:\/\/www.docenti.it\/blog\/mini-call-veloce-2025-26-ultimo-giorno-disponibile\/\" \/>\n<meta property=\"og:locale\" content=\"it_IT\" \/>\n<meta property=\"og:type\" content=\"article\" \/>\n<meta property=\"og:title\" content=\"Mini call veloce 2025\/26: ultimo giorno disponibile - Blog | Docenti.it\" \/>\n<meta property=\"og:description\" content=\"Mini call veloce 2025\/26: in scadenza domani la domanda per la partecipazione alla procedura della mini call veloce 2025\/26.\" \/>\n<meta property=\"og:url\" content=\"https:\/\/www.docenti.it\/blog\/mini-call-veloce-2025-26-ultimo-giorno-disponibile\/\" \/>\n<meta property=\"og:site_name\" content=\"Blog | Docenti.it\" \/>\n<meta property=\"article:publisher\" content=\"https:\/\/www.facebook.com\/docenti.it\" \/>\n<meta property=\"article:published_time\" content=\"2025-08-18T16:25:02+00:00\" \/>\n<meta property=\"article:modified_time\" content=\"2025-08-18T16:25:42+00:00\" \/>\n<meta property=\"og:image\" content=\"https:\/\/www.docenti.it\/blog\/wp-content\/uploads\/2023\/02\/pexels-te-lensfix-1083728.jpg\" \/>\n\t<meta property=\"og:image:width\" content=\"640\" \/>\n\t<meta property=\"og:image:height\" content=\"427\" \/>\n\t<meta property=\"og:image:type\" content=\"image\/jpeg\" \/>\n<meta name=\"author\" content=\"Gabriella Capraro\" \/>\n<meta name=\"twitter:card\" content=\"summary_large_image\" \/>\n<meta name=\"twitter:label1\" content=\"Written by\" \/>\n\t<meta name=\"twitter:data1\" content=\"Gabriella Capraro\" \/>\n\t<meta name=\"twitter:label2\" content=\"Est. reading time\" \/>\n\t<meta name=\"twitter:data2\" content=\"3 minuti\" \/>\n<script type=\"application\/ld+json\" class=\"yoast-schema-graph\">{\"@context\":\"https:\/\/schema.org\",\"@graph\":[{\"@type\":\"Article\",\"@id\":\"https:\/\/www.docenti.it\/blog\/mini-call-veloce-2025-26-ultimo-giorno-disponibile\/#article\",\"isPartOf\":{\"@id\":\"https:\/\/www.docenti.it\/blog\/mini-call-veloce-2025-26-ultimo-giorno-disponibile\/\"},\"author\":{\"name\":\"Gabriella Capraro\",\"@id\":\"https:\/\/www.docenti.it\/blog\/#\/schema\/person\/773963d3c0645bd34c150c41a13e5754\"},\"headline\":\"Mini call veloce 2025\/26: ultimo giorno disponibile\",\"datePublished\":\"2025-08-18T16:25:02+00:00\",\"dateModified\":\"2025-08-18T16:25:42+00:00\",\"mainEntityOfPage\":{\"@id\":\"https:\/\/www.docenti.it\/blog\/mini-call-veloce-2025-26-ultimo-giorno-disponibile\/\"},\"wordCount\":546,\"commentCount\":0,\"publisher\":{\"@id\":\"https:\/\/www.docenti.it\/blog\/#organization\"},\"keywords\":[\"mini call veloce\",\"mini call veloce 2025\/26\",\"sostegno 2025\"],\"articleSection\":[\"FAQ\",\"News\"],\"inLanguage\":\"it-IT\",\"potentialAction\":[{\"@type\":\"CommentAction\",\"name\":\"Comment\",\"target\":[\"https:\/\/www.docenti.it\/blog\/mini-call-veloce-2025-26-ultimo-giorno-disponibile\/#respond\"]}]},{\"@type\":\"WebPage\",\"@id\":\"https:\/\/www.docenti.it\/blog\/mini-call-veloce-2025-26-ultimo-giorno-disponibile\/\",\"url\":\"https:\/\/www.docenti.it\/blog\/mini-call-veloce-2025-26-ultimo-giorno-disponibile\/\",\"name\":\"Mini call veloce 2025\/26: ultimo giorno disponibile - Blog | Docenti.it\",\"isPartOf\":{\"@id\":\"https:\/\/www.docenti.it\/blog\/#website\"},\"datePublished\":\"2025-08-18T16:25:02+00:00\",\"dateModified\":\"2025-08-18T16:25:42+00:00\",\"description\":\"Mini call veloce 2025\/26: in scadenza domani la domanda per la partecipazione alla procedura della mini call veloce 2025\/26.\",\"breadcrumb\":{\"@id\":\"https:\/\/www.docenti.it\/blog\/mini-call-veloce-2025-26-ultimo-giorno-disponibile\/#breadcrumb\"},\"inLanguage\":\"it-IT\",\"potentialAction\":[{\"@type\":\"ReadAction\",\"target\":[\"https:\/\/www.docenti.it\/blog\/mini-call-veloce-2025-26-ultimo-giorno-disponibile\/\"]}]},{\"@type\":\"BreadcrumbList\",\"@id\":\"https:\/\/www.docenti.it\/blog\/mini-call-veloce-2025-26-ultimo-giorno-disponibile\/#breadcrumb\",\"itemListElement\":[{\"@type\":\"ListItem\",\"position\":1,\"name\":\"Home\",\"item\":\"https:\/\/www.docenti.it\/blog\/\"},{\"@type\":\"ListItem\",\"position\":2,\"name\":\"Mini call veloce 2025\/26: ultimo giorno disponibile\"}]},{\"@type\":\"WebSite\",\"@id\":\"https:\/\/www.docenti.it\/blog\/#website\",\"url\":\"https:\/\/www.docenti.it\/blog\/\",\"name\":\"Blog | Docenti.it\",\"description\":\"Tutte le notizie e gli aggiornamenti dal mondo della scuola\",\"publisher\":{\"@id\":\"https:\/\/www.docenti.it\/blog\/#organization\"},\"potentialAction\":[{\"@type\":\"SearchAction\",\"target\":{\"@type\":\"EntryPoint\",\"urlTemplate\":\"https:\/\/www.docenti.it\/blog\/?s={search_term_string}\"},\"query-input\":\"required name=search_term_string\"}],\"inLanguage\":\"it-IT\"},{\"@type\":\"Organization\",\"@id\":\"https:\/\/www.docenti.it\/blog\/#organization\",\"name\":\"Blog | Docenti.it\",\"url\":\"https:\/\/www.docenti.it\/blog\/\",\"logo\":{\"@type\":\"ImageObject\",\"inLanguage\":\"it-IT\",\"@id\":\"https:\/\/www.docenti.it\/blog\/#\/schema\/logo\/image\/\",\"url\":\"https:\/\/www.docenti.it\/blog\/wp-content\/uploads\/2025\/06\/fb_mad_img.png\",\"contentUrl\":\"https:\/\/www.docenti.it\/blog\/wp-content\/uploads\/2025\/06\/fb_mad_img.png\",\"width\":1140,\"height\":620,\"caption\":\"Blog | Docenti.it\"},\"image\":{\"@id\":\"https:\/\/www.docenti.it\/blog\/#\/schema\/logo\/image\/\"},\"sameAs\":[\"https:\/\/www.facebook.com\/docenti.it\"]},{\"@type\":\"Person\",\"@id\":\"https:\/\/www.docenti.it\/blog\/#\/schema\/person\/773963d3c0645bd34c150c41a13e5754\",\"name\":\"Gabriella Capraro\",\"image\":{\"@type\":\"ImageObject\",\"inLanguage\":\"it-IT\",\"@id\":\"https:\/\/www.docenti.it\/blog\/#\/schema\/person\/image\/\",\"url\":\"https:\/\/secure.gravatar.com\/avatar\/17e0ab06bea064a8a7c5bef443cb7153?s=96&d=mm&r=g\",\"contentUrl\":\"https:\/\/secure.gravatar.com\/avatar\/17e0ab06bea064a8a7c5bef443cb7153?s=96&d=mm&r=g\",\"caption\":\"Gabriella Capraro\"},\"description\":\"Copywriter e digital strategist, collabora come articolista e autrice per diverse piattaforme online, spaziando da tematiche scolastiche\/istituzionali a letterarie e musicali.\",\"url\":\"https:\/\/www.docenti.it\/blog\/author\/gcapraro\/\"}]}<\/script>\n<!-- \/ Yoast SEO plugin. -->","yoast_head_json":{"title":"Mini call veloce 2025\/26: ultimo giorno disponibile - Blog | Docenti.it","description":"Mini call veloce 2025\/26: in scadenza domani la domanda per la partecipazione alla procedura della mini call veloce 2025\/26.","robots":{"index":"index","follow":"follow","max-snippet":"max-snippet:-1","max-image-preview":"max-image-preview:large","max-video-preview":"max-video-preview:-1"},"canonical":"https:\/\/www.docenti.it\/blog\/mini-call-veloce-2025-26-ultimo-giorno-disponibile\/","og_locale":"it_IT","og_type":"article","og_title":"Mini call veloce 2025\/26: ultimo giorno disponibile - Blog | Docenti.it","og_description":"Mini call veloce 2025\/26: in scadenza domani la domanda per la partecipazione alla procedura della mini call veloce 2025\/26.","og_url":"https:\/\/www.docenti.it\/blog\/mini-call-veloce-2025-26-ultimo-giorno-disponibile\/","og_site_name":"Blog | Docenti.it","article_publisher":"https:\/\/www.facebook.com\/docenti.it","article_published_time":"2025-08-18T16:25:02+00:00","article_modified_time":"2025-08-18T16:25:42+00:00","og_image":[{"width":640,"height":427,"url":"https:\/\/www.docenti.it\/blog\/wp-content\/uploads\/2023\/02\/pexels-te-lensfix-1083728.jpg","type":"image\/jpeg"}],"author":"Gabriella Capraro","twitter_card":"summary_large_image","twitter_misc":{"Written by":"Gabriella Capraro","Est. reading time":"3 minuti"},"schema":{"@context":"https:\/\/schema.org","@graph":[{"@type":"Article","@id":"https:\/\/www.docenti.it\/blog\/mini-call-veloce-2025-26-ultimo-giorno-disponibile\/#article","isPartOf":{"@id":"https:\/\/www.docenti.it\/blog\/mini-call-veloce-2025-26-ultimo-giorno-disponibile\/"},"author":{"name":"Gabriella Capraro","@id":"https:\/\/www.docenti.it\/blog\/#\/schema\/person\/773963d3c0645bd34c150c41a13e5754"},"headline":"Mini call veloce 2025\/26: ultimo giorno disponibile","datePublished":"2025-08-18T16:25:02+00:00","dateModified":"2025-08-18T16:25:42+00:00","mainEntityOfPage":{"@id":"https:\/\/www.docenti.it\/blog\/mini-call-veloce-2025-26-ultimo-giorno-disponibile\/"},"wordCount":546,"commentCount":0,"publisher":{"@id":"https:\/\/www.docenti.it\/blog\/#organization"},"keywords":["mini call veloce","mini call veloce 2025\/26","sostegno 2025"],"articleSection":["FAQ","News"],"inLanguage":"it-IT","potentialAction":[{"@type":"CommentAction","name":"Comment","target":["https:\/\/www.docenti.it\/blog\/mini-call-veloce-2025-26-ultimo-giorno-disponibile\/#respond"]}]},{"@type":"WebPage","@id":"https:\/\/www.docenti.it\/blog\/mini-call-veloce-2025-26-ultimo-giorno-disponibile\/","url":"https:\/\/www.docenti.it\/blog\/mini-call-veloce-2025-26-ultimo-giorno-disponibile\/","name":"Mini call veloce 2025\/26: ultimo giorno disponibile - Blog | Docenti.it","isPartOf":{"@id":"https:\/\/www.docenti.it\/blog\/#website"},"datePublished":"2025-08-18T16:25:02+00:00","dateModified":"2025-08-18T16:25:42+00:00","description":"Mini call veloce 2025\/26: in scadenza domani la domanda per la partecipazione alla procedura della mini call veloce 2025\/26.","breadcrumb":{"@id":"https:\/\/www.docenti.it\/blog\/mini-call-veloce-2025-26-ultimo-giorno-disponibile\/#breadcrumb"},"inLanguage":"it-IT","potentialAction":[{"@type":"ReadAction","target":["https:\/\/www.docenti.it\/blog\/mini-call-veloce-2025-26-ultimo-giorno-disponibile\/"]}]},{"@type":"BreadcrumbList","@id":"https:\/\/www.docenti.it\/blog\/mini-call-veloce-2025-26-ultimo-giorno-disponibile\/#breadcrumb","itemListElement":[{"@type":"ListItem","position":1,"name":"Home","item":"https:\/\/www.docenti.it\/blog\/"},{"@type":"ListItem","position":2,"name":"Mini call veloce 2025\/26: ultimo giorno disponibile"}]},{"@type":"WebSite","@id":"https:\/\/www.docenti.it\/blog\/#website","url":"https:\/\/www.docenti.it\/blog\/","name":"Blog | Docenti.it","description":"Tutte le notizie e gli aggiornamenti dal mondo della scuola","publisher":{"@id":"https:\/\/www.docenti.it\/blog\/#organization"},"potentialAction":[{"@type":"SearchAction","target":{"@type":"EntryPoint","urlTemplate":"https:\/\/www.docenti.it\/blog\/?s={search_term_string}"},"query-input":"required name=search_term_string"}],"inLanguage":"it-IT"},{"@type":"Organization","@id":"https:\/\/www.docenti.it\/blog\/#organization","name":"Blog | Docenti.it","url":"https:\/\/www.docenti.it\/blog\/","logo":{"@type":"ImageObject","inLanguage":"it-IT","@id":"https:\/\/www.docenti.it\/blog\/#\/schema\/logo\/image\/","url":"https:\/\/www.docenti.it\/blog\/wp-content\/uploads\/2025\/06\/fb_mad_img.png","contentUrl":"https:\/\/www.docenti.it\/blog\/wp-content\/uploads\/2025\/06\/fb_mad_img.png","width":1140,"height":620,"caption":"Blog | Docenti.it"},"image":{"@id":"https:\/\/www.docenti.it\/blog\/#\/schema\/logo\/image\/"},"sameAs":["https:\/\/www.facebook.com\/docenti.it"]},{"@type":"Person","@id":"https:\/\/www.docenti.it\/blog\/#\/schema\/person\/773963d3c0645bd34c150c41a13e5754","name":"Gabriella Capraro","image":{"@type":"ImageObject","inLanguage":"it-IT","@id":"https:\/\/www.docenti.it\/blog\/#\/schema\/person\/image\/","url":"https:\/\/secure.gravatar.com\/avatar\/17e0ab06bea064a8a7c5bef443cb7153?s=96&d=mm&r=g","contentUrl":"https:\/\/secure.gravatar.com\/avatar\/17e0ab06bea064a8a7c5bef443cb7153?s=96&d=mm&r=g","caption":"Gabriella Capraro"},"description":"Copywriter e digital strategist, collabora come articolista e autrice per diverse piattaforme online, spaziando da tematiche scolastiche\/istituzionali a letterarie e musicali.","url":"https:\/\/www.docenti.it\/blog\/author\/gcapraro\/"}]}},"_links":{"self":[{"href":"https:\/\/www.docenti.it\/blog\/wp-json\/wp\/v2\/posts\/46800"}],"collection":[{"href":"https:\/\/www.docenti.it\/blog\/wp-json\/wp\/v2\/posts"}],"about":[{"href":"https:\/\/www.docenti.it\/blog\/wp-json\/wp\/v2\/types\/post"}],"author":[{"embeddable":true,"href":"https:\/\/www.docenti.it\/blog\/wp-json\/wp\/v2\/users\/25"}],"replies":[{"embeddable":true,"href":"https:\/\/www.docenti.it\/blog\/wp-json\/wp\/v2\/comments?post=46800"}],"version-history":[{"count":2,"href":"https:\/\/www.docenti.it\/blog\/wp-json\/wp\/v2\/posts\/46800\/revisions"}],"predecessor-version":[{"id":46802,"href":"https:\/\/www.docenti.it\/blog\/wp-json\/wp\/v2\/posts\/46800\/revisions\/46802"}],"wp:featuredmedia":[{"embeddable":true,"href":"https:\/\/www.docenti.it\/blog\/wp-json\/wp\/v2\/media\/44535"}],"wp:attachment":[{"href":"https:\/\/www.docenti.it\/blog\/wp-json\/wp\/v2\/media?parent=46800"}],"wp:term":[{"taxonomy":"category","embeddable":true,"href":"https:\/\/www.docenti.it\/blog\/wp-json\/wp\/v2\/categories?post=46800"},{"taxonomy":"post_tag","embeddable":true,"href":"https:\/\/www.docenti.it\/blog\/wp-json\/wp\/v2\/tags?post=46800"}],"curies":[{"name":"wp","href":"https:\/\/api.w.org\/{rel}","templated":true}]}}