{"id":46805,"date":"2025-08-19T17:39:26","date_gmt":"2025-08-19T15:39:26","guid":{"rendered":"https:\/\/www.docenti.it\/blog\/?p=46805"},"modified":"2025-08-19T17:39:26","modified_gmt":"2025-08-19T15:39:26","slug":"interpello-docenti-2025-faq-dei-nostri-lettori","status":"publish","type":"post","link":"https:\/\/www.docenti.it\/blog\/interpello-docenti-2025-faq-dei-nostri-lettori\/","title":{"rendered":"Interpello docenti 2025: F.A.Q. dei nostri lettori"},"content":{"rendered":"\n<p>Interpello docenti 2025: con l\u2019avvio dell\u2019anno scolastico <strong>2025\/2026<\/strong>, molti insegnanti e membri del personale ATA hanno ancora dubbi su <strong>interpelli, scadenze e requisiti<\/strong> per ottenere incarichi di supplenza.<\/p>\n\n\n\n<p>In questa guida in forma di <strong>FAQ<\/strong>, troverai le risposte pi\u00f9 frequenti per affrontare al meglio la procedura di interpello.<\/p>\n\n\n\n<h2>Cos\u2019\u00e8 un interpello docenti?<\/h2>\n\n\n\n<p>L\u2019<strong>interpello docenti 2025<\/strong> \u00e8 una procedura ufficiale utilizzata dalle scuole per coprire incarichi di supplenza quando le <strong>graduatorie GPS e GI risultano esaurite<\/strong>.<br>Si tratta di un avviso pubblico pubblicato sul sito dell\u2019istituto e trasmesso anche all\u2019Ufficio Scolastico Territoriale.<br>Grazie a questo meccanismo, gli istituti riescono a reperire personale in tempi rapidi, garantendo <strong>continuit\u00e0 didattica<\/strong> agli studenti.<\/p>\n\n\n\n<h2>Interpello docenti 2025: chi pu\u00f2 partecipare?<\/h2>\n\n\n\n<p>Possono rispondere agli interpelli:<\/p>\n\n\n\n<ul>\n<li><strong>Docenti abilitati<\/strong>, compresi coloro con specializzazione sul sostegno.<\/li>\n\n\n\n<li><strong>Insegnanti iscritti nelle GPS o in altre graduatorie<\/strong>, purch\u00e9 non abbiano gi\u00e0 ricevuto un incarico.<\/li>\n\n\n\n<li><strong>Personale ATA<\/strong>, nei casi previsti dagli avvisi pubblici.<\/li>\n<\/ul>\n\n\n\n<p>Non possono partecipare i docenti che hanno gi\u00e0 un contratto a tempo determinato con la stessa scuola per l\u2019anno scolastico in corso.<\/p>\n\n\n\n<p>N.B.: Se sei gi\u00e0 stato incluso in un bollettino di nomina dell\u2019USP, non puoi presentarti allo stesso interpello.<\/p>\n\n\n\n<h2>Dove si trovano gli interpelli?<\/h2>\n\n\n\n<p>Gli interpelli vengono pubblicati principalmente su tre canali:<\/p>\n\n\n\n<ul>\n<li><strong>Sito ufficiale della scuola<\/strong>;<\/li>\n\n\n\n<li><strong>Portale dell\u2019Ufficio Scolastico Provinciale<\/strong>;<\/li>\n\n\n\n<li><strong>Sito dell\u2019Ufficio Scolastico Regionale<\/strong>.<\/li>\n<\/ul>\n\n\n\n<p>Molte opportunit\u00e0 compaiono tra fine agosto e inizio settembre, quando vengono assegnate la maggior parte delle supplenze.<\/p>\n\n\n\n<p><\/p>\n\n\n\n<div class=\"is-layout-flex wp-block-buttons\">\n<div class=\"wp-block-button\"><a class=\"wp-block-button__link wp-element-button\" href=\"https:\/\/www.docenti.it\/interpelli.html\" target=\"_blank\" rel=\"noreferrer noopener\">REGISTRATI AGLI INTERPELLI SCUOLA<\/a><\/div>\n<\/div>\n\n\n\n<p><\/p>\n\n\n\n<p>Oggi esistono servizi di notifica che avvisano in tempo reale sui nuovi interpelli. In questo modo non \u00e8 necessario controllare manualmente i siti delle scuole o degli uffici scolastici, e si pu\u00f2 <strong>rispondere pi\u00f9 velocemente<\/strong>, aumentando le probabilit\u00e0 di ottenere una supplenza.<\/p>\n\n\n\n<p><em>Uno di questi? Interpelli scuola di Docenti.it! <\/em><\/p>\n\n\n\n<h2>Quando vengono pubblicati gli interpelli?<\/h2>\n\n\n\n<p>Gli interpelli vengono aperti <strong>solo dopo l\u2019esaurimento delle graduatorie<\/strong>. I periodi pi\u00f9 frequenti sono:<\/p>\n\n\n\n<ul>\n<li>Fine agosto \u2013 inizio settembre, per incarichi annuali o temporanei;<\/li>\n\n\n\n<li>Dopo le vacanze natalizie;<\/li>\n\n\n\n<li>Durante l\u2019anno scolastico, per sostituzioni improvvise;<\/li>\n\n\n\n<li>Alla conclusione delle lezioni, per esami e corsi di recupero.<\/li>\n<\/ul>\n\n\n\n<p>In pratica, un interpello pu\u00f2 essere pubblicato in <strong>qualsiasi momento dell\u2019anno scolastico<\/strong>, anche se i picchi si registrano nei periodi elencati.<\/p>\n\n\n\n<h2>Come \u00e8 strutturato un interpello?<\/h2>\n\n\n\n<p>Ogni avviso di interpello contiene indicazioni fondamentali per i candidati, tra cui:<\/p>\n\n\n\n<ul>\n<li>Data di inizio e durata della supplenza;<\/li>\n\n\n\n<li>Sede di servizio e orario settimanale;<\/li>\n\n\n\n<li>Requisiti richiesti (abilitazione, specializzazione, titolo di studio);<\/li>\n\n\n\n<li>Modalit\u00e0 e termini di candidatura;<\/li>\n\n\n\n<li>Tempi di risposta e presa di servizio (generalmente 24-48 ore);<\/li>\n\n\n\n<li>Informativa sulla privacy secondo il Regolamento UE 2016\/679.<\/li>\n<\/ul>\n\n\n\n<p>Un interpello ben formulato garantisce <strong>trasparenza e correttezza<\/strong> nella selezione.<\/p>\n\n\n\n<h2>Interpello docenti 2025: che differenza c&#8217;\u00e8 con le MAD?<\/h2>\n\n\n\n<ul>\n<li><strong>Interpello<\/strong>: \u00e8 un avviso ufficiale della scuola, con requisiti e scadenze precise.<\/li>\n\n\n\n<li><strong>MAD (Messa a Disposizione)<\/strong>: \u00e8 una candidatura spontanea del docente, inviata senza che ci sia un bando attivo.<\/li>\n<\/ul>\n\n\n\n<p>In breve: l\u2019interpello \u00e8 la <strong>chiamata della scuola<\/strong>, mentre la MAD \u00e8 la <strong>proposta del docente<\/strong>.<\/p>\n\n\n\n<h2>Come verificare lo stato della candidatura?<\/h2>\n\n\n\n<p>Dopo aver inviato la propria domanda di interpello, la scuola:<\/p>\n\n\n\n<ul>\n<li>Invia un\u2019<strong>email di conferma<\/strong>;<\/li>\n\n\n\n<li>Comunica eventuali convocazioni tramite telefono, email o PEC;<\/li>\n\n\n\n<li>Richiede la presa di servizio entro i tempi stabiliti (generalmente 24 ore).<\/li>\n<\/ul>\n\n\n\n<p>Se vuoi aumentare le possibilit\u00e0 di successo con l\u2019<strong>interpello docenti 2025<\/strong>, puoi affidarti al servizio di consulenza di <strong>docenti.it<\/strong>, che ti offre:<\/p>\n\n\n\n<ul>\n<li><strong>Elaborazione del curriculum<\/strong> ottimizzato per interpelli, evitando errori formali.<\/li>\n\n\n\n<li>Invio del CV alle scuole delle province che selezioni.<\/li>\n\n\n\n<li><strong>Risposte in tempo reale<\/strong> con report dettagliati sulle candidature.<\/li>\n<\/ul>\n\n\n\n<p>Con docenti.it rispondi agli interpelli in modo rapido ed efficace, senza rischiare di perdere occasioni preziose.<\/p>\n\n\n\n<p><em>Che aspetti? <\/em><\/p>\n\n\n\n<p><\/p>\n\n\n\n<div class=\"is-layout-flex wp-block-buttons\">\n<div class=\"wp-block-button\"><a class=\"wp-block-button__link wp-element-button\" href=\"https:\/\/www.docenti.it\/interpelli.html\" target=\"_blank\" rel=\"noreferrer noopener\">REGISTRATI AGLI INTERPELLI SCUOLA<\/a><\/div>\n<\/div>\n\n\n\n<p><\/p>\n\n\n\n<p>Per ulteriori news e aggiornamenti sul mondo scuola, segui il\u00a0<strong><a href=\"https:\/\/www.docenti.it\/blog\/\" target=\"_blank\" rel=\"noreferrer noopener\">blog<\/a><\/strong>\u00a0di\u00a0<strong><a href=\"https:\/\/www.docenti.it\/\">Docenti.it<\/a><\/strong><\/p>\n\n\n\n<p><\/p>\n","protected":false},"excerpt":{"rendered":"<p>Interpello docenti 2025: con l\u2019avvio dell\u2019anno scolastico 2025\/2026, molti insegnanti e membri del personale [&hellip;]<\/p>\n","protected":false},"author":25,"featured_media":45263,"comment_status":"open","ping_status":"open","sticky":false,"template":"","format":"standard","meta":[],"categories":[751],"tags":[797,752,759,767,793,931],"yoast_head":"<!-- This site is optimized with the Yoast SEO plugin v20.4 - https:\/\/yoast.com\/wordpress\/plugins\/seo\/ -->\n<title>Interpello docenti 2025: F.A.Q. dei nostri lettori - Blog | Docenti.it<\/title>\n<meta name=\"description\" content=\"Interpello docenti 2025: un recap delle domande pi\u00f9 frequenti che ogni giorno il nostro team di consulenti riceve dai lettori.\" \/>\n<meta name=\"robots\" content=\"index, follow, max-snippet:-1, max-image-preview:large, max-video-preview:-1\" \/>\n<link rel=\"canonical\" href=\"https:\/\/www.docenti.it\/blog\/interpello-docenti-2025-faq-dei-nostri-lettori\/\" \/>\n<meta property=\"og:locale\" content=\"it_IT\" \/>\n<meta property=\"og:type\" content=\"article\" \/>\n<meta property=\"og:title\" content=\"Interpello docenti 2025: F.A.Q. dei nostri lettori - Blog | Docenti.it\" \/>\n<meta property=\"og:description\" content=\"Interpello docenti 2025: un recap delle domande pi\u00f9 frequenti che ogni giorno il nostro team di consulenti riceve dai lettori.\" \/>\n<meta property=\"og:url\" content=\"https:\/\/www.docenti.it\/blog\/interpello-docenti-2025-faq-dei-nostri-lettori\/\" \/>\n<meta property=\"og:site_name\" content=\"Blog | Docenti.it\" \/>\n<meta property=\"article:publisher\" content=\"https:\/\/www.facebook.com\/docenti.it\" \/>\n<meta property=\"article:published_time\" content=\"2025-08-19T15:39:26+00:00\" \/>\n<meta property=\"og:image\" content=\"https:\/\/www.docenti.it\/blog\/wp-content\/uploads\/2023\/07\/laptop-g4ab40a908_1280.jpg\" \/>\n\t<meta property=\"og:image:width\" content=\"1280\" \/>\n\t<meta property=\"og:image:height\" content=\"853\" \/>\n\t<meta property=\"og:image:type\" content=\"image\/jpeg\" \/>\n<meta name=\"author\" content=\"Gabriella Capraro\" \/>\n<meta name=\"twitter:card\" content=\"summary_large_image\" \/>\n<meta name=\"twitter:label1\" content=\"Written by\" \/>\n\t<meta name=\"twitter:data1\" content=\"Gabriella Capraro\" \/>\n\t<meta name=\"twitter:label2\" content=\"Est. reading time\" \/>\n\t<meta name=\"twitter:data2\" content=\"3 minuti\" \/>\n<script type=\"application\/ld+json\" class=\"yoast-schema-graph\">{\"@context\":\"https:\/\/schema.org\",\"@graph\":[{\"@type\":\"Article\",\"@id\":\"https:\/\/www.docenti.it\/blog\/interpello-docenti-2025-faq-dei-nostri-lettori\/#article\",\"isPartOf\":{\"@id\":\"https:\/\/www.docenti.it\/blog\/interpello-docenti-2025-faq-dei-nostri-lettori\/\"},\"author\":{\"name\":\"Gabriella Capraro\",\"@id\":\"https:\/\/www.docenti.it\/blog\/#\/schema\/person\/773963d3c0645bd34c150c41a13e5754\"},\"headline\":\"Interpello docenti 2025: F.A.Q. dei nostri lettori\",\"datePublished\":\"2025-08-19T15:39:26+00:00\",\"dateModified\":\"2025-08-19T15:39:26+00:00\",\"mainEntityOfPage\":{\"@id\":\"https:\/\/www.docenti.it\/blog\/interpello-docenti-2025-faq-dei-nostri-lettori\/\"},\"wordCount\":616,\"commentCount\":0,\"publisher\":{\"@id\":\"https:\/\/www.docenti.it\/blog\/#organization\"},\"keywords\":[\"interpelli 2025\",\"interpelli e supplenze online\",\"Interpelli scuola\",\"Interpelli supplenze\",\"interpello\",\"interpello docenti\"],\"articleSection\":[\"Interpelli, mad e supplenze\"],\"inLanguage\":\"it-IT\",\"potentialAction\":[{\"@type\":\"CommentAction\",\"name\":\"Comment\",\"target\":[\"https:\/\/www.docenti.it\/blog\/interpello-docenti-2025-faq-dei-nostri-lettori\/#respond\"]}]},{\"@type\":\"WebPage\",\"@id\":\"https:\/\/www.docenti.it\/blog\/interpello-docenti-2025-faq-dei-nostri-lettori\/\",\"url\":\"https:\/\/www.docenti.it\/blog\/interpello-docenti-2025-faq-dei-nostri-lettori\/\",\"name\":\"Interpello docenti 2025: F.A.Q. dei nostri lettori - Blog | Docenti.it\",\"isPartOf\":{\"@id\":\"https:\/\/www.docenti.it\/blog\/#website\"},\"datePublished\":\"2025-08-19T15:39:26+00:00\",\"dateModified\":\"2025-08-19T15:39:26+00:00\",\"description\":\"Interpello docenti 2025: un recap delle domande pi\u00f9 frequenti che ogni giorno il nostro team di consulenti riceve dai lettori.\",\"breadcrumb\":{\"@id\":\"https:\/\/www.docenti.it\/blog\/interpello-docenti-2025-faq-dei-nostri-lettori\/#breadcrumb\"},\"inLanguage\":\"it-IT\",\"potentialAction\":[{\"@type\":\"ReadAction\",\"target\":[\"https:\/\/www.docenti.it\/blog\/interpello-docenti-2025-faq-dei-nostri-lettori\/\"]}]},{\"@type\":\"BreadcrumbList\",\"@id\":\"https:\/\/www.docenti.it\/blog\/interpello-docenti-2025-faq-dei-nostri-lettori\/#breadcrumb\",\"itemListElement\":[{\"@type\":\"ListItem\",\"position\":1,\"name\":\"Home\",\"item\":\"https:\/\/www.docenti.it\/blog\/\"},{\"@type\":\"ListItem\",\"position\":2,\"name\":\"Interpello docenti 2025: F.A.Q. dei nostri lettori\"}]},{\"@type\":\"WebSite\",\"@id\":\"https:\/\/www.docenti.it\/blog\/#website\",\"url\":\"https:\/\/www.docenti.it\/blog\/\",\"name\":\"Blog | Docenti.it\",\"description\":\"Tutte le notizie e gli aggiornamenti dal mondo della scuola\",\"publisher\":{\"@id\":\"https:\/\/www.docenti.it\/blog\/#organization\"},\"potentialAction\":[{\"@type\":\"SearchAction\",\"target\":{\"@type\":\"EntryPoint\",\"urlTemplate\":\"https:\/\/www.docenti.it\/blog\/?s={search_term_string}\"},\"query-input\":\"required name=search_term_string\"}],\"inLanguage\":\"it-IT\"},{\"@type\":\"Organization\",\"@id\":\"https:\/\/www.docenti.it\/blog\/#organization\",\"name\":\"Blog | Docenti.it\",\"url\":\"https:\/\/www.docenti.it\/blog\/\",\"logo\":{\"@type\":\"ImageObject\",\"inLanguage\":\"it-IT\",\"@id\":\"https:\/\/www.docenti.it\/blog\/#\/schema\/logo\/image\/\",\"url\":\"https:\/\/www.docenti.it\/blog\/wp-content\/uploads\/2025\/06\/fb_mad_img.png\",\"contentUrl\":\"https:\/\/www.docenti.it\/blog\/wp-content\/uploads\/2025\/06\/fb_mad_img.png\",\"width\":1140,\"height\":620,\"caption\":\"Blog | Docenti.it\"},\"image\":{\"@id\":\"https:\/\/www.docenti.it\/blog\/#\/schema\/logo\/image\/\"},\"sameAs\":[\"https:\/\/www.facebook.com\/docenti.it\"]},{\"@type\":\"Person\",\"@id\":\"https:\/\/www.docenti.it\/blog\/#\/schema\/person\/773963d3c0645bd34c150c41a13e5754\",\"name\":\"Gabriella Capraro\",\"image\":{\"@type\":\"ImageObject\",\"inLanguage\":\"it-IT\",\"@id\":\"https:\/\/www.docenti.it\/blog\/#\/schema\/person\/image\/\",\"url\":\"https:\/\/secure.gravatar.com\/avatar\/17e0ab06bea064a8a7c5bef443cb7153?s=96&d=mm&r=g\",\"contentUrl\":\"https:\/\/secure.gravatar.com\/avatar\/17e0ab06bea064a8a7c5bef443cb7153?s=96&d=mm&r=g\",\"caption\":\"Gabriella Capraro\"},\"description\":\"Copywriter e digital strategist, collabora come articolista e autrice per diverse piattaforme online, spaziando da tematiche scolastiche\/istituzionali a letterarie e musicali.\",\"url\":\"https:\/\/www.docenti.it\/blog\/author\/gcapraro\/\"}]}<\/script>\n<!-- \/ Yoast SEO plugin. -->","yoast_head_json":{"title":"Interpello docenti 2025: F.A.Q. dei nostri lettori - Blog | Docenti.it","description":"Interpello docenti 2025: un recap delle domande pi\u00f9 frequenti che ogni giorno il nostro team di consulenti riceve dai lettori.","robots":{"index":"index","follow":"follow","max-snippet":"max-snippet:-1","max-image-preview":"max-image-preview:large","max-video-preview":"max-video-preview:-1"},"canonical":"https:\/\/www.docenti.it\/blog\/interpello-docenti-2025-faq-dei-nostri-lettori\/","og_locale":"it_IT","og_type":"article","og_title":"Interpello docenti 2025: F.A.Q. dei nostri lettori - Blog | Docenti.it","og_description":"Interpello docenti 2025: un recap delle domande pi\u00f9 frequenti che ogni giorno il nostro team di consulenti riceve dai lettori.","og_url":"https:\/\/www.docenti.it\/blog\/interpello-docenti-2025-faq-dei-nostri-lettori\/","og_site_name":"Blog | Docenti.it","article_publisher":"https:\/\/www.facebook.com\/docenti.it","article_published_time":"2025-08-19T15:39:26+00:00","og_image":[{"width":1280,"height":853,"url":"https:\/\/www.docenti.it\/blog\/wp-content\/uploads\/2023\/07\/laptop-g4ab40a908_1280.jpg","type":"image\/jpeg"}],"author":"Gabriella Capraro","twitter_card":"summary_large_image","twitter_misc":{"Written by":"Gabriella Capraro","Est. reading time":"3 minuti"},"schema":{"@context":"https:\/\/schema.org","@graph":[{"@type":"Article","@id":"https:\/\/www.docenti.it\/blog\/interpello-docenti-2025-faq-dei-nostri-lettori\/#article","isPartOf":{"@id":"https:\/\/www.docenti.it\/blog\/interpello-docenti-2025-faq-dei-nostri-lettori\/"},"author":{"name":"Gabriella Capraro","@id":"https:\/\/www.docenti.it\/blog\/#\/schema\/person\/773963d3c0645bd34c150c41a13e5754"},"headline":"Interpello docenti 2025: F.A.Q. dei nostri lettori","datePublished":"2025-08-19T15:39:26+00:00","dateModified":"2025-08-19T15:39:26+00:00","mainEntityOfPage":{"@id":"https:\/\/www.docenti.it\/blog\/interpello-docenti-2025-faq-dei-nostri-lettori\/"},"wordCount":616,"commentCount":0,"publisher":{"@id":"https:\/\/www.docenti.it\/blog\/#organization"},"keywords":["interpelli 2025","interpelli e supplenze online","Interpelli scuola","Interpelli supplenze","interpello","interpello docenti"],"articleSection":["Interpelli, mad e supplenze"],"inLanguage":"it-IT","potentialAction":[{"@type":"CommentAction","name":"Comment","target":["https:\/\/www.docenti.it\/blog\/interpello-docenti-2025-faq-dei-nostri-lettori\/#respond"]}]},{"@type":"WebPage","@id":"https:\/\/www.docenti.it\/blog\/interpello-docenti-2025-faq-dei-nostri-lettori\/","url":"https:\/\/www.docenti.it\/blog\/interpello-docenti-2025-faq-dei-nostri-lettori\/","name":"Interpello docenti 2025: F.A.Q. dei nostri lettori - Blog | Docenti.it","isPartOf":{"@id":"https:\/\/www.docenti.it\/blog\/#website"},"datePublished":"2025-08-19T15:39:26+00:00","dateModified":"2025-08-19T15:39:26+00:00","description":"Interpello docenti 2025: un recap delle domande pi\u00f9 frequenti che ogni giorno il nostro team di consulenti riceve dai lettori.","breadcrumb":{"@id":"https:\/\/www.docenti.it\/blog\/interpello-docenti-2025-faq-dei-nostri-lettori\/#breadcrumb"},"inLanguage":"it-IT","potentialAction":[{"@type":"ReadAction","target":["https:\/\/www.docenti.it\/blog\/interpello-docenti-2025-faq-dei-nostri-lettori\/"]}]},{"@type":"BreadcrumbList","@id":"https:\/\/www.docenti.it\/blog\/interpello-docenti-2025-faq-dei-nostri-lettori\/#breadcrumb","itemListElement":[{"@type":"ListItem","position":1,"name":"Home","item":"https:\/\/www.docenti.it\/blog\/"},{"@type":"ListItem","position":2,"name":"Interpello docenti 2025: F.A.Q. dei nostri lettori"}]},{"@type":"WebSite","@id":"https:\/\/www.docenti.it\/blog\/#website","url":"https:\/\/www.docenti.it\/blog\/","name":"Blog | Docenti.it","description":"Tutte le notizie e gli aggiornamenti dal mondo della scuola","publisher":{"@id":"https:\/\/www.docenti.it\/blog\/#organization"},"potentialAction":[{"@type":"SearchAction","target":{"@type":"EntryPoint","urlTemplate":"https:\/\/www.docenti.it\/blog\/?s={search_term_string}"},"query-input":"required name=search_term_string"}],"inLanguage":"it-IT"},{"@type":"Organization","@id":"https:\/\/www.docenti.it\/blog\/#organization","name":"Blog | Docenti.it","url":"https:\/\/www.docenti.it\/blog\/","logo":{"@type":"ImageObject","inLanguage":"it-IT","@id":"https:\/\/www.docenti.it\/blog\/#\/schema\/logo\/image\/","url":"https:\/\/www.docenti.it\/blog\/wp-content\/uploads\/2025\/06\/fb_mad_img.png","contentUrl":"https:\/\/www.docenti.it\/blog\/wp-content\/uploads\/2025\/06\/fb_mad_img.png","width":1140,"height":620,"caption":"Blog | Docenti.it"},"image":{"@id":"https:\/\/www.docenti.it\/blog\/#\/schema\/logo\/image\/"},"sameAs":["https:\/\/www.facebook.com\/docenti.it"]},{"@type":"Person","@id":"https:\/\/www.docenti.it\/blog\/#\/schema\/person\/773963d3c0645bd34c150c41a13e5754","name":"Gabriella Capraro","image":{"@type":"ImageObject","inLanguage":"it-IT","@id":"https:\/\/www.docenti.it\/blog\/#\/schema\/person\/image\/","url":"https:\/\/secure.gravatar.com\/avatar\/17e0ab06bea064a8a7c5bef443cb7153?s=96&d=mm&r=g","contentUrl":"https:\/\/secure.gravatar.com\/avatar\/17e0ab06bea064a8a7c5bef443cb7153?s=96&d=mm&r=g","caption":"Gabriella Capraro"},"description":"Copywriter e digital strategist, collabora come articolista e autrice per diverse piattaforme online, spaziando da tematiche scolastiche\/istituzionali a letterarie e musicali.","url":"https:\/\/www.docenti.it\/blog\/author\/gcapraro\/"}]}},"_links":{"self":[{"href":"https:\/\/www.docenti.it\/blog\/wp-json\/wp\/v2\/posts\/46805"}],"collection":[{"href":"https:\/\/www.docenti.it\/blog\/wp-json\/wp\/v2\/posts"}],"about":[{"href":"https:\/\/www.docenti.it\/blog\/wp-json\/wp\/v2\/types\/post"}],"author":[{"embeddable":true,"href":"https:\/\/www.docenti.it\/blog\/wp-json\/wp\/v2\/users\/25"}],"replies":[{"embeddable":true,"href":"https:\/\/www.docenti.it\/blog\/wp-json\/wp\/v2\/comments?post=46805"}],"version-history":[{"count":1,"href":"https:\/\/www.docenti.it\/blog\/wp-json\/wp\/v2\/posts\/46805\/revisions"}],"predecessor-version":[{"id":46806,"href":"https:\/\/www.docenti.it\/blog\/wp-json\/wp\/v2\/posts\/46805\/revisions\/46806"}],"wp:featuredmedia":[{"embeddable":true,"href":"https:\/\/www.docenti.it\/blog\/wp-json\/wp\/v2\/media\/45263"}],"wp:attachment":[{"href":"https:\/\/www.docenti.it\/blog\/wp-json\/wp\/v2\/media?parent=46805"}],"wp:term":[{"taxonomy":"category","embeddable":true,"href":"https:\/\/www.docenti.it\/blog\/wp-json\/wp\/v2\/categories?post=46805"},{"taxonomy":"post_tag","embeddable":true,"href":"https:\/\/www.docenti.it\/blog\/wp-json\/wp\/v2\/tags?post=46805"}],"curies":[{"name":"wp","href":"https:\/\/api.w.org\/{rel}","templated":true}]}}