{"id":46809,"date":"2025-08-20T19:02:09","date_gmt":"2025-08-20T17:02:09","guid":{"rendered":"https:\/\/www.docenti.it\/blog\/?p=46809"},"modified":"2025-08-20T19:02:09","modified_gmt":"2025-08-20T17:02:09","slug":"150-preferenze-ritiro-della-domanda-entro-il-22-agosto","status":"publish","type":"post","link":"https:\/\/www.docenti.it\/blog\/150-preferenze-ritiro-della-domanda-entro-il-22-agosto\/","title":{"rendered":"150 preferenze: ritiro della domanda entro il 22 agosto"},"content":{"rendered":"\n<p>150 preferenze: il Ministero dell\u2019Istruzione e del Merito ha diffuso un avviso che riguarda le <strong>Graduatorie Provinciali per le Supplenze (GPS)<\/strong>.<\/p>\n\n\n\n<p>Tutti i docenti che hanno gi\u00e0 presentato la domanda con le <strong>150 preferenze<\/strong> per incarichi al 30 giugno o al 31 agosto 2026 devono verificare con attenzione la propria posizione. In alcuni casi specifici, infatti, \u00e8 necessario procedere al ritiro della domanda entro la data del <strong>22 agosto 2025<\/strong>.<\/p>\n\n\n\n<p>Il ritiro ha validit\u00e0 per tutte le province italiane e deve essere effettuato attraverso la piattaforma <strong>POLIS \u2013 Istanze Online<\/strong>.<\/p>\n\n\n\n<h2>150 preferenze: chi deve ritirare la domanda?<\/h2>\n\n\n\n<p>Non tutti i docenti sono obbligati a ritirare la domanda, ma ci sono situazioni ben precise in cui il ritiro diventa necessario o comunque fortemente consigliato.<\/p>\n\n\n\n<ul>\n<li>Devono procedere al ritiro coloro che hanno ricevuto una nomina in ruolo da concorso o da GAE per l\u2019anno scolastico 2025\/26.<\/li>\n<\/ul>\n\n\n\n<ul>\n<li>La stessa indicazione vale per chi ha firmato un contratto a tempo determinato finalizzato al ruolo da GPS di prima fascia o da elenco aggiuntivo.<\/li>\n<\/ul>\n\n\n\n<ul>\n<li>Anche gli insegnanti che hanno ottenuto un incarico da GPS su sostegno in base al DM 119\/2023 o al DM 111\/2024, ma che non hanno ancora maturato i tre anni di servizio richiesti, devono annullare la domanda.<\/li>\n<\/ul>\n\n\n\n<p>Il ritiro \u00e8 inoltre obbligatorio per i docenti che stanno svolgendo l\u2019anno di prova, anche se gi\u00e0 assunti in passato, e per chi non \u00e8 pi\u00f9 interessato alle supplenze o non \u00e8 nelle condizioni di accettarle per motivi personali o professionali.<\/p>\n\n\n\n<h2>Come effettuare il ritiro della domanda?<\/h2>\n\n\n\n<p>La procedura \u00e8 piuttosto semplice, ma va completata entro i tempi stabiliti. \u00c8 necessario accedere alla piattaforma <strong>POLIS \u2013 Istanze Online<\/strong> utilizzando SPID o CIE, entrare nella sezione dedicata alle <strong>Graduatorie provinciali per le supplenze<\/strong>, individuare la domanda con le <strong>150 preferenze<\/strong> gi\u00e0 presentata e confermare il ritiro.<\/p>\n\n\n\n<p>La scadenza \u00e8 fissata al <strong>22 agosto 2025<\/strong> e non sono previste proroghe: oltre questa data non sar\u00e0 pi\u00f9 possibile ritirare la domanda. <\/p>\n\n\n\n<p>Molti docenti si chiedono se il ritiro sia obbligatorio anche quando si rimane disponibili alle supplenze. In realt\u00e0 non \u00e8 cos\u00ec: solo chi rientra nei casi elencati deve procedere, mentre negli altri casi la domanda con le <strong>150 preferenze<\/strong> rimane valida.<\/p>\n\n\n\n<p>Un altro dubbio riguarda le conseguenze per chi non ritira la domanda pur non potendo accettare le supplenze. In questo caso si rischia la sanzione per rinuncia, che pu\u00f2 comportare l\u2019esclusione da ulteriori convocazioni.<\/p>\n\n\n\n<p>Non \u00e8 possibile modificare solo alcune preferenze: il ritiro riguarda l\u2019intera domanda e non singole scuole o sedi.<\/p>\n\n\n\n<p><\/p>\n\n\n\n<p>Per ulteriori news e aggiornamenti sul mondo scuola, segui il\u00a0<strong><a href=\"https:\/\/www.docenti.it\/blog\/\" target=\"_blank\" rel=\"noreferrer noopener\">blog<\/a><\/strong>\u00a0di\u00a0<strong><a href=\"https:\/\/www.docenti.it\/\">Docenti.it<\/a><\/strong><\/p>\n\n\n\n<p><\/p>\n","protected":false},"excerpt":{"rendered":"<p>150 preferenze: il Ministero dell\u2019Istruzione e del Merito ha diffuso un avviso che riguarda [&hellip;]<\/p>\n","protected":false},"author":25,"featured_media":43355,"comment_status":"open","ping_status":"open","sticky":false,"template":"","format":"standard","meta":[],"categories":[4],"tags":[879,912,638,932],"yoast_head":"<!-- This site is optimized with the Yoast SEO plugin v20.4 - https:\/\/yoast.com\/wordpress\/plugins\/seo\/ -->\n<title>150 preferenze: ritiro della domanda entro il 22 agosto - Blog | Docenti.it<\/title>\n<meta name=\"description\" content=\"150 preferenze: il ritiro della domanda delle 150 preferenze, da presentare in specifici casi di nomina, \u00e8 in scadenza al 22 agosto.\" \/>\n<meta name=\"robots\" content=\"index, follow, max-snippet:-1, max-image-preview:large, max-video-preview:-1\" \/>\n<link rel=\"canonical\" href=\"https:\/\/www.docenti.it\/blog\/150-preferenze-ritiro-della-domanda-entro-il-22-agosto\/\" \/>\n<meta property=\"og:locale\" content=\"it_IT\" \/>\n<meta property=\"og:type\" content=\"article\" \/>\n<meta property=\"og:title\" content=\"150 preferenze: ritiro della domanda entro il 22 agosto - Blog | Docenti.it\" \/>\n<meta property=\"og:description\" content=\"150 preferenze: il ritiro della domanda delle 150 preferenze, da presentare in specifici casi di nomina, \u00e8 in scadenza al 22 agosto.\" \/>\n<meta property=\"og:url\" content=\"https:\/\/www.docenti.it\/blog\/150-preferenze-ritiro-della-domanda-entro-il-22-agosto\/\" \/>\n<meta property=\"og:site_name\" content=\"Blog | Docenti.it\" \/>\n<meta property=\"article:publisher\" content=\"https:\/\/www.facebook.com\/docenti.it\" \/>\n<meta property=\"article:published_time\" content=\"2025-08-20T17:02:09+00:00\" \/>\n<meta property=\"og:image\" content=\"https:\/\/www.docenti.it\/blog\/wp-content\/uploads\/2023\/01\/glenn-carstens-peters-npxXWgQ33ZQ-unsplash.jpg\" \/>\n\t<meta property=\"og:image:width\" content=\"640\" \/>\n\t<meta property=\"og:image:height\" content=\"426\" \/>\n\t<meta property=\"og:image:type\" content=\"image\/jpeg\" \/>\n<meta name=\"author\" content=\"Gabriella Capraro\" \/>\n<meta name=\"twitter:card\" content=\"summary_large_image\" \/>\n<meta name=\"twitter:label1\" content=\"Written by\" \/>\n\t<meta name=\"twitter:data1\" content=\"Gabriella Capraro\" \/>\n\t<meta name=\"twitter:label2\" content=\"Est. reading time\" \/>\n\t<meta name=\"twitter:data2\" content=\"2 minuti\" \/>\n<script type=\"application\/ld+json\" class=\"yoast-schema-graph\">{\"@context\":\"https:\/\/schema.org\",\"@graph\":[{\"@type\":\"Article\",\"@id\":\"https:\/\/www.docenti.it\/blog\/150-preferenze-ritiro-della-domanda-entro-il-22-agosto\/#article\",\"isPartOf\":{\"@id\":\"https:\/\/www.docenti.it\/blog\/150-preferenze-ritiro-della-domanda-entro-il-22-agosto\/\"},\"author\":{\"name\":\"Gabriella Capraro\",\"@id\":\"https:\/\/www.docenti.it\/blog\/#\/schema\/person\/773963d3c0645bd34c150c41a13e5754\"},\"headline\":\"150 preferenze: ritiro della domanda entro il 22 agosto\",\"datePublished\":\"2025-08-20T17:02:09+00:00\",\"dateModified\":\"2025-08-20T17:02:09+00:00\",\"mainEntityOfPage\":{\"@id\":\"https:\/\/www.docenti.it\/blog\/150-preferenze-ritiro-della-domanda-entro-il-22-agosto\/\"},\"wordCount\":417,\"commentCount\":0,\"publisher\":{\"@id\":\"https:\/\/www.docenti.it\/blog\/#organization\"},\"keywords\":[\"150 preferenze\",\"domanda 150 preferenze\",\"graduatoria GPS\",\"nomina da GPS\"],\"articleSection\":[\"News\"],\"inLanguage\":\"it-IT\",\"potentialAction\":[{\"@type\":\"CommentAction\",\"name\":\"Comment\",\"target\":[\"https:\/\/www.docenti.it\/blog\/150-preferenze-ritiro-della-domanda-entro-il-22-agosto\/#respond\"]}]},{\"@type\":\"WebPage\",\"@id\":\"https:\/\/www.docenti.it\/blog\/150-preferenze-ritiro-della-domanda-entro-il-22-agosto\/\",\"url\":\"https:\/\/www.docenti.it\/blog\/150-preferenze-ritiro-della-domanda-entro-il-22-agosto\/\",\"name\":\"150 preferenze: ritiro della domanda entro il 22 agosto - Blog | Docenti.it\",\"isPartOf\":{\"@id\":\"https:\/\/www.docenti.it\/blog\/#website\"},\"datePublished\":\"2025-08-20T17:02:09+00:00\",\"dateModified\":\"2025-08-20T17:02:09+00:00\",\"description\":\"150 preferenze: il ritiro della domanda delle 150 preferenze, da presentare in specifici casi di nomina, \u00e8 in scadenza al 22 agosto.\",\"breadcrumb\":{\"@id\":\"https:\/\/www.docenti.it\/blog\/150-preferenze-ritiro-della-domanda-entro-il-22-agosto\/#breadcrumb\"},\"inLanguage\":\"it-IT\",\"potentialAction\":[{\"@type\":\"ReadAction\",\"target\":[\"https:\/\/www.docenti.it\/blog\/150-preferenze-ritiro-della-domanda-entro-il-22-agosto\/\"]}]},{\"@type\":\"BreadcrumbList\",\"@id\":\"https:\/\/www.docenti.it\/blog\/150-preferenze-ritiro-della-domanda-entro-il-22-agosto\/#breadcrumb\",\"itemListElement\":[{\"@type\":\"ListItem\",\"position\":1,\"name\":\"Home\",\"item\":\"https:\/\/www.docenti.it\/blog\/\"},{\"@type\":\"ListItem\",\"position\":2,\"name\":\"150 preferenze: ritiro della domanda entro il 22 agosto\"}]},{\"@type\":\"WebSite\",\"@id\":\"https:\/\/www.docenti.it\/blog\/#website\",\"url\":\"https:\/\/www.docenti.it\/blog\/\",\"name\":\"Blog | Docenti.it\",\"description\":\"Tutte le notizie e gli aggiornamenti dal mondo della scuola\",\"publisher\":{\"@id\":\"https:\/\/www.docenti.it\/blog\/#organization\"},\"potentialAction\":[{\"@type\":\"SearchAction\",\"target\":{\"@type\":\"EntryPoint\",\"urlTemplate\":\"https:\/\/www.docenti.it\/blog\/?s={search_term_string}\"},\"query-input\":\"required name=search_term_string\"}],\"inLanguage\":\"it-IT\"},{\"@type\":\"Organization\",\"@id\":\"https:\/\/www.docenti.it\/blog\/#organization\",\"name\":\"Blog | Docenti.it\",\"url\":\"https:\/\/www.docenti.it\/blog\/\",\"logo\":{\"@type\":\"ImageObject\",\"inLanguage\":\"it-IT\",\"@id\":\"https:\/\/www.docenti.it\/blog\/#\/schema\/logo\/image\/\",\"url\":\"https:\/\/www.docenti.it\/blog\/wp-content\/uploads\/2025\/06\/fb_mad_img.png\",\"contentUrl\":\"https:\/\/www.docenti.it\/blog\/wp-content\/uploads\/2025\/06\/fb_mad_img.png\",\"width\":1140,\"height\":620,\"caption\":\"Blog | Docenti.it\"},\"image\":{\"@id\":\"https:\/\/www.docenti.it\/blog\/#\/schema\/logo\/image\/\"},\"sameAs\":[\"https:\/\/www.facebook.com\/docenti.it\"]},{\"@type\":\"Person\",\"@id\":\"https:\/\/www.docenti.it\/blog\/#\/schema\/person\/773963d3c0645bd34c150c41a13e5754\",\"name\":\"Gabriella Capraro\",\"image\":{\"@type\":\"ImageObject\",\"inLanguage\":\"it-IT\",\"@id\":\"https:\/\/www.docenti.it\/blog\/#\/schema\/person\/image\/\",\"url\":\"https:\/\/secure.gravatar.com\/avatar\/17e0ab06bea064a8a7c5bef443cb7153?s=96&d=mm&r=g\",\"contentUrl\":\"https:\/\/secure.gravatar.com\/avatar\/17e0ab06bea064a8a7c5bef443cb7153?s=96&d=mm&r=g\",\"caption\":\"Gabriella Capraro\"},\"description\":\"Copywriter e digital strategist, collabora come articolista e autrice per diverse piattaforme online, spaziando da tematiche scolastiche\/istituzionali a letterarie e musicali.\",\"url\":\"https:\/\/www.docenti.it\/blog\/author\/gcapraro\/\"}]}<\/script>\n<!-- \/ Yoast SEO plugin. -->","yoast_head_json":{"title":"150 preferenze: ritiro della domanda entro il 22 agosto - Blog | Docenti.it","description":"150 preferenze: il ritiro della domanda delle 150 preferenze, da presentare in specifici casi di nomina, \u00e8 in scadenza al 22 agosto.","robots":{"index":"index","follow":"follow","max-snippet":"max-snippet:-1","max-image-preview":"max-image-preview:large","max-video-preview":"max-video-preview:-1"},"canonical":"https:\/\/www.docenti.it\/blog\/150-preferenze-ritiro-della-domanda-entro-il-22-agosto\/","og_locale":"it_IT","og_type":"article","og_title":"150 preferenze: ritiro della domanda entro il 22 agosto - Blog | Docenti.it","og_description":"150 preferenze: il ritiro della domanda delle 150 preferenze, da presentare in specifici casi di nomina, \u00e8 in scadenza al 22 agosto.","og_url":"https:\/\/www.docenti.it\/blog\/150-preferenze-ritiro-della-domanda-entro-il-22-agosto\/","og_site_name":"Blog | Docenti.it","article_publisher":"https:\/\/www.facebook.com\/docenti.it","article_published_time":"2025-08-20T17:02:09+00:00","og_image":[{"width":640,"height":426,"url":"https:\/\/www.docenti.it\/blog\/wp-content\/uploads\/2023\/01\/glenn-carstens-peters-npxXWgQ33ZQ-unsplash.jpg","type":"image\/jpeg"}],"author":"Gabriella Capraro","twitter_card":"summary_large_image","twitter_misc":{"Written by":"Gabriella Capraro","Est. reading time":"2 minuti"},"schema":{"@context":"https:\/\/schema.org","@graph":[{"@type":"Article","@id":"https:\/\/www.docenti.it\/blog\/150-preferenze-ritiro-della-domanda-entro-il-22-agosto\/#article","isPartOf":{"@id":"https:\/\/www.docenti.it\/blog\/150-preferenze-ritiro-della-domanda-entro-il-22-agosto\/"},"author":{"name":"Gabriella Capraro","@id":"https:\/\/www.docenti.it\/blog\/#\/schema\/person\/773963d3c0645bd34c150c41a13e5754"},"headline":"150 preferenze: ritiro della domanda entro il 22 agosto","datePublished":"2025-08-20T17:02:09+00:00","dateModified":"2025-08-20T17:02:09+00:00","mainEntityOfPage":{"@id":"https:\/\/www.docenti.it\/blog\/150-preferenze-ritiro-della-domanda-entro-il-22-agosto\/"},"wordCount":417,"commentCount":0,"publisher":{"@id":"https:\/\/www.docenti.it\/blog\/#organization"},"keywords":["150 preferenze","domanda 150 preferenze","graduatoria GPS","nomina da GPS"],"articleSection":["News"],"inLanguage":"it-IT","potentialAction":[{"@type":"CommentAction","name":"Comment","target":["https:\/\/www.docenti.it\/blog\/150-preferenze-ritiro-della-domanda-entro-il-22-agosto\/#respond"]}]},{"@type":"WebPage","@id":"https:\/\/www.docenti.it\/blog\/150-preferenze-ritiro-della-domanda-entro-il-22-agosto\/","url":"https:\/\/www.docenti.it\/blog\/150-preferenze-ritiro-della-domanda-entro-il-22-agosto\/","name":"150 preferenze: ritiro della domanda entro il 22 agosto - Blog | Docenti.it","isPartOf":{"@id":"https:\/\/www.docenti.it\/blog\/#website"},"datePublished":"2025-08-20T17:02:09+00:00","dateModified":"2025-08-20T17:02:09+00:00","description":"150 preferenze: il ritiro della domanda delle 150 preferenze, da presentare in specifici casi di nomina, \u00e8 in scadenza al 22 agosto.","breadcrumb":{"@id":"https:\/\/www.docenti.it\/blog\/150-preferenze-ritiro-della-domanda-entro-il-22-agosto\/#breadcrumb"},"inLanguage":"it-IT","potentialAction":[{"@type":"ReadAction","target":["https:\/\/www.docenti.it\/blog\/150-preferenze-ritiro-della-domanda-entro-il-22-agosto\/"]}]},{"@type":"BreadcrumbList","@id":"https:\/\/www.docenti.it\/blog\/150-preferenze-ritiro-della-domanda-entro-il-22-agosto\/#breadcrumb","itemListElement":[{"@type":"ListItem","position":1,"name":"Home","item":"https:\/\/www.docenti.it\/blog\/"},{"@type":"ListItem","position":2,"name":"150 preferenze: ritiro della domanda entro il 22 agosto"}]},{"@type":"WebSite","@id":"https:\/\/www.docenti.it\/blog\/#website","url":"https:\/\/www.docenti.it\/blog\/","name":"Blog | Docenti.it","description":"Tutte le notizie e gli aggiornamenti dal mondo della scuola","publisher":{"@id":"https:\/\/www.docenti.it\/blog\/#organization"},"potentialAction":[{"@type":"SearchAction","target":{"@type":"EntryPoint","urlTemplate":"https:\/\/www.docenti.it\/blog\/?s={search_term_string}"},"query-input":"required name=search_term_string"}],"inLanguage":"it-IT"},{"@type":"Organization","@id":"https:\/\/www.docenti.it\/blog\/#organization","name":"Blog | Docenti.it","url":"https:\/\/www.docenti.it\/blog\/","logo":{"@type":"ImageObject","inLanguage":"it-IT","@id":"https:\/\/www.docenti.it\/blog\/#\/schema\/logo\/image\/","url":"https:\/\/www.docenti.it\/blog\/wp-content\/uploads\/2025\/06\/fb_mad_img.png","contentUrl":"https:\/\/www.docenti.it\/blog\/wp-content\/uploads\/2025\/06\/fb_mad_img.png","width":1140,"height":620,"caption":"Blog | Docenti.it"},"image":{"@id":"https:\/\/www.docenti.it\/blog\/#\/schema\/logo\/image\/"},"sameAs":["https:\/\/www.facebook.com\/docenti.it"]},{"@type":"Person","@id":"https:\/\/www.docenti.it\/blog\/#\/schema\/person\/773963d3c0645bd34c150c41a13e5754","name":"Gabriella Capraro","image":{"@type":"ImageObject","inLanguage":"it-IT","@id":"https:\/\/www.docenti.it\/blog\/#\/schema\/person\/image\/","url":"https:\/\/secure.gravatar.com\/avatar\/17e0ab06bea064a8a7c5bef443cb7153?s=96&d=mm&r=g","contentUrl":"https:\/\/secure.gravatar.com\/avatar\/17e0ab06bea064a8a7c5bef443cb7153?s=96&d=mm&r=g","caption":"Gabriella Capraro"},"description":"Copywriter e digital strategist, collabora come articolista e autrice per diverse piattaforme online, spaziando da tematiche scolastiche\/istituzionali a letterarie e musicali.","url":"https:\/\/www.docenti.it\/blog\/author\/gcapraro\/"}]}},"_links":{"self":[{"href":"https:\/\/www.docenti.it\/blog\/wp-json\/wp\/v2\/posts\/46809"}],"collection":[{"href":"https:\/\/www.docenti.it\/blog\/wp-json\/wp\/v2\/posts"}],"about":[{"href":"https:\/\/www.docenti.it\/blog\/wp-json\/wp\/v2\/types\/post"}],"author":[{"embeddable":true,"href":"https:\/\/www.docenti.it\/blog\/wp-json\/wp\/v2\/users\/25"}],"replies":[{"embeddable":true,"href":"https:\/\/www.docenti.it\/blog\/wp-json\/wp\/v2\/comments?post=46809"}],"version-history":[{"count":1,"href":"https:\/\/www.docenti.it\/blog\/wp-json\/wp\/v2\/posts\/46809\/revisions"}],"predecessor-version":[{"id":46811,"href":"https:\/\/www.docenti.it\/blog\/wp-json\/wp\/v2\/posts\/46809\/revisions\/46811"}],"wp:featuredmedia":[{"embeddable":true,"href":"https:\/\/www.docenti.it\/blog\/wp-json\/wp\/v2\/media\/43355"}],"wp:attachment":[{"href":"https:\/\/www.docenti.it\/blog\/wp-json\/wp\/v2\/media?parent=46809"}],"wp:term":[{"taxonomy":"category","embeddable":true,"href":"https:\/\/www.docenti.it\/blog\/wp-json\/wp\/v2\/categories?post=46809"},{"taxonomy":"post_tag","embeddable":true,"href":"https:\/\/www.docenti.it\/blog\/wp-json\/wp\/v2\/tags?post=46809"}],"curies":[{"name":"wp","href":"https:\/\/api.w.org\/{rel}","templated":true}]}}