{"id":46828,"date":"2025-08-27T17:12:15","date_gmt":"2025-08-27T15:12:15","guid":{"rendered":"https:\/\/www.docenti.it\/blog\/?p=46828"},"modified":"2025-08-27T17:12:15","modified_gmt":"2025-08-27T15:12:15","slug":"classi-di-concorso-le-novita-introdotte-dalla-riforma","status":"publish","type":"post","link":"https:\/\/www.docenti.it\/blog\/classi-di-concorso-le-novita-introdotte-dalla-riforma\/","title":{"rendered":"Classi di concorso: le novit\u00e0 introdotte dalla Riforma"},"content":{"rendered":"\n<p>Classi di concorso: negli ultimi mesi il tema delle <strong>classi di concorso<\/strong> \u00e8 tornato centrale per docenti e aspiranti insegnanti. <\/p>\n\n\n\n<p>La Riforma classi di concorso ha infatti ridefinito gli accorpamenti, portando cambiamenti che incidono direttamente sulle graduatorie, sulle abilitazioni e sulle procedure dei concorsi, a partire dal PNRR 2 fino alle selezioni dell\u2019anno scolastico 2025\/2026.<\/p>\n\n\n\n<p><em>Esploriamo insieme questi cambiamenti normativi. <\/em><\/p>\n\n\n\n<h2>Classi di concorso e nuovi accorpamenti<\/h2>\n\n\n\n<p>L\u2019unione di pi\u00f9 classi di concorso affini ha l\u2019obiettivo di rendere pi\u00f9 fluida l\u2019organizzazione delle scuole e di garantire una maggiore copertura delle cattedre vacanti. Questo modello permette di utilizzare i docenti con maggiore flessibilit\u00e0, specialmente in quelle discipline dove il personale qualificato scarseggia.<\/p>\n\n\n\n<p>Gli accorpamenti sono stati ufficializzati dal <strong>Ministero dell\u2019Istruzione e del Merito<\/strong> con il <strong>Decreto 255\/2023<\/strong>, che nella Tabella A elenca le nuove denominazioni, i titoli di accesso e gli insegnamenti previsti.<\/p>\n\n\n\n<p>Ecco le principali unificazioni:<\/p>\n\n\n\n<ul>\n<li><strong>A01 \u2013 Disegno e storia dell\u2019arte<\/strong>: nasce dall\u2019integrazione di Arte e immagine (scuola secondaria di I grado) e Disegno e storia dell\u2019arte (scuola secondaria di II grado).<\/li>\n\n\n\n<li><strong>A12 \u2013 Discipline letterarie<\/strong>: unisce le ex A12 e A22.<\/li>\n\n\n\n<li><strong>A22 \u2013 Lingue e culture straniere<\/strong>: comprende le classi A24 e A25.<\/li>\n\n\n\n<li><strong>A30 \u2013 Musica<\/strong>: accorpa la ex A29 e la A30.<\/li>\n\n\n\n<li><strong>A48 \u2013 Scienze motorie e sportive<\/strong>: fonde le ex A48 e A49.<\/li>\n\n\n\n<li><strong>A70 \u2013 Italiano con lingua slovena o bilingue in Friuli Venezia Giulia<\/strong>: integra le ex A70 e A72.<\/li>\n\n\n\n<li><strong>A71 \u2013 Discipline letterarie con lingua slovena o bilingue in Friuli Venezia Giulia<\/strong>: unisce la ex A71 e la A3.<\/li>\n<\/ul>\n\n\n\n<p>Le graduatorie saranno quindi riorganizzate secondo queste nuove suddivisioni, pur rimanendo separate tra primo e secondo grado. Gli stessi criteri verranno applicati anche per l\u2019assegnazione delle supplenze.<\/p>\n\n\n\n<p><em>Per saperne di pi\u00f9: <\/em><\/p>\n\n\n<p><strong><a href=\"https:\/\/www.docenti.it\/blog\/classi-di-concorso-accorpamenti-2025\/\">Tutti gli accorpamenti delle classi di concorso 2025<\/a><\/strong><\/p>\n\n\n<h2>Quali sono gli effetti degli accorpamenti?<\/h2>\n\n\n\n<h3>Vantaggi per i candidati<\/h3>\n\n\n\n<p>Gli accorpamenti delle <strong>classi di concorso<\/strong> offrono numerosi benefici. La selezione dei candidati diventa pi\u00f9 trasversale, poich\u00e9 materie simili vengono valutate in modo unitario. Inoltre, i docenti possono candidarsi a pi\u00f9 classi affini, aumentando le proprie opportunit\u00e0 di inserimento.<\/p>\n\n\n\n<h3>Validit\u00e0 delle abilitazioni<\/h3>\n\n\n\n<p>Nonostante la riorganizzazione, i corsi abilitanti 2023\/24 restano separati. Tuttavia, il <strong>DM 621\/2024<\/strong> chiarisce che l\u2019abilitazione conseguita in una classe accorpata \u00e8 automaticamente valida anche per le altre della stessa area.<\/p>\n\n\n\n<p>La <strong>Tabella A del decreto del 22 dicembre 2023<\/strong> conferma inoltre che tutte le abilitazioni ottenute con i vecchi ordinamenti restano riconosciute, garantendo cos\u00ec continuit\u00e0 a chi possiede titoli conseguiti negli anni precedenti.<\/p>\n\n\n\n<h2>Classi di concorso: punteggi e valorizzazione dei titoli<\/h2>\n\n\n\n<p>Una novit\u00e0 di rilievo riguarda i punteggi aggiuntivi legati ai titoli abilitanti. L\u2019Ordinanza Ministeriale attribuisce:<\/p>\n\n\n\n<ul>\n<li><strong>24 punti<\/strong> a chi ha superato un concorso ordinario;<\/li>\n\n\n\n<li><strong>24 punti<\/strong> per il concorso straordinario (DD n. 510\/2020);<\/li>\n\n\n\n<li><strong>24 punti<\/strong> per l\u2019abilitazione ottenuta attraverso i percorsi universitari e accademici di formazione iniziale (DPCM 4 agosto 2023).<\/li>\n<\/ul>\n\n\n\n<p>Questa scelta punta a valorizzare la formazione dei docenti e a rendere pi\u00f9 meritocratica l\u2019assegnazione dei posti.<\/p>\n\n\n\n<p>Con la Riforma, le <strong>classi di concorso<\/strong> sono state ridisegnate per semplificare l\u2019organizzazione scolastica e rendere pi\u00f9 agevole il percorso dei docenti. Gli accorpamenti, insieme alle nuove regole su abilitazioni e punteggi, rappresentano un cambiamento che conviene conoscere bene per affrontare i prossimi concorsi con maggiore consapevolezza. <\/p>\n\n\n\n<p><\/p>\n\n\n\n<p>Per ulteriori news e aggiornamenti sul mondo scuola, segui il\u00a0<strong><a href=\"https:\/\/www.docenti.it\/blog\/\" target=\"_blank\" rel=\"noreferrer noopener\">blog<\/a><\/strong>\u00a0di\u00a0<strong><a href=\"https:\/\/www.docenti.it\/\">Docenti.it<\/a><\/strong><\/p>\n\n\n\n<p><\/p>\n","protected":false},"excerpt":{"rendered":"<p>Classi di concorso: negli ultimi mesi il tema delle classi di concorso \u00e8 tornato [&hellip;]<\/p>\n","protected":false},"author":25,"featured_media":44949,"comment_status":"open","ping_status":"open","sticky":false,"template":"","format":"standard","meta":[],"categories":[4],"tags":[785,32],"yoast_head":"<!-- This site is optimized with the Yoast SEO plugin v20.4 - https:\/\/yoast.com\/wordpress\/plugins\/seo\/ -->\n<title>Classi di concorso: le novit\u00e0 introdotte dalla Riforma - Blog | Docenti.it<\/title>\n<meta name=\"description\" content=\"Classi di concorso: tutti i dettagli previsti dalla Riforma sulle classi di concorso, comprese le informazioni sugli accorpamenti.\" \/>\n<meta name=\"robots\" content=\"index, follow, max-snippet:-1, max-image-preview:large, max-video-preview:-1\" \/>\n<link rel=\"canonical\" href=\"https:\/\/www.docenti.it\/blog\/classi-di-concorso-le-novita-introdotte-dalla-riforma\/\" \/>\n<meta property=\"og:locale\" content=\"it_IT\" \/>\n<meta property=\"og:type\" content=\"article\" \/>\n<meta property=\"og:title\" content=\"Classi di concorso: le novit\u00e0 introdotte dalla Riforma - Blog | Docenti.it\" \/>\n<meta property=\"og:description\" content=\"Classi di concorso: tutti i dettagli previsti dalla Riforma sulle classi di concorso, comprese le informazioni sugli accorpamenti.\" \/>\n<meta property=\"og:url\" content=\"https:\/\/www.docenti.it\/blog\/classi-di-concorso-le-novita-introdotte-dalla-riforma\/\" \/>\n<meta property=\"og:site_name\" content=\"Blog | Docenti.it\" \/>\n<meta property=\"article:publisher\" content=\"https:\/\/www.facebook.com\/docenti.it\" \/>\n<meta property=\"article:published_time\" content=\"2025-08-27T15:12:15+00:00\" \/>\n<meta property=\"og:image\" content=\"https:\/\/www.docenti.it\/blog\/wp-content\/uploads\/2023\/02\/lecture-g1b1941676_640.jpg\" \/>\n\t<meta property=\"og:image:width\" content=\"640\" \/>\n\t<meta property=\"og:image:height\" content=\"427\" \/>\n\t<meta property=\"og:image:type\" content=\"image\/jpeg\" \/>\n<meta name=\"author\" content=\"Gabriella Capraro\" \/>\n<meta name=\"twitter:card\" content=\"summary_large_image\" \/>\n<meta name=\"twitter:label1\" content=\"Written by\" \/>\n\t<meta name=\"twitter:data1\" content=\"Gabriella Capraro\" \/>\n\t<meta name=\"twitter:label2\" content=\"Est. reading time\" \/>\n\t<meta name=\"twitter:data2\" content=\"3 minuti\" \/>\n<script type=\"application\/ld+json\" class=\"yoast-schema-graph\">{\"@context\":\"https:\/\/schema.org\",\"@graph\":[{\"@type\":\"Article\",\"@id\":\"https:\/\/www.docenti.it\/blog\/classi-di-concorso-le-novita-introdotte-dalla-riforma\/#article\",\"isPartOf\":{\"@id\":\"https:\/\/www.docenti.it\/blog\/classi-di-concorso-le-novita-introdotte-dalla-riforma\/\"},\"author\":{\"name\":\"Gabriella Capraro\",\"@id\":\"https:\/\/www.docenti.it\/blog\/#\/schema\/person\/773963d3c0645bd34c150c41a13e5754\"},\"headline\":\"Classi di concorso: le novit\u00e0 introdotte dalla Riforma\",\"datePublished\":\"2025-08-27T15:12:15+00:00\",\"dateModified\":\"2025-08-27T15:12:15+00:00\",\"mainEntityOfPage\":{\"@id\":\"https:\/\/www.docenti.it\/blog\/classi-di-concorso-le-novita-introdotte-dalla-riforma\/\"},\"wordCount\":545,\"commentCount\":0,\"publisher\":{\"@id\":\"https:\/\/www.docenti.it\/blog\/#organization\"},\"keywords\":[\"accorpamenti classi di concorso\",\"classi di concorso\"],\"articleSection\":[\"News\"],\"inLanguage\":\"it-IT\",\"potentialAction\":[{\"@type\":\"CommentAction\",\"name\":\"Comment\",\"target\":[\"https:\/\/www.docenti.it\/blog\/classi-di-concorso-le-novita-introdotte-dalla-riforma\/#respond\"]}]},{\"@type\":\"WebPage\",\"@id\":\"https:\/\/www.docenti.it\/blog\/classi-di-concorso-le-novita-introdotte-dalla-riforma\/\",\"url\":\"https:\/\/www.docenti.it\/blog\/classi-di-concorso-le-novita-introdotte-dalla-riforma\/\",\"name\":\"Classi di concorso: le novit\u00e0 introdotte dalla Riforma - Blog | Docenti.it\",\"isPartOf\":{\"@id\":\"https:\/\/www.docenti.it\/blog\/#website\"},\"datePublished\":\"2025-08-27T15:12:15+00:00\",\"dateModified\":\"2025-08-27T15:12:15+00:00\",\"description\":\"Classi di concorso: tutti i dettagli previsti dalla Riforma sulle classi di concorso, comprese le informazioni sugli accorpamenti.\",\"breadcrumb\":{\"@id\":\"https:\/\/www.docenti.it\/blog\/classi-di-concorso-le-novita-introdotte-dalla-riforma\/#breadcrumb\"},\"inLanguage\":\"it-IT\",\"potentialAction\":[{\"@type\":\"ReadAction\",\"target\":[\"https:\/\/www.docenti.it\/blog\/classi-di-concorso-le-novita-introdotte-dalla-riforma\/\"]}]},{\"@type\":\"BreadcrumbList\",\"@id\":\"https:\/\/www.docenti.it\/blog\/classi-di-concorso-le-novita-introdotte-dalla-riforma\/#breadcrumb\",\"itemListElement\":[{\"@type\":\"ListItem\",\"position\":1,\"name\":\"Home\",\"item\":\"https:\/\/www.docenti.it\/blog\/\"},{\"@type\":\"ListItem\",\"position\":2,\"name\":\"Classi di concorso: le novit\u00e0 introdotte dalla Riforma\"}]},{\"@type\":\"WebSite\",\"@id\":\"https:\/\/www.docenti.it\/blog\/#website\",\"url\":\"https:\/\/www.docenti.it\/blog\/\",\"name\":\"Blog | Docenti.it\",\"description\":\"Tutte le notizie e gli aggiornamenti dal mondo della scuola\",\"publisher\":{\"@id\":\"https:\/\/www.docenti.it\/blog\/#organization\"},\"potentialAction\":[{\"@type\":\"SearchAction\",\"target\":{\"@type\":\"EntryPoint\",\"urlTemplate\":\"https:\/\/www.docenti.it\/blog\/?s={search_term_string}\"},\"query-input\":\"required name=search_term_string\"}],\"inLanguage\":\"it-IT\"},{\"@type\":\"Organization\",\"@id\":\"https:\/\/www.docenti.it\/blog\/#organization\",\"name\":\"Blog | Docenti.it\",\"url\":\"https:\/\/www.docenti.it\/blog\/\",\"logo\":{\"@type\":\"ImageObject\",\"inLanguage\":\"it-IT\",\"@id\":\"https:\/\/www.docenti.it\/blog\/#\/schema\/logo\/image\/\",\"url\":\"https:\/\/www.docenti.it\/blog\/wp-content\/uploads\/2025\/06\/fb_mad_img.png\",\"contentUrl\":\"https:\/\/www.docenti.it\/blog\/wp-content\/uploads\/2025\/06\/fb_mad_img.png\",\"width\":1140,\"height\":620,\"caption\":\"Blog | Docenti.it\"},\"image\":{\"@id\":\"https:\/\/www.docenti.it\/blog\/#\/schema\/logo\/image\/\"},\"sameAs\":[\"https:\/\/www.facebook.com\/docenti.it\"]},{\"@type\":\"Person\",\"@id\":\"https:\/\/www.docenti.it\/blog\/#\/schema\/person\/773963d3c0645bd34c150c41a13e5754\",\"name\":\"Gabriella Capraro\",\"image\":{\"@type\":\"ImageObject\",\"inLanguage\":\"it-IT\",\"@id\":\"https:\/\/www.docenti.it\/blog\/#\/schema\/person\/image\/\",\"url\":\"https:\/\/secure.gravatar.com\/avatar\/17e0ab06bea064a8a7c5bef443cb7153?s=96&d=mm&r=g\",\"contentUrl\":\"https:\/\/secure.gravatar.com\/avatar\/17e0ab06bea064a8a7c5bef443cb7153?s=96&d=mm&r=g\",\"caption\":\"Gabriella Capraro\"},\"description\":\"Copywriter e digital strategist, collabora come articolista e autrice per diverse piattaforme online, spaziando da tematiche scolastiche\/istituzionali a letterarie e musicali.\",\"url\":\"https:\/\/www.docenti.it\/blog\/author\/gcapraro\/\"}]}<\/script>\n<!-- \/ Yoast SEO plugin. -->","yoast_head_json":{"title":"Classi di concorso: le novit\u00e0 introdotte dalla Riforma - Blog | Docenti.it","description":"Classi di concorso: tutti i dettagli previsti dalla Riforma sulle classi di concorso, comprese le informazioni sugli accorpamenti.","robots":{"index":"index","follow":"follow","max-snippet":"max-snippet:-1","max-image-preview":"max-image-preview:large","max-video-preview":"max-video-preview:-1"},"canonical":"https:\/\/www.docenti.it\/blog\/classi-di-concorso-le-novita-introdotte-dalla-riforma\/","og_locale":"it_IT","og_type":"article","og_title":"Classi di concorso: le novit\u00e0 introdotte dalla Riforma - Blog | Docenti.it","og_description":"Classi di concorso: tutti i dettagli previsti dalla Riforma sulle classi di concorso, comprese le informazioni sugli accorpamenti.","og_url":"https:\/\/www.docenti.it\/blog\/classi-di-concorso-le-novita-introdotte-dalla-riforma\/","og_site_name":"Blog | Docenti.it","article_publisher":"https:\/\/www.facebook.com\/docenti.it","article_published_time":"2025-08-27T15:12:15+00:00","og_image":[{"width":640,"height":427,"url":"https:\/\/www.docenti.it\/blog\/wp-content\/uploads\/2023\/02\/lecture-g1b1941676_640.jpg","type":"image\/jpeg"}],"author":"Gabriella Capraro","twitter_card":"summary_large_image","twitter_misc":{"Written by":"Gabriella Capraro","Est. reading time":"3 minuti"},"schema":{"@context":"https:\/\/schema.org","@graph":[{"@type":"Article","@id":"https:\/\/www.docenti.it\/blog\/classi-di-concorso-le-novita-introdotte-dalla-riforma\/#article","isPartOf":{"@id":"https:\/\/www.docenti.it\/blog\/classi-di-concorso-le-novita-introdotte-dalla-riforma\/"},"author":{"name":"Gabriella Capraro","@id":"https:\/\/www.docenti.it\/blog\/#\/schema\/person\/773963d3c0645bd34c150c41a13e5754"},"headline":"Classi di concorso: le novit\u00e0 introdotte dalla Riforma","datePublished":"2025-08-27T15:12:15+00:00","dateModified":"2025-08-27T15:12:15+00:00","mainEntityOfPage":{"@id":"https:\/\/www.docenti.it\/blog\/classi-di-concorso-le-novita-introdotte-dalla-riforma\/"},"wordCount":545,"commentCount":0,"publisher":{"@id":"https:\/\/www.docenti.it\/blog\/#organization"},"keywords":["accorpamenti classi di concorso","classi di concorso"],"articleSection":["News"],"inLanguage":"it-IT","potentialAction":[{"@type":"CommentAction","name":"Comment","target":["https:\/\/www.docenti.it\/blog\/classi-di-concorso-le-novita-introdotte-dalla-riforma\/#respond"]}]},{"@type":"WebPage","@id":"https:\/\/www.docenti.it\/blog\/classi-di-concorso-le-novita-introdotte-dalla-riforma\/","url":"https:\/\/www.docenti.it\/blog\/classi-di-concorso-le-novita-introdotte-dalla-riforma\/","name":"Classi di concorso: le novit\u00e0 introdotte dalla Riforma - Blog | Docenti.it","isPartOf":{"@id":"https:\/\/www.docenti.it\/blog\/#website"},"datePublished":"2025-08-27T15:12:15+00:00","dateModified":"2025-08-27T15:12:15+00:00","description":"Classi di concorso: tutti i dettagli previsti dalla Riforma sulle classi di concorso, comprese le informazioni sugli accorpamenti.","breadcrumb":{"@id":"https:\/\/www.docenti.it\/blog\/classi-di-concorso-le-novita-introdotte-dalla-riforma\/#breadcrumb"},"inLanguage":"it-IT","potentialAction":[{"@type":"ReadAction","target":["https:\/\/www.docenti.it\/blog\/classi-di-concorso-le-novita-introdotte-dalla-riforma\/"]}]},{"@type":"BreadcrumbList","@id":"https:\/\/www.docenti.it\/blog\/classi-di-concorso-le-novita-introdotte-dalla-riforma\/#breadcrumb","itemListElement":[{"@type":"ListItem","position":1,"name":"Home","item":"https:\/\/www.docenti.it\/blog\/"},{"@type":"ListItem","position":2,"name":"Classi di concorso: le novit\u00e0 introdotte dalla Riforma"}]},{"@type":"WebSite","@id":"https:\/\/www.docenti.it\/blog\/#website","url":"https:\/\/www.docenti.it\/blog\/","name":"Blog | Docenti.it","description":"Tutte le notizie e gli aggiornamenti dal mondo della scuola","publisher":{"@id":"https:\/\/www.docenti.it\/blog\/#organization"},"potentialAction":[{"@type":"SearchAction","target":{"@type":"EntryPoint","urlTemplate":"https:\/\/www.docenti.it\/blog\/?s={search_term_string}"},"query-input":"required name=search_term_string"}],"inLanguage":"it-IT"},{"@type":"Organization","@id":"https:\/\/www.docenti.it\/blog\/#organization","name":"Blog | Docenti.it","url":"https:\/\/www.docenti.it\/blog\/","logo":{"@type":"ImageObject","inLanguage":"it-IT","@id":"https:\/\/www.docenti.it\/blog\/#\/schema\/logo\/image\/","url":"https:\/\/www.docenti.it\/blog\/wp-content\/uploads\/2025\/06\/fb_mad_img.png","contentUrl":"https:\/\/www.docenti.it\/blog\/wp-content\/uploads\/2025\/06\/fb_mad_img.png","width":1140,"height":620,"caption":"Blog | Docenti.it"},"image":{"@id":"https:\/\/www.docenti.it\/blog\/#\/schema\/logo\/image\/"},"sameAs":["https:\/\/www.facebook.com\/docenti.it"]},{"@type":"Person","@id":"https:\/\/www.docenti.it\/blog\/#\/schema\/person\/773963d3c0645bd34c150c41a13e5754","name":"Gabriella Capraro","image":{"@type":"ImageObject","inLanguage":"it-IT","@id":"https:\/\/www.docenti.it\/blog\/#\/schema\/person\/image\/","url":"https:\/\/secure.gravatar.com\/avatar\/17e0ab06bea064a8a7c5bef443cb7153?s=96&d=mm&r=g","contentUrl":"https:\/\/secure.gravatar.com\/avatar\/17e0ab06bea064a8a7c5bef443cb7153?s=96&d=mm&r=g","caption":"Gabriella Capraro"},"description":"Copywriter e digital strategist, collabora come articolista e autrice per diverse piattaforme online, spaziando da tematiche scolastiche\/istituzionali a letterarie e musicali.","url":"https:\/\/www.docenti.it\/blog\/author\/gcapraro\/"}]}},"_links":{"self":[{"href":"https:\/\/www.docenti.it\/blog\/wp-json\/wp\/v2\/posts\/46828"}],"collection":[{"href":"https:\/\/www.docenti.it\/blog\/wp-json\/wp\/v2\/posts"}],"about":[{"href":"https:\/\/www.docenti.it\/blog\/wp-json\/wp\/v2\/types\/post"}],"author":[{"embeddable":true,"href":"https:\/\/www.docenti.it\/blog\/wp-json\/wp\/v2\/users\/25"}],"replies":[{"embeddable":true,"href":"https:\/\/www.docenti.it\/blog\/wp-json\/wp\/v2\/comments?post=46828"}],"version-history":[{"count":1,"href":"https:\/\/www.docenti.it\/blog\/wp-json\/wp\/v2\/posts\/46828\/revisions"}],"predecessor-version":[{"id":46830,"href":"https:\/\/www.docenti.it\/blog\/wp-json\/wp\/v2\/posts\/46828\/revisions\/46830"}],"wp:featuredmedia":[{"embeddable":true,"href":"https:\/\/www.docenti.it\/blog\/wp-json\/wp\/v2\/media\/44949"}],"wp:attachment":[{"href":"https:\/\/www.docenti.it\/blog\/wp-json\/wp\/v2\/media?parent=46828"}],"wp:term":[{"taxonomy":"category","embeddable":true,"href":"https:\/\/www.docenti.it\/blog\/wp-json\/wp\/v2\/categories?post=46828"},{"taxonomy":"post_tag","embeddable":true,"href":"https:\/\/www.docenti.it\/blog\/wp-json\/wp\/v2\/tags?post=46828"}],"curies":[{"name":"wp","href":"https:\/\/api.w.org\/{rel}","templated":true}]}}