{"id":46838,"date":"2025-09-02T18:31:35","date_gmt":"2025-09-02T16:31:35","guid":{"rendered":"https:\/\/www.docenti.it\/blog\/?p=46838"},"modified":"2025-09-02T18:31:35","modified_gmt":"2025-09-02T16:31:35","slug":"interpelli-scuola-guida-pratica-alle-candidature","status":"publish","type":"post","link":"https:\/\/www.docenti.it\/blog\/interpelli-scuola-guida-pratica-alle-candidature\/","title":{"rendered":"Interpelli scuola: guida pratica alle candidature"},"content":{"rendered":"\n<p>Interpelli scuola: con l\u2019inizio dell\u2019anno scolastico 2025\/2026, <strong>docenti e personale ATA<\/strong> si trovano spesso a dover affrontare dubbi e domande sulle <strong>procedure di interpello<\/strong>, sulle tempistiche e sui requisiti per ottenere incarichi di supplenza. <\/p>\n\n\n\n<p>In questa guida raccogliamo le informazioni essenziali e le risposte alle domande pi\u00f9 frequenti, cos\u00ec da accompagnarti passo dopo passo.<\/p>\n\n\n\n<h2>Definizione e requisiti: come funzionano gli Interpelli?<\/h2>\n\n\n\n<p>Un <strong>interpello scolastico<\/strong> \u00e8 una procedura ufficiale che le scuole attivano quando risultano esaurite le <strong>graduatorie GPS e GI<\/strong>. In questi casi, l\u2019istituto pubblica un avviso sul proprio sito web e lo trasmette anche all\u2019Ufficio Scolastico Territoriale, invitando i candidati disponibili a presentarsi per coprire posti vacanti.<\/p>\n\n\n\n<p>Questa modalit\u00e0 si rivela particolarmente utile per garantire <strong>continuit\u00e0 didattica agli studenti<\/strong> e per permettere alle scuole di reperire rapidamente personale docente e ATA.<\/p>\n\n\n\n<p>Gli interpelli non sono aperti a tutti indiscriminatamente. Ecco i principali <strong>destinatari degli avvisi<\/strong>:<\/p>\n\n\n\n<ul>\n<li><strong>Docenti abilitati<\/strong> o con specializzazione sul sostegno.<\/li>\n\n\n\n<li><strong>Docenti inseriti nelle GPS<\/strong> o in altre graduatorie, purch\u00e9 non abbiano gi\u00e0 ricevuto un incarico.<\/li>\n\n\n\n<li><strong>Personale ATA<\/strong>, quando esplicitamente indicato nel bando.<\/li>\n<\/ul>\n\n\n\n<p>Non pu\u00f2 partecipare chi ha gi\u00e0 un contratto a tempo determinato nella stessa scuola per l\u2019anno scolastico in corso.<\/p>\n\n\n\n<p>N.B.: se sei gi\u00e0 stato inserito in un <strong>bollettino di nomina USP<\/strong>, non potrai partecipare a un interpello relativo allo stesso posto.<\/p>\n\n\n\n<h2>Interpelli scuola: dove reperire gli avvisi?<\/h2>\n\n\n\n<p>Per restare aggiornati \u00e8 fondamentale sapere <strong>dove vengono pubblicati gli interpelli<\/strong>. Le principali fonti da monitorare sono:<\/p>\n\n\n\n<ul>\n<li>Il <strong>sito ufficiale delle scuole<\/strong>; <\/li>\n\n\n\n<li><\/li>\n\n\n\n<li>Il sito dell\u2019<strong>Ufficio Scolastico Provinciale o Regionale<\/strong>.<\/li>\n<\/ul>\n\n\n\n<p>Molti candidati, soprattutto tra fine agosto e inizio settembre, consultano quotidianamente queste pagine per non perdere occasioni.<\/p>\n\n\n\n<p>Oggi esistono anche <strong>servizi di notifica per interpelli<\/strong>, che inviano direttamente alert e segnalazioni via email o app. In questo modo non \u00e8 necessario controllare manualmente i siti e si pu\u00f2 rispondere in tempi rapidi, aumentando le possibilit\u00e0 di ottenere una supplenza.<\/p>\n\n\n\n<p>Tra questi, il nostro <em>Interpelli Scuola, <\/em>pensato per facilitare la procedura di ricerca + risposta agli avvisi per la copertura di cattedre vacanti pubblicati dalle scuole. In aggiunta all&#8217;invio massivo di candidature, riceverai un report aggiornato delle scuole che rispondono, in maniera <em>facile e immediata. <\/em><\/p>\n\n\n\n<p><\/p>\n\n\n\n<div class=\"is-layout-flex wp-block-buttons\">\n<div class=\"wp-block-button\"><a class=\"wp-block-button__link wp-element-button\" href=\"https:\/\/www.docenti.it\/interpelli.html\" target=\"_blank\" rel=\"noreferrer noopener\">REGISTRATI AD INTERPELLI SCUOLA<\/a><\/div>\n<\/div>\n\n\n\n<p><\/p>\n\n\n\n<p>Gli interpelli vengono attivati <strong>solo dopo l\u2019esaurimento delle graduatorie<\/strong>. Le pubblicazioni pi\u00f9 frequenti avvengono:<\/p>\n\n\n\n<ul>\n<li>Tra <strong>fine agosto e inizio settembre<\/strong>, per incarichi annuali e temporanei.<\/li>\n\n\n\n<li>Dopo le <strong>vacanze natalizie<\/strong>, per coprire nuove esigenze.<\/li>\n\n\n\n<li>Durante l\u2019anno scolastico, in caso di <strong>sostituzioni urgenti o brevi<\/strong>.<\/li>\n\n\n\n<li>A giugno e luglio, per <strong>corsi estivi e recuperi<\/strong>.<\/li>\n<\/ul>\n\n\n\n<p>Il periodo di fine agosto\/inizio settembre rappresenta uno dei momenti pi\u00f9 favorevoli per ottenere un incarico. <\/p>\n\n\n\n<p>Ogni interpello deve contenere informazioni precise per garantire trasparenza e correttezza. Tra i dati pi\u00f9 importanti troviamo:<\/p>\n\n\n\n<ul>\n<li>Durata della supplenza e data di inizio.<\/li>\n\n\n\n<li>Orario settimanale e sede.<\/li>\n\n\n\n<li>Requisiti richiesti, come titoli di studio o specializzazioni.<\/li>\n\n\n\n<li>Modalit\u00e0 e scadenze per l\u2019invio della candidatura.<\/li>\n\n\n\n<li>Tempi di risposta e presa di servizio, spesso entro 24-48 ore.<\/li>\n\n\n\n<li>Informativa sulla privacy.<\/li>\n<\/ul>\n\n\n\n<p>Un avviso chiaro e completo riduce errori e ritardi e rende pi\u00f9 semplice l\u2019intero processo.<\/p>\n\n\n\n<p><em>Non perdere informazioni essenziali, affidati a Docenti.it<\/em><\/p>\n\n\n\n<p><\/p>\n\n\n\n<div class=\"is-layout-flex wp-block-buttons\">\n<div class=\"wp-block-button\"><a class=\"wp-block-button__link wp-element-button\" href=\"https:\/\/www.docenti.it\/interpelli.html\" target=\"_blank\" rel=\"noreferrer noopener\">REGISTRATI AGLI INTERPELLI SCUOLA 2025<\/a><\/div>\n<\/div>\n\n\n\n<p><\/p>\n\n\n\n<p>Resta aggiornat\u018f su tutte le news del mondo scuola, segui la sezione\u00a0<strong><a href=\"https:\/\/www.docenti.it\/blog\/\" target=\"_blank\" rel=\"noreferrer noopener\">Blog\u00a0<\/a><\/strong>del portale<strong><a href=\"https:\/\/www.docenti.it\/\" target=\"_blank\" rel=\"noreferrer noopener\">\u00a0Docenti.it<\/a><\/strong><\/p>\n\n\n\n<p><\/p>\n","protected":false},"excerpt":{"rendered":"<p>Interpelli scuola: con l\u2019inizio dell\u2019anno scolastico 2025\/2026, docenti e personale ATA si trovano spesso [&hellip;]<\/p>\n","protected":false},"author":25,"featured_media":43670,"comment_status":"open","ping_status":"open","sticky":false,"template":"","format":"standard","meta":[],"categories":[751],"tags":[699,797,759,793,931],"yoast_head":"<!-- This site is optimized with the Yoast SEO plugin v20.4 - https:\/\/yoast.com\/wordpress\/plugins\/seo\/ -->\n<title>Interpelli scuola: guida pratica alle candidature - Blog | Docenti.it<\/title>\n<meta name=\"description\" content=\"Interpelli scuola: F.A.Q., informazioni essenziali, requisiti e periodo migliore per rispondere agli avvisi pubblicati dalle scuole.\" \/>\n<meta name=\"robots\" content=\"index, follow, max-snippet:-1, max-image-preview:large, max-video-preview:-1\" \/>\n<link rel=\"canonical\" href=\"https:\/\/www.docenti.it\/blog\/interpelli-scuola-guida-pratica-alle-candidature\/\" \/>\n<meta property=\"og:locale\" content=\"it_IT\" \/>\n<meta property=\"og:type\" content=\"article\" \/>\n<meta property=\"og:title\" content=\"Interpelli scuola: guida pratica alle candidature - Blog | Docenti.it\" \/>\n<meta property=\"og:description\" content=\"Interpelli scuola: F.A.Q., informazioni essenziali, requisiti e periodo migliore per rispondere agli avvisi pubblicati dalle scuole.\" \/>\n<meta property=\"og:url\" content=\"https:\/\/www.docenti.it\/blog\/interpelli-scuola-guida-pratica-alle-candidature\/\" \/>\n<meta property=\"og:site_name\" content=\"Blog | Docenti.it\" \/>\n<meta property=\"article:publisher\" content=\"https:\/\/www.facebook.com\/docenti.it\" \/>\n<meta property=\"article:published_time\" content=\"2025-09-02T16:31:35+00:00\" \/>\n<meta property=\"og:image\" content=\"https:\/\/www.docenti.it\/blog\/wp-content\/uploads\/2023\/01\/checklist-g8c31c2559_640.png\" \/>\n\t<meta property=\"og:image:width\" content=\"640\" \/>\n\t<meta property=\"og:image:height\" content=\"458\" \/>\n\t<meta property=\"og:image:type\" content=\"image\/png\" \/>\n<meta name=\"author\" content=\"Gabriella Capraro\" \/>\n<meta name=\"twitter:card\" content=\"summary_large_image\" \/>\n<meta name=\"twitter:label1\" content=\"Written by\" \/>\n\t<meta name=\"twitter:data1\" content=\"Gabriella Capraro\" \/>\n\t<meta name=\"twitter:label2\" content=\"Est. reading time\" \/>\n\t<meta name=\"twitter:data2\" content=\"3 minuti\" \/>\n<script type=\"application\/ld+json\" class=\"yoast-schema-graph\">{\"@context\":\"https:\/\/schema.org\",\"@graph\":[{\"@type\":\"Article\",\"@id\":\"https:\/\/www.docenti.it\/blog\/interpelli-scuola-guida-pratica-alle-candidature\/#article\",\"isPartOf\":{\"@id\":\"https:\/\/www.docenti.it\/blog\/interpelli-scuola-guida-pratica-alle-candidature\/\"},\"author\":{\"name\":\"Gabriella Capraro\",\"@id\":\"https:\/\/www.docenti.it\/blog\/#\/schema\/person\/773963d3c0645bd34c150c41a13e5754\"},\"headline\":\"Interpelli scuola: guida pratica alle candidature\",\"datePublished\":\"2025-09-02T16:31:35+00:00\",\"dateModified\":\"2025-09-02T16:31:35+00:00\",\"mainEntityOfPage\":{\"@id\":\"https:\/\/www.docenti.it\/blog\/interpelli-scuola-guida-pratica-alle-candidature\/\"},\"wordCount\":541,\"commentCount\":0,\"publisher\":{\"@id\":\"https:\/\/www.docenti.it\/blog\/#organization\"},\"keywords\":[\"interpelli\",\"interpelli 2025\",\"Interpelli scuola\",\"interpello\",\"interpello docenti\"],\"articleSection\":[\"Interpelli, mad e supplenze\"],\"inLanguage\":\"it-IT\",\"potentialAction\":[{\"@type\":\"CommentAction\",\"name\":\"Comment\",\"target\":[\"https:\/\/www.docenti.it\/blog\/interpelli-scuola-guida-pratica-alle-candidature\/#respond\"]}]},{\"@type\":\"WebPage\",\"@id\":\"https:\/\/www.docenti.it\/blog\/interpelli-scuola-guida-pratica-alle-candidature\/\",\"url\":\"https:\/\/www.docenti.it\/blog\/interpelli-scuola-guida-pratica-alle-candidature\/\",\"name\":\"Interpelli scuola: guida pratica alle candidature - Blog | Docenti.it\",\"isPartOf\":{\"@id\":\"https:\/\/www.docenti.it\/blog\/#website\"},\"datePublished\":\"2025-09-02T16:31:35+00:00\",\"dateModified\":\"2025-09-02T16:31:35+00:00\",\"description\":\"Interpelli scuola: F.A.Q., informazioni essenziali, requisiti e periodo migliore per rispondere agli avvisi pubblicati dalle scuole.\",\"breadcrumb\":{\"@id\":\"https:\/\/www.docenti.it\/blog\/interpelli-scuola-guida-pratica-alle-candidature\/#breadcrumb\"},\"inLanguage\":\"it-IT\",\"potentialAction\":[{\"@type\":\"ReadAction\",\"target\":[\"https:\/\/www.docenti.it\/blog\/interpelli-scuola-guida-pratica-alle-candidature\/\"]}]},{\"@type\":\"BreadcrumbList\",\"@id\":\"https:\/\/www.docenti.it\/blog\/interpelli-scuola-guida-pratica-alle-candidature\/#breadcrumb\",\"itemListElement\":[{\"@type\":\"ListItem\",\"position\":1,\"name\":\"Home\",\"item\":\"https:\/\/www.docenti.it\/blog\/\"},{\"@type\":\"ListItem\",\"position\":2,\"name\":\"Interpelli scuola: guida pratica alle candidature\"}]},{\"@type\":\"WebSite\",\"@id\":\"https:\/\/www.docenti.it\/blog\/#website\",\"url\":\"https:\/\/www.docenti.it\/blog\/\",\"name\":\"Blog | Docenti.it\",\"description\":\"Tutte le notizie e gli aggiornamenti dal mondo della scuola\",\"publisher\":{\"@id\":\"https:\/\/www.docenti.it\/blog\/#organization\"},\"potentialAction\":[{\"@type\":\"SearchAction\",\"target\":{\"@type\":\"EntryPoint\",\"urlTemplate\":\"https:\/\/www.docenti.it\/blog\/?s={search_term_string}\"},\"query-input\":\"required name=search_term_string\"}],\"inLanguage\":\"it-IT\"},{\"@type\":\"Organization\",\"@id\":\"https:\/\/www.docenti.it\/blog\/#organization\",\"name\":\"Blog | Docenti.it\",\"url\":\"https:\/\/www.docenti.it\/blog\/\",\"logo\":{\"@type\":\"ImageObject\",\"inLanguage\":\"it-IT\",\"@id\":\"https:\/\/www.docenti.it\/blog\/#\/schema\/logo\/image\/\",\"url\":\"https:\/\/www.docenti.it\/blog\/wp-content\/uploads\/2025\/06\/fb_mad_img.png\",\"contentUrl\":\"https:\/\/www.docenti.it\/blog\/wp-content\/uploads\/2025\/06\/fb_mad_img.png\",\"width\":1140,\"height\":620,\"caption\":\"Blog | Docenti.it\"},\"image\":{\"@id\":\"https:\/\/www.docenti.it\/blog\/#\/schema\/logo\/image\/\"},\"sameAs\":[\"https:\/\/www.facebook.com\/docenti.it\"]},{\"@type\":\"Person\",\"@id\":\"https:\/\/www.docenti.it\/blog\/#\/schema\/person\/773963d3c0645bd34c150c41a13e5754\",\"name\":\"Gabriella Capraro\",\"image\":{\"@type\":\"ImageObject\",\"inLanguage\":\"it-IT\",\"@id\":\"https:\/\/www.docenti.it\/blog\/#\/schema\/person\/image\/\",\"url\":\"https:\/\/secure.gravatar.com\/avatar\/17e0ab06bea064a8a7c5bef443cb7153?s=96&d=mm&r=g\",\"contentUrl\":\"https:\/\/secure.gravatar.com\/avatar\/17e0ab06bea064a8a7c5bef443cb7153?s=96&d=mm&r=g\",\"caption\":\"Gabriella Capraro\"},\"description\":\"Copywriter e digital strategist, collabora come articolista e autrice per diverse piattaforme online, spaziando da tematiche scolastiche\/istituzionali a letterarie e musicali.\",\"url\":\"https:\/\/www.docenti.it\/blog\/author\/gcapraro\/\"}]}<\/script>\n<!-- \/ Yoast SEO plugin. -->","yoast_head_json":{"title":"Interpelli scuola: guida pratica alle candidature - Blog | Docenti.it","description":"Interpelli scuola: F.A.Q., informazioni essenziali, requisiti e periodo migliore per rispondere agli avvisi pubblicati dalle scuole.","robots":{"index":"index","follow":"follow","max-snippet":"max-snippet:-1","max-image-preview":"max-image-preview:large","max-video-preview":"max-video-preview:-1"},"canonical":"https:\/\/www.docenti.it\/blog\/interpelli-scuola-guida-pratica-alle-candidature\/","og_locale":"it_IT","og_type":"article","og_title":"Interpelli scuola: guida pratica alle candidature - Blog | Docenti.it","og_description":"Interpelli scuola: F.A.Q., informazioni essenziali, requisiti e periodo migliore per rispondere agli avvisi pubblicati dalle scuole.","og_url":"https:\/\/www.docenti.it\/blog\/interpelli-scuola-guida-pratica-alle-candidature\/","og_site_name":"Blog | Docenti.it","article_publisher":"https:\/\/www.facebook.com\/docenti.it","article_published_time":"2025-09-02T16:31:35+00:00","og_image":[{"width":640,"height":458,"url":"https:\/\/www.docenti.it\/blog\/wp-content\/uploads\/2023\/01\/checklist-g8c31c2559_640.png","type":"image\/png"}],"author":"Gabriella Capraro","twitter_card":"summary_large_image","twitter_misc":{"Written by":"Gabriella Capraro","Est. reading time":"3 minuti"},"schema":{"@context":"https:\/\/schema.org","@graph":[{"@type":"Article","@id":"https:\/\/www.docenti.it\/blog\/interpelli-scuola-guida-pratica-alle-candidature\/#article","isPartOf":{"@id":"https:\/\/www.docenti.it\/blog\/interpelli-scuola-guida-pratica-alle-candidature\/"},"author":{"name":"Gabriella Capraro","@id":"https:\/\/www.docenti.it\/blog\/#\/schema\/person\/773963d3c0645bd34c150c41a13e5754"},"headline":"Interpelli scuola: guida pratica alle candidature","datePublished":"2025-09-02T16:31:35+00:00","dateModified":"2025-09-02T16:31:35+00:00","mainEntityOfPage":{"@id":"https:\/\/www.docenti.it\/blog\/interpelli-scuola-guida-pratica-alle-candidature\/"},"wordCount":541,"commentCount":0,"publisher":{"@id":"https:\/\/www.docenti.it\/blog\/#organization"},"keywords":["interpelli","interpelli 2025","Interpelli scuola","interpello","interpello docenti"],"articleSection":["Interpelli, mad e supplenze"],"inLanguage":"it-IT","potentialAction":[{"@type":"CommentAction","name":"Comment","target":["https:\/\/www.docenti.it\/blog\/interpelli-scuola-guida-pratica-alle-candidature\/#respond"]}]},{"@type":"WebPage","@id":"https:\/\/www.docenti.it\/blog\/interpelli-scuola-guida-pratica-alle-candidature\/","url":"https:\/\/www.docenti.it\/blog\/interpelli-scuola-guida-pratica-alle-candidature\/","name":"Interpelli scuola: guida pratica alle candidature - Blog | Docenti.it","isPartOf":{"@id":"https:\/\/www.docenti.it\/blog\/#website"},"datePublished":"2025-09-02T16:31:35+00:00","dateModified":"2025-09-02T16:31:35+00:00","description":"Interpelli scuola: F.A.Q., informazioni essenziali, requisiti e periodo migliore per rispondere agli avvisi pubblicati dalle scuole.","breadcrumb":{"@id":"https:\/\/www.docenti.it\/blog\/interpelli-scuola-guida-pratica-alle-candidature\/#breadcrumb"},"inLanguage":"it-IT","potentialAction":[{"@type":"ReadAction","target":["https:\/\/www.docenti.it\/blog\/interpelli-scuola-guida-pratica-alle-candidature\/"]}]},{"@type":"BreadcrumbList","@id":"https:\/\/www.docenti.it\/blog\/interpelli-scuola-guida-pratica-alle-candidature\/#breadcrumb","itemListElement":[{"@type":"ListItem","position":1,"name":"Home","item":"https:\/\/www.docenti.it\/blog\/"},{"@type":"ListItem","position":2,"name":"Interpelli scuola: guida pratica alle candidature"}]},{"@type":"WebSite","@id":"https:\/\/www.docenti.it\/blog\/#website","url":"https:\/\/www.docenti.it\/blog\/","name":"Blog | Docenti.it","description":"Tutte le notizie e gli aggiornamenti dal mondo della scuola","publisher":{"@id":"https:\/\/www.docenti.it\/blog\/#organization"},"potentialAction":[{"@type":"SearchAction","target":{"@type":"EntryPoint","urlTemplate":"https:\/\/www.docenti.it\/blog\/?s={search_term_string}"},"query-input":"required name=search_term_string"}],"inLanguage":"it-IT"},{"@type":"Organization","@id":"https:\/\/www.docenti.it\/blog\/#organization","name":"Blog | Docenti.it","url":"https:\/\/www.docenti.it\/blog\/","logo":{"@type":"ImageObject","inLanguage":"it-IT","@id":"https:\/\/www.docenti.it\/blog\/#\/schema\/logo\/image\/","url":"https:\/\/www.docenti.it\/blog\/wp-content\/uploads\/2025\/06\/fb_mad_img.png","contentUrl":"https:\/\/www.docenti.it\/blog\/wp-content\/uploads\/2025\/06\/fb_mad_img.png","width":1140,"height":620,"caption":"Blog | Docenti.it"},"image":{"@id":"https:\/\/www.docenti.it\/blog\/#\/schema\/logo\/image\/"},"sameAs":["https:\/\/www.facebook.com\/docenti.it"]},{"@type":"Person","@id":"https:\/\/www.docenti.it\/blog\/#\/schema\/person\/773963d3c0645bd34c150c41a13e5754","name":"Gabriella Capraro","image":{"@type":"ImageObject","inLanguage":"it-IT","@id":"https:\/\/www.docenti.it\/blog\/#\/schema\/person\/image\/","url":"https:\/\/secure.gravatar.com\/avatar\/17e0ab06bea064a8a7c5bef443cb7153?s=96&d=mm&r=g","contentUrl":"https:\/\/secure.gravatar.com\/avatar\/17e0ab06bea064a8a7c5bef443cb7153?s=96&d=mm&r=g","caption":"Gabriella Capraro"},"description":"Copywriter e digital strategist, collabora come articolista e autrice per diverse piattaforme online, spaziando da tematiche scolastiche\/istituzionali a letterarie e musicali.","url":"https:\/\/www.docenti.it\/blog\/author\/gcapraro\/"}]}},"_links":{"self":[{"href":"https:\/\/www.docenti.it\/blog\/wp-json\/wp\/v2\/posts\/46838"}],"collection":[{"href":"https:\/\/www.docenti.it\/blog\/wp-json\/wp\/v2\/posts"}],"about":[{"href":"https:\/\/www.docenti.it\/blog\/wp-json\/wp\/v2\/types\/post"}],"author":[{"embeddable":true,"href":"https:\/\/www.docenti.it\/blog\/wp-json\/wp\/v2\/users\/25"}],"replies":[{"embeddable":true,"href":"https:\/\/www.docenti.it\/blog\/wp-json\/wp\/v2\/comments?post=46838"}],"version-history":[{"count":1,"href":"https:\/\/www.docenti.it\/blog\/wp-json\/wp\/v2\/posts\/46838\/revisions"}],"predecessor-version":[{"id":46839,"href":"https:\/\/www.docenti.it\/blog\/wp-json\/wp\/v2\/posts\/46838\/revisions\/46839"}],"wp:featuredmedia":[{"embeddable":true,"href":"https:\/\/www.docenti.it\/blog\/wp-json\/wp\/v2\/media\/43670"}],"wp:attachment":[{"href":"https:\/\/www.docenti.it\/blog\/wp-json\/wp\/v2\/media?parent=46838"}],"wp:term":[{"taxonomy":"category","embeddable":true,"href":"https:\/\/www.docenti.it\/blog\/wp-json\/wp\/v2\/categories?post=46838"},{"taxonomy":"post_tag","embeddable":true,"href":"https:\/\/www.docenti.it\/blog\/wp-json\/wp\/v2\/tags?post=46838"}],"curies":[{"name":"wp","href":"https:\/\/api.w.org\/{rel}","templated":true}]}}