{"id":46907,"date":"2025-09-19T14:55:38","date_gmt":"2025-09-19T12:55:38","guid":{"rendered":"https:\/\/www.docenti.it\/blog\/?p=46907"},"modified":"2025-09-19T14:55:39","modified_gmt":"2025-09-19T12:55:39","slug":"interpelli-sostegno-2025-26-f-a-q-aggiornate","status":"publish","type":"post","link":"https:\/\/www.docenti.it\/blog\/interpelli-sostegno-2025-26-f-a-q-aggiornate\/","title":{"rendered":"Interpelli sostegno 2025\/26: F.A.Q. aggiornate"},"content":{"rendered":"\n<p>Interpelli sostegno 2025\/26: nel panorama delle supplenze scolastiche italiane, <strong>gli interpelli per il sostegno<\/strong> occupano un ruolo sempre pi\u00f9 centrale. <\/p>\n\n\n\n<p>Con le novit\u00e0 introdotte dall\u2019Ordinanza Ministeriale n. 88\/2024 e la Circolare ministeriale n. 157048 del 9 luglio 2025, molti docenti si chiedono chi pu\u00f2 partecipare, come avvengono le procedure, quali titoli servono, e cosa succede in caso di rinuncia o incompatibilit\u00e0. <\/p>\n\n\n\n<p><em>Nel contenuto che segue: le domande pi\u00f9 frequenti sugli Interpelli sostegno per l&#8217;a.s. 2025\/26<\/em><\/p>\n\n\n\n<h2>Chi pu\u00f2 partecipare agli Interpelli per il sostegno?<\/h2>\n\n\n\n<p>Innanzitutto, \u00e8 importante sapere che per gli interpelli <strong>per posti di sostegno<\/strong> la priorit\u00e0 \u00e8 attribuita ai docenti <strong>specializzati<\/strong> nell\u2019insegnamento agli alunni con disabilit\u00e0.<\/p>\n\n\n\n<p>Tuttavia, non \u00e8 escluso che partecipino anche insegnanti con altri titoli: se non si trovano candidati specializzati, si considerano quelli abilitati per la classe di concorso, e in mancanza anche aspiranti inseriti in GPS di seconda fascia con titolo valido. <\/p>\n\n\n\n<p>Chi non pu\u00f2 invece partecipare? Ad esempio:<\/p>\n\n\n\n<ul>\n<li>docenti gi\u00e0 titolari di un incarico a tempo determinato nella stessa provincia;<\/li>\n\n\n\n<li>chi \u00e8 gi\u00e0 stato nominato tramite GPS o GAE nello stesso anno scolastico;<\/li>\n\n\n\n<li>docenti gi\u00e0 confermati su posto di sostegno per l\u2019anno in corso;<\/li>\n<\/ul>\n\n\n\n<p><\/p>\n\n\n\n<div class=\"is-layout-flex wp-block-buttons\">\n<div class=\"wp-block-button\"><a class=\"wp-block-button__link wp-element-button\" href=\"https:\/\/www.docenti.it\/interpelli.html\" target=\"_blank\" rel=\"noreferrer noopener\">REGISTRATI AGLI INTERPELLI SCUOLA<\/a><\/div>\n<\/div>\n\n\n\n<p><\/p>\n\n\n\n<h2>Quando e come vengono attivati gli interpelli sul sostegno?<\/h2>\n\n\n\n<p>L\u2019interpello per il sostegno scatta solo in determinate condizioni. La procedura si attiva <strong>quando le graduatorie GPS, GAE o delle istituzioni scolastiche<\/strong> sono esaurite, oppure quando non ci sono candidati disponibili o accettanti tramite le normali convocazioni.<\/p>\n\n\n\n<p>Gli interpelli vengono pubblicati dalle scuole stesse o dagli Uffici Scolastici Provinciali\/Regionali, quando sia necessario coprire posti vacanti su sostegno. \u00c8 essenziale tenere d\u2019occhio i <strong>siti web ufficiali delle scuole<\/strong> e quelli degli USR\/USP per non perdere le comunicazioni.<\/p>\n\n\n\n<p>Nell\u2019avviso di interpello troverai: la sede, la durata, l\u2019orario, i titoli richiesti (abilitazione, specializzazione se \u00e8 sostegno), le modalit\u00e0 e termini per la domanda, la presa di servizio e le eventuali sanzioni.<\/p>\n\n\n\n<h2>Quali titoli e requisiti servono per partecipare a un interpello sul sostegno?<\/h2>\n\n\n\n<p>Per essere ammessi a un interpello per sostegno, \u00e8 necessario avere la <strong>specializzazione sul sostegno<\/strong>. \u00c8 questo il titolo principale richiesto quando si tratta di posti specifici. <\/p>\n\n\n\n<p>Se non si \u00e8 specializzati, ma si possiede l\u2019<strong>abilitazione per la classe di concorso richiesta<\/strong>, si pu\u00f2 comunque essere considerati, almeno in subordine, quando non ci siano candidati con specializzazione. <\/p>\n\n\n\n<p>Altri requisiti utili possono essere:<\/p>\n\n\n\n<ul>\n<li>il titolo di studio valido per la GPS di seconda fascia;<\/li>\n\n\n\n<li>l\u2019esperienza precedente sul sostegno o nella didattica inclusiva, che spesso viene valutata come titolo preferenziale; <\/li>\n\n\n\n<li>il rispetto delle condizioni previste dall\u2019OM 88\/2024, non essere gi\u00e0 titolari con incarico nella stessa provincia o anno. <\/li>\n<\/ul>\n\n\n\n<h2>Cosa succede se rifiuto o non prendo servizio dopo essere convocato da interpello? <\/h2>\n\n\n\n<p>Accettare un interpello \u00e8 un impegno che comporta responsabilit\u00e0. Se un docente <strong>rinuncia dopo aver accettato<\/strong> l\u2019incarico o <strong>non prende servizio<\/strong> entro il termine stabilito, possono scattare <strong>sanzioni<\/strong> previste dall\u2019Ordinanza Ministeriale n. 88\/2024. <\/p>\n\n\n\n<p>In particolare, l\u2019avviso di interpello deve specificare chiaramente quali sono le <strong>conseguenze<\/strong> in caso di mancata presa di servizio. <\/p>\n\n\n\n<p>Ad esempio:<\/p>\n\n\n\n<p>Se accetti un incarico da GPS, non puoi lasciarlo per un interpello, pena sanzioni.<\/p>\n\n\n\n<h2>Interpelli sostegno 2025\/26: posso partecipare a pi\u00f9 interpelli contemporaneamente? <\/h2>\n\n\n\n<p>S\u00ec, \u00e8 consentito candidarsi a pi\u00f9 interpelli, anche in province diverse, purch\u00e9 si rispettino i requisiti specifici per ogni interpello. La disponibilit\u00e0 di partecipare a diversi avvisi aumenta le possibilit\u00e0 di ottenere un incarico. <\/p>\n\n\n\n<p>\u00c8 importante per\u00f2 verificare due cose per ogni interpello a cui intendi rispondere:<\/p>\n\n\n\n<ol>\n<li>che <em>non sei escluso<\/em> per aver gi\u00e0 un incarico tramite GPS o graduatoria istituto nello stesso anno;<\/li>\n\n\n\n<li>che soddisfi i titoli richiesti (abilitazione, specializzazione, ecc.).<\/li>\n<\/ol>\n\n\n\n<p>Inoltre, la norma richiede che gli avvisi siano trasparenti nei criteri di priorit\u00e0, cos\u00ec sai in anticipo se hai pi\u00f9 possibilit\u00e0 rispetto ad altri candidati.<\/p>\n\n\n\n<p>N.B. la <strong>normativa<\/strong> dominante \u00e8 l\u2019OM 88\/2024 e la Circolare ministeriale n. 157048 del 9 luglio 2025, che definiscono chi pu\u00f2 rispondere, quando si attivano gli interpelli, cosa deve contenere ogni avviso e quali sono le sanzioni in caso di rinuncia o mancata presa di servizio.<\/p>\n\n\n\n<p><em>Se sei interessato a ricoprire incarichi di supplenza sul sostegno, dai un&#8217;occhiata a questo contenuto: <\/em><\/p>\n\n\n<p><strong><a href=\"https:\/\/www.docenti.it\/blog\/mad-sostegno-2025-e-possibile-senza-specializzazione\/\">MAD sostegno 2025: la procedura completa<\/a><\/strong><\/p>\n\n\n<p>Per ulteriori news e approfondimenti sul mondo scuola, segui il&nbsp;<strong><a href=\"https:\/\/www.docenti.it\/blog\/\" target=\"_blank\" rel=\"noreferrer noopener\">blog&nbsp;<\/a><\/strong>di&nbsp;<strong><a href=\"https:\/\/www.docenti.it\/\" target=\"_blank\" rel=\"noreferrer noopener\">Docenti.it<\/a><\/strong><\/p>\n\n\n\n<p><\/p>\n","protected":false},"excerpt":{"rendered":"<p>Interpelli sostegno 2025\/26: nel panorama delle supplenze scolastiche italiane, gli interpelli per il sostegno [&hellip;]<\/p>\n","protected":false},"author":25,"featured_media":43727,"comment_status":"open","ping_status":"open","sticky":false,"template":"","format":"standard","meta":[],"categories":[1],"tags":[797,941,767,931],"yoast_head":"<!-- This site is optimized with the Yoast SEO plugin v20.4 - https:\/\/yoast.com\/wordpress\/plugins\/seo\/ -->\n<title>Interpelli sostegno 2025\/26: F.A.Q. aggiornate - Blog | Docenti.it<\/title>\n<meta name=\"description\" content=\"Interpelli sostegno 2025\/26: le domande pi\u00f9 frequenti di utenti, lettori e aspiranti docenti circa la procedura degli Interpelli.\" \/>\n<meta name=\"robots\" content=\"index, follow, max-snippet:-1, max-image-preview:large, max-video-preview:-1\" \/>\n<link rel=\"canonical\" href=\"https:\/\/www.docenti.it\/blog\/interpelli-sostegno-2025-26-f-a-q-aggiornate\/\" \/>\n<meta property=\"og:locale\" content=\"it_IT\" \/>\n<meta property=\"og:type\" content=\"article\" \/>\n<meta property=\"og:title\" content=\"Interpelli sostegno 2025\/26: F.A.Q. aggiornate - Blog | Docenti.it\" \/>\n<meta property=\"og:description\" content=\"Interpelli sostegno 2025\/26: le domande pi\u00f9 frequenti di utenti, lettori e aspiranti docenti circa la procedura degli Interpelli.\" \/>\n<meta property=\"og:url\" content=\"https:\/\/www.docenti.it\/blog\/interpelli-sostegno-2025-26-f-a-q-aggiornate\/\" \/>\n<meta property=\"og:site_name\" content=\"Blog | Docenti.it\" \/>\n<meta property=\"article:publisher\" content=\"https:\/\/www.facebook.com\/docenti.it\" \/>\n<meta property=\"article:published_time\" content=\"2025-09-19T12:55:38+00:00\" \/>\n<meta property=\"article:modified_time\" content=\"2025-09-19T12:55:39+00:00\" \/>\n<meta property=\"og:image\" content=\"https:\/\/www.docenti.it\/blog\/wp-content\/uploads\/2023\/01\/pexels-matheus-bertelli-3856027.jpg\" \/>\n\t<meta property=\"og:image:width\" content=\"640\" \/>\n\t<meta property=\"og:image:height\" content=\"427\" \/>\n\t<meta property=\"og:image:type\" content=\"image\/jpeg\" \/>\n<meta name=\"author\" content=\"Gabriella Capraro\" \/>\n<meta name=\"twitter:card\" content=\"summary_large_image\" \/>\n<meta name=\"twitter:label1\" content=\"Written by\" \/>\n\t<meta name=\"twitter:data1\" content=\"Gabriella Capraro\" \/>\n\t<meta name=\"twitter:label2\" content=\"Est. reading time\" \/>\n\t<meta name=\"twitter:data2\" content=\"3 minuti\" \/>\n<script type=\"application\/ld+json\" class=\"yoast-schema-graph\">{\"@context\":\"https:\/\/schema.org\",\"@graph\":[{\"@type\":\"Article\",\"@id\":\"https:\/\/www.docenti.it\/blog\/interpelli-sostegno-2025-26-f-a-q-aggiornate\/#article\",\"isPartOf\":{\"@id\":\"https:\/\/www.docenti.it\/blog\/interpelli-sostegno-2025-26-f-a-q-aggiornate\/\"},\"author\":{\"name\":\"Gabriella Capraro\",\"@id\":\"https:\/\/www.docenti.it\/blog\/#\/schema\/person\/773963d3c0645bd34c150c41a13e5754\"},\"headline\":\"Interpelli sostegno 2025\/26: F.A.Q. aggiornate\",\"datePublished\":\"2025-09-19T12:55:38+00:00\",\"dateModified\":\"2025-09-19T12:55:39+00:00\",\"mainEntityOfPage\":{\"@id\":\"https:\/\/www.docenti.it\/blog\/interpelli-sostegno-2025-26-f-a-q-aggiornate\/\"},\"wordCount\":697,\"commentCount\":0,\"publisher\":{\"@id\":\"https:\/\/www.docenti.it\/blog\/#organization\"},\"keywords\":[\"interpelli 2025\",\"interpelli sostegno\",\"Interpelli supplenze\",\"interpello docenti\"],\"articleSection\":[\"FAQ\"],\"inLanguage\":\"it-IT\",\"potentialAction\":[{\"@type\":\"CommentAction\",\"name\":\"Comment\",\"target\":[\"https:\/\/www.docenti.it\/blog\/interpelli-sostegno-2025-26-f-a-q-aggiornate\/#respond\"]}]},{\"@type\":\"WebPage\",\"@id\":\"https:\/\/www.docenti.it\/blog\/interpelli-sostegno-2025-26-f-a-q-aggiornate\/\",\"url\":\"https:\/\/www.docenti.it\/blog\/interpelli-sostegno-2025-26-f-a-q-aggiornate\/\",\"name\":\"Interpelli sostegno 2025\/26: F.A.Q. aggiornate - Blog | Docenti.it\",\"isPartOf\":{\"@id\":\"https:\/\/www.docenti.it\/blog\/#website\"},\"datePublished\":\"2025-09-19T12:55:38+00:00\",\"dateModified\":\"2025-09-19T12:55:39+00:00\",\"description\":\"Interpelli sostegno 2025\/26: le domande pi\u00f9 frequenti di utenti, lettori e aspiranti docenti circa la procedura degli Interpelli.\",\"breadcrumb\":{\"@id\":\"https:\/\/www.docenti.it\/blog\/interpelli-sostegno-2025-26-f-a-q-aggiornate\/#breadcrumb\"},\"inLanguage\":\"it-IT\",\"potentialAction\":[{\"@type\":\"ReadAction\",\"target\":[\"https:\/\/www.docenti.it\/blog\/interpelli-sostegno-2025-26-f-a-q-aggiornate\/\"]}]},{\"@type\":\"BreadcrumbList\",\"@id\":\"https:\/\/www.docenti.it\/blog\/interpelli-sostegno-2025-26-f-a-q-aggiornate\/#breadcrumb\",\"itemListElement\":[{\"@type\":\"ListItem\",\"position\":1,\"name\":\"Home\",\"item\":\"https:\/\/www.docenti.it\/blog\/\"},{\"@type\":\"ListItem\",\"position\":2,\"name\":\"Interpelli sostegno 2025\/26: F.A.Q. aggiornate\"}]},{\"@type\":\"WebSite\",\"@id\":\"https:\/\/www.docenti.it\/blog\/#website\",\"url\":\"https:\/\/www.docenti.it\/blog\/\",\"name\":\"Blog | Docenti.it\",\"description\":\"Tutte le notizie e gli aggiornamenti dal mondo della scuola\",\"publisher\":{\"@id\":\"https:\/\/www.docenti.it\/blog\/#organization\"},\"potentialAction\":[{\"@type\":\"SearchAction\",\"target\":{\"@type\":\"EntryPoint\",\"urlTemplate\":\"https:\/\/www.docenti.it\/blog\/?s={search_term_string}\"},\"query-input\":\"required name=search_term_string\"}],\"inLanguage\":\"it-IT\"},{\"@type\":\"Organization\",\"@id\":\"https:\/\/www.docenti.it\/blog\/#organization\",\"name\":\"Blog | Docenti.it\",\"url\":\"https:\/\/www.docenti.it\/blog\/\",\"logo\":{\"@type\":\"ImageObject\",\"inLanguage\":\"it-IT\",\"@id\":\"https:\/\/www.docenti.it\/blog\/#\/schema\/logo\/image\/\",\"url\":\"https:\/\/www.docenti.it\/blog\/wp-content\/uploads\/2025\/06\/fb_mad_img.png\",\"contentUrl\":\"https:\/\/www.docenti.it\/blog\/wp-content\/uploads\/2025\/06\/fb_mad_img.png\",\"width\":1140,\"height\":620,\"caption\":\"Blog | Docenti.it\"},\"image\":{\"@id\":\"https:\/\/www.docenti.it\/blog\/#\/schema\/logo\/image\/\"},\"sameAs\":[\"https:\/\/www.facebook.com\/docenti.it\"]},{\"@type\":\"Person\",\"@id\":\"https:\/\/www.docenti.it\/blog\/#\/schema\/person\/773963d3c0645bd34c150c41a13e5754\",\"name\":\"Gabriella Capraro\",\"image\":{\"@type\":\"ImageObject\",\"inLanguage\":\"it-IT\",\"@id\":\"https:\/\/www.docenti.it\/blog\/#\/schema\/person\/image\/\",\"url\":\"https:\/\/secure.gravatar.com\/avatar\/17e0ab06bea064a8a7c5bef443cb7153?s=96&d=mm&r=g\",\"contentUrl\":\"https:\/\/secure.gravatar.com\/avatar\/17e0ab06bea064a8a7c5bef443cb7153?s=96&d=mm&r=g\",\"caption\":\"Gabriella Capraro\"},\"description\":\"Copywriter e digital strategist, collabora come articolista e autrice per diverse piattaforme online, spaziando da tematiche scolastiche\/istituzionali a letterarie e musicali.\",\"url\":\"https:\/\/www.docenti.it\/blog\/author\/gcapraro\/\"}]}<\/script>\n<!-- \/ Yoast SEO plugin. -->","yoast_head_json":{"title":"Interpelli sostegno 2025\/26: F.A.Q. aggiornate - Blog | Docenti.it","description":"Interpelli sostegno 2025\/26: le domande pi\u00f9 frequenti di utenti, lettori e aspiranti docenti circa la procedura degli Interpelli.","robots":{"index":"index","follow":"follow","max-snippet":"max-snippet:-1","max-image-preview":"max-image-preview:large","max-video-preview":"max-video-preview:-1"},"canonical":"https:\/\/www.docenti.it\/blog\/interpelli-sostegno-2025-26-f-a-q-aggiornate\/","og_locale":"it_IT","og_type":"article","og_title":"Interpelli sostegno 2025\/26: F.A.Q. aggiornate - Blog | Docenti.it","og_description":"Interpelli sostegno 2025\/26: le domande pi\u00f9 frequenti di utenti, lettori e aspiranti docenti circa la procedura degli Interpelli.","og_url":"https:\/\/www.docenti.it\/blog\/interpelli-sostegno-2025-26-f-a-q-aggiornate\/","og_site_name":"Blog | Docenti.it","article_publisher":"https:\/\/www.facebook.com\/docenti.it","article_published_time":"2025-09-19T12:55:38+00:00","article_modified_time":"2025-09-19T12:55:39+00:00","og_image":[{"width":640,"height":427,"url":"https:\/\/www.docenti.it\/blog\/wp-content\/uploads\/2023\/01\/pexels-matheus-bertelli-3856027.jpg","type":"image\/jpeg"}],"author":"Gabriella Capraro","twitter_card":"summary_large_image","twitter_misc":{"Written by":"Gabriella Capraro","Est. reading time":"3 minuti"},"schema":{"@context":"https:\/\/schema.org","@graph":[{"@type":"Article","@id":"https:\/\/www.docenti.it\/blog\/interpelli-sostegno-2025-26-f-a-q-aggiornate\/#article","isPartOf":{"@id":"https:\/\/www.docenti.it\/blog\/interpelli-sostegno-2025-26-f-a-q-aggiornate\/"},"author":{"name":"Gabriella Capraro","@id":"https:\/\/www.docenti.it\/blog\/#\/schema\/person\/773963d3c0645bd34c150c41a13e5754"},"headline":"Interpelli sostegno 2025\/26: F.A.Q. aggiornate","datePublished":"2025-09-19T12:55:38+00:00","dateModified":"2025-09-19T12:55:39+00:00","mainEntityOfPage":{"@id":"https:\/\/www.docenti.it\/blog\/interpelli-sostegno-2025-26-f-a-q-aggiornate\/"},"wordCount":697,"commentCount":0,"publisher":{"@id":"https:\/\/www.docenti.it\/blog\/#organization"},"keywords":["interpelli 2025","interpelli sostegno","Interpelli supplenze","interpello docenti"],"articleSection":["FAQ"],"inLanguage":"it-IT","potentialAction":[{"@type":"CommentAction","name":"Comment","target":["https:\/\/www.docenti.it\/blog\/interpelli-sostegno-2025-26-f-a-q-aggiornate\/#respond"]}]},{"@type":"WebPage","@id":"https:\/\/www.docenti.it\/blog\/interpelli-sostegno-2025-26-f-a-q-aggiornate\/","url":"https:\/\/www.docenti.it\/blog\/interpelli-sostegno-2025-26-f-a-q-aggiornate\/","name":"Interpelli sostegno 2025\/26: F.A.Q. aggiornate - Blog | Docenti.it","isPartOf":{"@id":"https:\/\/www.docenti.it\/blog\/#website"},"datePublished":"2025-09-19T12:55:38+00:00","dateModified":"2025-09-19T12:55:39+00:00","description":"Interpelli sostegno 2025\/26: le domande pi\u00f9 frequenti di utenti, lettori e aspiranti docenti circa la procedura degli Interpelli.","breadcrumb":{"@id":"https:\/\/www.docenti.it\/blog\/interpelli-sostegno-2025-26-f-a-q-aggiornate\/#breadcrumb"},"inLanguage":"it-IT","potentialAction":[{"@type":"ReadAction","target":["https:\/\/www.docenti.it\/blog\/interpelli-sostegno-2025-26-f-a-q-aggiornate\/"]}]},{"@type":"BreadcrumbList","@id":"https:\/\/www.docenti.it\/blog\/interpelli-sostegno-2025-26-f-a-q-aggiornate\/#breadcrumb","itemListElement":[{"@type":"ListItem","position":1,"name":"Home","item":"https:\/\/www.docenti.it\/blog\/"},{"@type":"ListItem","position":2,"name":"Interpelli sostegno 2025\/26: F.A.Q. aggiornate"}]},{"@type":"WebSite","@id":"https:\/\/www.docenti.it\/blog\/#website","url":"https:\/\/www.docenti.it\/blog\/","name":"Blog | Docenti.it","description":"Tutte le notizie e gli aggiornamenti dal mondo della scuola","publisher":{"@id":"https:\/\/www.docenti.it\/blog\/#organization"},"potentialAction":[{"@type":"SearchAction","target":{"@type":"EntryPoint","urlTemplate":"https:\/\/www.docenti.it\/blog\/?s={search_term_string}"},"query-input":"required name=search_term_string"}],"inLanguage":"it-IT"},{"@type":"Organization","@id":"https:\/\/www.docenti.it\/blog\/#organization","name":"Blog | Docenti.it","url":"https:\/\/www.docenti.it\/blog\/","logo":{"@type":"ImageObject","inLanguage":"it-IT","@id":"https:\/\/www.docenti.it\/blog\/#\/schema\/logo\/image\/","url":"https:\/\/www.docenti.it\/blog\/wp-content\/uploads\/2025\/06\/fb_mad_img.png","contentUrl":"https:\/\/www.docenti.it\/blog\/wp-content\/uploads\/2025\/06\/fb_mad_img.png","width":1140,"height":620,"caption":"Blog | Docenti.it"},"image":{"@id":"https:\/\/www.docenti.it\/blog\/#\/schema\/logo\/image\/"},"sameAs":["https:\/\/www.facebook.com\/docenti.it"]},{"@type":"Person","@id":"https:\/\/www.docenti.it\/blog\/#\/schema\/person\/773963d3c0645bd34c150c41a13e5754","name":"Gabriella Capraro","image":{"@type":"ImageObject","inLanguage":"it-IT","@id":"https:\/\/www.docenti.it\/blog\/#\/schema\/person\/image\/","url":"https:\/\/secure.gravatar.com\/avatar\/17e0ab06bea064a8a7c5bef443cb7153?s=96&d=mm&r=g","contentUrl":"https:\/\/secure.gravatar.com\/avatar\/17e0ab06bea064a8a7c5bef443cb7153?s=96&d=mm&r=g","caption":"Gabriella Capraro"},"description":"Copywriter e digital strategist, collabora come articolista e autrice per diverse piattaforme online, spaziando da tematiche scolastiche\/istituzionali a letterarie e musicali.","url":"https:\/\/www.docenti.it\/blog\/author\/gcapraro\/"}]}},"_links":{"self":[{"href":"https:\/\/www.docenti.it\/blog\/wp-json\/wp\/v2\/posts\/46907"}],"collection":[{"href":"https:\/\/www.docenti.it\/blog\/wp-json\/wp\/v2\/posts"}],"about":[{"href":"https:\/\/www.docenti.it\/blog\/wp-json\/wp\/v2\/types\/post"}],"author":[{"embeddable":true,"href":"https:\/\/www.docenti.it\/blog\/wp-json\/wp\/v2\/users\/25"}],"replies":[{"embeddable":true,"href":"https:\/\/www.docenti.it\/blog\/wp-json\/wp\/v2\/comments?post=46907"}],"version-history":[{"count":1,"href":"https:\/\/www.docenti.it\/blog\/wp-json\/wp\/v2\/posts\/46907\/revisions"}],"predecessor-version":[{"id":46908,"href":"https:\/\/www.docenti.it\/blog\/wp-json\/wp\/v2\/posts\/46907\/revisions\/46908"}],"wp:featuredmedia":[{"embeddable":true,"href":"https:\/\/www.docenti.it\/blog\/wp-json\/wp\/v2\/media\/43727"}],"wp:attachment":[{"href":"https:\/\/www.docenti.it\/blog\/wp-json\/wp\/v2\/media?parent=46907"}],"wp:term":[{"taxonomy":"category","embeddable":true,"href":"https:\/\/www.docenti.it\/blog\/wp-json\/wp\/v2\/categories?post=46907"},{"taxonomy":"post_tag","embeddable":true,"href":"https:\/\/www.docenti.it\/blog\/wp-json\/wp\/v2\/tags?post=46907"}],"curies":[{"name":"wp","href":"https:\/\/api.w.org\/{rel}","templated":true}]}}