{"id":46936,"date":"2025-09-26T18:23:41","date_gmt":"2025-09-26T16:23:41","guid":{"rendered":"https:\/\/www.docenti.it\/blog\/?p=46936"},"modified":"2025-09-26T18:23:42","modified_gmt":"2025-09-26T16:23:42","slug":"interpello-docenti-2025-quali-sono-gli-avvisi-attivi","status":"publish","type":"post","link":"https:\/\/www.docenti.it\/blog\/interpello-docenti-2025-quali-sono-gli-avvisi-attivi\/","title":{"rendered":"Interpello docenti 2025: quali sono gli avvisi attivi?"},"content":{"rendered":"\n<p>Interpello docenti 2025: l\u2019inizio dell\u2019anno scolastico porta con s\u00e9 non solo l\u2019avvio delle lezioni, ma anche la pubblicazione degli <strong>interpelli<\/strong>, strumento sempre pi\u00f9 centrale per coprire i posti rimasti vacanti dopo le convocazioni da GPS e graduatorie d\u2019istituto. <\/p>\n\n\n\n<p>L\u2019aggiornamento del <strong>26 settembre 2025<\/strong> offre un quadro chiaro delle opportunit\u00e0 disponibili per insegnanti abilitati, specializzati sul sostegno o in possesso del solo titolo di studio richiesto. <\/p>\n\n\n\n<p>Restare aggiornati \u00e8 fondamentale: un interpello pu\u00f2 trasformarsi in un incarico annuale o fino al termine delle attivit\u00e0 didattiche, spesso in tempi rapidi e con procedure telematiche semplificate.<\/p>\n\n\n\n<p><em>In questo contenuto: un breve recap sul funzionamento degli interpelli e un elenco di avvisi aggiornati.<\/em><\/p>\n\n\n\n<h2>Come funzione l&#8217;Interpello docenti 2025?<\/h2>\n\n\n\n<p>Un interpello nasce quando un istituto non riesce a reperire supplenti tramite le graduatorie tradizionali. A quel punto il dirigente scolastico pubblica un avviso con:<\/p>\n\n\n\n<ul>\n<li><strong>classe di concorso, <\/strong><\/li>\n\n\n\n<li><strong>numero di ore disponibili, <\/strong><\/li>\n\n\n\n<li><strong>durata dell\u2019incarico<\/strong>,<\/li>\n\n\n\n<li><strong>scadenza per candidarsi<\/strong>.<br><\/li>\n<\/ul>\n\n\n\n<p>Il docente interessato invia la propria domanda seguendo le modalit\u00e0 indicate, quasi sempre tramite <strong>posta elettronica certificata (PEC) o email ordinaria<\/strong>. <\/p>\n\n\n\n<p>Le candidature vengono valutate in base ai titoli, alle abilitazioni e alla posizione del candidato rispetto alla tipologia di posto richiesto. \u00c8 importante agire con tempestivit\u00e0: spesso le finestre temporali per presentare domanda non superano le 48 ore.<\/p>\n\n\n\n<p><\/p>\n\n\n\n<div class=\"is-layout-flex wp-block-buttons\">\n<div class=\"wp-block-button\"><a class=\"wp-block-button__link wp-element-button\" href=\"https:\/\/www.docenti.it\/interpelli.html\" target=\"_blank\" rel=\"noreferrer noopener\">REGISTRATI AGLI INTERPELLI 2025<\/a><\/div>\n<\/div>\n\n\n\n<p><\/p>\n\n\n\n<h2>L&#8217;elenco aggiornato degli avvisi disponibili<\/h2>\n\n\n\n<p>Quello che segue \u00e8 un elenco, diviso per regione e provincia, delle scuole che hanno gi\u00e0 pubblicati gli Interpelli: <\/p>\n\n\n\n<p><strong>ABRUZZO<\/strong><\/p>\n\n\n\n<p><strong>Chieti Pescara\u00a0<\/strong><a href=\"https:\/\/www.istruzionechietipescara.it\/category\/dalle-istituzioni-scolatiche\/\">La pagina dell\u2019Ufficio Scolastico\u00a0<\/a><strong>\u2013\u00a0<\/strong><\/p>\n\n\n\n<p><strong>L\u2019Aquila&nbsp;<\/strong><a href=\"https:\/\/lnx.csalaquila.it\/wp\/category\/interpelli-nazionali\/\">La pagina dell\u2019Ufficio Scolastico<\/a>&nbsp;\u2013<\/p>\n\n\n\n<p><a href=\"https:\/\/lnx.csalaquila.it\/wp\/2025\/09\/23\/interpello-nazionale-c-d-c-a042-i-i-s-amedeo-daosta-laquila-2\/\">Classe di concorso: \u2013 A042 \u2013 SCIENZE E TECNOLOGIE MECCANICHE<\/a>&nbsp;ISTITUTO D\u2019ISTRUZIONE SUPERIORE \u201cAMEDEO D\u2019AOSTA\u201d<br>Spezzone orario di n. 8 ore settimanali fino al 30.06.2026;<br>Domanda entro e non oltre le ore 09:00 del 28\/09\/2025<\/p>\n\n\n\n<p><\/p>\n\n\n\n<p><strong>BASILICATA\u00a0<\/strong><\/p>\n\n\n\n<p><strong>Potenza&nbsp;<\/strong><a href=\"https:\/\/www.istruzionepotenza.it\/interpelli-nazionali-docenti\/\">La pagina dell\u2019Ufficio Scolastico&nbsp;<\/a>&nbsp;\u2013<\/p>\n\n\n\n<p><strong>CALABRIA<\/strong><\/p>\n\n\n\n<p><strong>Catanzaro&nbsp;<\/strong><\/p>\n\n\n\n<p><a href=\"https:\/\/www.istruzione.calabria.it\/crotone\/interpello-a039\/\">A039 Scienze e tecnologie delle costruzioni navali<\/a>&nbsp;PTP Grimaldi Pacioli Petrucci Ferraris Maresca di Catanzaro<br>6 ore settimanali con presumibile decorrenza 01.10.2025 fino al 30.06.2026<br>Domanda entro ore 12.00 del 27.09.2025<\/p>\n\n\n\n<p><strong>Cosenza&nbsp;<\/strong><a href=\"https:\/\/www.istruzione.calabria.it\/cosenza\/category\/interdoc\/\">La pagina degli interpelli<\/a>&nbsp;\u2013<\/p>\n\n\n\n<p><a href=\"https:\/\/www.istruzione.calabria.it\/vibovalentia\/interpello-istituto-comprensivo-statale-mormanno-laino-borgo-cs-classe-di-concorso-a023-lingua-italiana-per-discenti-di-lingua-straniera-alloglotti-scuola-secondaria-di-1-grado\/\">Classe di Concorso A023 \u201cLingua italiana per discenti di lingua straniera (alloglotti) \u2013 Scuola Secondaria di I Grado<\/a>&nbsp;I.C. Mormanno Laino Borgo Cosenza<br>un incarico fino al termine delle attivit\u00e0 didattiche, dal 01\/10\/2025 al 30\/06\/2026, per un totale di 18 ore settimanali presso l\u2019Istituto Comprensivo \u201d<br>Domanda entro e non oltre le ore 13.00 del 29.09.2025<\/p>\n\n\n\n<p><a href=\"https:\/\/www.istruzione.calabria.it\/crotone\/interpello-a043\/\">A043 Scienze e Tecnologie nautiche<\/a>&nbsp;I.I.S. \u201cS. Lopiano\u201d Cetraro CS<br>10 ore settimanali fino al 30.06.2026<br>Domanda entro e non oltre le ore 23:59 del 27\/09\/2025<\/p>\n\n\n\n<p><strong>Crotone&nbsp;&nbsp;<\/strong><a href=\"https:\/\/www.istruzione.calabria.it\/crotone\/category\/notizie\/interpelli-per-supplenza\/\">La pagina dell\u2019Ufficio Scolastico&nbsp;<\/a><strong>\u2013&nbsp;<\/strong><\/p>\n\n\n\n<p><strong>Reggio Calabria<\/strong>&nbsp;&nbsp;<a href=\"https:\/\/www.istruzioneatprc.it\/interpelli25-26\/\">La pagina dell\u2019Ufficio Scolastico<\/a>&nbsp;\u2013<\/p>\n\n\n\n<p><strong>Vibo Valentia<\/strong><\/p>\n\n\n\n<p><a href=\"https:\/\/www.istruzione.calabria.it\/crotone\/interpello-aj56\/\">Classe di concorso AJ56 PIANOFORTE<\/a>&nbsp;scuola Secondaria I grado&nbsp; ISTITUTO COMPRENSIVO STATALE ACQUARO-SORIANO Vibo Valentia<br>n. 18 ore Dal luned\u00ec al venerd\u00ec<br>sede di servizio Istituto Comprensivo Statale Acquaro \u2013 Soriano\u2013plessi Scuola Secondaria I grado PLESSO ARENA<br>Dalla data di Assunzione in servizio fino al 31.10.2025<br>Domanda entro ore 23.59 del 30.09.2025<\/p>\n\n\n\n<p><a href=\"https:\/\/www.istruzione.calabria.it\/vibovalentia\/interpello-i-i-s-l-einaudi-serra-san-bruno-vv-classe-di-concorso-bc02-conversazione-in-lingue-spagnola\/\">BC02 \u201cCONVERSAZIONE IN LINGUA SPAGNOLA\u201d<\/a>&nbsp;ISTITUTO DI ISTRUZIONE SUPERIORE \u201cL. Einaudi\u201d SERRA SAN BRUNO (VV)<br>L\u2019incarico decorre dal 08\/10\/2025 e termina al 30\/06\/2026 presso il Liceo Linguistico di Serra San Bruno (VV)<br>Domanda entro e non oltre le ore 12.00 del 06.10.2025<\/p>\n\n\n\n<p><a href=\"https:\/\/www.istruzione.calabria.it\/vibovalentia\/interpello-istituto-comprensivo-statale-rombiolo-san-calogero-cessaniti-vv-1-grado-classe-di-concorso-ai56-strumento-musicale-percussioni\/\">STRUMENTO MUSICALE PERCUSSIONI Classe di Concorso AI56<\/a><br>Durata presumibilmente dal 01.10.2025 al 31.10.2025<br>Sede di servizio: IC ROMBIOLO SAN CALOGERO CESSANITI \u2013 plesso Secondaria 1^ Grado VVMM813061<br>Posto: Cattedra n. 18 ore settimanali<br>Domanda entro e non oltre le ore 12.00 del 29.09.2025<\/p>\n\n\n\n<p><strong>CAMPANIA<\/strong><\/p>\n\n\n\n<p><strong>Avellino<\/strong><\/p>\n\n\n\n<p><strong>Benevento<\/strong>&nbsp;&nbsp;<a href=\"https:\/\/www.uspbenevento.it\/uat\/category\/interpelli-e-varie\/\">La pagina dell\u2019Ufficio Scolastico<\/a>&nbsp;<strong>\u2013&nbsp;<\/strong><\/p>\n\n\n\n<p><strong>Caserta<\/strong>&nbsp;<a href=\"https:\/\/www.uat-caserta.it\/comunicazioni\/news-dalle-scuole\/\">La pagina dell\u2019Ufficio scolastico<\/a>&nbsp;\u2013<\/p>\n\n\n\n<p><strong>Napoli&nbsp;<\/strong>&nbsp;<a href=\"https:\/\/www.uat-napoli.it\/tag\/interpelli-personale-docente\/\">La pagina dell\u2019Ufficio scolastico<\/a><\/p>\n\n\n\n<p><a href=\"https:\/\/www.uat-napoli.it\/interpello-per-supplenza-sostegno-scuola-primaria-ic-49-toti-borsi-giurleo-napoli\/\">SCUOLA PRIMARIA SOSTEGNO<\/a>&nbsp;ISTITUTO COMPRENSIVO \u201c49\u00b0 Toti-Borsi-Giurleo\u201d Napoli<br>n. 1 cattedre intere fino al 5\/12\/2025;<br>n. 1 cattedra intera fino 13\/10\/2025;<br>n. 1 cattedra intera fino al 12\/10\/2025<br>Domanda entro ore 12.00 del 28.09.2025<\/p>\n\n\n\n<p><\/p>\n\n\n\n<p><strong>Salerno&nbsp;&nbsp;<\/strong><a href=\"https:\/\/uat-salerno.it\/Documenti\/CIRCOLARI\/Interpelli-per-reclutamento-personale-docente\">La pagina dell\u2019Ufficio Scolastico<\/a>&nbsp;\u2013<\/p>\n\n\n\n<p><a href=\"https:\/\/uat-salerno.it\/Documenti\/CIRCOLARI\/Avviso-II-Interpello-per-reclutamento-docenti-per-la-classe-di-concorso-A033-Scienze-e-tecnologie-aeronautiche-ai-sensi-dell-art.-13-c.-23-0.M.-88-2024-N.-8-ore-settimanali-fino-al-30.06.2026\">classe di concorso A033, Scienze e tecnologie aeronautiche<\/a>\u00a0STITUTO ISTRUZIONE SUPERIORE \u201cGiovanni XXIII\u201d<br>per 8 ore settimanali fino al 30\/06\/2026.<br>Domanda entro ore 23.59 del 26.09.2025<\/p>\n\n\n\n<p><a href=\"https:\/\/uat-salerno.it\/Documenti\/CIRCOLARI\/Interpello-per-supplenza-c.d.c.-AS23-LINGUA-ITALIANA-PER-DISCENTI-DI-LINGUA-STRANIERA-ALLOGLOTTI-II-GRADO-IIS-E.-FERRARI-BATTIPAGLIA\">classe di concorso AS23 LINGUA ITALIANA PER DISCENTI DI LINGUA STRANIERA (ALLOGLOTTI) \u2013 II GRADO<\/a>&nbsp;ISTITUTO ISTRUZIONE SUPERIORE \u201cE.FERRARI\u201d Battipaglia<br>per 18 (diciotto) ore settimanali fino al 30.06.2026<br>Domanda entro e non oltre le ore 18:00 del giorno 30\/09\/2025<\/p>\n\n\n\n<p><a href=\"https:\/\/uat-salerno.it\/Documenti\/CIRCOLARI\/Avviso-Interpello-per-reclutamento-docenti-per-la-classe-di-concorso-BI02-Conversazione-di-cinese-ai-sensi-dell-art.13-c.-23-O.M.-88-2024-N.-12-ore-settimanali-fino-al-30-06-2026\">Classe di concorso BI02 conversazione cinese<\/a>&nbsp;I.I.S. Perito Levi Eboli Salerno<br>per 12 ore settimanali fino al 30\/06\/2026<br>Domanda entro e non oltre le ore 12:00 del 27\/09\/2025<\/p>\n\n\n\n<p><strong>EMILIA ROMAGNA<\/strong><\/p>\n\n\n\n<p><strong>Bologna&nbsp;<\/strong><a href=\"https:\/\/interpelloweb.it\/interpelli-supplenze\/istituto\/boss000vd8\/\">La pagina dell\u2019ufficio Scolastico<\/a><strong>&nbsp;\u2013&nbsp;<\/strong><\/p>\n\n\n\n<p><strong>Ferrara&nbsp;&nbsp;<\/strong><a href=\"https:\/\/fe.istruzioneer.gov.it\/category\/assunzioni-e-concorsi\/interpelli_docenti\/\">La pagina dell\u2019Ufficio Scolastico<\/a>&nbsp;\u2013<\/p>\n\n\n\n<p><strong>Forl\u00ec Cesena&nbsp;<\/strong><a href=\"https:\/\/fc.istruzioneer.gov.it\/category\/interpelli-a-s-2024-25\/\">La pagina dell\u2019Ufficio Scolastico<\/a>&nbsp;\u2013<\/p>\n\n\n\n<p><strong>Modena&nbsp;<\/strong><a href=\"https:\/\/mo.istruzioneer.gov.it\/category\/interpelli-personale-docente-2024-25\/\">La pagina dell\u2019Ufficio Scolastico<\/a>&nbsp;\u2013<\/p>\n\n\n\n<p><strong>Parma<\/strong><a href=\"https:\/\/pr.istruzioneer.gov.it\/interpelli-docenti\/\">&nbsp;La pagina dell\u2019Ufficio Scolastico \u2013&nbsp;<\/a><\/p>\n\n\n\n<p><strong>Piacenza&nbsp;&nbsp;<\/strong><a href=\"https:\/\/pc.istruzioneer.gov.it\/interpelli\/\">La pagina dell\u2019Ufficio Scolastico<\/a>&nbsp;\u2013<\/p>\n\n\n\n<p><strong>Ravenna&nbsp;&nbsp;<\/strong><a href=\"https:\/\/ra.istruzioneer.gov.it\/conferimento-supplenze-per-esaurimento-graduatorie-di-istituto\/\">La pagina dell\u2019Ufficio Scolastico<\/a>&nbsp;\u2013<\/p>\n\n\n\n<p><strong>Reggio Emilia&nbsp;<\/strong><a href=\"https:\/\/re.istruzioneer.gov.it\/category\/docenti\/interpello\/\">La pagina dell\u2019Ufficio Scolastico<\/a>&nbsp;\u2013<\/p>\n\n\n\n<p><strong>Rimini&nbsp;<\/strong><a href=\"https:\/\/rn.istruzioneer.gov.it\/category\/personale-docente\/interpelli-docenti-2025-2026\/\">La pagina dell\u2019Ufficio Scolastico<\/a>&nbsp;\u2013<\/p>\n\n\n\n<p><strong>FRIULI VENEZIA GIULIA<\/strong><\/p>\n\n\n\n<p><strong>Gorizia&nbsp;<\/strong><a href=\"https:\/\/usrfvg.gov.it\/it\/home\/menu\/uffici\/ufficio-territoriale-di-gorizia\/Interpelli\/\">La pagina dell\u2019Ufficio Scolastico<\/a>&nbsp;\u2013<\/p>\n\n\n\n<p><strong>Pordenone:&nbsp;<\/strong><a href=\"https:\/\/usrfvg.gov.it\/it\/home\/menu\/uffici\/ufficio-territoriale-di-pordenone\/Interpelli\/\">La pagina dell\u2019ufficio Scolastico<\/a>&nbsp;\u2013<\/p>\n\n\n\n<p><strong>Trieste&nbsp;<\/strong><a href=\"https:\/\/usrfvg.gov.it\/it\/home\/menu\/uffici\/ufficio-territoriale-di-trieste\/Interpelli\/\">La pagina dell\u2019Ufficio Scolastico<\/a>&nbsp;\u2013<\/p>\n\n\n\n<p><strong>Udine<\/strong>:&nbsp;<a href=\"https:\/\/usrfvg.gov.it\/it\/home\/menu\/uffici\/ufficio-territoriale-di-udine\/Interpelli\/\">La pagina dell\u2019ufficio Scolastico<\/a>&nbsp;\u2013<\/p>\n\n\n\n<p><strong>LAZIO<\/strong><\/p>\n\n\n\n<p>Frosinone&nbsp;<a href=\"https:\/\/lnx.uspistruzione.fr.it\/wp2\/bandi-di-gara\">La pagina degli interpelli<\/a>&nbsp;\u2013<\/p>\n\n\n\n<p><\/p>\n\n\n\n<p>Rieti&nbsp;<a href=\"https:\/\/www.usp-rieti.it\/it\/\">sezione interpelli<\/a><\/p>\n\n\n\n<p><strong>Roma<\/strong>&nbsp;<a href=\"https:\/\/www.atpromaistruzione.it\/atp\/category\/reclutamento\/interpelli-personale-docente\/\">La pagina degli interpelli<\/a><\/p>\n\n\n\n<p><a href=\"https:\/\/www.atpromaistruzione.it\/atp\/wp-content\/uploads\/2025\/09\/IIS-A.-FRAMMARTINO-A041.pdf\">Classe di concorso: A041 \u2013 SCIENZE E TECNOLOGIE INFORMATICHE<\/a>&nbsp;I.I.S. A. Frammartino Monterotondo<br>b) Tipo di contratto: Annuale 14 ore \u2013 Fino al 30\/06\/2026<br>c) Tipo di cattedra: Spezzone;<br>d) Sede di servizio: sede associata Via Due Giugno Fonte Nuova (RM).<br>Domanda entro ore 12.00 del 02.10.2025<\/p>\n\n\n\n<p><\/p>\n\n\n\n<p><strong>Viterbo<\/strong>&nbsp;<a href=\"http:\/\/www.provveditoratostudiviterbo.it\/DOCENTI\/interpelli\/INTERPELLIDOC.htm\">La pagina dell\u2019ufficio Scolastico<\/a>&nbsp;\u2013<\/p>\n\n\n\n<p><a href=\"https:\/\/www.ustfoggia.it\/wp-content\/uploads\/2025\/09\/Interpello-n.-2-Classe-di-concorso-A026.pdf\">classe di concorso A026 \u2013 matematica<\/a>&nbsp;ISTITUTO D\u2019ISTRUZIONE SUPERIORE \u201cVincenzo Cardarelli\u201d Tarquinia Viterbo<br>\u2022 1 Spezzone di 3 ore settimanali fino al 30 giugno 2026 corso serale (orario da concordare).<br>Domanda entro ore 12.00 del giorno 09\/10\/2025<\/p>\n\n\n\n<p><strong>LIGURIA<\/strong><\/p>\n\n\n\n<p><strong>Imperia<\/strong>&nbsp;\u2013&nbsp;&nbsp;<a href=\"https:\/\/www.istruzioneliguria.gov.it\/pagine\/interpelli-\">la pagina dell\u2019Ufficio Scolastico regionale<\/a>&nbsp;\u2013<\/p>\n\n\n\n<p><strong>Genova&nbsp;&nbsp;<\/strong><a href=\"https:\/\/www.istruzionegenova.gov.it\/pagine\/interpelli-ge---as-2025-2026\">La pagina degli interpelli<\/a>&nbsp;\u2013<\/p>\n\n\n\n<p><strong>La Spezia<\/strong>&nbsp;<a href=\"https:\/\/www.istruzionelaspezia.gov.it\/pagine\/interpelli-sp---as-2024-2025\">La pagina degli interpelli<\/a>&nbsp;\u2013<\/p>\n\n\n\n<p><strong><a href=\"https:\/\/www.istruzionesavona.gov.it\/pagine\/interpelli-sv---as-2024-2025\">Savona<\/a><\/strong>&nbsp; la pagina degli interpelli<\/p>\n\n\n\n<p><a href=\"https:\/\/www.istruzionesavona.gov.it\/pagine\/interpelli-sv---as-2024-2025-2\">A023 \u2013 LINGUA ITALIANA PER DISCENTI DI LINGUA STRANIERA<\/a>&nbsp;CPIA Mohamed Dansoko \u201cAlbenga \u2013 Finale L. \u2013 Savona \u2013 Valbormida\u201d<br>Supplenza 18 ore fino al 30\/06\/2026 sulla sede del CPIA di Savona (via Luigi Corsi, 9A\/r \u2013 Sv)<br>Domanda entro e non oltre le ore 23,59 del 28\/09\/2025<\/p>\n\n\n\n<p><strong>LOMBARDIA<\/strong><\/p>\n\n\n\n<p><a href=\"https:\/\/www.mim.gov.it\/web\/usr-lombardia\/interpelli-ricerca-supplenti\">La pagina dell\u2019Ufficio Scolastico regionale<\/a>\u00a0\u2013<\/p>\n\n\n\n<p><strong>Cremona<\/strong>\u00a0\u2013\u00a0<a href=\"https:\/\/www.mim.gov.it\/web\/cremona\/comunicazioni?p_p_id=1_WAR_miurmulticategoriesnavigator100SNAPSHOT&amp;p_p_lifecycle=1&amp;p_p_state=normal&amp;p_p_mode=view&amp;p_r_p_categoryIds=9095660\">La pagina<\/a>\u00a0\u2013<\/p>\n\n\n\n<p><strong>Lodi&nbsp;<\/strong><a href=\"https:\/\/www.mim.gov.it\/web\/lodi\/-\/aggiornamento-sezione-interpelli-ricerca-supplenti--1\">La pagina<\/a>&nbsp;\u2013<\/p>\n\n\n\n<p><strong>Mantova&nbsp;<\/strong><a href=\"https:\/\/www.mim.gov.it\/web\/mantova\/comunicazioni?p_p_id=1_WAR_miurmulticategoriesnavigator100SNAPSHOT&amp;p_p_lifecycle=1&amp;p_p_state=normal&amp;p_p_mode=view&amp;p_r_p_categoryIds=9100669\">La pagina<\/a>&nbsp;\u2013<\/p>\n\n\n\n<p><strong>Milano&nbsp;<\/strong><a href=\"https:\/\/www.mim.gov.it\/web\/milano\/comunicazioni?p_p_id=1_WAR_miurmulticategoriesnavigator100SNAPSHOT&amp;p_p_lifecycle=1&amp;p_p_state=normal&amp;p_p_mode=view&amp;p_r_p_categoryIds=9102616\">La pagina<\/a>&nbsp;\u2013<\/p>\n\n\n\n<p><strong>Monza e Brianza&nbsp;<\/strong><a href=\"https:\/\/www.mim.gov.it\/web\/monza-brianza\/comunicazioni?p_p_id=1_WAR_miurmulticategoriesnavigator100SNAPSHOT&amp;p_p_lifecycle=1&amp;p_p_state=normal&amp;p_p_mode=view&amp;p_r_p_categoryIds=9105756\">&nbsp;La pagina<\/a>&nbsp;\u2013<\/p>\n\n\n\n<p><strong>Pavia<\/strong>&nbsp;<a href=\"https:\/\/www.mim.gov.it\/web\/pavia\/comunicazioni?p_p_id=1_WAR_miurmulticategoriesnavigator100SNAPSHOT&amp;p_p_lifecycle=1&amp;p_p_state=normal&amp;p_p_mode=view&amp;p_r_p_categoryIds=9111826\">La pagina<\/a>&nbsp;\u2013<\/p>\n\n\n\n<p><strong>Sondrio\u00a0\u00a0<\/strong><a href=\"https:\/\/www.mim.gov.it\/web\/sondrio\/comunicazioni?p_p_id=1_WAR_miurmulticategoriesnavigator100SNAPSHOT&amp;p_p_lifecycle=1&amp;p_p_state=normal&amp;p_p_mode=view&amp;p_r_p_categoryIds=9114242\">La pagina<\/a><\/p>\n\n\n\n<p><a href=\"https:\/\/www.istruzione-ancona.it\/interpello-per-supplenza-n-18-ore-su-classe-di-concorso-a027-matematica-e-fisica-liceo-scientifico-statale-g-galilei-ancona\/\">Classe di concorso: A027 \u2013 Matematica e Fisica<\/a>&nbsp;LICEO SCIENTIFICO STATALE \u201cG. GALILEI\u201d Ancona<br>Supplenza breve su Maternit\u00e0 \u2013 Ore settimanali: 18<br>dal 30\/09\/2025 e presumibilmente fino al 17\/12\/2025 (inizio ast. Obbligatoria 18\/12\/25) cui seguir\u00e0 proroga<br>Sede di servizio: Liceo Scientifico Statale \u201cG. Galilei\u201d \u2013 Ancona<br>Domanda entro e non oltre le ore 08.00 del 29\/09\/2025<\/p>\n\n\n\n<p><a href=\"https:\/\/www.istruzione-ancona.it\/interpello-per-supplenze-su-classe-di-concorso-a042-scienze-e-tecnologie-meccaniche-iis-corinaldesi-padovano\/\">Classe di concorso A042- scienze e tecnologie meccaniche<\/a><br>N. 1 cattedra (18 ore settimanali) \u2013 nomina fino al 31\/08\/2026;<br>\u2022 N. 2 cattedre (18 ore settimanali) \u2013 nomina fino al 30\/06\/2026;<br>\u2022 Classe di concorso: \u2013 A042 \u2013 scienze e tecnologie meccaniche;<br>\u2022 Sede di servizio: IIS \u201cCorinaldesi \u2013 Padovano\u201d \u2013 Via Rosmini, 22\/B \u2013 60019 Senigallia (AN<br>Domanda entro e non oltre le ore 19:00 del giorno 27\/09\/2025<\/p>\n\n\n\n<p><strong>Ascoli Piceno<\/strong><\/p>\n\n\n\n<p><a href=\"https:\/\/www.uspascolipiceno.it\/wordpress\/interpello-per-incarico-a-tempo-determinato-docente-classe-di-concorso-ai55-strumento-musicale-percussioni-presso-il-liceo-musicale\/\">classe di concorso AI55 \u2013 Strumento musicale (Percussioni)<\/a>&nbsp;LICEO SCIENTIFICO STATALE \u201cT. CALZECCHI ONESTI\u201d Fermo (FM<br>SPEZZONE ORARIO PER 04 ORE SETTIMANALI \u2013 fino al 30\/06\/2026<br>Domanda entro e non oltre le ore 10:00 del giorno 27\/09\/2025<\/p>\n\n\n\n<p><a href=\"https:\/\/www.uspascolipiceno.it\/wordpress\/interpello-per-incarico-a-tempo-determinato-docente-classe-di-concorso-am55-strumento-musicale-violino-presso-il-liceo-musicale\/\">AM55 \u2013 Strumento musicale (Violino)<\/a>LICEO SCIENTIFICO STATALE \u201cT. CALZECCHI ONESTI\u201d Fermo (FM)<br>SPEZZONE ORARIO PER 03 ORE SETTIMANALI \u2013 fino al 30\/06\/2026<br>Domanda entro e non oltre le ore 10:00 del giorno 27\/09\/2025<\/p>\n\n\n\n<p><a href=\"https:\/\/www.uspascolipiceno.it\/wordpress\/interpello-per-incarico-a-tempo-determinato-docente-classe-di-concorso-al55-strumento-musicale-tromba-presso-il-liceo-musicale\/\">AL55 \u2013 Strumento musicale (Tromba)<\/a>&nbsp;LICEO SCIENTIFICO STATALE \u201cT. CALZECCHI ONESTI\u201d Fermo (FM)<br>SPEZZONE ORARIO PER 02 ORE SETTIMANALI \u2013 fino al 30\/06\/2026<br>Domanda entro e non oltre le ore 10:00 del giorno 27\/09\/2025<\/p>\n\n\n\n<p><a href=\"https:\/\/www.uspascolipiceno.it\/wordpress\/interpello-per-incarico-a-tempo-determinato-docente-classe-di-concorso-an55-strumento-musicale-violoncello-presso-il-liceo-musicale\/\">AN55 \u2013 Strumento musicale (Violoncello)<\/a>&nbsp;LICEO SCIENTIFICO STATALE \u201cT. CALZECCHI ONESTI\u201d Fermo (FM)<br>SPEZZONE ORARIO PER 04 ORE SETTIMANALI \u2013 fino al 30\/06\/2026<br>Domanda entro e non oltre le ore 10:00 del giorno 27\/09\/2025<\/p>\n\n\n\n<p><a href=\"https:\/\/www.uspascolipiceno.it\/wordpress\/interpello-per-incarico-a-tempo-determinato-docente-classe-di-concorso-a053-storia-della-musica-presso-il-liceo-musicale\/\">A053 \u2013 Storia della Musica<\/a>&nbsp;LICEO SCIENTIFICO STATALE \u201cT. CALZECCHI ONESTI\u201d Fermo (FM)<br>SPEZZONE ORARIO PER 02 ORE SETTIMANALI \u2013 fino al 30\/06\/2026<br>Domanda entro e non oltre le ore 10:00 del giorno 27\/09\/2025<\/p>\n\n\n\n<p><a href=\"https:\/\/www.uspascolipiceno.it\/wordpress\/interpello-per-incarico-a-tempo-determinato-docente-classe-di-concorso-ao55-strumento-musicale-canto-presso-il-liceo-musicale\/\">AO55 \u2013 Canto<\/a>&nbsp;LICEO SCIENTIFICO STATALE \u201cT. CALZECCHI ONESTI\u201d Fermo (FM)<br>SPEZZONE ORARIO PER 09 ORE SETTIMANALI \u2013 fino al 30\/06\/2026<br>Domanda entro e non oltre le ore 10:00 del giorno 27\/09\/2025<\/p>\n\n\n\n<p><a href=\"https:\/\/www.uspascolipiceno.it\/wordpress\/interpello-per-incarico-a-tempo-determinato-docente-classe-di-concorso-ab55-strumento-musicale-chitarra-presso-il-liceo-musicale\/\">AB55 \u2013 Strumento musicale (Chitarra)<\/a>&nbsp;LICEO SCIENTIFICO STATALE \u201cT. CALZECCHI ONESTI\u201d Fermo (FM<br>SPEZZONE ORARIO PER 10 ORE<br>SETTIMANALI \u2013 fino al 30\/06\/2026<br>Domanda entro e non oltre le ore 10:00 del giorno 27\/09\/2025<\/p>\n\n\n\n<p><a href=\"https:\/\/www.uspascolipiceno.it\/wordpress\/aoouspap-registro-ufficialee-0010787-24-09-2025-interpello-nazionale-per-una-supplenza-docente-scuola-primaria-posto-comune\/\">Scuola Primaria EEEE posto comune<\/a>&nbsp;Istituto Comprensivo \u201cFracassetti \u2013 Capodarco\u201d Fermo<br>n. 1 posto a n. 24 ore<br>\u2212 Data inizio 02 ottobre 2025 Data fine 06 giugno 2026 con clausola risolutiva ed inserimento al<br>SIDI del contratto con scadenza 31\/12\/2025 Orario settimanale 24 ore settimanali;<br>\u2212 Sede di servizio: Plessi dell\u2019Istituto;<br>Domanda entro le ore 08.00 del 01 ottobre 2025<\/p>\n\n\n\n<p><a href=\"https:\/\/www.uspascolipiceno.it\/wordpress\/aoouspap-registro-ufficialee-0010731-23-09-2025-interpello-conferimento-supplenze-posto-comune-primaria\/\">Scuola Primaria Tipo di posto comune<\/a>&nbsp;ISTITUTO COMPRENSIVO MONTEGRANARO Ascoli Piceno<br>n. 2 posti a n. 24 ore<br>Data inizio 02 ottobre 2025 Data fine 06 giugno 2026 con clausola risolutiva ed inserimento al SIDI del contratto con scadenza 31\/12\/2025 Orario settimanale 24 ore<br>settimanali; Sede di servizio Plessi dell\u2019Istituto;<br>Domanda entro e non oltre le ore 12:00 del 30\/09\/2025<\/p>\n\n\n\n<p><strong>Macerata<\/strong><\/p>\n\n\n\n<p><a href=\"http:\/\/www.uspmc.sinp.net\/documenti-uspmc-cms\/avviso-finalizzato-al-reclutamento-di-n-1-docente-in-possesso-di-specializzazione-sul-sostegno-adee-nella-scuola-primaria-iv-novembre-di-macerata\/\">sostegno psico-fisico alla scuola primaria ADEE<\/a>&nbsp;STITUTO COMPRENSIVO \u201cDANTE ALIGHIERI\u201d Macerata<br>Orario settimanale: 2 2 + 2 o r e<br>Durata del contratto: fino al 12\/11\/\/2025 con possibilit\u00e0 di proroga<br>Sede di servizio: Scuola Primaria \u201cIV NOVEMBRE\u201d \u2013 Macerata<br>Domanda entro e non oltre le ore 08:00 del 27\/09\/2025<\/p>\n\n\n\n<p><a href=\"http:\/\/www.uspmc.sinp.net\/documenti-uspmc-cms\/interpello-per-n-2-supplenze-su-classe-di-concorso-a042-scienze-e-tecnologie-meccaniche-istituto-omnicomprensivo-g-leopardi-r-frau-s-de-magistris-sarnano-mc\/\">A042 \u2013 SCIENZE E TECNOLOGIE MECCANICHE<\/a>&nbsp;Istituto Omnicomprensivo \u201cG.Leopardi-R.Frau \u2013 S. de Magistris\u201d Sarnano (MC)<br>1^ supplenza: fine al termine attivit\u00e0 didattiche 30\/06\/2026<br>Orario settimanale 18 ore su 18<br>Sede di servizio: sede staccata di San Ginesio<\/p>\n\n\n\n<p><\/p>\n\n\n\n<p><strong>Pesaro e Urbino\u00a0<\/strong><a href=\"http:\/\/www.usppesarourbino.it\/category\/interpelli\/\">La pagina dell\u2019Ufficio Scolastico<\/a>\u00a0_<\/p>\n\n\n\n<p><strong>MOLISE<\/strong><\/p>\n\n\n\n<p><strong>Campobasso<\/strong><\/p>\n\n\n\n<p><a href=\"https:\/\/www.usr.sicilia.it\/interpello-nazionale-per-supplenza-cdc-as23-santacroce-di-magliano-cb\/\">classe di concorso AS23<\/a>&nbsp;Istituto Omnicomprensivo Santa Croce di Magliano \u2013 Liceo Scientifico<br>n. 18 ore annuale<br>Domanda entro ore 10:00 del 29\/09\/2025<\/p>\n\n\n\n<p><a href=\"https:\/\/atcampobasso.it\/2025\/09\/interpello-nazionale-per-supplenza-annuale-classe-di-concorso-as23-lingua-italiana-per-discenti-di-lingua-straniera-alloglotti-istituto-omnicomprensivo-santa-croce-di-magliano-liceo-sc\/\">Classe di concorso: AS23 Lingua Italiana per discenti di lingua straniera (Alloglotti)<\/a>&nbsp;Istituto Omnicomprensivo Santa Croce di Magliano \u2013 Liceo Scientifico CB<br>Tipo contratto: annuale n. 18 ore<br>Domanda entro e non oltre le ore 13.00 del 29\/09\/2025<\/p>\n\n\n\n<p><\/p>\n\n\n\n<p><strong>Isernia&nbsp;<\/strong><a href=\"https:\/\/atpisernia.it\/category\/interpelli\">La pagina dell\u2019Ufficio Scolastico<\/a>&nbsp;\u2013<\/p>\n\n\n\n<p><strong>PIEMONTE<\/strong><\/p>\n\n\n\n<p><strong>Alessandria\u00a0<\/strong><a href=\"https:\/\/servizi.istruzionepiemonte.it\/interpello2024\/ric_interpello_ambito_al.php\">La pagina degli interpelli<\/a>\u00a0\u2013<\/p>\n\n\n\n<p><strong>Biella&nbsp;&nbsp;<\/strong><a href=\"https:\/\/www.istruzionepiemonte.it\/biella\/interpelli-supplenze\/\">La pagina degli interpelli<\/a>&nbsp;\u2013<\/p>\n\n\n\n<p><strong>Cuneo&nbsp;<\/strong>interpelli aperti&nbsp;&nbsp;<a href=\"https:\/\/servizi.istruzionepiemonte.it\/interpello2024\/ric_interpello_ambito_cn.php\">Vai alla pagina<\/a>&nbsp;\u2013<\/p>\n\n\n\n<p><strong>Torino&nbsp;&nbsp;<\/strong><a href=\"https:\/\/www.istruzionepiemonte.it\/torino\/interpelli-supplenze\/\">La pagina degli interpelli<\/a>&nbsp;\u2013<\/p>\n\n\n\n<p><strong>Verbano Cusio Ossola&nbsp;<\/strong><a href=\"https:\/\/servizi.istruzionepiemonte.it\/interpello2024\/ric_interpello_ambito_vb.php\">Link a tutti gli interpelli della provincia<\/a><\/p>\n\n\n\n<p><strong>Vercelli&nbsp;<\/strong><a href=\"https:\/\/servizi.istruzionepiemonte.it\/interpello2024\/ric_interpello_ambito_vc.php\">La pagina degli interpelli<\/a>&nbsp;\u2013<\/p>\n\n\n\n<p><strong>Novara&nbsp;<\/strong><a href=\"https:\/\/www.istruzionepiemonte.it\/novara\/interpelli-supplenze\/\">La pagina degli interpelli<\/a>&nbsp;\u2013<\/p>\n\n\n\n<p><strong>PUGLIA&nbsp;<\/strong><\/p>\n\n\n\n<p><strong>Bari<\/strong>&nbsp;\u2013<\/p>\n\n\n\n<p>CLASSE DI CONCORSO:&nbsp;<a href=\"https:\/\/www.ustfoggia.it\/wp-content\/uploads\/2025\/09\/INTERPELLO_-_Primaria_Sostegno_EEEN.pdf.pades_.pdf\">Scuola Primaria \u2013 Sostegno Fisiopsichici EEEN<\/a>&nbsp;ISTITUTO COMPRENSIVO \u201cALDO MORO \u2013 DON TONINO BELLO\u201d &nbsp;RUTIGLIANO (Bari)<br>NUMERO POSTI: 4<br>ORARIO SETTIMANALE: 24 ORE (settimana su 5 giorni lavorativi, dal luned\u00ec al venerd\u00ec)<br>SCADENZA DEL CONTRATTO: 30\/06\/2026<br>PLESSO DI SERVIZIO: Scuola Primaria S. Agostino \u2013 Noicattaro (Ba)<br>Domanda entro e non oltre le ore 8:00 del 29\/09\/2025<\/p>\n\n\n\n<p><strong>Brindisi<\/strong>&nbsp;<a href=\"https:\/\/www.istruzionebrindisi.it\/category\/interpelli\/\">La pagina dell\u2019Ufficio Scolastico<\/a><\/p>\n\n\n\n<p><strong>Foggia<\/strong><\/p>\n\n\n\n<p><strong>Lecce<\/strong><\/p>\n\n\n\n<p><a href=\"https:\/\/www.istruzionebrindisi.it\/interpello-regionale-urgente-per-supplenza-su-cattedra-di-18-ore-cl-conc-af56-strumento-musicale-negli-istituti-di-istr-sec-di-i-gr-fisarmonica\/\">cl. Conc. AF 56 \u2013 Strumento Musicale negli Istituti di Istr. Sec. di I gr. (FISARMONICA)<\/a>&nbsp;Istituto Comprensivo Statale ad indirizzo musicale \u201cCosimo De Giorgi\u201d Lizzanello LE<br>dall\u2019assunzione in servizio e fino al 30\/06\/2026<br>Domanda entro e non oltre le ore 13:00 del 28\/09\/2025<\/p>\n\n\n\n<p><\/p>\n\n\n\n<p><strong>SICILIA&nbsp;<\/strong><\/p>\n\n\n\n<p><a href=\"https:\/\/www.usr.sicilia.it\/personale-scuola\/\">La pagina dell\u2019ufficio Scolastico regionale<\/a>&nbsp;\u2013<\/p>\n\n\n\n<p><strong>Agrigento<\/strong><\/p>\n\n\n\n<p><a href=\"https:\/\/ag.usr.sicilia.it\/interpello-per-selezione-personale-ai-sensi-dellart-13-comma-23-o-m-88-2024-classe-di-concorso-aj56-strumento-musicale-negli-istituti-di-i-grado-pianoforte-bivona-ag\/\">CLASSE DI CONCORSO: AJ56 \u2013 strumento musicale nella scuola secondaria di 1\u00b0 grado \u2013 PIANOFORTE<\/a>&nbsp;ISTITUTO COMPRENSIVO \u201cA. MANZONI \u201c Bivona AG<br>TIPO DI CONTRATTO: Fino al 30\/10\/2025<br>ORE: 18 ore settimanali<br>TIPO DI CATTEDRA: Interna, Plesso di BIVONA<br>Domanda entro le ore 8.00 del giorno 29\/09\/2025<\/p>\n\n\n\n<p><a href=\"https:\/\/ag.usr.sicilia.it\/interpello-per-selezione-personale-ai-sensi-dellart-13-comma-23-o-m-88-2024-classe-di-concorso-ah55-strumento-musicale-negli-istituti-di-ii-grado-oboe-agrigento\/\">CLASSE DI CONCORSO: AH55 \u2013 strumento musicale nella scuola secondaria di 2\u00b0 grado \u2013 OBOE<\/a>&nbsp;LICEO CLASSICO \u2013 EMPEDOCLE \u2013 AGRIGENTO<br>TIPO DI CONTRATTO: Fino al termine delle attivit\u00e0 didattiche (30 GIUGNO 2026)<br>ORE: 02 ore settimanali<br>TIPO DI CATTEDRA: Interna<br>Domanda entro ore 12.00 del giorno 27\/09\/2025<\/p>\n\n\n\n<p><a href=\"https:\/\/ag.usr.sicilia.it\/interpello-per-selezione-personale-ai-sensi-dellart-13-comma-23-o-m-88-2024-classe-di-concorso-ad55-strumento-musicale-negli-istituti-di-ii-grado-corno\/\">CLASSE DI CONCORSO: AD55 \u2013 strumento musicale nella scuola secondaria di 2\u00b0 grado \u2013 CORNO<\/a>&nbsp;LICEO CLASSICO \u2013 EMPEDOCLE \u2013 AGRIGENTO<br>TIPO DI CONTRATTO: Fino al termine delle attivit\u00e0 didattiche (30 GIUGNO 2026)<br>ORE: 02 ore settimanali<br>TIPO DI CATTEDRA: Interna<br>Domanda entro ore 12.00 del giorno 27\/09\/2025<\/p>\n\n\n\n<p><a href=\"https:\/\/ag.usr.sicilia.it\/interpello-per-selezione-personale-ai-sensi-dellart-13-comma-23-o-m-88-2024-classe-di-concorso-ac55-strumento-musicale-negli-istituti-di-ii-grado-clarinetto-agrigento\/\">CLASSE DI CONCORSO: AC55 \u2013 strumento musicale nella scuola secondaria di 2\u00b0 grado \u2013 CLARINETTO<\/a>&nbsp;LICEO CLASSICO \u2013 EMPEDOCLE \u2013 AGRIGENTO<br>TIPO DI CONTRATTO: Fino al 30\/10\/2025<br>ORE: 18 ore settimanali<br>TIPO DI CATTEDRA: Interna<br>Domanda entro ore 12.00 del giorno 27\/09\/2025<\/p>\n\n\n\n<p><strong>Caltanissetta<\/strong><\/p>\n\n\n\n<p><a href=\"https:\/\/cl-en.usr.sicilia.it\/interpello-a-s-2025-26-bl02-conversazione-lingua-straniera-arabo-i-i-s-s-virgilio-mussomeli\/\">CdC BL02 Conversazione Lingua Straniera Arabo<\/a>\u00a0I.I.S. Virgilio Mussomeli CL<br>n. 5 ORE settimanali durata della supplenza<br>fino al 30\/06\/2026<br>Domanda entro e non oltre le ore 12.00 di marted\u00ec 30 settembre<\/p>\n\n\n\n<p><strong>Messina<\/strong>\u00a0<a href=\"https:\/\/me.usr.sicilia.it\/interpelli-nazionali\/\">La pagina dell\u2019Ufficio scolastico<\/a>\u00a0\u2013<\/p>\n\n\n\n<p><strong>Siracusa<\/strong><\/p>\n\n\n\n<p><a href=\"https:\/\/www.uat-napoli.it\/interpello-c-c-ai56-strumento-musicale-percussioni-fino-al-t-a-d-30-06-2026-ic-g-melodia-noto-sr\/\">CLASSE DI CONCORSO : AI56 \u2013 Strumento musicale Percussioni<\/a>&nbsp;STITUTO COMPRENSIVO \u201cG. MELODIA\u201d Noto<br>TIPO CONTRATTO: \u2013 FINO AL TERMINE ATTIVITA\u2019 DIDATTICHE 30\/06\/2026<br>ORARIO SETTIMANALE ORE 12<br>Domanda entro le ore 13.00 del 27\/09\/2025<\/p>\n\n\n\n<p><a href=\"https:\/\/www.usptaranto.it\/2025\/09\/19\/avviso-interpello-cc-ai56-strumento-musicale-percussioni-fino-al-t-a-d-30062026\/\">CLASSE DI CONCORSO : AI56 \u2013 Strumento musicale Percussioni<\/a>&nbsp;ISTITUTO COMPRENSIVO \u201cG. MELODIA\u201d Noto (SR)<br>TIPO CONTRATTO: \u2013 FINO AL TERMINE ATTIVITA\u2019 DIDATTICHE 30\/06\/2026<br>ORARIO SETTIMANALE ORE 12<br>Domanda entro le ore 13.00 del 27\/09\/2025<\/p>\n\n\n\n<p><\/p>\n\n\n\n<p><strong>TOSCANA<\/strong><\/p>\n\n\n\n<p><strong>Arezzo\u00a0\u00a0<\/strong><a href=\"https:\/\/www.arezzoistruzione.it\/usparezzo\/index.php\/interpelli\">La pagina dell\u2019Ufficio Scolastico<\/a><\/p>\n\n\n\n<p><a href=\"https:\/\/www.arezzoistruzione.it\/usparezzo\/index.php\/interpelli\/1353-avviso-di-interpello-aric827001-c-d-c-an56-violoncello\">AN56\u2013 STRUMENTO MUSICALE NEGLI ISTITUTI DI ISTRUZIONE SECONDARIA DI PRIMO GRADO (VIOLONCELLO)<\/a>&nbsp;I.C. Masaccio Arezzo<br>Domanda entro e non oltre le ore 07.00 del 30\/09\/2025<\/p>\n\n\n\n<p><strong>Firenze&nbsp;<\/strong><a href=\"https:\/\/www.ust.fi.it\/mese\/interpelli\/\">La pagina<\/a><strong>&nbsp;\u2013&nbsp;<\/strong><\/p>\n\n\n\n<p><a href=\"https:\/\/www.ust.fi.it\/fitf010003-meucci-interpelli-a040-a041\/\">classe di concorso A040 Scienze e tecnologie elettriche ed elettrotecniche<\/a>&nbsp;Istituto Tecnico Industriale A. Meucci Firenze<br>n\u00b018 ore settimanali di lezione supplenza breve fino al 31\/01\/2026<br>Domanda entro le ore 12.00 del giorno 02\/10\/2025<\/p>\n\n\n\n<p><\/p>\n\n\n\n<p><a href=\"https:\/\/www.istruzionepotenza.it\/interpello-cdc-a041-scienze-e-tecnologie-informatiche-1-cattedra-18-al-31082026-2\/\">Classe di concorso A041 \u2013 Scienze e Tecnologie Informatiche<\/a>&nbsp;Istituto Superiore \u201cFermi-Da Vinci\u201d di Empoli FI<br>una supplenza al 31\/08\/2026<br>Domanda entro e non oltre le ore 10:00 del 29\/09\/2025<\/p>\n\n\n\n<p><\/p>\n\n\n\n<p><strong>Grosseto&nbsp;&nbsp;<\/strong><a href=\"https:\/\/www.ufficioscolasticogrosseto.it\/uff7\/index.php\/interpelli-nazionali\">La pagina dell\u2019Ufficio Scolastico<\/a>&nbsp;\u2013<\/p>\n\n\n\n<p><\/p>\n\n\n\n<p><strong>Livorno<\/strong>&nbsp;\u2013<\/p>\n\n\n\n<p><a href=\"https:\/\/sr.usr.sicilia.it\/interpelli-ambito-territoriale-di-livorno-c-d-c-a027-a040\/\">Classe di concorso A040 \u2013 Scienze e tecnologie elettriche ed elettroniche<\/a>&nbsp;ISTITUTO DI ISTRUZIONE SECONDARIA SUPERIORE ENRICO MATTEI ROSIGNANO MARITTIMO (LI)<br>n. ore 18 settimanali dal 30\/09\/2025 al 30\/06\/2026<br>Domanda entro ore 21.00 del 28\/09\/2025<\/p>\n\n\n\n<p><a href=\"https:\/\/www.ustms.it\/interpelli-isis-niccolini-palli-di-livorno-cdc-aa55-arpa-e-ar55-trombone\/\">Classe di concorso: AR55 Trombone<\/a>&nbsp;ISIS NICCOLINI-PALLI Livorno<br>4 ore settimanali fino al 30 giugno 2026;<br>Domanda entro e non oltre le ore 10:00 del 27\/09\/2025<\/p>\n\n\n\n<p><a href=\"https:\/\/www.ustms.it\/interpelli-isis-niccolini-palli-di-livorno-cdc-aa55-arpa-e-ar55-trombone\/\">Classe di concorso: AA55 Arpa<\/a>&nbsp;ISIS NICCOLINI-PALLI Livorno<br>5 ore settimanali fino al 30 giugno 2026;<br>Domanda entro e non oltre le ore 10:00 del 27\/09\/2025<\/p>\n\n\n\n<p><a href=\"https:\/\/www.ustli.it\/usp_livorno\/index.php\/docenti\/interpelli\/2172-interpello-cattedra-a027-ls-fermi-di-cecina-li\">Matematica e Fisica (classe di concorso A027)<\/a>&nbsp;LICEO STATALE \u201cEnrico Fermi \u201d CECINA<br>n. 18 ore con \u201cclausola risolutiva\u201d in quanto cattedre accantonate per il ruolo PNRR2 entro il 31\/12\/2025<br>Domanda entro e non oltre le ore 08:00 del giorno 29\/09\/2025<\/p>\n\n\n\n<p><strong>Lucca<\/strong><\/p>\n\n\n\n<p><a href=\"http:\/\/www.ustlucca.it\/2025\/09\/26\/istituto-superiore-garfagnana-interpello-nazionale-a027\/\">CLASSE DI CONCORSO A027 (MATEMATICA E FISICA)<\/a>&nbsp;ISTITUTO SUPERIORE D\u2019ISTRUZIONE \u201cGARFAGNANA\u201d Castelnuovo di Garfagnana (LU)<br>18 ore fino a nomina dell\u2019avente diritto<br>Domanda entro e non oltre le ore 12:00 del giorno 29\/09\/2025<\/p>\n\n\n\n<p><\/p>\n\n\n\n<p><strong>Massa Carrara&nbsp;<\/strong><\/p>\n\n\n\n<p><a href=\"https:\/\/www.istruzionepotenza.it\/avviso-finalizzato-al-reclutamento-di-docenti-per-la-classe-di-concorso-a040-iis-zaccagna-galilei-ms\/\">classe di concorso A040 \u2013 Scienze e tecnologie elettriche ed elettroniche<\/a>&nbsp;I.I.S. Zaccagna \u2013 Galilei Carrara<br>SUPPLENZA CORSO DIURNO<br>a) Inizio 02\/10\/2025 fino al 23\/12\/2025 (prolunga per congedo)<br>b) Orario settimanale: 18 ore<br>c) Sede di servizio: Sede Galilei, via Campo d\u2019appio 90 \u2013 Carrara<\/p>\n\n\n\n<p>SUPPLENZA CORSO DIURNO<br>a) Inizio 02\/10\/2025 fino al 30\/06\/2026<br>b) Orario settimanale: 13 ore<br>c) Sede di servizio: Sede Galilei, via Campo d\u2019appio 90 \u2013 Carrara<br>Domanda entro e non oltre le ore 13.00 del 30\/09\/2025<\/p>\n\n\n\n<p><\/p>\n\n\n\n<p><strong>Pisa &nbsp;<a href=\"https:\/\/www.toscana-istruzione.it\/atpisa\/interpelli-2\/\">La pagina dell\u2019Ufficio Scolastico<\/a>&nbsp;\u2013<\/strong><\/p>\n\n\n\n<p><a href=\"https:\/\/www.toscana-istruzione.it\/atpisa\/2025\/09\/23\/interpello-per-supplenza-a027-matematica-e-fisica-istituto-istruzione-superiore-g-carducci-volterra\/\">CLASSE DI CONCORSO A027 MATEMATICA e FISICA<\/a>&nbsp;Istituto Istruzione Superiore \u201cG. Carducci\u201d \u2013 VOLTERRA (PI)<\/p>\n\n\n\n<p>Supplenza n. 1: Incarico su posto accantonato per immissione in ruolo in applicazione del D.L.<br>45\/2025 da attuarsi entro il mese di dicembre 2025;<br>Orario settimanale: 18 ore<br>Sede di servizio: Istituto Istruzione Superiore \u201cG. Carducci\u201d \u2013 VOLTERRA (PI)<\/p>\n\n\n\n<p>Supplenza n. 2: Incarico fino al 30.06.2026<br>Orario settimanale: 8 ore<br>Sede di servizio: Istituto Istruzione Superiore \u201cG. Carducci\u201d \u2013 VOLTERRA (PI)<br>Domanda entro ore 12.00 del 30.09.2025<\/p>\n\n\n\n<p><strong>Pistoia&nbsp;<\/strong><a href=\"https:\/\/www.ufficioscolasticoprovinciale.pistoia.it\/comunicazioni\/comunicazioni-docenti\/interpelli-docenti\/\">La pagina dell\u2019Ufficio Scolastico<\/a>&nbsp;\u2013<\/p>\n\n\n\n<p><strong>Prato&nbsp;&nbsp;<\/strong><a href=\"https:\/\/www.ufficioscolasticoprovinciale.prato.it\/news\/\">Link alla pagina<\/a>&nbsp;\u2013<\/p>\n\n\n\n<p><strong>Siena&nbsp;<\/strong><a href=\"https:\/\/www.uspsi.it\/?cat=271\">La pagina dell\u2019Ufficio Scolastico<\/a><\/p>\n\n\n\n<p><a href=\"https:\/\/www.uspsi.it\/?p=9317\">C. di C. A042 \u2013 SCIENZE E TECNOLOGIE MECCANICHE<\/a>\u00a0Istituto Statale di Istruzione Superiore \u201cGiovanni Caselli\u201d Siena<br>Durata della supplenza: dalla presa di servizio fino al 30\/06\/2026.<br>Spezzone di 16 ore settimanali<br>Domanda entro e non oltre le ore 10.00 del 28\/09\/2025<\/p>\n\n\n\n<p><strong>Padova<\/strong>&nbsp;<a href=\"https:\/\/padova.istruzioneveneto.gov.it\/category\/interpelli-personale-docente\/\">La pagina dell\u2019Ufficio scolastico<\/a>&nbsp;\u2013<\/p>\n\n\n\n<p><strong>Rovigo<\/strong><\/p>\n\n\n\n<p><strong>Treviso&nbsp;<\/strong><a href=\"https:\/\/treviso.istruzioneveneto.gov.it\/tabella-avvisi-finalizzati-al-reclutamento-docenti-om-88-2024-art-13-comma-23\/\">La pagina aggiornata<\/a><strong>&nbsp;\u2013&nbsp;<\/strong><\/p>\n\n\n\n<p><strong>Venezia<\/strong><\/p>\n\n\n\n<p>Verona<\/p>\n\n\n\n<p>Vicenza \u2013&nbsp;<a href=\"https:\/\/vicenza.istruzioneveneto.gov.it\/avvisi-interpelli-docenti-vicenza\/\">La pagina dell\u2019Ufficio Scolastico<\/a>&nbsp;\u2013<\/p>\n\n\n\n<p><\/p>\n\n\n\n<p><em>Per semplificare la procedura di risposta agli Interpelli, abbiamo strutturato il nostro servizio Interpelli scuola, attraverso cui \u00e8 possibile rivolgerti ad uno dei nostri consulenti per l&#8217;invio dei tuoi dati e la scelta della provincia. A tutto il resto, ci pensiamo noi! <\/em><\/p>\n\n\n\n<p><em>In pi\u00f9, ricevi un report aggiornato per ogni scuola che risponde alla tua candidatura! <\/em><\/p>\n\n\n\n<p><\/p>\n\n\n\n<div class=\"is-layout-flex wp-block-buttons\">\n<div class=\"wp-block-button\"><a class=\"wp-block-button__link wp-element-button\" href=\"https:\/\/www.docenti.it\/interpelli.html\" target=\"_blank\" rel=\"noreferrer noopener\">REGISTRATI AGLI INTERPELLI SCUOLA<\/a><\/div>\n<\/div>\n\n\n\n<p><\/p>\n\n\n\n<p><em>Se hai trovato utile questo contenuto, prova a dare un&#8217;occhiata a questo: <\/em><\/p>\n\n\n<p><strong><a href=\"https:\/\/www.docenti.it\/blog\/interpelli-scuola-guida-pratica-alle-candidature\/\">Guida pratica agli Interpelli scuola<\/a><\/strong><\/p>\n\n\n<p><\/p>\n\n\n\n<p>Per ulteriori news e approfondimenti sul mondo scuola, segui il\u00a0<strong><a href=\"https:\/\/www.docenti.it\/blog\/\" target=\"_blank\" rel=\"noreferrer noopener\">blog\u00a0<\/a><\/strong>di\u00a0<strong><a href=\"https:\/\/www.docenti.it\/\" target=\"_blank\" rel=\"noreferrer noopener\">Docenti.it<\/a><\/strong><\/p>\n\n\n\n<p><\/p>\n","protected":false},"excerpt":{"rendered":"<p>Interpello docenti 2025: l\u2019inizio dell\u2019anno scolastico porta con s\u00e9 non solo l\u2019avvio delle lezioni, [&hellip;]<\/p>\n","protected":false},"author":25,"featured_media":45330,"comment_status":"open","ping_status":"open","sticky":false,"template":"","format":"standard","meta":[],"categories":[751],"tags":[699,797,759,767,793,931],"yoast_head":"<!-- This site is optimized with the Yoast SEO plugin v20.4 - https:\/\/yoast.com\/wordpress\/plugins\/seo\/ -->\n<title>Interpello docenti 2025: quali sono gli avvisi attivi?<\/title>\n<meta name=\"description\" content=\"Interpello docenti 2025: tutte le novit\u00e0 circa gli avvisi aggiornati e pubblicati dalle scuole, divisi per regione e provincia.\" \/>\n<meta name=\"robots\" content=\"index, follow, max-snippet:-1, max-image-preview:large, max-video-preview:-1\" \/>\n<link rel=\"canonical\" href=\"https:\/\/www.docenti.it\/blog\/interpello-docenti-2025-quali-sono-gli-avvisi-attivi\/\" \/>\n<meta property=\"og:locale\" content=\"it_IT\" \/>\n<meta property=\"og:type\" content=\"article\" \/>\n<meta property=\"og:title\" content=\"Interpello docenti 2025: quali sono gli avvisi attivi?\" \/>\n<meta property=\"og:description\" content=\"Interpello docenti 2025: tutte le novit\u00e0 circa gli avvisi aggiornati e pubblicati dalle scuole, divisi per regione e provincia.\" \/>\n<meta property=\"og:url\" content=\"https:\/\/www.docenti.it\/blog\/interpello-docenti-2025-quali-sono-gli-avvisi-attivi\/\" \/>\n<meta property=\"og:site_name\" content=\"Blog | Docenti.it\" \/>\n<meta property=\"article:publisher\" content=\"https:\/\/www.facebook.com\/docenti.it\" \/>\n<meta property=\"article:published_time\" content=\"2025-09-26T16:23:41+00:00\" \/>\n<meta property=\"article:modified_time\" content=\"2025-09-26T16:23:42+00:00\" \/>\n<meta property=\"og:image\" content=\"https:\/\/www.docenti.it\/blog\/wp-content\/uploads\/2023\/07\/pexels-max-fischer-5211446-scaled.jpg\" \/>\n\t<meta property=\"og:image:width\" content=\"2560\" \/>\n\t<meta property=\"og:image:height\" content=\"1707\" \/>\n\t<meta property=\"og:image:type\" content=\"image\/jpeg\" \/>\n<meta name=\"author\" content=\"Gabriella Capraro\" \/>\n<meta name=\"twitter:card\" content=\"summary_large_image\" \/>\n<meta name=\"twitter:label1\" content=\"Written by\" \/>\n\t<meta name=\"twitter:data1\" content=\"Gabriella Capraro\" \/>\n\t<meta name=\"twitter:label2\" content=\"Est. reading time\" \/>\n\t<meta name=\"twitter:data2\" content=\"13 minuti\" \/>\n<script type=\"application\/ld+json\" class=\"yoast-schema-graph\">{\"@context\":\"https:\/\/schema.org\",\"@graph\":[{\"@type\":\"Article\",\"@id\":\"https:\/\/www.docenti.it\/blog\/interpello-docenti-2025-quali-sono-gli-avvisi-attivi\/#article\",\"isPartOf\":{\"@id\":\"https:\/\/www.docenti.it\/blog\/interpello-docenti-2025-quali-sono-gli-avvisi-attivi\/\"},\"author\":{\"name\":\"Gabriella Capraro\",\"@id\":\"https:\/\/www.docenti.it\/blog\/#\/schema\/person\/773963d3c0645bd34c150c41a13e5754\"},\"headline\":\"Interpello docenti 2025: quali sono gli avvisi attivi?\",\"datePublished\":\"2025-09-26T16:23:41+00:00\",\"dateModified\":\"2025-09-26T16:23:42+00:00\",\"mainEntityOfPage\":{\"@id\":\"https:\/\/www.docenti.it\/blog\/interpello-docenti-2025-quali-sono-gli-avvisi-attivi\/\"},\"wordCount\":2543,\"commentCount\":0,\"publisher\":{\"@id\":\"https:\/\/www.docenti.it\/blog\/#organization\"},\"keywords\":[\"interpelli\",\"interpelli 2025\",\"Interpelli scuola\",\"Interpelli supplenze\",\"interpello\",\"interpello docenti\"],\"articleSection\":[\"Interpelli, mad e supplenze\"],\"inLanguage\":\"it-IT\",\"potentialAction\":[{\"@type\":\"CommentAction\",\"name\":\"Comment\",\"target\":[\"https:\/\/www.docenti.it\/blog\/interpello-docenti-2025-quali-sono-gli-avvisi-attivi\/#respond\"]}]},{\"@type\":\"WebPage\",\"@id\":\"https:\/\/www.docenti.it\/blog\/interpello-docenti-2025-quali-sono-gli-avvisi-attivi\/\",\"url\":\"https:\/\/www.docenti.it\/blog\/interpello-docenti-2025-quali-sono-gli-avvisi-attivi\/\",\"name\":\"Interpello docenti 2025: quali sono gli avvisi attivi?\",\"isPartOf\":{\"@id\":\"https:\/\/www.docenti.it\/blog\/#website\"},\"datePublished\":\"2025-09-26T16:23:41+00:00\",\"dateModified\":\"2025-09-26T16:23:42+00:00\",\"description\":\"Interpello docenti 2025: tutte le novit\u00e0 circa gli avvisi aggiornati e pubblicati dalle scuole, divisi per regione e provincia.\",\"breadcrumb\":{\"@id\":\"https:\/\/www.docenti.it\/blog\/interpello-docenti-2025-quali-sono-gli-avvisi-attivi\/#breadcrumb\"},\"inLanguage\":\"it-IT\",\"potentialAction\":[{\"@type\":\"ReadAction\",\"target\":[\"https:\/\/www.docenti.it\/blog\/interpello-docenti-2025-quali-sono-gli-avvisi-attivi\/\"]}]},{\"@type\":\"BreadcrumbList\",\"@id\":\"https:\/\/www.docenti.it\/blog\/interpello-docenti-2025-quali-sono-gli-avvisi-attivi\/#breadcrumb\",\"itemListElement\":[{\"@type\":\"ListItem\",\"position\":1,\"name\":\"Home\",\"item\":\"https:\/\/www.docenti.it\/blog\/\"},{\"@type\":\"ListItem\",\"position\":2,\"name\":\"Interpello docenti 2025: quali sono gli avvisi attivi?\"}]},{\"@type\":\"WebSite\",\"@id\":\"https:\/\/www.docenti.it\/blog\/#website\",\"url\":\"https:\/\/www.docenti.it\/blog\/\",\"name\":\"Blog | Docenti.it\",\"description\":\"Tutte le notizie e gli aggiornamenti dal mondo della scuola\",\"publisher\":{\"@id\":\"https:\/\/www.docenti.it\/blog\/#organization\"},\"potentialAction\":[{\"@type\":\"SearchAction\",\"target\":{\"@type\":\"EntryPoint\",\"urlTemplate\":\"https:\/\/www.docenti.it\/blog\/?s={search_term_string}\"},\"query-input\":\"required name=search_term_string\"}],\"inLanguage\":\"it-IT\"},{\"@type\":\"Organization\",\"@id\":\"https:\/\/www.docenti.it\/blog\/#organization\",\"name\":\"Blog | Docenti.it\",\"url\":\"https:\/\/www.docenti.it\/blog\/\",\"logo\":{\"@type\":\"ImageObject\",\"inLanguage\":\"it-IT\",\"@id\":\"https:\/\/www.docenti.it\/blog\/#\/schema\/logo\/image\/\",\"url\":\"https:\/\/www.docenti.it\/blog\/wp-content\/uploads\/2025\/06\/fb_mad_img.png\",\"contentUrl\":\"https:\/\/www.docenti.it\/blog\/wp-content\/uploads\/2025\/06\/fb_mad_img.png\",\"width\":1140,\"height\":620,\"caption\":\"Blog | Docenti.it\"},\"image\":{\"@id\":\"https:\/\/www.docenti.it\/blog\/#\/schema\/logo\/image\/\"},\"sameAs\":[\"https:\/\/www.facebook.com\/docenti.it\"]},{\"@type\":\"Person\",\"@id\":\"https:\/\/www.docenti.it\/blog\/#\/schema\/person\/773963d3c0645bd34c150c41a13e5754\",\"name\":\"Gabriella Capraro\",\"image\":{\"@type\":\"ImageObject\",\"inLanguage\":\"it-IT\",\"@id\":\"https:\/\/www.docenti.it\/blog\/#\/schema\/person\/image\/\",\"url\":\"https:\/\/secure.gravatar.com\/avatar\/17e0ab06bea064a8a7c5bef443cb7153?s=96&d=mm&r=g\",\"contentUrl\":\"https:\/\/secure.gravatar.com\/avatar\/17e0ab06bea064a8a7c5bef443cb7153?s=96&d=mm&r=g\",\"caption\":\"Gabriella Capraro\"},\"description\":\"Copywriter e digital strategist, collabora come articolista e autrice per diverse piattaforme online, spaziando da tematiche scolastiche\/istituzionali a letterarie e musicali.\",\"url\":\"https:\/\/www.docenti.it\/blog\/author\/gcapraro\/\"}]}<\/script>\n<!-- \/ Yoast SEO plugin. -->","yoast_head_json":{"title":"Interpello docenti 2025: quali sono gli avvisi attivi?","description":"Interpello docenti 2025: tutte le novit\u00e0 circa gli avvisi aggiornati e pubblicati dalle scuole, divisi per regione e provincia.","robots":{"index":"index","follow":"follow","max-snippet":"max-snippet:-1","max-image-preview":"max-image-preview:large","max-video-preview":"max-video-preview:-1"},"canonical":"https:\/\/www.docenti.it\/blog\/interpello-docenti-2025-quali-sono-gli-avvisi-attivi\/","og_locale":"it_IT","og_type":"article","og_title":"Interpello docenti 2025: quali sono gli avvisi attivi?","og_description":"Interpello docenti 2025: tutte le novit\u00e0 circa gli avvisi aggiornati e pubblicati dalle scuole, divisi per regione e provincia.","og_url":"https:\/\/www.docenti.it\/blog\/interpello-docenti-2025-quali-sono-gli-avvisi-attivi\/","og_site_name":"Blog | Docenti.it","article_publisher":"https:\/\/www.facebook.com\/docenti.it","article_published_time":"2025-09-26T16:23:41+00:00","article_modified_time":"2025-09-26T16:23:42+00:00","og_image":[{"width":2560,"height":1707,"url":"https:\/\/www.docenti.it\/blog\/wp-content\/uploads\/2023\/07\/pexels-max-fischer-5211446-scaled.jpg","type":"image\/jpeg"}],"author":"Gabriella Capraro","twitter_card":"summary_large_image","twitter_misc":{"Written by":"Gabriella Capraro","Est. reading time":"13 minuti"},"schema":{"@context":"https:\/\/schema.org","@graph":[{"@type":"Article","@id":"https:\/\/www.docenti.it\/blog\/interpello-docenti-2025-quali-sono-gli-avvisi-attivi\/#article","isPartOf":{"@id":"https:\/\/www.docenti.it\/blog\/interpello-docenti-2025-quali-sono-gli-avvisi-attivi\/"},"author":{"name":"Gabriella Capraro","@id":"https:\/\/www.docenti.it\/blog\/#\/schema\/person\/773963d3c0645bd34c150c41a13e5754"},"headline":"Interpello docenti 2025: quali sono gli avvisi attivi?","datePublished":"2025-09-26T16:23:41+00:00","dateModified":"2025-09-26T16:23:42+00:00","mainEntityOfPage":{"@id":"https:\/\/www.docenti.it\/blog\/interpello-docenti-2025-quali-sono-gli-avvisi-attivi\/"},"wordCount":2543,"commentCount":0,"publisher":{"@id":"https:\/\/www.docenti.it\/blog\/#organization"},"keywords":["interpelli","interpelli 2025","Interpelli scuola","Interpelli supplenze","interpello","interpello docenti"],"articleSection":["Interpelli, mad e supplenze"],"inLanguage":"it-IT","potentialAction":[{"@type":"CommentAction","name":"Comment","target":["https:\/\/www.docenti.it\/blog\/interpello-docenti-2025-quali-sono-gli-avvisi-attivi\/#respond"]}]},{"@type":"WebPage","@id":"https:\/\/www.docenti.it\/blog\/interpello-docenti-2025-quali-sono-gli-avvisi-attivi\/","url":"https:\/\/www.docenti.it\/blog\/interpello-docenti-2025-quali-sono-gli-avvisi-attivi\/","name":"Interpello docenti 2025: quali sono gli avvisi attivi?","isPartOf":{"@id":"https:\/\/www.docenti.it\/blog\/#website"},"datePublished":"2025-09-26T16:23:41+00:00","dateModified":"2025-09-26T16:23:42+00:00","description":"Interpello docenti 2025: tutte le novit\u00e0 circa gli avvisi aggiornati e pubblicati dalle scuole, divisi per regione e provincia.","breadcrumb":{"@id":"https:\/\/www.docenti.it\/blog\/interpello-docenti-2025-quali-sono-gli-avvisi-attivi\/#breadcrumb"},"inLanguage":"it-IT","potentialAction":[{"@type":"ReadAction","target":["https:\/\/www.docenti.it\/blog\/interpello-docenti-2025-quali-sono-gli-avvisi-attivi\/"]}]},{"@type":"BreadcrumbList","@id":"https:\/\/www.docenti.it\/blog\/interpello-docenti-2025-quali-sono-gli-avvisi-attivi\/#breadcrumb","itemListElement":[{"@type":"ListItem","position":1,"name":"Home","item":"https:\/\/www.docenti.it\/blog\/"},{"@type":"ListItem","position":2,"name":"Interpello docenti 2025: quali sono gli avvisi attivi?"}]},{"@type":"WebSite","@id":"https:\/\/www.docenti.it\/blog\/#website","url":"https:\/\/www.docenti.it\/blog\/","name":"Blog | Docenti.it","description":"Tutte le notizie e gli aggiornamenti dal mondo della scuola","publisher":{"@id":"https:\/\/www.docenti.it\/blog\/#organization"},"potentialAction":[{"@type":"SearchAction","target":{"@type":"EntryPoint","urlTemplate":"https:\/\/www.docenti.it\/blog\/?s={search_term_string}"},"query-input":"required name=search_term_string"}],"inLanguage":"it-IT"},{"@type":"Organization","@id":"https:\/\/www.docenti.it\/blog\/#organization","name":"Blog | Docenti.it","url":"https:\/\/www.docenti.it\/blog\/","logo":{"@type":"ImageObject","inLanguage":"it-IT","@id":"https:\/\/www.docenti.it\/blog\/#\/schema\/logo\/image\/","url":"https:\/\/www.docenti.it\/blog\/wp-content\/uploads\/2025\/06\/fb_mad_img.png","contentUrl":"https:\/\/www.docenti.it\/blog\/wp-content\/uploads\/2025\/06\/fb_mad_img.png","width":1140,"height":620,"caption":"Blog | Docenti.it"},"image":{"@id":"https:\/\/www.docenti.it\/blog\/#\/schema\/logo\/image\/"},"sameAs":["https:\/\/www.facebook.com\/docenti.it"]},{"@type":"Person","@id":"https:\/\/www.docenti.it\/blog\/#\/schema\/person\/773963d3c0645bd34c150c41a13e5754","name":"Gabriella Capraro","image":{"@type":"ImageObject","inLanguage":"it-IT","@id":"https:\/\/www.docenti.it\/blog\/#\/schema\/person\/image\/","url":"https:\/\/secure.gravatar.com\/avatar\/17e0ab06bea064a8a7c5bef443cb7153?s=96&d=mm&r=g","contentUrl":"https:\/\/secure.gravatar.com\/avatar\/17e0ab06bea064a8a7c5bef443cb7153?s=96&d=mm&r=g","caption":"Gabriella Capraro"},"description":"Copywriter e digital strategist, collabora come articolista e autrice per diverse piattaforme online, spaziando da tematiche scolastiche\/istituzionali a letterarie e musicali.","url":"https:\/\/www.docenti.it\/blog\/author\/gcapraro\/"}]}},"_links":{"self":[{"href":"https:\/\/www.docenti.it\/blog\/wp-json\/wp\/v2\/posts\/46936"}],"collection":[{"href":"https:\/\/www.docenti.it\/blog\/wp-json\/wp\/v2\/posts"}],"about":[{"href":"https:\/\/www.docenti.it\/blog\/wp-json\/wp\/v2\/types\/post"}],"author":[{"embeddable":true,"href":"https:\/\/www.docenti.it\/blog\/wp-json\/wp\/v2\/users\/25"}],"replies":[{"embeddable":true,"href":"https:\/\/www.docenti.it\/blog\/wp-json\/wp\/v2\/comments?post=46936"}],"version-history":[{"count":1,"href":"https:\/\/www.docenti.it\/blog\/wp-json\/wp\/v2\/posts\/46936\/revisions"}],"predecessor-version":[{"id":46937,"href":"https:\/\/www.docenti.it\/blog\/wp-json\/wp\/v2\/posts\/46936\/revisions\/46937"}],"wp:featuredmedia":[{"embeddable":true,"href":"https:\/\/www.docenti.it\/blog\/wp-json\/wp\/v2\/media\/45330"}],"wp:attachment":[{"href":"https:\/\/www.docenti.it\/blog\/wp-json\/wp\/v2\/media?parent=46936"}],"wp:term":[{"taxonomy":"category","embeddable":true,"href":"https:\/\/www.docenti.it\/blog\/wp-json\/wp\/v2\/categories?post=46936"},{"taxonomy":"post_tag","embeddable":true,"href":"https:\/\/www.docenti.it\/blog\/wp-json\/wp\/v2\/tags?post=46936"}],"curies":[{"name":"wp","href":"https:\/\/api.w.org\/{rel}","templated":true}]}}