{"id":46964,"date":"2025-10-04T16:20:41","date_gmt":"2025-10-04T14:20:41","guid":{"rendered":"https:\/\/www.docenti.it\/blog\/?p=46964"},"modified":"2025-10-04T16:20:41","modified_gmt":"2025-10-04T14:20:41","slug":"mobilita-docenti-2025-26-chi-puo-presentare-domanda","status":"publish","type":"post","link":"https:\/\/www.docenti.it\/blog\/mobilita-docenti-2025-26-chi-puo-presentare-domanda\/","title":{"rendered":"Mobilit\u00e0 docenti 2025\/26: chi pu\u00f2 presentare domanda?"},"content":{"rendered":"\n<p>Mobilit\u00e0 docenti 2025: uno dei momenti pi\u00f9 attesi e delicati per gli insegnanti di ruolo in Italia. Ogni anno, migliaia di docenti presentano domanda di trasferimento per avvicinarsi alla propria residenza, ricongiungersi con la famiglia o cogliere nuove opportunit\u00e0 professionali. <\/p>\n\n\n\n<p>Conoscere le regole, le scadenze e le novit\u00e0 del 2025 \u00e8 fondamentale per non commettere errori e massimizzare le possibilit\u00e0 di ottenere la sede desiderata.<\/p>\n\n\n\n<p>In questa guida analizziamo le principali informazioni su <strong>tempistiche, modalit\u00e0 di domanda, requisiti e criteri di valutazione<\/strong>. L\u2019obiettivo \u00e8 fornire uno strumento chiaro e completo per chiunque voglia affrontare la mobilit\u00e0 in modo consapevole e strategico.<\/p>\n\n\n\n<h2>Cos&#8217;\u00e8 la mobilit\u00e0 docenti?<\/h2>\n\n\n\n<p>La mobilit\u00e0 docenti \u00e8 la procedura annuale attraverso la quale gli insegnanti di ruolo possono richiedere il trasferimento di sede. Riguarda sia la mobilit\u00e0 <strong>territoriale<\/strong>, che permette di cambiare scuola o provincia, sia la mobilit\u00e0 <strong>professionale<\/strong>, che consente di passare a un\u2019altra classe di concorso o ordine di scuola.<\/p>\n\n\n\n<p>Ogni anno il Ministero dell\u2019Istruzione e del Merito (MIM) pubblica un <strong>contratto integrativo nazionale sulla mobilit\u00e0<\/strong> che stabilisce regole, punteggi e tempistiche. <\/p>\n\n\n\n<p>Nel 2026 si prevede la conferma di molti criteri gi\u00e0 applicati negli ultimi anni, con possibili aggiustamenti legati all\u2019attuazione del PNRR e alle nuove politiche di reclutamento.<\/p>\n\n\n\n<p><em>Per un approfondimento sulle regole vigenti in materia mobilit\u00e0 e immissioni in ruolo: <\/em><\/p>\n\n\n<p><strong><a href=\"https:\/\/www.docenti.it\/blog\/immissioni-in-ruolo-2025-come-accedere-alla-mobilita\/\">Mobilit\u00e0 docenti e immissioni in ruolo 2025: la guida<\/a><\/strong><\/p>\n\n\n<p><\/p>\n\n\n\n<h2>Chi pu\u00f2 presentare domanda nel 2025?<\/h2>\n\n\n\n<p>Possono richiedere la mobilit\u00e0 2025 tutti i docenti di ruolo che abbiano superato il periodo di prova. In particolare, possono partecipare:<\/p>\n\n\n\n<ul>\n<li><strong>Docenti con pi\u00f9 anni di servizio<\/strong> che desiderano trasferirsi in una sede pi\u00f9 vicina al proprio domicilio; <\/li>\n\n\n\n<li><strong>Insegnanti neo-immessi in ruolo<\/strong>, purch\u00e9 abbiano concluso l\u2019anno di prova; <\/li>\n\n\n\n<li><strong>Docenti con esigenze familiari particolari<\/strong>, come il ricongiungimento al coniuge, ai figli o a parenti disabili in base alla legge 104.<\/li>\n<\/ul>\n\n\n\n<p>Inoltre, per alcuni casi specifici, sono previste <strong>precedenze particolari<\/strong> che aumentano le possibilit\u00e0 di ottenere la sede richiesta.<\/p>\n\n\n\n<h2>Mobilit\u00e0 docenti 2025\/26: come funziona la domanda?<\/h2>\n\n\n\n<p>La domanda di mobilit\u00e0 docenti 2025\/26 dovr\u00e0 essere presentata esclusivamente online attraverso la piattaforma <strong>Istanze OnLine<\/strong> del MIM. La procedura prevede:<\/p>\n\n\n\n<ol>\n<li>Accesso con credenziali SPID o CIE;<\/li>\n\n\n\n<li>Compilazione del modulo con i dati personali e professionali;<\/li>\n\n\n\n<li>Inserimento delle preferenze di sedi, province o ambiti territoriali;<\/li>\n\n\n\n<li>Allegati eventuali documenti per precedenze e punteggi;<\/li>\n\n\n\n<li>Invio telematico entro i termini stabiliti dal Ministero.<\/li>\n<\/ol>\n\n\n\n<p>Ogni docente pu\u00f2 indicare pi\u00f9 scuole e province, ma l\u2019ordine delle preferenze \u00e8 determinante. La scelta va pianificata con attenzione, valutando la disponibilit\u00e0 di posti e le proprie esigenze personali.<\/p>\n\n\n\n<p><strong>Elemento decisivo<\/strong>: l\u2019ordine delle preferenze inserite nella domanda influisce direttamente sul risultato finale.<\/p>\n\n\n\n<h2>Punteggi e graduatorie<\/h2>\n\n\n\n<p>Il punteggio \u00e8 l\u2019elemento che decide le possibilit\u00e0 di ottenere il trasferimento nella procedura di mobilit\u00e0 docenti 2025\/26. Viene calcolato in base a:<\/p>\n\n\n\n<ul>\n<li><strong>Anzianit\u00e0 di servizio<\/strong><\/li>\n\n\n\n<li><strong>Titoli culturali e professionali<\/strong><\/li>\n\n\n\n<li><strong>Esigenze di famiglia<\/strong> (ricongiungimento, figli minori, coniuge)<\/li>\n\n\n\n<li><strong>Precedenze speciali<\/strong> riconosciute da leggi e contratti<\/li>\n<\/ul>\n\n\n\n<p>Ogni anno il Ministero pubblica la <strong>tabella di valutazione dei titoli<\/strong> che assegna i punti. Conoscere questa tabella \u00e8 essenziale per capire la propria posizione in graduatoria.<\/p>\n\n\n\n<p><em>Puoi consultare la tabella al seguente link: <\/em><\/p>\n\n\n<p><strong><a href=\"https:\/\/www.mim.gov.it\/documents\/20182\/8782792\/Tabella%2BA%2Bvalutazione%2Btitoli%2Bmobilit%C3%A0%2Binterna.pdf\/4bd9b2d0-9c6f-c1c8-364f-e73c85d29b51?t=1744273933444&amp;version=1.0&amp;utm_source=chatgpt.com\">Tabella ministeriale di valutazione titoli <\/a><\/strong><\/p>\n\n\n<p><strong>Aspetto fondamentale<\/strong>: pi\u00f9 alto \u00e8 il punteggio, maggiori sono le possibilit\u00e0 di trasferimento nella sede desiderata.<\/p>\n\n\n\n<h2>Mobilit\u00e0 2025 e scadenze<\/h2>\n\n\n\n<p>Le scadenze per la mobilit\u00e0 docenti 2025\/26 saranno definite dal MIM con l\u2019ordinanza ufficiale. In base alle tendenze degli anni precedenti, e all&#8217;ultima ordinanza ministeriale n. 36 di febbraio 2025, ci si pu\u00f2 aspettare che:<\/p>\n\n\n\n<ul>\n<li>Le <strong>domande<\/strong> siano presentabili tra febbraio e marzo.<\/li>\n\n\n\n<li>La <strong>pubblicazione dei movimenti<\/strong> avvenga tra maggio e giugno.<\/li>\n<\/ul>\n\n\n\n<p>Le tempistiche precise saranno rese note con l\u2019ordinanza ministeriale. \u00c8 quindi fondamentale consultare i canali ufficiali e le comunicazioni sindacali per non perdere le date chiave.<\/p>\n\n\n\n<p>Per il 2026 sono attese possibili novit\u00e0 legate al reclutamento e al piano assunzioni previsto dal PNRR. Si discute, ad esempio, di un maggiore <strong>equilibrio tra mobilit\u00e0 e nuove immissioni in ruolo<\/strong>, al fine di garantire stabilit\u00e0 alle scuole.<\/p>\n\n\n\n<p>Inoltre, i sindacati hanno chiesto una revisione dei criteri per ampliare le possibilit\u00e0 di spostamento dei docenti bloccati da vincoli di permanenza. Resta quindi da capire se la prossima ordinanza introdurr\u00e0 cambiamenti significativi rispetto al passato.<\/p>\n\n\n\n<p><\/p>\n\n\n\n<p>Per ulteriori news e aggiornamenti sul mondo scuola, segui il\u00a0<strong><a href=\"https:\/\/www.docenti.it\/blog\/\" target=\"_blank\" rel=\"noreferrer noopener\">blog<\/a><\/strong>\u00a0di\u00a0<strong><a href=\"https:\/\/www.docenti.it\/\">Docenti.it<\/a><\/strong><\/p>\n\n\n\n<p><\/p>\n","protected":false},"excerpt":{"rendered":"<p>Mobilit\u00e0 docenti 2025: uno dei momenti pi\u00f9 attesi e delicati per gli insegnanti di [&hellip;]<\/p>\n","protected":false},"author":25,"featured_media":38591,"comment_status":"open","ping_status":"open","sticky":false,"template":"","format":"standard","meta":[],"categories":[1,4,3],"tags":[813,397,950,404],"yoast_head":"<!-- This site is optimized with the Yoast SEO plugin v20.4 - https:\/\/yoast.com\/wordpress\/plugins\/seo\/ -->\n<title>Mobilit\u00e0 docenti 2025\/26: chi pu\u00f2 presentare domanda?<\/title>\n<meta name=\"description\" content=\"Mobilit\u00e0 docenti 2025\/26: domande e risposte su come presentare domanda e sui principali criteri di valutazione.\" \/>\n<meta name=\"robots\" content=\"index, follow, max-snippet:-1, max-image-preview:large, max-video-preview:-1\" \/>\n<link rel=\"canonical\" href=\"https:\/\/www.docenti.it\/blog\/mobilita-docenti-2025-26-chi-puo-presentare-domanda\/\" \/>\n<meta property=\"og:locale\" content=\"it_IT\" \/>\n<meta property=\"og:type\" content=\"article\" \/>\n<meta property=\"og:title\" content=\"Mobilit\u00e0 docenti 2025\/26: chi pu\u00f2 presentare domanda?\" \/>\n<meta property=\"og:description\" content=\"Mobilit\u00e0 docenti 2025\/26: domande e risposte su come presentare domanda e sui principali criteri di valutazione.\" \/>\n<meta property=\"og:url\" content=\"https:\/\/www.docenti.it\/blog\/mobilita-docenti-2025-26-chi-puo-presentare-domanda\/\" \/>\n<meta property=\"og:site_name\" content=\"Blog | Docenti.it\" \/>\n<meta property=\"article:publisher\" content=\"https:\/\/www.facebook.com\/docenti.it\" \/>\n<meta property=\"article:published_time\" content=\"2025-10-04T14:20:41+00:00\" \/>\n<meta property=\"og:image\" content=\"https:\/\/www.docenti.it\/blog\/wp-content\/uploads\/2022\/11\/white-board-ga878676fd_640.jpg\" \/>\n\t<meta property=\"og:image:width\" content=\"640\" \/>\n\t<meta property=\"og:image:height\" content=\"427\" \/>\n\t<meta property=\"og:image:type\" content=\"image\/jpeg\" \/>\n<meta name=\"author\" content=\"Gabriella Capraro\" \/>\n<meta name=\"twitter:card\" content=\"summary_large_image\" \/>\n<meta name=\"twitter:label1\" content=\"Written by\" \/>\n\t<meta name=\"twitter:data1\" content=\"Gabriella Capraro\" \/>\n\t<meta name=\"twitter:label2\" content=\"Est. reading time\" \/>\n\t<meta name=\"twitter:data2\" content=\"3 minuti\" \/>\n<script type=\"application\/ld+json\" class=\"yoast-schema-graph\">{\"@context\":\"https:\/\/schema.org\",\"@graph\":[{\"@type\":\"Article\",\"@id\":\"https:\/\/www.docenti.it\/blog\/mobilita-docenti-2025-26-chi-puo-presentare-domanda\/#article\",\"isPartOf\":{\"@id\":\"https:\/\/www.docenti.it\/blog\/mobilita-docenti-2025-26-chi-puo-presentare-domanda\/\"},\"author\":{\"name\":\"Gabriella Capraro\",\"@id\":\"https:\/\/www.docenti.it\/blog\/#\/schema\/person\/773963d3c0645bd34c150c41a13e5754\"},\"headline\":\"Mobilit\u00e0 docenti 2025\/26: chi pu\u00f2 presentare domanda?\",\"datePublished\":\"2025-10-04T14:20:41+00:00\",\"dateModified\":\"2025-10-04T14:20:41+00:00\",\"mainEntityOfPage\":{\"@id\":\"https:\/\/www.docenti.it\/blog\/mobilita-docenti-2025-26-chi-puo-presentare-domanda\/\"},\"wordCount\":694,\"commentCount\":0,\"publisher\":{\"@id\":\"https:\/\/www.docenti.it\/blog\/#organization\"},\"keywords\":[\"mobilit\u00e0 2025\/2026\",\"mobilit\u00e0 docenti\",\"mobilit\u00e0 docenti 2025\/26\",\"Mobilit\u00e0 scuola\"],\"articleSection\":[\"FAQ\",\"News\",\"Normativa\"],\"inLanguage\":\"it-IT\",\"potentialAction\":[{\"@type\":\"CommentAction\",\"name\":\"Comment\",\"target\":[\"https:\/\/www.docenti.it\/blog\/mobilita-docenti-2025-26-chi-puo-presentare-domanda\/#respond\"]}]},{\"@type\":\"WebPage\",\"@id\":\"https:\/\/www.docenti.it\/blog\/mobilita-docenti-2025-26-chi-puo-presentare-domanda\/\",\"url\":\"https:\/\/www.docenti.it\/blog\/mobilita-docenti-2025-26-chi-puo-presentare-domanda\/\",\"name\":\"Mobilit\u00e0 docenti 2025\/26: chi pu\u00f2 presentare domanda?\",\"isPartOf\":{\"@id\":\"https:\/\/www.docenti.it\/blog\/#website\"},\"datePublished\":\"2025-10-04T14:20:41+00:00\",\"dateModified\":\"2025-10-04T14:20:41+00:00\",\"description\":\"Mobilit\u00e0 docenti 2025\/26: domande e risposte su come presentare domanda e sui principali criteri di valutazione.\",\"breadcrumb\":{\"@id\":\"https:\/\/www.docenti.it\/blog\/mobilita-docenti-2025-26-chi-puo-presentare-domanda\/#breadcrumb\"},\"inLanguage\":\"it-IT\",\"potentialAction\":[{\"@type\":\"ReadAction\",\"target\":[\"https:\/\/www.docenti.it\/blog\/mobilita-docenti-2025-26-chi-puo-presentare-domanda\/\"]}]},{\"@type\":\"BreadcrumbList\",\"@id\":\"https:\/\/www.docenti.it\/blog\/mobilita-docenti-2025-26-chi-puo-presentare-domanda\/#breadcrumb\",\"itemListElement\":[{\"@type\":\"ListItem\",\"position\":1,\"name\":\"Home\",\"item\":\"https:\/\/www.docenti.it\/blog\/\"},{\"@type\":\"ListItem\",\"position\":2,\"name\":\"Mobilit\u00e0 docenti 2025\/26: chi pu\u00f2 presentare domanda?\"}]},{\"@type\":\"WebSite\",\"@id\":\"https:\/\/www.docenti.it\/blog\/#website\",\"url\":\"https:\/\/www.docenti.it\/blog\/\",\"name\":\"Blog | Docenti.it\",\"description\":\"Tutte le notizie e gli aggiornamenti dal mondo della scuola\",\"publisher\":{\"@id\":\"https:\/\/www.docenti.it\/blog\/#organization\"},\"potentialAction\":[{\"@type\":\"SearchAction\",\"target\":{\"@type\":\"EntryPoint\",\"urlTemplate\":\"https:\/\/www.docenti.it\/blog\/?s={search_term_string}\"},\"query-input\":\"required name=search_term_string\"}],\"inLanguage\":\"it-IT\"},{\"@type\":\"Organization\",\"@id\":\"https:\/\/www.docenti.it\/blog\/#organization\",\"name\":\"Blog | Docenti.it\",\"url\":\"https:\/\/www.docenti.it\/blog\/\",\"logo\":{\"@type\":\"ImageObject\",\"inLanguage\":\"it-IT\",\"@id\":\"https:\/\/www.docenti.it\/blog\/#\/schema\/logo\/image\/\",\"url\":\"https:\/\/www.docenti.it\/blog\/wp-content\/uploads\/2025\/06\/fb_mad_img.png\",\"contentUrl\":\"https:\/\/www.docenti.it\/blog\/wp-content\/uploads\/2025\/06\/fb_mad_img.png\",\"width\":1140,\"height\":620,\"caption\":\"Blog | Docenti.it\"},\"image\":{\"@id\":\"https:\/\/www.docenti.it\/blog\/#\/schema\/logo\/image\/\"},\"sameAs\":[\"https:\/\/www.facebook.com\/docenti.it\"]},{\"@type\":\"Person\",\"@id\":\"https:\/\/www.docenti.it\/blog\/#\/schema\/person\/773963d3c0645bd34c150c41a13e5754\",\"name\":\"Gabriella Capraro\",\"image\":{\"@type\":\"ImageObject\",\"inLanguage\":\"it-IT\",\"@id\":\"https:\/\/www.docenti.it\/blog\/#\/schema\/person\/image\/\",\"url\":\"https:\/\/secure.gravatar.com\/avatar\/17e0ab06bea064a8a7c5bef443cb7153?s=96&d=mm&r=g\",\"contentUrl\":\"https:\/\/secure.gravatar.com\/avatar\/17e0ab06bea064a8a7c5bef443cb7153?s=96&d=mm&r=g\",\"caption\":\"Gabriella Capraro\"},\"description\":\"Copywriter e digital strategist, collabora come articolista e autrice per diverse piattaforme online, spaziando da tematiche scolastiche\/istituzionali a letterarie e musicali.\",\"url\":\"https:\/\/www.docenti.it\/blog\/author\/gcapraro\/\"}]}<\/script>\n<!-- \/ Yoast SEO plugin. -->","yoast_head_json":{"title":"Mobilit\u00e0 docenti 2025\/26: chi pu\u00f2 presentare domanda?","description":"Mobilit\u00e0 docenti 2025\/26: domande e risposte su come presentare domanda e sui principali criteri di valutazione.","robots":{"index":"index","follow":"follow","max-snippet":"max-snippet:-1","max-image-preview":"max-image-preview:large","max-video-preview":"max-video-preview:-1"},"canonical":"https:\/\/www.docenti.it\/blog\/mobilita-docenti-2025-26-chi-puo-presentare-domanda\/","og_locale":"it_IT","og_type":"article","og_title":"Mobilit\u00e0 docenti 2025\/26: chi pu\u00f2 presentare domanda?","og_description":"Mobilit\u00e0 docenti 2025\/26: domande e risposte su come presentare domanda e sui principali criteri di valutazione.","og_url":"https:\/\/www.docenti.it\/blog\/mobilita-docenti-2025-26-chi-puo-presentare-domanda\/","og_site_name":"Blog | Docenti.it","article_publisher":"https:\/\/www.facebook.com\/docenti.it","article_published_time":"2025-10-04T14:20:41+00:00","og_image":[{"width":640,"height":427,"url":"https:\/\/www.docenti.it\/blog\/wp-content\/uploads\/2022\/11\/white-board-ga878676fd_640.jpg","type":"image\/jpeg"}],"author":"Gabriella Capraro","twitter_card":"summary_large_image","twitter_misc":{"Written by":"Gabriella Capraro","Est. reading time":"3 minuti"},"schema":{"@context":"https:\/\/schema.org","@graph":[{"@type":"Article","@id":"https:\/\/www.docenti.it\/blog\/mobilita-docenti-2025-26-chi-puo-presentare-domanda\/#article","isPartOf":{"@id":"https:\/\/www.docenti.it\/blog\/mobilita-docenti-2025-26-chi-puo-presentare-domanda\/"},"author":{"name":"Gabriella Capraro","@id":"https:\/\/www.docenti.it\/blog\/#\/schema\/person\/773963d3c0645bd34c150c41a13e5754"},"headline":"Mobilit\u00e0 docenti 2025\/26: chi pu\u00f2 presentare domanda?","datePublished":"2025-10-04T14:20:41+00:00","dateModified":"2025-10-04T14:20:41+00:00","mainEntityOfPage":{"@id":"https:\/\/www.docenti.it\/blog\/mobilita-docenti-2025-26-chi-puo-presentare-domanda\/"},"wordCount":694,"commentCount":0,"publisher":{"@id":"https:\/\/www.docenti.it\/blog\/#organization"},"keywords":["mobilit\u00e0 2025\/2026","mobilit\u00e0 docenti","mobilit\u00e0 docenti 2025\/26","Mobilit\u00e0 scuola"],"articleSection":["FAQ","News","Normativa"],"inLanguage":"it-IT","potentialAction":[{"@type":"CommentAction","name":"Comment","target":["https:\/\/www.docenti.it\/blog\/mobilita-docenti-2025-26-chi-puo-presentare-domanda\/#respond"]}]},{"@type":"WebPage","@id":"https:\/\/www.docenti.it\/blog\/mobilita-docenti-2025-26-chi-puo-presentare-domanda\/","url":"https:\/\/www.docenti.it\/blog\/mobilita-docenti-2025-26-chi-puo-presentare-domanda\/","name":"Mobilit\u00e0 docenti 2025\/26: chi pu\u00f2 presentare domanda?","isPartOf":{"@id":"https:\/\/www.docenti.it\/blog\/#website"},"datePublished":"2025-10-04T14:20:41+00:00","dateModified":"2025-10-04T14:20:41+00:00","description":"Mobilit\u00e0 docenti 2025\/26: domande e risposte su come presentare domanda e sui principali criteri di valutazione.","breadcrumb":{"@id":"https:\/\/www.docenti.it\/blog\/mobilita-docenti-2025-26-chi-puo-presentare-domanda\/#breadcrumb"},"inLanguage":"it-IT","potentialAction":[{"@type":"ReadAction","target":["https:\/\/www.docenti.it\/blog\/mobilita-docenti-2025-26-chi-puo-presentare-domanda\/"]}]},{"@type":"BreadcrumbList","@id":"https:\/\/www.docenti.it\/blog\/mobilita-docenti-2025-26-chi-puo-presentare-domanda\/#breadcrumb","itemListElement":[{"@type":"ListItem","position":1,"name":"Home","item":"https:\/\/www.docenti.it\/blog\/"},{"@type":"ListItem","position":2,"name":"Mobilit\u00e0 docenti 2025\/26: chi pu\u00f2 presentare domanda?"}]},{"@type":"WebSite","@id":"https:\/\/www.docenti.it\/blog\/#website","url":"https:\/\/www.docenti.it\/blog\/","name":"Blog | Docenti.it","description":"Tutte le notizie e gli aggiornamenti dal mondo della scuola","publisher":{"@id":"https:\/\/www.docenti.it\/blog\/#organization"},"potentialAction":[{"@type":"SearchAction","target":{"@type":"EntryPoint","urlTemplate":"https:\/\/www.docenti.it\/blog\/?s={search_term_string}"},"query-input":"required name=search_term_string"}],"inLanguage":"it-IT"},{"@type":"Organization","@id":"https:\/\/www.docenti.it\/blog\/#organization","name":"Blog | Docenti.it","url":"https:\/\/www.docenti.it\/blog\/","logo":{"@type":"ImageObject","inLanguage":"it-IT","@id":"https:\/\/www.docenti.it\/blog\/#\/schema\/logo\/image\/","url":"https:\/\/www.docenti.it\/blog\/wp-content\/uploads\/2025\/06\/fb_mad_img.png","contentUrl":"https:\/\/www.docenti.it\/blog\/wp-content\/uploads\/2025\/06\/fb_mad_img.png","width":1140,"height":620,"caption":"Blog | Docenti.it"},"image":{"@id":"https:\/\/www.docenti.it\/blog\/#\/schema\/logo\/image\/"},"sameAs":["https:\/\/www.facebook.com\/docenti.it"]},{"@type":"Person","@id":"https:\/\/www.docenti.it\/blog\/#\/schema\/person\/773963d3c0645bd34c150c41a13e5754","name":"Gabriella Capraro","image":{"@type":"ImageObject","inLanguage":"it-IT","@id":"https:\/\/www.docenti.it\/blog\/#\/schema\/person\/image\/","url":"https:\/\/secure.gravatar.com\/avatar\/17e0ab06bea064a8a7c5bef443cb7153?s=96&d=mm&r=g","contentUrl":"https:\/\/secure.gravatar.com\/avatar\/17e0ab06bea064a8a7c5bef443cb7153?s=96&d=mm&r=g","caption":"Gabriella Capraro"},"description":"Copywriter e digital strategist, collabora come articolista e autrice per diverse piattaforme online, spaziando da tematiche scolastiche\/istituzionali a letterarie e musicali.","url":"https:\/\/www.docenti.it\/blog\/author\/gcapraro\/"}]}},"_links":{"self":[{"href":"https:\/\/www.docenti.it\/blog\/wp-json\/wp\/v2\/posts\/46964"}],"collection":[{"href":"https:\/\/www.docenti.it\/blog\/wp-json\/wp\/v2\/posts"}],"about":[{"href":"https:\/\/www.docenti.it\/blog\/wp-json\/wp\/v2\/types\/post"}],"author":[{"embeddable":true,"href":"https:\/\/www.docenti.it\/blog\/wp-json\/wp\/v2\/users\/25"}],"replies":[{"embeddable":true,"href":"https:\/\/www.docenti.it\/blog\/wp-json\/wp\/v2\/comments?post=46964"}],"version-history":[{"count":1,"href":"https:\/\/www.docenti.it\/blog\/wp-json\/wp\/v2\/posts\/46964\/revisions"}],"predecessor-version":[{"id":46965,"href":"https:\/\/www.docenti.it\/blog\/wp-json\/wp\/v2\/posts\/46964\/revisions\/46965"}],"wp:featuredmedia":[{"embeddable":true,"href":"https:\/\/www.docenti.it\/blog\/wp-json\/wp\/v2\/media\/38591"}],"wp:attachment":[{"href":"https:\/\/www.docenti.it\/blog\/wp-json\/wp\/v2\/media?parent=46964"}],"wp:term":[{"taxonomy":"category","embeddable":true,"href":"https:\/\/www.docenti.it\/blog\/wp-json\/wp\/v2\/categories?post=46964"},{"taxonomy":"post_tag","embeddable":true,"href":"https:\/\/www.docenti.it\/blog\/wp-json\/wp\/v2\/tags?post=46964"}],"curies":[{"name":"wp","href":"https:\/\/api.w.org\/{rel}","templated":true}]}}