{"id":46966,"date":"2025-10-06T13:11:47","date_gmt":"2025-10-06T11:11:47","guid":{"rendered":"https:\/\/www.docenti.it\/blog\/?p=46966"},"modified":"2025-10-06T13:11:48","modified_gmt":"2025-10-06T11:11:48","slug":"concorso-pnrr3-quali-sono-le-tempistiche-per-il-bando","status":"publish","type":"post","link":"https:\/\/www.docenti.it\/blog\/concorso-pnrr3-quali-sono-le-tempistiche-per-il-bando\/","title":{"rendered":"Concorso PNRR3: quali sono le tempistiche per il bando?"},"content":{"rendered":"\n<p>Il <strong>concorso docenti PNRR3 2025<\/strong> \u00e8 atteso entro il mese di ottobre e rappresenta una delle occasioni pi\u00f9 importanti per chi vuole intraprendere la carriera dell\u2019insegnamento. <\/p>\n\n\n\n<p>L\u2019obiettivo dichiarato dal Ministero \u00e8 quello di avere le <strong>graduatorie pronte entro giugno 2026<\/strong>, cos\u00ec da poter avviare le assunzioni a partire da settembre.<br>La pubblicazione autunnale consentir\u00e0 agli aspiranti docenti di <strong>prepararsi per tempo<\/strong>, raccogliendo la documentazione necessaria e organizzando lo studio. <\/p>\n\n\n\n<p>Si attende ancora il calendario ufficiale, ma \u00e8 probabile che le prove vengano distribuite in pi\u00f9 sessioni per gestire l\u2019alto numero di candidati.<\/p>\n\n\n\n<p><em>Nel frattempo esaminiamo nel dettaglio modalit\u00e0, posti e requisiti di accesso al Concorso PNRR3.<\/em><\/p>\n\n\n\n<h2>Posti disponibili per il concorso scuola 2025<\/h2>\n\n\n\n<p>Uno degli elementi che suscita maggiore interesse riguarda i <strong>posti disponibili<\/strong>. Sono previsti circa <strong>58.000 inserimenti<\/strong> suddivisi tra scuola dell\u2019infanzia, primaria, secondaria di primo grado e secondaria di secondo grado.<\/p>\n\n\n\n<p>Questa ampia offerta nasce dalla necessit\u00e0 di <strong>coprire le carenze di organico<\/strong> e favorire il ricambio generazionale. Una parte delle cattedre sar\u00e0 riservata a profili specifici, come il <strong>sostegno<\/strong> e le <strong>discipline STEM<\/strong>, oggi considerate strategiche.<\/p>\n\n\n\n<p><em>Per un approfondimento: <\/em><\/p>\n\n\n<p><strong><a href=\"https:\/\/www.docenti.it\/blog\/classi-di-concorso-2025-quali-sono-le-piu-richieste\/\">Classi di concorso 2025: quali sono le pi\u00f9 richieste?<\/a><\/strong><\/p>\n\n\n<h2>Requisiti per partecipare al concorso PNRR3<\/h2>\n\n\n\n<p>Per presentare domanda \u00e8 necessario possedere alcuni <strong>requisiti generali<\/strong>, tra cui cittadinanza italiana o europea, godimento dei diritti civili e politici, idoneit\u00e0 fisica e assenza di condanne che impediscano l\u2019accesso al pubblico impiego.<\/p>\n\n\n\n<p>I <strong>requisiti specifici<\/strong> cambiano in base al grado scolastico:<\/p>\n\n\n\n<ul>\n<li><strong>Infanzia e primaria<\/strong>: laurea in Scienze della Formazione Primaria o diploma magistrale conseguito entro l\u2019a.s. 2001\/2002; <\/li>\n\n\n\n<li><strong>Secondaria di primo e secondo grado<\/strong>: laurea magistrale coerente con la classe di concorso, possesso dei crediti universitari richiesti e, in alcuni casi, <strong>abilitazione all\u2019insegnamento<\/strong>;<\/li>\n\n\n\n<li><strong>ITP<\/strong>: diploma specifico per alcune classi tecnico-pratiche;<\/li>\n\n\n\n<li><strong>Sostegno<\/strong>: titolo di specializzazione per il grado prescelto.<\/li>\n<\/ul>\n\n\n\n<h3>Abilitazione all\u2019insegnamento<\/h3>\n\n\n\n<p>Un aspetto importante riguarda proprio l\u2019<strong>abilitazione<\/strong>. Per alcune procedure selettive sar\u00e0 requisito indispensabile, mentre in altre potr\u00e0 essere consentita la partecipazione anche a chi non \u00e8 ancora abilitato, con la possibilit\u00e0 di inserirsi \u201c<strong>con riserva<\/strong>\u201d se il titolo verr\u00e0 conseguito entro una data stabilita dal bando. Questo dettaglio sar\u00e0 chiarito con precisione nel testo ufficiale.<\/p>\n\n\n\n<p><em>Se sei interessato a scoprire come accedere ai percorsi abilitanti, verifica di possedere tutti i requisiti richiesti: <\/em><\/p>\n\n\n\n<p><\/p>\n\n\n\n<div class=\"is-layout-flex wp-block-buttons\">\n<div class=\"wp-block-button\"><a class=\"wp-block-button__link wp-element-button\" href=\"https:\/\/www.docenti.it\/valutazione-abilitazioni.html\" target=\"_blank\" rel=\"noreferrer noopener\">VERIFICA LA TUA AMMISSIONE AI BANDI<\/a><\/div>\n<\/div>\n\n\n\n<p><\/p>\n\n\n\n<h2>Come presentare la domanda<\/h2>\n\n\n\n<p>La procedura di iscrizione sar\u00e0 interamente digitale, attraverso la piattaforma ministeriale <strong>POLIS (Istanze OnLine)<\/strong>. I passaggi principali sono:<\/p>\n\n\n\n<ol>\n<li>Registrazione con <strong>SPID o CIE<\/strong>;<\/li>\n\n\n\n<li>Compilazione della domanda con i dati personali, i titoli e le preferenze di classe di concorso e regione;<\/li>\n\n\n\n<li>Versamento del contributo di partecipazione;<\/li>\n\n\n\n<li>Conferma e invio della domanda, con rilascio della ricevuta.<\/li>\n<\/ol>\n\n\n\n<p>\u00c8 fondamentale monitorare il sito ufficiale per aggiornamenti su <strong>scadenze e modalit\u00e0<\/strong>.<\/p>\n\n\n\n<h2>Le prove del concorso docenti PNRR3<\/h2>\n\n\n\n<p>Il concorso prevede pi\u00f9 fasi di valutazione:<\/p>\n\n\n\n<ul>\n<li><strong>Prova scritta<\/strong>: computer based, con domande a risposta multipla e aperta per verificare conoscenze disciplinari, didattiche e digitali; <\/li>\n\n\n\n<li><strong>Prova orale<\/strong>: lezione simulata e colloquio per accertare padronanza dei contenuti e capacit\u00e0 comunicativa; <\/li>\n\n\n\n<li><strong>Valutazione titoli<\/strong>: master, corsi, esperienze e pubblicazioni contribuiranno al punteggio finale.<\/li>\n<\/ul>\n\n\n\n<p>Per il <strong>sostegno<\/strong>, una parte delle prove sar\u00e0 dedicata a metodologie didattiche inclusive e normative sull\u2019inclusione.<\/p>\n\n\n\n<p><em>Leggi di pi\u00f9 circa le prove del Concorso PNRR3: <\/em><\/p>\n\n\n<p><strong><a href=\"https:\/\/www.docenti.it\/blog\/concorso-pnrr3-prova-scritta-come-si-svolgera\/\">Prove concorso PNRR3: cosa c&#8217;\u00e8 da sapere?<\/a><\/strong><\/p>\n\n\n<h2>Tempistiche e graduatorie: l\u2019obiettivo del 2026<\/h2>\n\n\n\n<p>Il percorso sar\u00e0 scandito da tappe precise:<\/p>\n\n\n\n<ul>\n<li><strong>Ottobre 2025<\/strong>: pubblicazione bando;<\/li>\n\n\n\n<li><strong>Novembre-Dicembre 2025<\/strong>: invio delle domande;<\/li>\n\n\n\n<li><strong>Gennaio-Aprile 2026<\/strong>: prove scritte;<\/li>\n\n\n\n<li><strong>Maggio 2026<\/strong>: prove orali;<\/li>\n\n\n\n<li><strong>Giugno 2026<\/strong>: pubblicazione graduatorie;<\/li>\n\n\n\n<li><strong>Settembre 2026<\/strong>: avvio delle assunzioni.<\/li>\n<\/ul>\n\n\n\n<p>Saranno previste eventuali finestre per ricorsi e scorrimenti delle graduatorie.<\/p>\n\n\n\n<h2>Novit\u00e0 del concorso PNRR3<\/h2>\n\n\n\n<p>Tra le principali novit\u00e0 ci sono:<\/p>\n\n\n\n<ul>\n<li><strong>Digitalizzazione completa<\/strong> di iscrizioni, comunicazioni e correzioni;<\/li>\n\n\n\n<li>Prove computer based pi\u00f9 strutturate, con maggiore attenzione a problem solving e innovazione didattica;<\/li>\n\n\n\n<li>Focus sulle <strong>discipline STEM<\/strong> e sulle metodologie inclusive;<\/li>\n\n\n\n<li>Graduatorie pronte in tempi pi\u00f9 rapidi.<\/li>\n<\/ul>\n\n\n\n<p>Un modello che punta a rendere la selezione <strong>pi\u00f9 trasparente ed efficiente<\/strong>.<\/p>\n\n\n\n<h2>Come prepararsi al meglio<\/h2>\n\n\n\n<p>Prepararsi al concorso richiede metodo e organizzazione. In questo senso, \u00e8 utile:<\/p>\n\n\n\n<ul>\n<li><strong>Studiare i programmi ufficiali<\/strong> allegati al bando;<\/li>\n\n\n\n<li>Allenarsi con <strong>simulazioni online<\/strong>;<\/li>\n\n\n\n<li>Seguire <strong>corsi di formazione e webinar<\/strong>;<\/li>\n\n\n\n<li>Aggiornarsi sulle metodologie pi\u00f9 moderne, come la flipped classroom;<\/li>\n\n\n\n<li>Curare la gestione del tempo e dello stress.<\/li>\n<\/ul>\n\n\n\n<p>Fra gli strumenti pi\u00f9 utili ci sono manuali dedicati, piattaforme formative accreditate e app che simulano le prove computerizzate.<\/p>\n\n\n\n<h2>Un&#8217;occasione che inserir\u00e0 58.000 persone nel mondo scuola<\/h2>\n\n\n\n<p>Il <strong>Concorso PNRR3 2025<\/strong> sar\u00e0 una <strong>grande occasione per migliaia di aspiranti docenti<\/strong>. Con oltre 58.000 posti e nuove modalit\u00e0 digitali, rappresenta un passaggio fondamentale per il rinnovamento della scuola italiana. <\/p>\n\n\n\n<p>Prepararsi in anticipo e chiarire i dubbi sui requisiti, in particolare sull\u2019abilitazione all\u2019insegnamento, sar\u00e0 la chiave per affrontare al meglio questa sfida.<\/p>\n\n\n\n<p><\/p>\n\n\n\n<div class=\"is-layout-flex wp-block-buttons\">\n<div class=\"wp-block-button\"><a class=\"wp-block-button__link wp-element-button\" href=\"https:\/\/www.docenti.it\/formazione-docenti\/percorsi-formativi.html?tc=28\" target=\"_blank\" rel=\"noreferrer noopener\">SCOPRI COSTI E PROGRAMMA 60 CFU<\/a><\/div>\n<\/div>\n\n\n\n<p><\/p>\n\n\n\n<p>Per ulteriori news e aggiornamenti sul mondo scuola, segui il\u00a0<strong><a href=\"https:\/\/www.docenti.it\/blog\/\" target=\"_blank\" rel=\"noreferrer noopener\">blog<\/a><\/strong>\u00a0di\u00a0<strong><a href=\"https:\/\/www.docenti.it\/\">Docenti.it<\/a><\/strong><\/p>\n\n\n\n<p><\/p>\n","protected":false},"excerpt":{"rendered":"<p>Il concorso docenti PNRR3 2025 \u00e8 atteso entro il mese di ottobre e rappresenta [&hellip;]<\/p>\n","protected":false},"author":25,"featured_media":40606,"comment_status":"open","ping_status":"open","sticky":false,"template":"","format":"standard","meta":[],"categories":[4,3],"tags":[655,24,732,903,151],"yoast_head":"<!-- This site is optimized with the Yoast SEO plugin v20.4 - https:\/\/yoast.com\/wordpress\/plugins\/seo\/ -->\n<title>Concorso PNRR3: quali sono le tempistiche per il bando?<\/title>\n<meta name=\"description\" content=\"Concorso PNRR3: una delle occasioni pi\u00f9 importanti per chi vuole intraprendere una carriera stabile nel settore insegnamento.\" \/>\n<meta name=\"robots\" content=\"index, follow, max-snippet:-1, max-image-preview:large, max-video-preview:-1\" \/>\n<link rel=\"canonical\" href=\"https:\/\/www.docenti.it\/blog\/concorso-pnrr3-quali-sono-le-tempistiche-per-il-bando\/\" \/>\n<meta property=\"og:locale\" content=\"it_IT\" \/>\n<meta property=\"og:type\" content=\"article\" \/>\n<meta property=\"og:title\" content=\"Concorso PNRR3: quali sono le tempistiche per il bando?\" \/>\n<meta property=\"og:description\" content=\"Concorso PNRR3: una delle occasioni pi\u00f9 importanti per chi vuole intraprendere una carriera stabile nel settore insegnamento.\" \/>\n<meta property=\"og:url\" content=\"https:\/\/www.docenti.it\/blog\/concorso-pnrr3-quali-sono-le-tempistiche-per-il-bando\/\" \/>\n<meta property=\"og:site_name\" content=\"Blog | Docenti.it\" \/>\n<meta property=\"article:publisher\" content=\"https:\/\/www.facebook.com\/docenti.it\" \/>\n<meta property=\"article:published_time\" content=\"2025-10-06T11:11:47+00:00\" \/>\n<meta property=\"article:modified_time\" content=\"2025-10-06T11:11:48+00:00\" \/>\n<meta property=\"og:image\" content=\"https:\/\/www.docenti.it\/blog\/wp-content\/uploads\/2022\/12\/pexels-fauxels-3183150.jpg\" \/>\n\t<meta property=\"og:image:width\" content=\"640\" \/>\n\t<meta property=\"og:image:height\" content=\"427\" \/>\n\t<meta property=\"og:image:type\" content=\"image\/jpeg\" \/>\n<meta name=\"author\" content=\"Gabriella Capraro\" \/>\n<meta name=\"twitter:card\" content=\"summary_large_image\" \/>\n<meta name=\"twitter:label1\" content=\"Written by\" \/>\n\t<meta name=\"twitter:data1\" content=\"Gabriella Capraro\" \/>\n\t<meta name=\"twitter:label2\" content=\"Est. reading time\" \/>\n\t<meta name=\"twitter:data2\" content=\"4 minuti\" \/>\n<script type=\"application\/ld+json\" class=\"yoast-schema-graph\">{\"@context\":\"https:\/\/schema.org\",\"@graph\":[{\"@type\":\"Article\",\"@id\":\"https:\/\/www.docenti.it\/blog\/concorso-pnrr3-quali-sono-le-tempistiche-per-il-bando\/#article\",\"isPartOf\":{\"@id\":\"https:\/\/www.docenti.it\/blog\/concorso-pnrr3-quali-sono-le-tempistiche-per-il-bando\/\"},\"author\":{\"name\":\"Gabriella Capraro\",\"@id\":\"https:\/\/www.docenti.it\/blog\/#\/schema\/person\/773963d3c0645bd34c150c41a13e5754\"},\"headline\":\"Concorso PNRR3: quali sono le tempistiche per il bando?\",\"datePublished\":\"2025-10-06T11:11:47+00:00\",\"dateModified\":\"2025-10-06T11:11:48+00:00\",\"mainEntityOfPage\":{\"@id\":\"https:\/\/www.docenti.it\/blog\/concorso-pnrr3-quali-sono-le-tempistiche-per-il-bando\/\"},\"wordCount\":789,\"commentCount\":0,\"publisher\":{\"@id\":\"https:\/\/www.docenti.it\/blog\/#organization\"},\"keywords\":[\"concorsi in uscita\",\"concorsi scuola\",\"concorso docenti\",\"concorso PNRR3\",\"concorso scuola\"],\"articleSection\":[\"News\",\"Normativa\"],\"inLanguage\":\"it-IT\",\"potentialAction\":[{\"@type\":\"CommentAction\",\"name\":\"Comment\",\"target\":[\"https:\/\/www.docenti.it\/blog\/concorso-pnrr3-quali-sono-le-tempistiche-per-il-bando\/#respond\"]}]},{\"@type\":\"WebPage\",\"@id\":\"https:\/\/www.docenti.it\/blog\/concorso-pnrr3-quali-sono-le-tempistiche-per-il-bando\/\",\"url\":\"https:\/\/www.docenti.it\/blog\/concorso-pnrr3-quali-sono-le-tempistiche-per-il-bando\/\",\"name\":\"Concorso PNRR3: quali sono le tempistiche per il bando?\",\"isPartOf\":{\"@id\":\"https:\/\/www.docenti.it\/blog\/#website\"},\"datePublished\":\"2025-10-06T11:11:47+00:00\",\"dateModified\":\"2025-10-06T11:11:48+00:00\",\"description\":\"Concorso PNRR3: una delle occasioni pi\u00f9 importanti per chi vuole intraprendere una carriera stabile nel settore insegnamento.\",\"breadcrumb\":{\"@id\":\"https:\/\/www.docenti.it\/blog\/concorso-pnrr3-quali-sono-le-tempistiche-per-il-bando\/#breadcrumb\"},\"inLanguage\":\"it-IT\",\"potentialAction\":[{\"@type\":\"ReadAction\",\"target\":[\"https:\/\/www.docenti.it\/blog\/concorso-pnrr3-quali-sono-le-tempistiche-per-il-bando\/\"]}]},{\"@type\":\"BreadcrumbList\",\"@id\":\"https:\/\/www.docenti.it\/blog\/concorso-pnrr3-quali-sono-le-tempistiche-per-il-bando\/#breadcrumb\",\"itemListElement\":[{\"@type\":\"ListItem\",\"position\":1,\"name\":\"Home\",\"item\":\"https:\/\/www.docenti.it\/blog\/\"},{\"@type\":\"ListItem\",\"position\":2,\"name\":\"Concorso PNRR3: quali sono le tempistiche per il bando?\"}]},{\"@type\":\"WebSite\",\"@id\":\"https:\/\/www.docenti.it\/blog\/#website\",\"url\":\"https:\/\/www.docenti.it\/blog\/\",\"name\":\"Blog | Docenti.it\",\"description\":\"Tutte le notizie e gli aggiornamenti dal mondo della scuola\",\"publisher\":{\"@id\":\"https:\/\/www.docenti.it\/blog\/#organization\"},\"potentialAction\":[{\"@type\":\"SearchAction\",\"target\":{\"@type\":\"EntryPoint\",\"urlTemplate\":\"https:\/\/www.docenti.it\/blog\/?s={search_term_string}\"},\"query-input\":\"required name=search_term_string\"}],\"inLanguage\":\"it-IT\"},{\"@type\":\"Organization\",\"@id\":\"https:\/\/www.docenti.it\/blog\/#organization\",\"name\":\"Blog | Docenti.it\",\"url\":\"https:\/\/www.docenti.it\/blog\/\",\"logo\":{\"@type\":\"ImageObject\",\"inLanguage\":\"it-IT\",\"@id\":\"https:\/\/www.docenti.it\/blog\/#\/schema\/logo\/image\/\",\"url\":\"https:\/\/www.docenti.it\/blog\/wp-content\/uploads\/2025\/06\/fb_mad_img.png\",\"contentUrl\":\"https:\/\/www.docenti.it\/blog\/wp-content\/uploads\/2025\/06\/fb_mad_img.png\",\"width\":1140,\"height\":620,\"caption\":\"Blog | Docenti.it\"},\"image\":{\"@id\":\"https:\/\/www.docenti.it\/blog\/#\/schema\/logo\/image\/\"},\"sameAs\":[\"https:\/\/www.facebook.com\/docenti.it\"]},{\"@type\":\"Person\",\"@id\":\"https:\/\/www.docenti.it\/blog\/#\/schema\/person\/773963d3c0645bd34c150c41a13e5754\",\"name\":\"Gabriella Capraro\",\"image\":{\"@type\":\"ImageObject\",\"inLanguage\":\"it-IT\",\"@id\":\"https:\/\/www.docenti.it\/blog\/#\/schema\/person\/image\/\",\"url\":\"https:\/\/secure.gravatar.com\/avatar\/17e0ab06bea064a8a7c5bef443cb7153?s=96&d=mm&r=g\",\"contentUrl\":\"https:\/\/secure.gravatar.com\/avatar\/17e0ab06bea064a8a7c5bef443cb7153?s=96&d=mm&r=g\",\"caption\":\"Gabriella Capraro\"},\"description\":\"Copywriter e digital strategist, collabora come articolista e autrice per diverse piattaforme online, spaziando da tematiche scolastiche\/istituzionali a letterarie e musicali.\",\"url\":\"https:\/\/www.docenti.it\/blog\/author\/gcapraro\/\"}]}<\/script>\n<!-- \/ Yoast SEO plugin. -->","yoast_head_json":{"title":"Concorso PNRR3: quali sono le tempistiche per il bando?","description":"Concorso PNRR3: una delle occasioni pi\u00f9 importanti per chi vuole intraprendere una carriera stabile nel settore insegnamento.","robots":{"index":"index","follow":"follow","max-snippet":"max-snippet:-1","max-image-preview":"max-image-preview:large","max-video-preview":"max-video-preview:-1"},"canonical":"https:\/\/www.docenti.it\/blog\/concorso-pnrr3-quali-sono-le-tempistiche-per-il-bando\/","og_locale":"it_IT","og_type":"article","og_title":"Concorso PNRR3: quali sono le tempistiche per il bando?","og_description":"Concorso PNRR3: una delle occasioni pi\u00f9 importanti per chi vuole intraprendere una carriera stabile nel settore insegnamento.","og_url":"https:\/\/www.docenti.it\/blog\/concorso-pnrr3-quali-sono-le-tempistiche-per-il-bando\/","og_site_name":"Blog | Docenti.it","article_publisher":"https:\/\/www.facebook.com\/docenti.it","article_published_time":"2025-10-06T11:11:47+00:00","article_modified_time":"2025-10-06T11:11:48+00:00","og_image":[{"width":640,"height":427,"url":"https:\/\/www.docenti.it\/blog\/wp-content\/uploads\/2022\/12\/pexels-fauxels-3183150.jpg","type":"image\/jpeg"}],"author":"Gabriella Capraro","twitter_card":"summary_large_image","twitter_misc":{"Written by":"Gabriella Capraro","Est. reading time":"4 minuti"},"schema":{"@context":"https:\/\/schema.org","@graph":[{"@type":"Article","@id":"https:\/\/www.docenti.it\/blog\/concorso-pnrr3-quali-sono-le-tempistiche-per-il-bando\/#article","isPartOf":{"@id":"https:\/\/www.docenti.it\/blog\/concorso-pnrr3-quali-sono-le-tempistiche-per-il-bando\/"},"author":{"name":"Gabriella Capraro","@id":"https:\/\/www.docenti.it\/blog\/#\/schema\/person\/773963d3c0645bd34c150c41a13e5754"},"headline":"Concorso PNRR3: quali sono le tempistiche per il bando?","datePublished":"2025-10-06T11:11:47+00:00","dateModified":"2025-10-06T11:11:48+00:00","mainEntityOfPage":{"@id":"https:\/\/www.docenti.it\/blog\/concorso-pnrr3-quali-sono-le-tempistiche-per-il-bando\/"},"wordCount":789,"commentCount":0,"publisher":{"@id":"https:\/\/www.docenti.it\/blog\/#organization"},"keywords":["concorsi in uscita","concorsi scuola","concorso docenti","concorso PNRR3","concorso scuola"],"articleSection":["News","Normativa"],"inLanguage":"it-IT","potentialAction":[{"@type":"CommentAction","name":"Comment","target":["https:\/\/www.docenti.it\/blog\/concorso-pnrr3-quali-sono-le-tempistiche-per-il-bando\/#respond"]}]},{"@type":"WebPage","@id":"https:\/\/www.docenti.it\/blog\/concorso-pnrr3-quali-sono-le-tempistiche-per-il-bando\/","url":"https:\/\/www.docenti.it\/blog\/concorso-pnrr3-quali-sono-le-tempistiche-per-il-bando\/","name":"Concorso PNRR3: quali sono le tempistiche per il bando?","isPartOf":{"@id":"https:\/\/www.docenti.it\/blog\/#website"},"datePublished":"2025-10-06T11:11:47+00:00","dateModified":"2025-10-06T11:11:48+00:00","description":"Concorso PNRR3: una delle occasioni pi\u00f9 importanti per chi vuole intraprendere una carriera stabile nel settore insegnamento.","breadcrumb":{"@id":"https:\/\/www.docenti.it\/blog\/concorso-pnrr3-quali-sono-le-tempistiche-per-il-bando\/#breadcrumb"},"inLanguage":"it-IT","potentialAction":[{"@type":"ReadAction","target":["https:\/\/www.docenti.it\/blog\/concorso-pnrr3-quali-sono-le-tempistiche-per-il-bando\/"]}]},{"@type":"BreadcrumbList","@id":"https:\/\/www.docenti.it\/blog\/concorso-pnrr3-quali-sono-le-tempistiche-per-il-bando\/#breadcrumb","itemListElement":[{"@type":"ListItem","position":1,"name":"Home","item":"https:\/\/www.docenti.it\/blog\/"},{"@type":"ListItem","position":2,"name":"Concorso PNRR3: quali sono le tempistiche per il bando?"}]},{"@type":"WebSite","@id":"https:\/\/www.docenti.it\/blog\/#website","url":"https:\/\/www.docenti.it\/blog\/","name":"Blog | Docenti.it","description":"Tutte le notizie e gli aggiornamenti dal mondo della scuola","publisher":{"@id":"https:\/\/www.docenti.it\/blog\/#organization"},"potentialAction":[{"@type":"SearchAction","target":{"@type":"EntryPoint","urlTemplate":"https:\/\/www.docenti.it\/blog\/?s={search_term_string}"},"query-input":"required name=search_term_string"}],"inLanguage":"it-IT"},{"@type":"Organization","@id":"https:\/\/www.docenti.it\/blog\/#organization","name":"Blog | Docenti.it","url":"https:\/\/www.docenti.it\/blog\/","logo":{"@type":"ImageObject","inLanguage":"it-IT","@id":"https:\/\/www.docenti.it\/blog\/#\/schema\/logo\/image\/","url":"https:\/\/www.docenti.it\/blog\/wp-content\/uploads\/2025\/06\/fb_mad_img.png","contentUrl":"https:\/\/www.docenti.it\/blog\/wp-content\/uploads\/2025\/06\/fb_mad_img.png","width":1140,"height":620,"caption":"Blog | Docenti.it"},"image":{"@id":"https:\/\/www.docenti.it\/blog\/#\/schema\/logo\/image\/"},"sameAs":["https:\/\/www.facebook.com\/docenti.it"]},{"@type":"Person","@id":"https:\/\/www.docenti.it\/blog\/#\/schema\/person\/773963d3c0645bd34c150c41a13e5754","name":"Gabriella Capraro","image":{"@type":"ImageObject","inLanguage":"it-IT","@id":"https:\/\/www.docenti.it\/blog\/#\/schema\/person\/image\/","url":"https:\/\/secure.gravatar.com\/avatar\/17e0ab06bea064a8a7c5bef443cb7153?s=96&d=mm&r=g","contentUrl":"https:\/\/secure.gravatar.com\/avatar\/17e0ab06bea064a8a7c5bef443cb7153?s=96&d=mm&r=g","caption":"Gabriella Capraro"},"description":"Copywriter e digital strategist, collabora come articolista e autrice per diverse piattaforme online, spaziando da tematiche scolastiche\/istituzionali a letterarie e musicali.","url":"https:\/\/www.docenti.it\/blog\/author\/gcapraro\/"}]}},"_links":{"self":[{"href":"https:\/\/www.docenti.it\/blog\/wp-json\/wp\/v2\/posts\/46966"}],"collection":[{"href":"https:\/\/www.docenti.it\/blog\/wp-json\/wp\/v2\/posts"}],"about":[{"href":"https:\/\/www.docenti.it\/blog\/wp-json\/wp\/v2\/types\/post"}],"author":[{"embeddable":true,"href":"https:\/\/www.docenti.it\/blog\/wp-json\/wp\/v2\/users\/25"}],"replies":[{"embeddable":true,"href":"https:\/\/www.docenti.it\/blog\/wp-json\/wp\/v2\/comments?post=46966"}],"version-history":[{"count":1,"href":"https:\/\/www.docenti.it\/blog\/wp-json\/wp\/v2\/posts\/46966\/revisions"}],"predecessor-version":[{"id":46967,"href":"https:\/\/www.docenti.it\/blog\/wp-json\/wp\/v2\/posts\/46966\/revisions\/46967"}],"wp:featuredmedia":[{"embeddable":true,"href":"https:\/\/www.docenti.it\/blog\/wp-json\/wp\/v2\/media\/40606"}],"wp:attachment":[{"href":"https:\/\/www.docenti.it\/blog\/wp-json\/wp\/v2\/media?parent=46966"}],"wp:term":[{"taxonomy":"category","embeddable":true,"href":"https:\/\/www.docenti.it\/blog\/wp-json\/wp\/v2\/categories?post=46966"},{"taxonomy":"post_tag","embeddable":true,"href":"https:\/\/www.docenti.it\/blog\/wp-json\/wp\/v2\/tags?post=46966"}],"curies":[{"name":"wp","href":"https:\/\/api.w.org\/{rel}","templated":true}]}}