{"id":47005,"date":"2025-10-17T18:33:29","date_gmt":"2025-10-17T16:33:29","guid":{"rendered":"https:\/\/www.docenti.it\/blog\/?p=47005"},"modified":"2025-10-17T18:33:29","modified_gmt":"2025-10-17T16:33:29","slug":"interpelli-e-supplenze-2025-entra-nel-mondo-della-scuola","status":"publish","type":"post","link":"https:\/\/www.docenti.it\/blog\/interpelli-e-supplenze-2025-entra-nel-mondo-della-scuola\/","title":{"rendered":"Interpelli e Supplenze 2025\/2026: entra nel mondo della scuola"},"content":{"rendered":"\n<p><strong>Interpelli e supplenze: se sogni di lavorare nella scuola<\/strong>, questo \u00e8 il momento giusto per agire.<\/p>\n\n\n\n<p>Con l\u2019avvio delle procedure ufficiali degli <strong>Interpelli Scuola 2025\/2026<\/strong>, si aprono nuove opportunit\u00e0 per docenti e personale ATA in tutta Italia.<\/p>\n\n\n\n<p>Docenti.it ti aiuta a <strong>candidarti in modo rapido, efficace e professionale<\/strong>, aumentandoti concretamente le possibilit\u00e0 di ottenere un incarico.<\/p>\n\n\n\n<p><\/p>\n\n\n\n<h2>Cosa sono gli interpelli scuola e come funzionano<\/h2>\n\n\n\n<p>Gli <strong>interpelli scuola<\/strong> sono <strong>avvisi pubblicati dai dirigenti scolastici<\/strong> quando le <strong>graduatorie d\u2019istituto sono esaurite<\/strong>.<br>Grazie a questo strumento, anche chi non \u00e8 inserito nella graduatoria di una determinata provincia pu\u00f2 comunque candidarsi e ottenere una supplenza.<\/p>\n\n\n\n<h3>Chi pu\u00f2 partecipare agli interpelli scuola<\/h3>\n\n\n\n<p>Possono candidarsi:<\/p>\n\n\n\n<ul>\n<li><strong>Docenti abilitati e specializzati<\/strong> (con priorit\u00e0);<\/li>\n\n\n\n<li><strong>Docenti con titolo di studio idoneo<\/strong>;<\/li>\n\n\n\n<li><strong>Iscritti in graduatoria in altre province<\/strong>.<\/li>\n<\/ul>\n\n\n\n<p>Non possono invece partecipare i docenti che hanno gi\u00e0 un contratto a tempo determinato in corso.<\/p>\n\n\n\n<p><\/p>\n\n\n\n<h2>Interpelli e supplenze: perch\u00e9 il tempismo fa la differenza<\/h2>\n\n\n\n<p>Gli interpelli scuola hanno <strong>scadenze brevi<\/strong> e le candidature vengono <strong>valutate in ordine di arrivo<\/strong>.<br>Essere pronti e candidarsi subito significa <strong>moltiplicare le possibilit\u00e0 di ottenere un incarico<\/strong>.<\/p>\n\n\n\n<p>Nell\u2019anno scolastico 2024\/2025 migliaia di aspiranti docenti hanno ottenuto incarichi, anche annuali, grazie a candidature tempestive e curate nei dettagli.<\/p>\n\n\n\n<p><\/p>\n\n\n\n<div class=\"is-layout-flex wp-block-buttons\">\n<div class=\"wp-block-button\"><a class=\"wp-block-button__link wp-element-button\" href=\"https:\/\/www.docenti.it\/interpelli.html\" target=\"_blank\" rel=\"noreferrer noopener\">REGISTRATI AGLI INTERPELLI SCUOLA<\/a><\/div>\n<\/div>\n\n\n\n<p><\/p>\n\n\n\n<h2>Interpelli e supplenze 2025\/26: il supporto completo di Docenti.it<\/h2>\n\n\n\n<p>Per il nuovo anno scolastico <strong>2025\/2026<\/strong>, <strong>Docenti.it<\/strong> offre due servizi mirati per gestire in modo strategico le <strong>supplenze e gli interpelli scuola<\/strong>.<br>Scopri come possiamo aiutarti a <strong>ottenere un incarico pi\u00f9 velocemente<\/strong>.<\/p>\n\n\n\n<p><\/p>\n\n\n\n<h2>Servizio Interpelli Supplenze<\/h2>\n\n\n\n<p>Con il servizio <strong>Interpelli Supplenze<\/strong>, monitoriamo <strong>oltre 60.000 siti scolastici in tutta Italia<\/strong> e <strong>inviamo automaticamente la tua candidatura<\/strong> appena viene pubblicato un interpello nella provincia che hai scelto.<br>Riceverai un <strong>report dettagliato per ogni candidatura<\/strong>, cos\u00ec potrai tenere sempre sotto controllo la tua posizione.<\/p>\n\n\n\n<p>Attivati subito per gli <strong>Interpelli Scuola 2025\/2026<\/strong> e fatti trovare pronto alle prossime chiamate.<\/p>\n\n\n\n<p><\/p>\n\n\n\n<div class=\"is-layout-flex wp-block-buttons\">\n<div class=\"wp-block-button\"><a class=\"wp-block-button__link wp-element-button\" href=\"https:\/\/www.docenti.it\/interpelli.html\" target=\"_blank\" rel=\"noreferrer noopener\">REGISTRATI AGLI INTERPELLI<\/a><\/div>\n<\/div>\n\n\n\n<p><\/p>\n\n\n\n<h2>Servizio supplenze: gestione completa (Interpelli + MAD)<\/h2>\n\n\n\n<p>Con <strong>il servizio Supplenze 2025<\/strong>, Docenti.it si occupa di tutto:<br>dalla candidatura agli interpelli fino all\u2019invio delle <strong>MAD (Messe a Disposizione)<\/strong> in tutte le scuole selezionate.<\/p>\n\n\n\n<h3>Cosa include il servizio<\/h3>\n\n\n\n<ul>\n<li><strong>Invio automatico delle candidature<\/strong> a tutte le scuole della provincia scelta.<\/li>\n\n\n\n<li><strong>Risposta immediata agli interpelli pubblicati<\/strong>.<\/li>\n\n\n\n<li><strong>Curriculum e lettera di presentazione professionale<\/strong> preparati dai nostri consulenti.<\/li>\n\n\n\n<li><strong>Aggiornamenti, consulenza e report in tempo reale<\/strong> per 12 mesi.<\/li>\n<\/ul>\n\n\n\n<p>In questo modo sei sempre visibile e <strong>hai molte pi\u00f9 opportunit\u00e0 di ottenere un incarico<\/strong>.<\/p>\n\n\n\n<p><\/p>\n\n\n\n<div class=\"is-layout-flex wp-block-buttons\">\n<div class=\"wp-block-button\"><a class=\"wp-block-button__link wp-element-button\" href=\"https:\/\/www.docenti.it\/domanda-supplenze-docenti.html\" target=\"_blank\" rel=\"noreferrer noopener\">CANDIDATI PER LE SUPPLENZE 2025<\/a><\/div>\n<\/div>\n\n\n\n<p><\/p>\n\n\n\n<h2>A chi si rivolge il servizio Supplenze 2025<\/h2>\n\n\n\n<p>Il servizio \u00e8 pensato per chi desidera <strong>entrare concretamente nel mondo scuola<\/strong> e lavorare vicino casa con il massimo supporto.<br>\u00c8 ideale per:<\/p>\n\n\n\n<ul>\n<li><strong>Laureati e diplomati<\/strong> che vogliono lavorare come docenti, anche senza essere in graduatoria.<\/li>\n\n\n\n<li><strong>Personale ATA<\/strong> con diploma tecnico o professionale.<\/li>\n\n\n\n<li><strong>Insegnanti di sostegno<\/strong>, anche senza specializzazione.<\/li>\n\n\n\n<li>Chi desidera lavorare nei <strong>corsi di recupero estivi<\/strong>.<\/li>\n<\/ul>\n\n\n\n<p><\/p>\n\n\n\n<h2>Perch\u00e9 scegliere Supplenze 2025 di Docenti.it<\/h2>\n\n\n\n<p>Scegliere <strong>Docenti.it<\/strong> significa affidarsi a un team di esperti che segue la tua candidatura passo dopo passo.<\/p>\n\n\n\n<p>Ecco i vantaggi principali:<\/p>\n\n\n\n<ul>\n<li><strong>Gestione completa per 12 mesi<\/strong> di tutte le tue candidature a supplenze.<\/li>\n\n\n\n<li><strong>Supporto personalizzato e continuo<\/strong> durante tutto l\u2019anno scolastico.<\/li>\n\n\n\n<li><strong>Maggiore visibilit\u00e0<\/strong> presso le scuole e pi\u00f9 chance di essere chiamato.<\/li>\n\n\n\n<li><strong>Controllo totale dei tuoi dati<\/strong> e delle candidature inviate.<\/li>\n<\/ul>\n\n\n\n<p><\/p>\n\n\n\n<h2>Inizia ora la tua carriera nella scuola con Docenti.it<\/h2>\n\n\n\n<p>Settembre \u00e8 il mese delle nuove opportunit\u00e0.<br>Con <strong>Docenti.it<\/strong> puoi finalmente trasformare il tuo sogno di lavorare nella scuola in un progetto concreto.<\/p>\n\n\n\n<p><strong>Registrati ora agli Interpelli Scuola 2025\/2026<\/strong> e attiva il servizio <strong>Supplenze 2025<\/strong>:<br>pi\u00f9 candidature, pi\u00f9 visibilit\u00e0, pi\u00f9 possibilit\u00e0 di ottenere la tua prossima supplenza.<\/p>\n\n\n\n<p><\/p>\n\n\n\n<div class=\"is-layout-flex wp-block-buttons\">\n<div class=\"wp-block-button\"><a class=\"wp-block-button__link wp-element-button\" href=\"https:\/\/www.docenti.it\/domanda-supplenze-docenti.html\" target=\"_blank\" rel=\"noreferrer noopener\">CANDIDATI PER LE SUPPLENZE 2025<\/a><\/div>\n<\/div>\n\n\n\n<p><\/p>\n\n\n\n<p>Per ulteriori news e approfondimenti sul mondo scuola, segui il\u00a0<strong><a href=\"https:\/\/www.docenti.it\/blog\/\" target=\"_blank\" rel=\"noreferrer noopener\">blog\u00a0<\/a><\/strong>di\u00a0<strong><a href=\"https:\/\/www.docenti.it\/\" target=\"_blank\" rel=\"noreferrer noopener\">Docenti.it<\/a><\/strong><\/p>\n\n\n\n<p><\/p>\n","protected":false},"excerpt":{"rendered":"<p>Interpelli e supplenze: se sogni di lavorare nella scuola, questo \u00e8 il momento giusto [&hellip;]<\/p>\n","protected":false},"author":25,"featured_media":45276,"comment_status":"open","ping_status":"open","sticky":false,"template":"","format":"standard","meta":[],"categories":[751],"tags":[699,797,752,767,931,103],"yoast_head":"<!-- This site is optimized with the Yoast SEO plugin v20.4 - https:\/\/yoast.com\/wordpress\/plugins\/seo\/ -->\n<title>Interpelli e supplenze 2025\/26: entra nel mondo della scuola<\/title>\n<meta name=\"description\" content=\"Interpelli e supplenze 2025: con l\u2019avvio delle procedure di Interpelli 2025\/26, si aprono nuove opportunit\u00e0 per docenti e personale ATA.\" \/>\n<meta name=\"robots\" content=\"index, follow, max-snippet:-1, max-image-preview:large, max-video-preview:-1\" \/>\n<link rel=\"canonical\" href=\"https:\/\/www.docenti.it\/blog\/interpelli-e-supplenze-2025-entra-nel-mondo-della-scuola\/\" \/>\n<meta property=\"og:locale\" content=\"it_IT\" \/>\n<meta property=\"og:type\" content=\"article\" \/>\n<meta property=\"og:title\" content=\"Interpelli e supplenze 2025\/26: entra nel mondo della scuola\" \/>\n<meta property=\"og:description\" content=\"Interpelli e supplenze 2025: con l\u2019avvio delle procedure di Interpelli 2025\/26, si aprono nuove opportunit\u00e0 per docenti e personale ATA.\" \/>\n<meta property=\"og:url\" content=\"https:\/\/www.docenti.it\/blog\/interpelli-e-supplenze-2025-entra-nel-mondo-della-scuola\/\" \/>\n<meta property=\"og:site_name\" content=\"Blog | Docenti.it\" \/>\n<meta property=\"article:publisher\" content=\"https:\/\/www.facebook.com\/docenti.it\" \/>\n<meta property=\"article:published_time\" content=\"2025-10-17T16:33:29+00:00\" \/>\n<meta property=\"og:image\" content=\"https:\/\/www.docenti.it\/blog\/wp-content\/uploads\/2023\/07\/pexels-rdne-stock-project-8499580-scaled.jpg\" \/>\n\t<meta property=\"og:image:width\" content=\"2560\" \/>\n\t<meta property=\"og:image:height\" content=\"1707\" \/>\n\t<meta property=\"og:image:type\" content=\"image\/jpeg\" \/>\n<meta name=\"author\" content=\"Gabriella Capraro\" \/>\n<meta name=\"twitter:card\" content=\"summary_large_image\" \/>\n<meta name=\"twitter:label1\" content=\"Written by\" \/>\n\t<meta name=\"twitter:data1\" content=\"Gabriella Capraro\" \/>\n\t<meta name=\"twitter:label2\" content=\"Est. reading time\" \/>\n\t<meta name=\"twitter:data2\" content=\"3 minuti\" \/>\n<script type=\"application\/ld+json\" class=\"yoast-schema-graph\">{\"@context\":\"https:\/\/schema.org\",\"@graph\":[{\"@type\":\"Article\",\"@id\":\"https:\/\/www.docenti.it\/blog\/interpelli-e-supplenze-2025-entra-nel-mondo-della-scuola\/#article\",\"isPartOf\":{\"@id\":\"https:\/\/www.docenti.it\/blog\/interpelli-e-supplenze-2025-entra-nel-mondo-della-scuola\/\"},\"author\":{\"name\":\"Gabriella Capraro\",\"@id\":\"https:\/\/www.docenti.it\/blog\/#\/schema\/person\/773963d3c0645bd34c150c41a13e5754\"},\"headline\":\"Interpelli e Supplenze 2025\/2026: entra nel mondo della scuola\",\"datePublished\":\"2025-10-17T16:33:29+00:00\",\"dateModified\":\"2025-10-17T16:33:29+00:00\",\"mainEntityOfPage\":{\"@id\":\"https:\/\/www.docenti.it\/blog\/interpelli-e-supplenze-2025-entra-nel-mondo-della-scuola\/\"},\"wordCount\":610,\"commentCount\":0,\"publisher\":{\"@id\":\"https:\/\/www.docenti.it\/blog\/#organization\"},\"keywords\":[\"interpelli\",\"interpelli 2025\",\"interpelli e supplenze online\",\"Interpelli supplenze\",\"interpello docenti\",\"supplenze scuola\"],\"articleSection\":[\"Interpelli, mad e supplenze\"],\"inLanguage\":\"it-IT\",\"potentialAction\":[{\"@type\":\"CommentAction\",\"name\":\"Comment\",\"target\":[\"https:\/\/www.docenti.it\/blog\/interpelli-e-supplenze-2025-entra-nel-mondo-della-scuola\/#respond\"]}]},{\"@type\":\"WebPage\",\"@id\":\"https:\/\/www.docenti.it\/blog\/interpelli-e-supplenze-2025-entra-nel-mondo-della-scuola\/\",\"url\":\"https:\/\/www.docenti.it\/blog\/interpelli-e-supplenze-2025-entra-nel-mondo-della-scuola\/\",\"name\":\"Interpelli e supplenze 2025\/26: entra nel mondo della scuola\",\"isPartOf\":{\"@id\":\"https:\/\/www.docenti.it\/blog\/#website\"},\"datePublished\":\"2025-10-17T16:33:29+00:00\",\"dateModified\":\"2025-10-17T16:33:29+00:00\",\"description\":\"Interpelli e supplenze 2025: con l\u2019avvio delle procedure di Interpelli 2025\/26, si aprono nuove opportunit\u00e0 per docenti e personale ATA.\",\"breadcrumb\":{\"@id\":\"https:\/\/www.docenti.it\/blog\/interpelli-e-supplenze-2025-entra-nel-mondo-della-scuola\/#breadcrumb\"},\"inLanguage\":\"it-IT\",\"potentialAction\":[{\"@type\":\"ReadAction\",\"target\":[\"https:\/\/www.docenti.it\/blog\/interpelli-e-supplenze-2025-entra-nel-mondo-della-scuola\/\"]}]},{\"@type\":\"BreadcrumbList\",\"@id\":\"https:\/\/www.docenti.it\/blog\/interpelli-e-supplenze-2025-entra-nel-mondo-della-scuola\/#breadcrumb\",\"itemListElement\":[{\"@type\":\"ListItem\",\"position\":1,\"name\":\"Home\",\"item\":\"https:\/\/www.docenti.it\/blog\/\"},{\"@type\":\"ListItem\",\"position\":2,\"name\":\"Interpelli e Supplenze 2025\/2026: entra nel mondo della scuola\"}]},{\"@type\":\"WebSite\",\"@id\":\"https:\/\/www.docenti.it\/blog\/#website\",\"url\":\"https:\/\/www.docenti.it\/blog\/\",\"name\":\"Blog | Docenti.it\",\"description\":\"Tutte le notizie e gli aggiornamenti dal mondo della scuola\",\"publisher\":{\"@id\":\"https:\/\/www.docenti.it\/blog\/#organization\"},\"potentialAction\":[{\"@type\":\"SearchAction\",\"target\":{\"@type\":\"EntryPoint\",\"urlTemplate\":\"https:\/\/www.docenti.it\/blog\/?s={search_term_string}\"},\"query-input\":\"required name=search_term_string\"}],\"inLanguage\":\"it-IT\"},{\"@type\":\"Organization\",\"@id\":\"https:\/\/www.docenti.it\/blog\/#organization\",\"name\":\"Blog | Docenti.it\",\"url\":\"https:\/\/www.docenti.it\/blog\/\",\"logo\":{\"@type\":\"ImageObject\",\"inLanguage\":\"it-IT\",\"@id\":\"https:\/\/www.docenti.it\/blog\/#\/schema\/logo\/image\/\",\"url\":\"https:\/\/www.docenti.it\/blog\/wp-content\/uploads\/2025\/06\/fb_mad_img.png\",\"contentUrl\":\"https:\/\/www.docenti.it\/blog\/wp-content\/uploads\/2025\/06\/fb_mad_img.png\",\"width\":1140,\"height\":620,\"caption\":\"Blog | Docenti.it\"},\"image\":{\"@id\":\"https:\/\/www.docenti.it\/blog\/#\/schema\/logo\/image\/\"},\"sameAs\":[\"https:\/\/www.facebook.com\/docenti.it\"]},{\"@type\":\"Person\",\"@id\":\"https:\/\/www.docenti.it\/blog\/#\/schema\/person\/773963d3c0645bd34c150c41a13e5754\",\"name\":\"Gabriella Capraro\",\"image\":{\"@type\":\"ImageObject\",\"inLanguage\":\"it-IT\",\"@id\":\"https:\/\/www.docenti.it\/blog\/#\/schema\/person\/image\/\",\"url\":\"https:\/\/secure.gravatar.com\/avatar\/17e0ab06bea064a8a7c5bef443cb7153?s=96&d=mm&r=g\",\"contentUrl\":\"https:\/\/secure.gravatar.com\/avatar\/17e0ab06bea064a8a7c5bef443cb7153?s=96&d=mm&r=g\",\"caption\":\"Gabriella Capraro\"},\"description\":\"Copywriter e digital strategist, collabora come articolista e autrice per diverse piattaforme online, spaziando da tematiche scolastiche\/istituzionali a letterarie e musicali.\",\"url\":\"https:\/\/www.docenti.it\/blog\/author\/gcapraro\/\"}]}<\/script>\n<!-- \/ Yoast SEO plugin. -->","yoast_head_json":{"title":"Interpelli e supplenze 2025\/26: entra nel mondo della scuola","description":"Interpelli e supplenze 2025: con l\u2019avvio delle procedure di Interpelli 2025\/26, si aprono nuove opportunit\u00e0 per docenti e personale ATA.","robots":{"index":"index","follow":"follow","max-snippet":"max-snippet:-1","max-image-preview":"max-image-preview:large","max-video-preview":"max-video-preview:-1"},"canonical":"https:\/\/www.docenti.it\/blog\/interpelli-e-supplenze-2025-entra-nel-mondo-della-scuola\/","og_locale":"it_IT","og_type":"article","og_title":"Interpelli e supplenze 2025\/26: entra nel mondo della scuola","og_description":"Interpelli e supplenze 2025: con l\u2019avvio delle procedure di Interpelli 2025\/26, si aprono nuove opportunit\u00e0 per docenti e personale ATA.","og_url":"https:\/\/www.docenti.it\/blog\/interpelli-e-supplenze-2025-entra-nel-mondo-della-scuola\/","og_site_name":"Blog | Docenti.it","article_publisher":"https:\/\/www.facebook.com\/docenti.it","article_published_time":"2025-10-17T16:33:29+00:00","og_image":[{"width":2560,"height":1707,"url":"https:\/\/www.docenti.it\/blog\/wp-content\/uploads\/2023\/07\/pexels-rdne-stock-project-8499580-scaled.jpg","type":"image\/jpeg"}],"author":"Gabriella Capraro","twitter_card":"summary_large_image","twitter_misc":{"Written by":"Gabriella Capraro","Est. reading time":"3 minuti"},"schema":{"@context":"https:\/\/schema.org","@graph":[{"@type":"Article","@id":"https:\/\/www.docenti.it\/blog\/interpelli-e-supplenze-2025-entra-nel-mondo-della-scuola\/#article","isPartOf":{"@id":"https:\/\/www.docenti.it\/blog\/interpelli-e-supplenze-2025-entra-nel-mondo-della-scuola\/"},"author":{"name":"Gabriella Capraro","@id":"https:\/\/www.docenti.it\/blog\/#\/schema\/person\/773963d3c0645bd34c150c41a13e5754"},"headline":"Interpelli e Supplenze 2025\/2026: entra nel mondo della scuola","datePublished":"2025-10-17T16:33:29+00:00","dateModified":"2025-10-17T16:33:29+00:00","mainEntityOfPage":{"@id":"https:\/\/www.docenti.it\/blog\/interpelli-e-supplenze-2025-entra-nel-mondo-della-scuola\/"},"wordCount":610,"commentCount":0,"publisher":{"@id":"https:\/\/www.docenti.it\/blog\/#organization"},"keywords":["interpelli","interpelli 2025","interpelli e supplenze online","Interpelli supplenze","interpello docenti","supplenze scuola"],"articleSection":["Interpelli, mad e supplenze"],"inLanguage":"it-IT","potentialAction":[{"@type":"CommentAction","name":"Comment","target":["https:\/\/www.docenti.it\/blog\/interpelli-e-supplenze-2025-entra-nel-mondo-della-scuola\/#respond"]}]},{"@type":"WebPage","@id":"https:\/\/www.docenti.it\/blog\/interpelli-e-supplenze-2025-entra-nel-mondo-della-scuola\/","url":"https:\/\/www.docenti.it\/blog\/interpelli-e-supplenze-2025-entra-nel-mondo-della-scuola\/","name":"Interpelli e supplenze 2025\/26: entra nel mondo della scuola","isPartOf":{"@id":"https:\/\/www.docenti.it\/blog\/#website"},"datePublished":"2025-10-17T16:33:29+00:00","dateModified":"2025-10-17T16:33:29+00:00","description":"Interpelli e supplenze 2025: con l\u2019avvio delle procedure di Interpelli 2025\/26, si aprono nuove opportunit\u00e0 per docenti e personale ATA.","breadcrumb":{"@id":"https:\/\/www.docenti.it\/blog\/interpelli-e-supplenze-2025-entra-nel-mondo-della-scuola\/#breadcrumb"},"inLanguage":"it-IT","potentialAction":[{"@type":"ReadAction","target":["https:\/\/www.docenti.it\/blog\/interpelli-e-supplenze-2025-entra-nel-mondo-della-scuola\/"]}]},{"@type":"BreadcrumbList","@id":"https:\/\/www.docenti.it\/blog\/interpelli-e-supplenze-2025-entra-nel-mondo-della-scuola\/#breadcrumb","itemListElement":[{"@type":"ListItem","position":1,"name":"Home","item":"https:\/\/www.docenti.it\/blog\/"},{"@type":"ListItem","position":2,"name":"Interpelli e Supplenze 2025\/2026: entra nel mondo della scuola"}]},{"@type":"WebSite","@id":"https:\/\/www.docenti.it\/blog\/#website","url":"https:\/\/www.docenti.it\/blog\/","name":"Blog | Docenti.it","description":"Tutte le notizie e gli aggiornamenti dal mondo della scuola","publisher":{"@id":"https:\/\/www.docenti.it\/blog\/#organization"},"potentialAction":[{"@type":"SearchAction","target":{"@type":"EntryPoint","urlTemplate":"https:\/\/www.docenti.it\/blog\/?s={search_term_string}"},"query-input":"required name=search_term_string"}],"inLanguage":"it-IT"},{"@type":"Organization","@id":"https:\/\/www.docenti.it\/blog\/#organization","name":"Blog | Docenti.it","url":"https:\/\/www.docenti.it\/blog\/","logo":{"@type":"ImageObject","inLanguage":"it-IT","@id":"https:\/\/www.docenti.it\/blog\/#\/schema\/logo\/image\/","url":"https:\/\/www.docenti.it\/blog\/wp-content\/uploads\/2025\/06\/fb_mad_img.png","contentUrl":"https:\/\/www.docenti.it\/blog\/wp-content\/uploads\/2025\/06\/fb_mad_img.png","width":1140,"height":620,"caption":"Blog | Docenti.it"},"image":{"@id":"https:\/\/www.docenti.it\/blog\/#\/schema\/logo\/image\/"},"sameAs":["https:\/\/www.facebook.com\/docenti.it"]},{"@type":"Person","@id":"https:\/\/www.docenti.it\/blog\/#\/schema\/person\/773963d3c0645bd34c150c41a13e5754","name":"Gabriella Capraro","image":{"@type":"ImageObject","inLanguage":"it-IT","@id":"https:\/\/www.docenti.it\/blog\/#\/schema\/person\/image\/","url":"https:\/\/secure.gravatar.com\/avatar\/17e0ab06bea064a8a7c5bef443cb7153?s=96&d=mm&r=g","contentUrl":"https:\/\/secure.gravatar.com\/avatar\/17e0ab06bea064a8a7c5bef443cb7153?s=96&d=mm&r=g","caption":"Gabriella Capraro"},"description":"Copywriter e digital strategist, collabora come articolista e autrice per diverse piattaforme online, spaziando da tematiche scolastiche\/istituzionali a letterarie e musicali.","url":"https:\/\/www.docenti.it\/blog\/author\/gcapraro\/"}]}},"_links":{"self":[{"href":"https:\/\/www.docenti.it\/blog\/wp-json\/wp\/v2\/posts\/47005"}],"collection":[{"href":"https:\/\/www.docenti.it\/blog\/wp-json\/wp\/v2\/posts"}],"about":[{"href":"https:\/\/www.docenti.it\/blog\/wp-json\/wp\/v2\/types\/post"}],"author":[{"embeddable":true,"href":"https:\/\/www.docenti.it\/blog\/wp-json\/wp\/v2\/users\/25"}],"replies":[{"embeddable":true,"href":"https:\/\/www.docenti.it\/blog\/wp-json\/wp\/v2\/comments?post=47005"}],"version-history":[{"count":1,"href":"https:\/\/www.docenti.it\/blog\/wp-json\/wp\/v2\/posts\/47005\/revisions"}],"predecessor-version":[{"id":47006,"href":"https:\/\/www.docenti.it\/blog\/wp-json\/wp\/v2\/posts\/47005\/revisions\/47006"}],"wp:featuredmedia":[{"embeddable":true,"href":"https:\/\/www.docenti.it\/blog\/wp-json\/wp\/v2\/media\/45276"}],"wp:attachment":[{"href":"https:\/\/www.docenti.it\/blog\/wp-json\/wp\/v2\/media?parent=47005"}],"wp:term":[{"taxonomy":"category","embeddable":true,"href":"https:\/\/www.docenti.it\/blog\/wp-json\/wp\/v2\/categories?post=47005"},{"taxonomy":"post_tag","embeddable":true,"href":"https:\/\/www.docenti.it\/blog\/wp-json\/wp\/v2\/tags?post=47005"}],"curies":[{"name":"wp","href":"https:\/\/api.w.org\/{rel}","templated":true}]}}