{"id":47007,"date":"2025-10-19T16:16:22","date_gmt":"2025-10-19T14:16:22","guid":{"rendered":"https:\/\/www.docenti.it\/blog\/?p=47007"},"modified":"2025-10-19T16:16:23","modified_gmt":"2025-10-19T14:16:23","slug":"decreto-scuola-2025-le-novita-per-docenti-e-studenti","status":"publish","type":"post","link":"https:\/\/www.docenti.it\/blog\/decreto-scuola-2025-le-novita-per-docenti-e-studenti\/","title":{"rendered":"Decreto Scuola 2025: le novit\u00e0 per docenti e studenti"},"content":{"rendered":"\n<p>L\u2019avvento del Decreto\u2011Legge\u202f127\/2025 (\u201cDecreto Scuola 2025\u201d) segna un cambiamento profondo per tutto il sistema scolastico: <strong>docenti, personale ATA, studenti e famiglie<\/strong> sono coinvolti in nuove regole, tempistiche e opportunit\u00e0. <\/p>\n\n\n\n<p>In questo articolo analizziamo in modo organico e aggiornato le principali misure, i tempi di attuazione e gli effetti pratici nella vita quotidiana della scuola.<\/p>\n\n\n\n<p><\/p>\n\n\n\n<h2>Decreto Scuola 2025: quali sono le principali novit\u00e0?<\/h2>\n\n\n\n<p>Le modifiche approvate con il Decreto riguardano vari ambiti: dall\u2019esame finale alla formazione tecnica, dal reclutamento all\u2019assicurazione sanitaria. Di seguito un riepilogo dei punti pi\u00f9 rilevanti.<\/p>\n\n\n\n<h3>Esame di Stato che torna \u201cMaturit\u00e0\u201d<\/h3>\n\n\n\n<p><strong>Tra le modifiche pi\u00f9 visibili per studenti e docenti c\u2019\u00e8 la riforma dell\u2019Esame di Stato della scuola secondaria di II grado<\/strong>, che dal 2026 sar\u00e0 ufficialmente denominato \u201cEsame di Maturit\u00e0\u201d. <\/p>\n\n\n\n<p>Rimangono due prove scritte, ma il colloquio orale cambia radicalmente: sar\u00e0 basato su <strong>quattro discipline chiave<\/strong> individuate da decreto ministeriale, e includer\u00e0 anche il percorso formativo, l\u2019educazione civica e le esperienze di scuola-lavoro. <\/p>\n\n\n\n<p>Di conseguenza, la commissione cambia: riduzione dei commissari e criteri pi\u00f9 rigidi, con rischio bocciatura per chi fa la cd. <em>scena muta. <\/em><\/p>\n\n\n\n<h3>Reclutamento e assunzioni docenti<\/h3>\n\n\n\n<p><strong>Il decreto interviene anche sul reclutamento del personale docente<\/strong>, con misure che mirano a rendere pi\u00f9 trasparente e strutturato l\u2019ingresso in ruolo. <\/p>\n\n\n\n<p>Ad esempio: per le graduatorie dei concorsi del 2023\/24 sar\u00e0 ammessa una quota fino al 30% di docenti idonei gi\u00e0 selezionati. <\/p>\n\n\n\n<p>Inoltre, viene istituito un elenco regionale degli idonei a partire dall\u2019a.s. 2026\/27, utilizzabile quando le graduatorie concorsuali si esauriscono. <br>Sono previsti anche tempi di accettazione della sede pi\u00f9 stretti (es. 5 giorni per accettare o rinunciare) per le immissioni in ruolo. <\/p>\n\n\n\n<p><em>Per un approfondimento: <\/em><\/p>\n\n\n<p><strong><a href=\"https:\/\/www.docenti.it\/blog\/immissioni-in-ruolo-scuola-2025\/\">Immissioni in ruolo 2025: guida alle assunzioni scuola<\/a><\/strong><\/p>\n\n\n<h3>Decreto Scuola 2025: carta docente, assicurazione precari, welfare scuola<\/h3>\n\n\n\n<p><strong>Molte misure riguardano la tutela del personale<\/strong>:<\/p>\n\n\n\n<ul>\n<li>La Carta\u202fDocente viene estesa anche ai docenti con contratto fino al 30 giugno (supplenti) e non solo ai docenti di ruolo. <\/li>\n\n\n\n<li>Viene ampliata l\u2019assicurazione sanitaria integrativa anche per i precari con contratto fino al 30 giugno. <\/li>\n\n\n\n<li>Per gli istituti tecnici e professionali: il percorso \u201c4 + 2\u201d (quattro anni di diploma + due anni ITS Academy) diventa ordinamentale.<\/li>\n<\/ul>\n\n\n\n<h3>Riassetto degli istituti tecnici e filiera scolastica<\/h3>\n\n\n\n<p><strong>Rinnovare la formazione tecnica e professionale<\/strong> \u00e8 un obiettivo chiaro del decreto. <\/p>\n\n\n\n<p>A partire dall\u2019a.s. 2026\/27 entreranno in vigore nuovi indirizzi, quadri orari per gli istituti tecnici e sar\u00e0 introdotta la certificazione delle competenze. <br>Inoltre la cosiddetta filiera \u201c4+2\u201d assume carattere ordinamentale, rafforzando il legame scuola-lavoro. <\/p>\n\n\n\n<p><\/p>\n\n\n\n<h3>Tempistica e applicazione delle misure<\/h3>\n\n\n\n<p><strong>Il decreto \u00e8 gi\u00e0 entrato in vigore<\/strong>, ma molte misure richiedono interventi attuativi. <br>Alcune norme saranno operative gi\u00e0 da quell\u2019anno scolastico 2025\/26, altre invece avranno decorrenza pi\u00f9 graduale (ad es. nuovi indirizzi tecnici dal 2026\/27). <\/p>\n\n\n\n<p><\/p>\n\n\n\n<h2>Decreto Scuola 2025: come cambia l\u2019Esame di Stato e cosa significa per docenti e alunni<\/h2>\n\n\n\n<p>Il cambiamento dell\u2019esame finale occupa un ruolo centrale nel decreto: analizziamo gli elementi pi\u00f9 impattanti e cosa comportano concretamente.<\/p>\n\n\n\n<h3>Valutazione complessiva del percorso<\/h3>\n\n\n\n<p><strong>Non si valuta pi\u00f9 solo l\u2019apprendimento delle discipline, ma l\u2019intero percorso formativo dello studente.<\/strong> <\/p>\n\n\n\n<p>L\u2019orale non sar\u00e0 una mera verifica delle conoscenze: verter\u00e0 sulle quattro \u201cdiscipline chiave\u201d ed includer\u00e0 anche l\u2019educazione civica, i PCTO (che cambiano nome e struttura) e un curriculum dello studente. <\/p>\n\n\n\n<p><\/p>\n\n\n\n<h3>Condotta, cittadinanza attiva e rischi di bocciatura<\/h3>\n\n\n\n<p>La condotta assume maggiore peso: per gli anni intermedi un 5 in condotta comporta la bocciatura automatica, mentre un 6 richiede un elaborato di cittadinanza attiva. <\/p>\n\n\n\n<p>Nell\u2019esame finale, chi non partecipa o \u201csilenzia\u201d il colloquio rischia l\u2019esito negativo. <\/p>\n\n\n\n<p><\/p>\n\n\n\n<h3>Commissioni, organizzazione e logistica<\/h3>\n\n\n\n<p>La composizione delle commissioni viene ridotta (da 7 a 5 membri, con presidente incluso) per l\u2019Esame di Maturit\u00e0. <br>Gli interventi attuativi del ministero definiranno le quattro discipline di volta in volta, i pesi, le modalit\u00e0 di ammissione e calendarizzazione: \u00e8 importante che le scuole si preparino in tempo. <\/p>\n\n\n\n<p><\/p>\n\n\n\n<h3>Implicazioni per i docenti<\/h3>\n\n\n\n<p><strong>Per i docenti coinvolti nelle commissioni e per quelli che preparano gli studenti la riforma richiede un adeguamento operativo: <\/strong><\/p>\n\n\n\n<ul>\n<li>Occorre incrementare l\u2019attenzione sul percorso formativo complessivo degli studenti, non solo sulle verifiche disciplinari.<\/li>\n\n\n\n<li>Occorre curare il coordinamento tra insegnamenti, PCTO e progetti extracurricolari che costituiscono parte dell\u2019Esame.<\/li>\n\n\n\n<li>Occorre tenere conto della tempistica e delle nomine delle commissioni ridotte: un cambiamento da gestire al meglio.<\/li>\n<\/ul>\n\n\n\n<p><\/p>\n\n\n\n<h2>Decreto Scuola 2025 e reclutamento docenti: cosa cambia e come prepararsi<\/h2>\n\n\n\n<p>Il personale docente deve comprendere bene le nuove regole per non perdere opportunit\u00e0 e affrontare con consapevolezza il cambiamento.<\/p>\n\n\n\n<h3>Graduatorie e idonei nei concorsi<\/h3>\n\n\n\n<p><strong>L\u2019introduzione della quota del 30% di idonei nei concorsi 2023\/24<\/strong> rappresenta una novit\u00e0 significativa. Gli idonei che non sono risultati vincitori potranno essere immessi in ruolo.<\/p>\n\n\n\n<h3>Accettazione sede e vincoli<\/h3>\n\n\n\n<p>Dal 2025\/26 i docenti assunti in ruolo dovranno accettare o rinunciare entro 5 giorni dalla proposta (o 2 giorni se la proposta arriva dopo il 28 agosto). Accettare comporta la perdita automatica di altre supplenze e l\u2019inizio contratto non pu\u00f2 essere anteriore al 1\u00b0 settembre. <\/p>\n\n\n\n<h3>Formazione, aggiornamento e nuovi criteri della Carta Docente<\/h3>\n\n\n\n<p>La Carta Docente da 2025\/26 viene riformata: nuovi criteri, importi definiti per decreto e estensione ai docenti a tempo determinato. <\/p>\n\n\n\n<p>Questo comporta che i docenti dovranno valutare con attenzione come investire le risorse della Carta in formazione, strumenti digitali, mobilit\u00e0 e aggiornamento.<\/p>\n\n\n\n<p><em>Per maggiori informazioni: <\/em><\/p>\n\n\n<p><strong><a href=\"https:\/\/www.docenti.it\/blog\/carta-docente-2025-cosa-ce-da-sapere\/\">Carta Docente 2025: cosa c&#8217;\u00e8 da sapere?<\/a><\/strong><\/p>\n\n\n<h2>Decreto Scuola 2025, azioni concrete per i docenti<\/h2>\n\n\n\n<ul>\n<li>Verifica costantemente lo stato della tua graduatoria, i bandi e le nuove graduatorie.<\/li>\n\n\n\n<li>Preparati alla rapidit\u00e0 di accettazione della sede: tieni pronte le documentazioni richieste.<\/li>\n\n\n\n<li>Pianifica l\u2019uso della Carta Docente e dell\u2019aggiornamento professionale in modo strategico.<\/li>\n\n\n\n<li>Collegati con i colleghi e la rete scolastica per capire come questi cambiamenti incidono nella scuola concreta.<\/li>\n<\/ul>\n\n\n\n<p><\/p>\n\n\n\n<p>Il Decreto Scuola 2025 rompe con parte del passato e apre una fase di <strong>rinnovamento strutturale<\/strong> della scuola italiana. <\/p>\n\n\n\n<p>Per i docenti, la chiave sar\u00e0 <strong>l\u2019aggiornamento continuo, la flessibilit\u00e0 operativa e la consapevolezza dei nuovi tempi<\/strong>. Studenti, famiglie e scuole dovranno adeguarsi a una logica che valorizza il percorso formativo completo, non soltanto le verifiche finali.<\/p>\n\n\n\n<p><\/p>\n\n\n\n<p>Per ulteriori news e aggiornamenti sul mondo scuola, segui il\u00a0<strong><a href=\"https:\/\/www.docenti.it\/blog\/\" target=\"_blank\" rel=\"noreferrer noopener\">blog<\/a><\/strong>\u00a0di\u00a0<strong><a href=\"https:\/\/www.docenti.it\/\">Docenti.it<\/a><\/strong><\/p>\n\n\n\n<p><\/p>\n","protected":false},"excerpt":{"rendered":"<p>L\u2019avvento del Decreto\u2011Legge\u202f127\/2025 (\u201cDecreto Scuola 2025\u201d) segna un cambiamento profondo per tutto il sistema [&hellip;]<\/p>\n","protected":false},"author":25,"featured_media":42882,"comment_status":"open","ping_status":"open","sticky":false,"template":"","format":"standard","meta":[],"categories":[4,3],"tags":[937,835,959,960],"yoast_head":"<!-- This site is optimized with the Yoast SEO plugin v20.4 - https:\/\/yoast.com\/wordpress\/plugins\/seo\/ -->\n<title>Decreto Scuola 2025: le novit\u00e0 per docenti e studenti<\/title>\n<meta name=\"description\" content=\"Decreto Scuola 2025: un elenco delle principali novit\u00e0, sia per personale docente che per studenti, apportate dalla normativa.\" \/>\n<meta name=\"robots\" content=\"index, follow, max-snippet:-1, max-image-preview:large, max-video-preview:-1\" \/>\n<link rel=\"canonical\" href=\"https:\/\/www.docenti.it\/blog\/decreto-scuola-2025-le-novita-per-docenti-e-studenti\/\" \/>\n<meta property=\"og:locale\" content=\"it_IT\" \/>\n<meta property=\"og:type\" content=\"article\" \/>\n<meta property=\"og:title\" content=\"Decreto Scuola 2025: le novit\u00e0 per docenti e studenti\" \/>\n<meta property=\"og:description\" content=\"Decreto Scuola 2025: un elenco delle principali novit\u00e0, sia per personale docente che per studenti, apportate dalla normativa.\" \/>\n<meta property=\"og:url\" content=\"https:\/\/www.docenti.it\/blog\/decreto-scuola-2025-le-novita-per-docenti-e-studenti\/\" \/>\n<meta property=\"og:site_name\" content=\"Blog | Docenti.it\" \/>\n<meta property=\"article:publisher\" content=\"https:\/\/www.facebook.com\/docenti.it\" \/>\n<meta property=\"article:published_time\" content=\"2025-10-19T14:16:22+00:00\" \/>\n<meta property=\"article:modified_time\" content=\"2025-10-19T14:16:23+00:00\" \/>\n<meta property=\"og:image\" content=\"https:\/\/www.docenti.it\/blog\/wp-content\/uploads\/2023\/01\/pexels-element-digital-1370296.jpg\" \/>\n\t<meta property=\"og:image:width\" content=\"640\" \/>\n\t<meta property=\"og:image:height\" content=\"427\" \/>\n\t<meta property=\"og:image:type\" content=\"image\/jpeg\" \/>\n<meta name=\"author\" content=\"Gabriella Capraro\" \/>\n<meta name=\"twitter:card\" content=\"summary_large_image\" \/>\n<meta name=\"twitter:label1\" content=\"Written by\" \/>\n\t<meta name=\"twitter:data1\" content=\"Gabriella Capraro\" \/>\n\t<meta name=\"twitter:label2\" content=\"Est. reading time\" \/>\n\t<meta name=\"twitter:data2\" content=\"5 minuti\" \/>\n<script type=\"application\/ld+json\" class=\"yoast-schema-graph\">{\"@context\":\"https:\/\/schema.org\",\"@graph\":[{\"@type\":\"Article\",\"@id\":\"https:\/\/www.docenti.it\/blog\/decreto-scuola-2025-le-novita-per-docenti-e-studenti\/#article\",\"isPartOf\":{\"@id\":\"https:\/\/www.docenti.it\/blog\/decreto-scuola-2025-le-novita-per-docenti-e-studenti\/\"},\"author\":{\"name\":\"Gabriella Capraro\",\"@id\":\"https:\/\/www.docenti.it\/blog\/#\/schema\/person\/773963d3c0645bd34c150c41a13e5754\"},\"headline\":\"Decreto Scuola 2025: le novit\u00e0 per docenti e studenti\",\"datePublished\":\"2025-10-19T14:16:22+00:00\",\"dateModified\":\"2025-10-19T14:16:23+00:00\",\"mainEntityOfPage\":{\"@id\":\"https:\/\/www.docenti.it\/blog\/decreto-scuola-2025-le-novita-per-docenti-e-studenti\/\"},\"wordCount\":992,\"commentCount\":0,\"publisher\":{\"@id\":\"https:\/\/www.docenti.it\/blog\/#organization\"},\"keywords\":[\"decreto scuola\",\"decreto scuola 2025\",\"maturit\u00e0 2025\",\"maturit\u00e0 2026\"],\"articleSection\":[\"News\",\"Normativa\"],\"inLanguage\":\"it-IT\",\"potentialAction\":[{\"@type\":\"CommentAction\",\"name\":\"Comment\",\"target\":[\"https:\/\/www.docenti.it\/blog\/decreto-scuola-2025-le-novita-per-docenti-e-studenti\/#respond\"]}]},{\"@type\":\"WebPage\",\"@id\":\"https:\/\/www.docenti.it\/blog\/decreto-scuola-2025-le-novita-per-docenti-e-studenti\/\",\"url\":\"https:\/\/www.docenti.it\/blog\/decreto-scuola-2025-le-novita-per-docenti-e-studenti\/\",\"name\":\"Decreto Scuola 2025: le novit\u00e0 per docenti e studenti\",\"isPartOf\":{\"@id\":\"https:\/\/www.docenti.it\/blog\/#website\"},\"datePublished\":\"2025-10-19T14:16:22+00:00\",\"dateModified\":\"2025-10-19T14:16:23+00:00\",\"description\":\"Decreto Scuola 2025: un elenco delle principali novit\u00e0, sia per personale docente che per studenti, apportate dalla normativa.\",\"breadcrumb\":{\"@id\":\"https:\/\/www.docenti.it\/blog\/decreto-scuola-2025-le-novita-per-docenti-e-studenti\/#breadcrumb\"},\"inLanguage\":\"it-IT\",\"potentialAction\":[{\"@type\":\"ReadAction\",\"target\":[\"https:\/\/www.docenti.it\/blog\/decreto-scuola-2025-le-novita-per-docenti-e-studenti\/\"]}]},{\"@type\":\"BreadcrumbList\",\"@id\":\"https:\/\/www.docenti.it\/blog\/decreto-scuola-2025-le-novita-per-docenti-e-studenti\/#breadcrumb\",\"itemListElement\":[{\"@type\":\"ListItem\",\"position\":1,\"name\":\"Home\",\"item\":\"https:\/\/www.docenti.it\/blog\/\"},{\"@type\":\"ListItem\",\"position\":2,\"name\":\"Decreto Scuola 2025: le novit\u00e0 per docenti e studenti\"}]},{\"@type\":\"WebSite\",\"@id\":\"https:\/\/www.docenti.it\/blog\/#website\",\"url\":\"https:\/\/www.docenti.it\/blog\/\",\"name\":\"Blog | Docenti.it\",\"description\":\"Tutte le notizie e gli aggiornamenti dal mondo della scuola\",\"publisher\":{\"@id\":\"https:\/\/www.docenti.it\/blog\/#organization\"},\"potentialAction\":[{\"@type\":\"SearchAction\",\"target\":{\"@type\":\"EntryPoint\",\"urlTemplate\":\"https:\/\/www.docenti.it\/blog\/?s={search_term_string}\"},\"query-input\":\"required name=search_term_string\"}],\"inLanguage\":\"it-IT\"},{\"@type\":\"Organization\",\"@id\":\"https:\/\/www.docenti.it\/blog\/#organization\",\"name\":\"Blog | Docenti.it\",\"url\":\"https:\/\/www.docenti.it\/blog\/\",\"logo\":{\"@type\":\"ImageObject\",\"inLanguage\":\"it-IT\",\"@id\":\"https:\/\/www.docenti.it\/blog\/#\/schema\/logo\/image\/\",\"url\":\"https:\/\/www.docenti.it\/blog\/wp-content\/uploads\/2025\/06\/fb_mad_img.png\",\"contentUrl\":\"https:\/\/www.docenti.it\/blog\/wp-content\/uploads\/2025\/06\/fb_mad_img.png\",\"width\":1140,\"height\":620,\"caption\":\"Blog | Docenti.it\"},\"image\":{\"@id\":\"https:\/\/www.docenti.it\/blog\/#\/schema\/logo\/image\/\"},\"sameAs\":[\"https:\/\/www.facebook.com\/docenti.it\"]},{\"@type\":\"Person\",\"@id\":\"https:\/\/www.docenti.it\/blog\/#\/schema\/person\/773963d3c0645bd34c150c41a13e5754\",\"name\":\"Gabriella Capraro\",\"image\":{\"@type\":\"ImageObject\",\"inLanguage\":\"it-IT\",\"@id\":\"https:\/\/www.docenti.it\/blog\/#\/schema\/person\/image\/\",\"url\":\"https:\/\/secure.gravatar.com\/avatar\/17e0ab06bea064a8a7c5bef443cb7153?s=96&d=mm&r=g\",\"contentUrl\":\"https:\/\/secure.gravatar.com\/avatar\/17e0ab06bea064a8a7c5bef443cb7153?s=96&d=mm&r=g\",\"caption\":\"Gabriella Capraro\"},\"description\":\"Copywriter e digital strategist, collabora come articolista e autrice per diverse piattaforme online, spaziando da tematiche scolastiche\/istituzionali a letterarie e musicali.\",\"url\":\"https:\/\/www.docenti.it\/blog\/author\/gcapraro\/\"}]}<\/script>\n<!-- \/ Yoast SEO plugin. -->","yoast_head_json":{"title":"Decreto Scuola 2025: le novit\u00e0 per docenti e studenti","description":"Decreto Scuola 2025: un elenco delle principali novit\u00e0, sia per personale docente che per studenti, apportate dalla normativa.","robots":{"index":"index","follow":"follow","max-snippet":"max-snippet:-1","max-image-preview":"max-image-preview:large","max-video-preview":"max-video-preview:-1"},"canonical":"https:\/\/www.docenti.it\/blog\/decreto-scuola-2025-le-novita-per-docenti-e-studenti\/","og_locale":"it_IT","og_type":"article","og_title":"Decreto Scuola 2025: le novit\u00e0 per docenti e studenti","og_description":"Decreto Scuola 2025: un elenco delle principali novit\u00e0, sia per personale docente che per studenti, apportate dalla normativa.","og_url":"https:\/\/www.docenti.it\/blog\/decreto-scuola-2025-le-novita-per-docenti-e-studenti\/","og_site_name":"Blog | Docenti.it","article_publisher":"https:\/\/www.facebook.com\/docenti.it","article_published_time":"2025-10-19T14:16:22+00:00","article_modified_time":"2025-10-19T14:16:23+00:00","og_image":[{"width":640,"height":427,"url":"https:\/\/www.docenti.it\/blog\/wp-content\/uploads\/2023\/01\/pexels-element-digital-1370296.jpg","type":"image\/jpeg"}],"author":"Gabriella Capraro","twitter_card":"summary_large_image","twitter_misc":{"Written by":"Gabriella Capraro","Est. reading time":"5 minuti"},"schema":{"@context":"https:\/\/schema.org","@graph":[{"@type":"Article","@id":"https:\/\/www.docenti.it\/blog\/decreto-scuola-2025-le-novita-per-docenti-e-studenti\/#article","isPartOf":{"@id":"https:\/\/www.docenti.it\/blog\/decreto-scuola-2025-le-novita-per-docenti-e-studenti\/"},"author":{"name":"Gabriella Capraro","@id":"https:\/\/www.docenti.it\/blog\/#\/schema\/person\/773963d3c0645bd34c150c41a13e5754"},"headline":"Decreto Scuola 2025: le novit\u00e0 per docenti e studenti","datePublished":"2025-10-19T14:16:22+00:00","dateModified":"2025-10-19T14:16:23+00:00","mainEntityOfPage":{"@id":"https:\/\/www.docenti.it\/blog\/decreto-scuola-2025-le-novita-per-docenti-e-studenti\/"},"wordCount":992,"commentCount":0,"publisher":{"@id":"https:\/\/www.docenti.it\/blog\/#organization"},"keywords":["decreto scuola","decreto scuola 2025","maturit\u00e0 2025","maturit\u00e0 2026"],"articleSection":["News","Normativa"],"inLanguage":"it-IT","potentialAction":[{"@type":"CommentAction","name":"Comment","target":["https:\/\/www.docenti.it\/blog\/decreto-scuola-2025-le-novita-per-docenti-e-studenti\/#respond"]}]},{"@type":"WebPage","@id":"https:\/\/www.docenti.it\/blog\/decreto-scuola-2025-le-novita-per-docenti-e-studenti\/","url":"https:\/\/www.docenti.it\/blog\/decreto-scuola-2025-le-novita-per-docenti-e-studenti\/","name":"Decreto Scuola 2025: le novit\u00e0 per docenti e studenti","isPartOf":{"@id":"https:\/\/www.docenti.it\/blog\/#website"},"datePublished":"2025-10-19T14:16:22+00:00","dateModified":"2025-10-19T14:16:23+00:00","description":"Decreto Scuola 2025: un elenco delle principali novit\u00e0, sia per personale docente che per studenti, apportate dalla normativa.","breadcrumb":{"@id":"https:\/\/www.docenti.it\/blog\/decreto-scuola-2025-le-novita-per-docenti-e-studenti\/#breadcrumb"},"inLanguage":"it-IT","potentialAction":[{"@type":"ReadAction","target":["https:\/\/www.docenti.it\/blog\/decreto-scuola-2025-le-novita-per-docenti-e-studenti\/"]}]},{"@type":"BreadcrumbList","@id":"https:\/\/www.docenti.it\/blog\/decreto-scuola-2025-le-novita-per-docenti-e-studenti\/#breadcrumb","itemListElement":[{"@type":"ListItem","position":1,"name":"Home","item":"https:\/\/www.docenti.it\/blog\/"},{"@type":"ListItem","position":2,"name":"Decreto Scuola 2025: le novit\u00e0 per docenti e studenti"}]},{"@type":"WebSite","@id":"https:\/\/www.docenti.it\/blog\/#website","url":"https:\/\/www.docenti.it\/blog\/","name":"Blog | Docenti.it","description":"Tutte le notizie e gli aggiornamenti dal mondo della scuola","publisher":{"@id":"https:\/\/www.docenti.it\/blog\/#organization"},"potentialAction":[{"@type":"SearchAction","target":{"@type":"EntryPoint","urlTemplate":"https:\/\/www.docenti.it\/blog\/?s={search_term_string}"},"query-input":"required name=search_term_string"}],"inLanguage":"it-IT"},{"@type":"Organization","@id":"https:\/\/www.docenti.it\/blog\/#organization","name":"Blog | Docenti.it","url":"https:\/\/www.docenti.it\/blog\/","logo":{"@type":"ImageObject","inLanguage":"it-IT","@id":"https:\/\/www.docenti.it\/blog\/#\/schema\/logo\/image\/","url":"https:\/\/www.docenti.it\/blog\/wp-content\/uploads\/2025\/06\/fb_mad_img.png","contentUrl":"https:\/\/www.docenti.it\/blog\/wp-content\/uploads\/2025\/06\/fb_mad_img.png","width":1140,"height":620,"caption":"Blog | Docenti.it"},"image":{"@id":"https:\/\/www.docenti.it\/blog\/#\/schema\/logo\/image\/"},"sameAs":["https:\/\/www.facebook.com\/docenti.it"]},{"@type":"Person","@id":"https:\/\/www.docenti.it\/blog\/#\/schema\/person\/773963d3c0645bd34c150c41a13e5754","name":"Gabriella Capraro","image":{"@type":"ImageObject","inLanguage":"it-IT","@id":"https:\/\/www.docenti.it\/blog\/#\/schema\/person\/image\/","url":"https:\/\/secure.gravatar.com\/avatar\/17e0ab06bea064a8a7c5bef443cb7153?s=96&d=mm&r=g","contentUrl":"https:\/\/secure.gravatar.com\/avatar\/17e0ab06bea064a8a7c5bef443cb7153?s=96&d=mm&r=g","caption":"Gabriella Capraro"},"description":"Copywriter e digital strategist, collabora come articolista e autrice per diverse piattaforme online, spaziando da tematiche scolastiche\/istituzionali a letterarie e musicali.","url":"https:\/\/www.docenti.it\/blog\/author\/gcapraro\/"}]}},"_links":{"self":[{"href":"https:\/\/www.docenti.it\/blog\/wp-json\/wp\/v2\/posts\/47007"}],"collection":[{"href":"https:\/\/www.docenti.it\/blog\/wp-json\/wp\/v2\/posts"}],"about":[{"href":"https:\/\/www.docenti.it\/blog\/wp-json\/wp\/v2\/types\/post"}],"author":[{"embeddable":true,"href":"https:\/\/www.docenti.it\/blog\/wp-json\/wp\/v2\/users\/25"}],"replies":[{"embeddable":true,"href":"https:\/\/www.docenti.it\/blog\/wp-json\/wp\/v2\/comments?post=47007"}],"version-history":[{"count":1,"href":"https:\/\/www.docenti.it\/blog\/wp-json\/wp\/v2\/posts\/47007\/revisions"}],"predecessor-version":[{"id":47008,"href":"https:\/\/www.docenti.it\/blog\/wp-json\/wp\/v2\/posts\/47007\/revisions\/47008"}],"wp:featuredmedia":[{"embeddable":true,"href":"https:\/\/www.docenti.it\/blog\/wp-json\/wp\/v2\/media\/42882"}],"wp:attachment":[{"href":"https:\/\/www.docenti.it\/blog\/wp-json\/wp\/v2\/media?parent=47007"}],"wp:term":[{"taxonomy":"category","embeddable":true,"href":"https:\/\/www.docenti.it\/blog\/wp-json\/wp\/v2\/categories?post=47007"},{"taxonomy":"post_tag","embeddable":true,"href":"https:\/\/www.docenti.it\/blog\/wp-json\/wp\/v2\/tags?post=47007"}],"curies":[{"name":"wp","href":"https:\/\/api.w.org\/{rel}","templated":true}]}}