{"id":47051,"date":"2025-11-03T18:20:40","date_gmt":"2025-11-03T17:20:40","guid":{"rendered":"https:\/\/www.docenti.it\/blog\/?p=47051"},"modified":"2025-11-03T18:20:40","modified_gmt":"2025-11-03T17:20:40","slug":"percorsi-abilitanti-2025-chi-puo-iscriversi-al-percorso-da-36-cfu","status":"publish","type":"post","link":"https:\/\/www.docenti.it\/blog\/percorsi-abilitanti-2025-chi-puo-iscriversi-al-percorso-da-36-cfu\/","title":{"rendered":"Percorsi abilitanti 2025: chi pu\u00f2 iscriversi al percorso da 36 CFU?"},"content":{"rendered":"\n<p>Percorsi abilitanti 2025: i <strong>percorsi abilitanti 2025<\/strong> rappresentano un passaggio fondamentale per chi vuole ottenere l\u2019abilitazione all\u2019insegnamento nella scuola secondaria. Nelle prossime settimane le Universit\u00e0 renderanno nota la <strong>nuova offerta formativa<\/strong> relativa al <strong>terzo ciclo<\/strong> dei percorsi per l\u2019anno accademico <strong>2025\/2026<\/strong>.<\/p>\n\n\n\n<p>Vediamo nel dettaglio <strong>quali sono le tipologie di corsi previste<\/strong>, chi pu\u00f2 accedervi e come prepararsi al meglio per l\u2019iscrizione.<\/p>\n\n\n\n<p><\/p>\n\n\n\n<h2>Tipologie di percorsi abilitanti 2025<\/h2>\n\n\n\n<p>Nel 2025 saranno attivati diversi percorsi formativi, distinti in base ai requisiti dei candidati e al numero di crediti richiesti.<\/p>\n\n\n\n<h3>Percorso abilitante da 60 CFU<\/h3>\n\n\n\n<p>Il <strong>percorso da 60 CFU<\/strong> \u00e8 quello <strong>ordinario<\/strong> e si rivolge a:<\/p>\n\n\n\n<ul>\n<li>chi possiede un <strong>titolo di accesso all\u2019insegnamento<\/strong>;<\/li>\n\n\n\n<li>chi \u00e8 <strong>iscritto a un corso di laurea magistrale a ciclo unico<\/strong>, purch\u00e9 al 4\u00b0 o 5\u00b0 anno.<\/li>\n<\/ul>\n\n\n\n<h3>Percorso abilitante da 30 CFU per docenti con esperienza<\/h3>\n\n\n\n<p>Il <strong>percorso da 30 CFU<\/strong> \u00e8 destinato ai:<\/p>\n\n\n\n<ul>\n<li><strong>docenti con almeno tre anni di servizio<\/strong> (nella scuola statale o paritaria) negli ultimi cinque anni, di cui <strong>uno specifico nella classe di concorso<\/strong>;<\/li>\n\n\n\n<li><strong>docenti che hanno partecipato al concorso straordinario bis<\/strong>.<\/li>\n<\/ul>\n\n\n\n<p>Un altro <strong>percorso da 30 CFU<\/strong> \u00e8 riservato ai <strong>vincitori di concorso PNRR neoassunti<\/strong>, che abbiano <strong>almeno tre annualit\u00e0 di servizio<\/strong>, di cui una specifica.<\/p>\n\n\n\n<h3>Percorso abilitante da 36 CFU<\/h3>\n\n\n\n<p>Il <strong>percorso da 36 CFU<\/strong> \u00e8 rivolto a:<\/p>\n\n\n\n<ul>\n<li><strong>vincitori di concorso PNRR neoassunti<\/strong> gi\u00e0 in possesso dei <strong>24 CFU<\/strong> conseguiti entro il 31 ottobre 2022;<\/li>\n\n\n\n<li><strong>ITP (Insegnanti Tecnico-Pratici)<\/strong> privi di tali crediti.<\/li>\n<\/ul>\n\n\n\n<p>A questi percorsi si aggiunge il <strong>percorso ex articolo 13 del DPCM<\/strong>, dedicato a chi \u00e8 <strong>gi\u00e0 abilitato o specializzato sul sostegno<\/strong> e desidera conseguire <strong>una nuova abilitazione<\/strong>. In questo caso <strong>non sono previsti limiti di fabbisogno<\/strong>.<\/p>\n\n\n\n<p><\/p>\n\n\n\n<div class=\"is-layout-flex wp-block-buttons\">\n<div class=\"wp-block-button\"><a class=\"wp-block-button__link wp-element-button\" href=\"https:\/\/www.docenti.it\/formazione-docenti\/percorsi-formativi.html?tc=30\" target=\"_blank\" rel=\"noreferrer noopener\">ACCEDI AL PROGRAMMA DA 36 CFU<\/a><\/div>\n<\/div>\n\n\n\n<p><\/p>\n\n\n\n<h2>Percorsi abilitanti 2025: chi pu\u00f2 iscriversi ai percorsi da 36 CFU<\/h2>\n\n\n\n<p>I <strong>percorsi da 36 CFU<\/strong> saranno riservati <strong>esclusivamente a due categorie<\/strong> di docenti:<\/p>\n\n\n\n<ol>\n<li><strong>Docenti neoassunti 2025\/26<\/strong> da concorsi PNRR <strong>in possesso dei 24 CFU<\/strong> conseguiti entro il 31 ottobre 2022;<\/li>\n\n\n\n<li><strong>Docenti neoassunti 2025\/26 da concorsi PNRR<\/strong> che <strong>non hanno tre anni di servizio<\/strong>, anche se non possiedono i 24 CFU.<\/li>\n<\/ol>\n\n\n\n<p>In entrambi i casi, l\u2019<strong>accesso sar\u00e0 diretto<\/strong>, senza selezione iniziale o numero programmato.<\/p>\n\n\n\n<p><\/p>\n\n\n\n<h2>Chi possiede i 24 CFU conseguiti entro il 31 ottobre 2022<\/h2>\n\n\n\n<p>Gli aspiranti che hanno ottenuto i <strong>24 CFU entro il 31 ottobre 2022<\/strong>, ma <strong>non soddisfano i requisiti per i percorsi da 30 CFU<\/strong>, dovranno iscriversi al <strong>percorso da 60 CFU<\/strong>.<\/p>\n\n\n\n<p>L\u2019Universit\u00e0 riconoscer\u00e0 automaticamente i <strong>24 CFU gi\u00e0 acquisiti<\/strong>, riducendo il carico formativo: il percorso diventer\u00e0 quindi <strong>da 36 CFU effettivi (60 \u2013 24)<\/strong>.<\/p>\n\n\n\n<p><\/p>\n\n\n\n<h2>Differenze tra percorsi da 36 CFU<\/h2>\n\n\n\n<p>La principale differenza tra i vari <strong>percorsi da 36 CFU<\/strong> riguarda <strong>la modalit\u00e0 di accesso<\/strong>:<\/p>\n\n\n\n<ul>\n<li>i <strong>docenti neoassunti PNRR<\/strong> accedono <strong>senza selezione iniziale<\/strong>;<\/li>\n\n\n\n<li>chi non rientra in questa categoria dovr\u00e0 invece partecipare a una <strong>procedura selettiva<\/strong> prevista dall\u2019Universit\u00e0.<\/li>\n<\/ul>\n\n\n\n<p><\/p>\n\n\n\n<h2>Come prepararsi ai percorsi abilitanti 2025<\/h2>\n\n\n\n<p>Per non farsi trovare impreparati all\u2019avvio dei <strong>percorsi abilitanti 2025<\/strong>, \u00e8 fondamentale:<\/p>\n\n\n\n<ul>\n<li>monitorare le <strong>pubblicazioni ufficiali delle Universit\u00e0<\/strong>;<\/li>\n\n\n\n<li>conoscere i <strong>criteri di valutazione<\/strong> dei titoli e del servizio;<\/li>\n\n\n\n<li>prepararsi in base alle <strong>tabelle ministeriali di punteggio<\/strong>.<\/li>\n<\/ul>\n\n\n\n<p>Nel caso in cui le <strong>domande superino i posti disponibili<\/strong>, verr\u00e0 applicata la <strong>tabella di valutazione<\/strong> allegata al <strong>DM n. 156 del 24 febbraio 2025<\/strong> (allegato B).<\/p>\n\n\n\n<p>Questa tabella, pur soggetta a eventuali modifiche, rappresenta <strong>un utile riferimento per orientare la propria preparazione<\/strong> in vista della selezione.<\/p>\n\n\n\n<p><em>Per una panoramica completa sui percorsi abilitanti: <\/em><\/p>\n\n\n<p><span style=\"color: #800000;\"><em><strong><a style=\"color: #800000;\" href=\"https:\/\/www.docenti.it\/blog\/In%20primo%20piano\/abilitazione-insegnamento-percorsi-attivi-2025\/\">Percorsi abilitanti attivi 2025<\/a><\/strong><\/em><\/span><\/p>\n\n\n<p><\/p>\n\n\n\n<p>Per ulteriori news e approfondimenti sul mondo scuola, segui il\u00a0<strong><a href=\"https:\/\/www.docenti.it\/blog\/\" target=\"_blank\" rel=\"noreferrer noopener\">blog\u00a0<\/a><\/strong>di\u00a0<strong><a href=\"https:\/\/www.docenti.it\/\" target=\"_blank\" rel=\"noreferrer noopener\">Docenti.it<\/a><\/strong><\/p>\n\n\n\n<p><\/p>\n","protected":false},"excerpt":{"rendered":"<p>Percorsi abilitanti 2025: i percorsi abilitanti 2025 rappresentano un passaggio fondamentale per chi vuole [&hellip;]<\/p>\n","protected":false},"author":25,"featured_media":45302,"comment_status":"open","ping_status":"open","sticky":false,"template":"","format":"standard","meta":[],"categories":[496,4],"tags":[640,690,808,976,647],"yoast_head":"<!-- This site is optimized with the Yoast SEO plugin v20.4 - https:\/\/yoast.com\/wordpress\/plugins\/seo\/ -->\n<title>Percorsi abilitanti 2025: chi pu\u00f2 iscriversi al percorso da 36 CFU?<\/title>\n<meta name=\"description\" content=\"Percorsi abilitanti 2025: nelle prossime settimane le Universit\u00e0 renderanno nota la nuova offerta formativa relativa al terzo ciclo.\" \/>\n<meta name=\"robots\" content=\"index, follow, max-snippet:-1, max-image-preview:large, max-video-preview:-1\" \/>\n<link rel=\"canonical\" href=\"https:\/\/www.docenti.it\/blog\/percorsi-abilitanti-2025-chi-puo-iscriversi-al-percorso-da-36-cfu\/\" \/>\n<meta property=\"og:locale\" content=\"it_IT\" \/>\n<meta property=\"og:type\" content=\"article\" \/>\n<meta property=\"og:title\" content=\"Percorsi abilitanti 2025: chi pu\u00f2 iscriversi al percorso da 36 CFU?\" \/>\n<meta property=\"og:description\" content=\"Percorsi abilitanti 2025: nelle prossime settimane le Universit\u00e0 renderanno nota la nuova offerta formativa relativa al terzo ciclo.\" \/>\n<meta property=\"og:url\" content=\"https:\/\/www.docenti.it\/blog\/percorsi-abilitanti-2025-chi-puo-iscriversi-al-percorso-da-36-cfu\/\" \/>\n<meta property=\"og:site_name\" content=\"Blog | Docenti.it\" \/>\n<meta property=\"article:publisher\" content=\"https:\/\/www.facebook.com\/docenti.it\" \/>\n<meta property=\"article:published_time\" content=\"2025-11-03T17:20:40+00:00\" \/>\n<meta property=\"og:image\" content=\"https:\/\/www.docenti.it\/blog\/wp-content\/uploads\/2023\/07\/pexels-christina-morillo-1181397-scaled.jpg\" \/>\n\t<meta property=\"og:image:width\" content=\"2560\" \/>\n\t<meta property=\"og:image:height\" content=\"1709\" \/>\n\t<meta property=\"og:image:type\" content=\"image\/jpeg\" \/>\n<meta name=\"author\" content=\"Gabriella Capraro\" \/>\n<meta name=\"twitter:card\" content=\"summary_large_image\" \/>\n<meta name=\"twitter:label1\" content=\"Written by\" \/>\n\t<meta name=\"twitter:data1\" content=\"Gabriella Capraro\" \/>\n\t<meta name=\"twitter:label2\" content=\"Est. reading time\" \/>\n\t<meta name=\"twitter:data2\" content=\"3 minuti\" \/>\n<script type=\"application\/ld+json\" class=\"yoast-schema-graph\">{\"@context\":\"https:\/\/schema.org\",\"@graph\":[{\"@type\":\"Article\",\"@id\":\"https:\/\/www.docenti.it\/blog\/percorsi-abilitanti-2025-chi-puo-iscriversi-al-percorso-da-36-cfu\/#article\",\"isPartOf\":{\"@id\":\"https:\/\/www.docenti.it\/blog\/percorsi-abilitanti-2025-chi-puo-iscriversi-al-percorso-da-36-cfu\/\"},\"author\":{\"name\":\"Gabriella Capraro\",\"@id\":\"https:\/\/www.docenti.it\/blog\/#\/schema\/person\/773963d3c0645bd34c150c41a13e5754\"},\"headline\":\"Percorsi abilitanti 2025: chi pu\u00f2 iscriversi al percorso da 36 CFU?\",\"datePublished\":\"2025-11-03T17:20:40+00:00\",\"dateModified\":\"2025-11-03T17:20:40+00:00\",\"mainEntityOfPage\":{\"@id\":\"https:\/\/www.docenti.it\/blog\/percorsi-abilitanti-2025-chi-puo-iscriversi-al-percorso-da-36-cfu\/\"},\"wordCount\":541,\"commentCount\":0,\"publisher\":{\"@id\":\"https:\/\/www.docenti.it\/blog\/#organization\"},\"keywords\":[\"36 CFU\",\"percorsi abilitanti\",\"percorsi abilitanti 2025\",\"percorsi abilitanti III ciclo\",\"percorso 36 cfu\"],\"articleSection\":[\"Abilitazione insegnamento\",\"News\"],\"inLanguage\":\"it-IT\",\"potentialAction\":[{\"@type\":\"CommentAction\",\"name\":\"Comment\",\"target\":[\"https:\/\/www.docenti.it\/blog\/percorsi-abilitanti-2025-chi-puo-iscriversi-al-percorso-da-36-cfu\/#respond\"]}]},{\"@type\":\"WebPage\",\"@id\":\"https:\/\/www.docenti.it\/blog\/percorsi-abilitanti-2025-chi-puo-iscriversi-al-percorso-da-36-cfu\/\",\"url\":\"https:\/\/www.docenti.it\/blog\/percorsi-abilitanti-2025-chi-puo-iscriversi-al-percorso-da-36-cfu\/\",\"name\":\"Percorsi abilitanti 2025: chi pu\u00f2 iscriversi al percorso da 36 CFU?\",\"isPartOf\":{\"@id\":\"https:\/\/www.docenti.it\/blog\/#website\"},\"datePublished\":\"2025-11-03T17:20:40+00:00\",\"dateModified\":\"2025-11-03T17:20:40+00:00\",\"description\":\"Percorsi abilitanti 2025: nelle prossime settimane le Universit\u00e0 renderanno nota la nuova offerta formativa relativa al terzo ciclo.\",\"breadcrumb\":{\"@id\":\"https:\/\/www.docenti.it\/blog\/percorsi-abilitanti-2025-chi-puo-iscriversi-al-percorso-da-36-cfu\/#breadcrumb\"},\"inLanguage\":\"it-IT\",\"potentialAction\":[{\"@type\":\"ReadAction\",\"target\":[\"https:\/\/www.docenti.it\/blog\/percorsi-abilitanti-2025-chi-puo-iscriversi-al-percorso-da-36-cfu\/\"]}]},{\"@type\":\"BreadcrumbList\",\"@id\":\"https:\/\/www.docenti.it\/blog\/percorsi-abilitanti-2025-chi-puo-iscriversi-al-percorso-da-36-cfu\/#breadcrumb\",\"itemListElement\":[{\"@type\":\"ListItem\",\"position\":1,\"name\":\"Home\",\"item\":\"https:\/\/www.docenti.it\/blog\/\"},{\"@type\":\"ListItem\",\"position\":2,\"name\":\"Percorsi abilitanti 2025: chi pu\u00f2 iscriversi al percorso da 36 CFU?\"}]},{\"@type\":\"WebSite\",\"@id\":\"https:\/\/www.docenti.it\/blog\/#website\",\"url\":\"https:\/\/www.docenti.it\/blog\/\",\"name\":\"Blog | Docenti.it\",\"description\":\"Tutte le notizie e gli aggiornamenti dal mondo della scuola\",\"publisher\":{\"@id\":\"https:\/\/www.docenti.it\/blog\/#organization\"},\"potentialAction\":[{\"@type\":\"SearchAction\",\"target\":{\"@type\":\"EntryPoint\",\"urlTemplate\":\"https:\/\/www.docenti.it\/blog\/?s={search_term_string}\"},\"query-input\":\"required name=search_term_string\"}],\"inLanguage\":\"it-IT\"},{\"@type\":\"Organization\",\"@id\":\"https:\/\/www.docenti.it\/blog\/#organization\",\"name\":\"Blog | Docenti.it\",\"url\":\"https:\/\/www.docenti.it\/blog\/\",\"logo\":{\"@type\":\"ImageObject\",\"inLanguage\":\"it-IT\",\"@id\":\"https:\/\/www.docenti.it\/blog\/#\/schema\/logo\/image\/\",\"url\":\"https:\/\/www.docenti.it\/blog\/wp-content\/uploads\/2025\/06\/fb_mad_img.png\",\"contentUrl\":\"https:\/\/www.docenti.it\/blog\/wp-content\/uploads\/2025\/06\/fb_mad_img.png\",\"width\":1140,\"height\":620,\"caption\":\"Blog | Docenti.it\"},\"image\":{\"@id\":\"https:\/\/www.docenti.it\/blog\/#\/schema\/logo\/image\/\"},\"sameAs\":[\"https:\/\/www.facebook.com\/docenti.it\"]},{\"@type\":\"Person\",\"@id\":\"https:\/\/www.docenti.it\/blog\/#\/schema\/person\/773963d3c0645bd34c150c41a13e5754\",\"name\":\"Gabriella Capraro\",\"image\":{\"@type\":\"ImageObject\",\"inLanguage\":\"it-IT\",\"@id\":\"https:\/\/www.docenti.it\/blog\/#\/schema\/person\/image\/\",\"url\":\"https:\/\/secure.gravatar.com\/avatar\/17e0ab06bea064a8a7c5bef443cb7153?s=96&d=mm&r=g\",\"contentUrl\":\"https:\/\/secure.gravatar.com\/avatar\/17e0ab06bea064a8a7c5bef443cb7153?s=96&d=mm&r=g\",\"caption\":\"Gabriella Capraro\"},\"description\":\"Copywriter e digital strategist, collabora come articolista e autrice per diverse piattaforme online, spaziando da tematiche scolastiche\/istituzionali a letterarie e musicali.\",\"url\":\"https:\/\/www.docenti.it\/blog\/author\/gcapraro\/\"}]}<\/script>\n<!-- \/ Yoast SEO plugin. -->","yoast_head_json":{"title":"Percorsi abilitanti 2025: chi pu\u00f2 iscriversi al percorso da 36 CFU?","description":"Percorsi abilitanti 2025: nelle prossime settimane le Universit\u00e0 renderanno nota la nuova offerta formativa relativa al terzo ciclo.","robots":{"index":"index","follow":"follow","max-snippet":"max-snippet:-1","max-image-preview":"max-image-preview:large","max-video-preview":"max-video-preview:-1"},"canonical":"https:\/\/www.docenti.it\/blog\/percorsi-abilitanti-2025-chi-puo-iscriversi-al-percorso-da-36-cfu\/","og_locale":"it_IT","og_type":"article","og_title":"Percorsi abilitanti 2025: chi pu\u00f2 iscriversi al percorso da 36 CFU?","og_description":"Percorsi abilitanti 2025: nelle prossime settimane le Universit\u00e0 renderanno nota la nuova offerta formativa relativa al terzo ciclo.","og_url":"https:\/\/www.docenti.it\/blog\/percorsi-abilitanti-2025-chi-puo-iscriversi-al-percorso-da-36-cfu\/","og_site_name":"Blog | Docenti.it","article_publisher":"https:\/\/www.facebook.com\/docenti.it","article_published_time":"2025-11-03T17:20:40+00:00","og_image":[{"width":2560,"height":1709,"url":"https:\/\/www.docenti.it\/blog\/wp-content\/uploads\/2023\/07\/pexels-christina-morillo-1181397-scaled.jpg","type":"image\/jpeg"}],"author":"Gabriella Capraro","twitter_card":"summary_large_image","twitter_misc":{"Written by":"Gabriella Capraro","Est. reading time":"3 minuti"},"schema":{"@context":"https:\/\/schema.org","@graph":[{"@type":"Article","@id":"https:\/\/www.docenti.it\/blog\/percorsi-abilitanti-2025-chi-puo-iscriversi-al-percorso-da-36-cfu\/#article","isPartOf":{"@id":"https:\/\/www.docenti.it\/blog\/percorsi-abilitanti-2025-chi-puo-iscriversi-al-percorso-da-36-cfu\/"},"author":{"name":"Gabriella Capraro","@id":"https:\/\/www.docenti.it\/blog\/#\/schema\/person\/773963d3c0645bd34c150c41a13e5754"},"headline":"Percorsi abilitanti 2025: chi pu\u00f2 iscriversi al percorso da 36 CFU?","datePublished":"2025-11-03T17:20:40+00:00","dateModified":"2025-11-03T17:20:40+00:00","mainEntityOfPage":{"@id":"https:\/\/www.docenti.it\/blog\/percorsi-abilitanti-2025-chi-puo-iscriversi-al-percorso-da-36-cfu\/"},"wordCount":541,"commentCount":0,"publisher":{"@id":"https:\/\/www.docenti.it\/blog\/#organization"},"keywords":["36 CFU","percorsi abilitanti","percorsi abilitanti 2025","percorsi abilitanti III ciclo","percorso 36 cfu"],"articleSection":["Abilitazione insegnamento","News"],"inLanguage":"it-IT","potentialAction":[{"@type":"CommentAction","name":"Comment","target":["https:\/\/www.docenti.it\/blog\/percorsi-abilitanti-2025-chi-puo-iscriversi-al-percorso-da-36-cfu\/#respond"]}]},{"@type":"WebPage","@id":"https:\/\/www.docenti.it\/blog\/percorsi-abilitanti-2025-chi-puo-iscriversi-al-percorso-da-36-cfu\/","url":"https:\/\/www.docenti.it\/blog\/percorsi-abilitanti-2025-chi-puo-iscriversi-al-percorso-da-36-cfu\/","name":"Percorsi abilitanti 2025: chi pu\u00f2 iscriversi al percorso da 36 CFU?","isPartOf":{"@id":"https:\/\/www.docenti.it\/blog\/#website"},"datePublished":"2025-11-03T17:20:40+00:00","dateModified":"2025-11-03T17:20:40+00:00","description":"Percorsi abilitanti 2025: nelle prossime settimane le Universit\u00e0 renderanno nota la nuova offerta formativa relativa al terzo ciclo.","breadcrumb":{"@id":"https:\/\/www.docenti.it\/blog\/percorsi-abilitanti-2025-chi-puo-iscriversi-al-percorso-da-36-cfu\/#breadcrumb"},"inLanguage":"it-IT","potentialAction":[{"@type":"ReadAction","target":["https:\/\/www.docenti.it\/blog\/percorsi-abilitanti-2025-chi-puo-iscriversi-al-percorso-da-36-cfu\/"]}]},{"@type":"BreadcrumbList","@id":"https:\/\/www.docenti.it\/blog\/percorsi-abilitanti-2025-chi-puo-iscriversi-al-percorso-da-36-cfu\/#breadcrumb","itemListElement":[{"@type":"ListItem","position":1,"name":"Home","item":"https:\/\/www.docenti.it\/blog\/"},{"@type":"ListItem","position":2,"name":"Percorsi abilitanti 2025: chi pu\u00f2 iscriversi al percorso da 36 CFU?"}]},{"@type":"WebSite","@id":"https:\/\/www.docenti.it\/blog\/#website","url":"https:\/\/www.docenti.it\/blog\/","name":"Blog | Docenti.it","description":"Tutte le notizie e gli aggiornamenti dal mondo della scuola","publisher":{"@id":"https:\/\/www.docenti.it\/blog\/#organization"},"potentialAction":[{"@type":"SearchAction","target":{"@type":"EntryPoint","urlTemplate":"https:\/\/www.docenti.it\/blog\/?s={search_term_string}"},"query-input":"required name=search_term_string"}],"inLanguage":"it-IT"},{"@type":"Organization","@id":"https:\/\/www.docenti.it\/blog\/#organization","name":"Blog | Docenti.it","url":"https:\/\/www.docenti.it\/blog\/","logo":{"@type":"ImageObject","inLanguage":"it-IT","@id":"https:\/\/www.docenti.it\/blog\/#\/schema\/logo\/image\/","url":"https:\/\/www.docenti.it\/blog\/wp-content\/uploads\/2025\/06\/fb_mad_img.png","contentUrl":"https:\/\/www.docenti.it\/blog\/wp-content\/uploads\/2025\/06\/fb_mad_img.png","width":1140,"height":620,"caption":"Blog | Docenti.it"},"image":{"@id":"https:\/\/www.docenti.it\/blog\/#\/schema\/logo\/image\/"},"sameAs":["https:\/\/www.facebook.com\/docenti.it"]},{"@type":"Person","@id":"https:\/\/www.docenti.it\/blog\/#\/schema\/person\/773963d3c0645bd34c150c41a13e5754","name":"Gabriella Capraro","image":{"@type":"ImageObject","inLanguage":"it-IT","@id":"https:\/\/www.docenti.it\/blog\/#\/schema\/person\/image\/","url":"https:\/\/secure.gravatar.com\/avatar\/17e0ab06bea064a8a7c5bef443cb7153?s=96&d=mm&r=g","contentUrl":"https:\/\/secure.gravatar.com\/avatar\/17e0ab06bea064a8a7c5bef443cb7153?s=96&d=mm&r=g","caption":"Gabriella Capraro"},"description":"Copywriter e digital strategist, collabora come articolista e autrice per diverse piattaforme online, spaziando da tematiche scolastiche\/istituzionali a letterarie e musicali.","url":"https:\/\/www.docenti.it\/blog\/author\/gcapraro\/"}]}},"_links":{"self":[{"href":"https:\/\/www.docenti.it\/blog\/wp-json\/wp\/v2\/posts\/47051"}],"collection":[{"href":"https:\/\/www.docenti.it\/blog\/wp-json\/wp\/v2\/posts"}],"about":[{"href":"https:\/\/www.docenti.it\/blog\/wp-json\/wp\/v2\/types\/post"}],"author":[{"embeddable":true,"href":"https:\/\/www.docenti.it\/blog\/wp-json\/wp\/v2\/users\/25"}],"replies":[{"embeddable":true,"href":"https:\/\/www.docenti.it\/blog\/wp-json\/wp\/v2\/comments?post=47051"}],"version-history":[{"count":1,"href":"https:\/\/www.docenti.it\/blog\/wp-json\/wp\/v2\/posts\/47051\/revisions"}],"predecessor-version":[{"id":47052,"href":"https:\/\/www.docenti.it\/blog\/wp-json\/wp\/v2\/posts\/47051\/revisions\/47052"}],"wp:featuredmedia":[{"embeddable":true,"href":"https:\/\/www.docenti.it\/blog\/wp-json\/wp\/v2\/media\/45302"}],"wp:attachment":[{"href":"https:\/\/www.docenti.it\/blog\/wp-json\/wp\/v2\/media?parent=47051"}],"wp:term":[{"taxonomy":"category","embeddable":true,"href":"https:\/\/www.docenti.it\/blog\/wp-json\/wp\/v2\/categories?post=47051"},{"taxonomy":"post_tag","embeddable":true,"href":"https:\/\/www.docenti.it\/blog\/wp-json\/wp\/v2\/tags?post=47051"}],"curies":[{"name":"wp","href":"https:\/\/api.w.org\/{rel}","templated":true}]}}