{"id":47077,"date":"2025-11-13T17:42:39","date_gmt":"2025-11-13T16:42:39","guid":{"rendered":"https:\/\/www.docenti.it\/blog\/?p=47077"},"modified":"2025-11-13T17:42:39","modified_gmt":"2025-11-13T16:42:39","slug":"posizioni-economiche-ata-le-prove-a-dicembre","status":"publish","type":"post","link":"https:\/\/www.docenti.it\/blog\/posizioni-economiche-ata-le-prove-a-dicembre\/","title":{"rendered":"Posizioni economiche ATA 2025: le prove a dicembre"},"content":{"rendered":"\n<p>Posizioni economiche ATA: il <strong>personale ATA<\/strong> (Amministrativo, Tecnico e Ausiliario) \u00e8 una parte essenziale dell\u2019organizzazione scolastica italiana. <\/p>\n\n\n\n<p>Negli ultimi anni, la <strong>valorizzazione del lavoro ATA<\/strong> ha assunto un ruolo centrale nelle politiche del Ministero dell\u2019Istruzione, che ha avviato una nuova fase di potenziamento delle <strong>posizioni economiche ATA<\/strong>.<\/p>\n\n\n\n<p>Con la recente procedura ministeriale vengono introdotte <strong>46.000 nuove posizioni economiche<\/strong>, un passo decisivo per riconoscere competenze, impegno e professionalit\u00e0 del personale scolastico.<\/p>\n\n\n\n<p>Le <strong>posizioni economiche ATA<\/strong> permettono ai lavoratori di acquisire <strong>nuove mansioni e responsabilit\u00e0<\/strong>, con un conseguente <strong>aumento della retribuzione<\/strong>. <\/p>\n\n\n\n<p>Il <strong>concorso ATA 2025<\/strong> rappresenta quindi un\u2019occasione concreta per migliorare la propria posizione professionale e contribuire in modo pi\u00f9 incisivo al funzionamento delle scuole italiane.<\/p>\n\n\n\n<p><\/p>\n\n\n\n<h2>Il Concorso ATA 2025: opportunit\u00e0 e valorizzazione professionale<\/h2>\n\n\n\n<p>Il <strong>concorso ATA 2025<\/strong> \u00e8 una delle iniziative pi\u00f9 attese del prossimo anno. L\u2019obiettivo \u00e8 <strong>valorizzare l\u2019esperienza e la professionalit\u00e0<\/strong> del personale gi\u00e0 attivo nelle scuole, offrendo la possibilit\u00e0 di accedere a <strong>nuove posizioni economiche ATA<\/strong>.<\/p>\n\n\n\n<p>L\u2019apertura di <strong>46.000 posti<\/strong> \u00e8 tra le pi\u00f9 ampie degli ultimi dieci anni e riflette la volont\u00e0 del Ministero di rispondere alle nuove esigenze del settore scolastico.<\/p>\n\n\n\n<p>La <strong>procedura concorsuale ATA 2025<\/strong> \u00e8 fondata su criteri di <strong>trasparenza, merito e pari opportunit\u00e0<\/strong>, e prevede una <strong>prova scritta<\/strong> con modalit\u00e0 e tempistiche definite per garantire equit\u00e0 tra i candidati.<\/p>\n\n\n\n<p><\/p>\n\n\n\n<h2>Posizioni economiche ATA e pubblicazione del calendario prove ATA 2025<\/h2>\n\n\n\n<p>Il <strong>Ministero dell\u2019Istruzione<\/strong> ha pubblicato il <strong>calendario delle prove ATA 2025<\/strong>, fissando le <strong>prove scritte dal 15 al 19 dicembre 2025<\/strong> in tutto il territorio nazionale.<\/p>\n\n\n\n<p>Il <strong>calendario ATA<\/strong>, reso disponibile il <strong>12 novembre 2025<\/strong> sul sito ufficiale del Ministero, prevede una suddivisione per turni e sedi per garantire uno svolgimento ordinato e sicuro.<\/p>\n\n\n\n<p>I candidati sono invitati a <strong>consultare regolarmente la sezione dedicata ai concorsi ATA<\/strong>, per restare aggiornati su eventuali modifiche o integrazioni.<\/p>\n\n\n\n<p><\/p>\n\n\n\n<h2>Svolgimento delle prove ATA: dal 15 al 19 Dicembre 2025<\/h2>\n\n\n\n<p>Durante la settimana delle prove, <strong>migliaia di candidati ATA<\/strong> si presenteranno nelle sedi designate in tutta Italia.<\/p>\n\n\n\n<p>Il Ministero ha predisposto due turni giornalieri per agevolare la partecipazione e garantire il rispetto delle norme organizzative e di sicurezza.<\/p>\n\n\n\n<p>Ogni candidato deve rispettare con precisione <strong>gli orari e le istruzioni delle commissioni<\/strong>. In caso di dubbi, \u00e8 possibile rivolgersi alla <strong>segreteria della propria scuola<\/strong> o consultare le comunicazioni ufficiali sul sito del Ministero.<\/p>\n\n\n\n<p><\/p>\n\n\n\n<h2>Orari e turni delle prove ATA 2025<\/h2>\n\n\n\n<h3>Struttura giornaliera delle sessioni<\/h3>\n\n\n\n<p>Le prove si terranno secondo il seguente schema orario:<\/p>\n\n\n\n<ul>\n<li><strong>Primo turno (mattina)<\/strong>: identificazione dalle <strong>8:00<\/strong>, inizio prova alle <strong>9:00<\/strong><\/li>\n\n\n\n<li><strong>Secondo turno (pomeriggio)<\/strong>: identificazione dalle <strong>13:30<\/strong>, inizio prova alle <strong>14:30<\/strong><\/li>\n<\/ul>\n\n\n\n<p>Questo doppio turno permette di gestire in modo efficiente l\u2019alto numero di candidati, evitando assembramenti e garantendo una corretta organizzazione.<br>\u00c8 fondamentale <strong>presentarsi con anticipo<\/strong> rispetto all\u2019orario previsto per completare le procedure preliminari.<\/p>\n\n\n\n<p>Chi arriva da fuori sede dovrebbe pianificare con attenzione gli spostamenti, lasciando un margine per eventuali ritardi dovuti al traffico o ad altri imprevisti.<\/p>\n\n\n\n<p><\/p>\n\n\n\n<h2>Posizioni economiche ATA e procedura di identificazione dei candidati ATA<\/h2>\n\n\n\n<h3>Come avviene il controllo dei documenti<\/h3>\n\n\n\n<p>Il <strong>Ministero dell\u2019Istruzione<\/strong> ha stabilito regole precise per l\u2019identificazione dei candidati alle prove ATA:<\/p>\n\n\n\n<ul>\n<li>Identificazione dalle <strong>8:00<\/strong> per il turno mattutino e dalle <strong>13:30<\/strong> per quello pomeridiano<\/li>\n\n\n\n<li>Obbligo di presentare <strong>un documento d\u2019identit\u00e0 valido<\/strong> e <strong>il codice fiscale<\/strong><\/li>\n\n\n\n<li>In caso di smarrimento dei documenti, non sar\u00e0 consentito l\u2019accesso all\u2019aula d\u2019esame<\/li>\n\n\n\n<li>Il personale di vigilanza gestir\u00e0 anche lo <strong>smistamento nelle aule<\/strong><\/li>\n<\/ul>\n\n\n\n<p>Queste misure assicurano il corretto svolgimento della procedura e la massima trasparenza durante le selezioni.<\/p>\n\n\n\n<p><\/p>\n\n\n\n<h2>Documenti necessari per accedere alla prova<\/h2>\n\n\n\n<p>Ogni candidato deve presentarsi con i seguenti documenti:<\/p>\n\n\n\n<ul>\n<li><strong>Documento di riconoscimento valido<\/strong> (carta d\u2019identit\u00e0, passaporto o patente)<\/li>\n\n\n\n<li><strong>Codice fiscale<\/strong><\/li>\n\n\n\n<li><strong>Convocazione ufficiale o ricevuta di iscrizione<\/strong> al concorso (se richiesta)<\/li>\n<\/ul>\n\n\n\n<p>La mancata presentazione dei documenti comporta <strong>l\u2019esclusione dalla prova scritta<\/strong>.<br>In caso di smarrimento, \u00e8 ammessa solo una <strong>denuncia formale alle autorit\u00e0<\/strong>, ma si tratta di una soluzione eccezionale.<\/p>\n\n\n\n<p><\/p>\n\n\n\n<h2>Istruzioni fondamentali per i candidati ATA 2025<\/h2>\n\n\n\n<p>Affrontare la <strong>prova scritta ATA dicembre 2025<\/strong> richiede preparazione e attenzione. Ecco alcune regole fondamentali:<\/p>\n\n\n\n<ul>\n<li><strong>Controllare la sede e l\u2019aula assegnata<\/strong> con anticipo<\/li>\n\n\n\n<li><strong>Arrivare almeno 15 minuti prima<\/strong> dell\u2019orario di identificazione<\/li>\n\n\n\n<li><strong>Evitare di portare dispositivi elettronici o appunti<\/strong>, pena l\u2019esclusione<\/li>\n\n\n\n<li><strong>Seguire attentamente le istruzioni<\/strong> della commissione<\/li>\n\n\n\n<li><strong>Mantenere un comportamento corretto e rispettoso<\/strong> durante tutta la prova<\/li>\n<\/ul>\n\n\n\n<p>Infine, \u00e8 consigliabile <strong>tenersi aggiornati sulle novit\u00e0 relative alle posizioni economiche ATA<\/strong>, per comprendere al meglio le opportunit\u00e0 offerte dal concorso e massimizzare le proprie possibilit\u00e0 di crescita professionale.<\/p>\n\n\n\n<p><\/p>\n\n\n\n<p>Per ulteriori news e approfondimenti sul mondo scuola, segui il\u00a0<strong><a href=\"https:\/\/www.docenti.it\/blog\/\" target=\"_blank\" rel=\"noreferrer noopener\">blog\u00a0<\/a><\/strong>di\u00a0<strong><a href=\"https:\/\/www.docenti.it\/\" target=\"_blank\" rel=\"noreferrer noopener\">Docenti.it<\/a><\/strong><\/p>\n\n\n\n<p><\/p>\n\n\n\n<p><\/p>\n","protected":false},"excerpt":{"rendered":"<p>Posizioni economiche ATA: il personale ATA (Amministrativo, Tecnico e Ausiliario) \u00e8 una parte essenziale [&hellip;]<\/p>\n","protected":false},"author":25,"featured_media":43232,"comment_status":"open","ping_status":"open","sticky":false,"template":"","format":"standard","meta":[],"categories":[4,82],"tags":[68,799,888,981],"yoast_head":"<!-- This site is optimized with the Yoast SEO plugin v20.4 - https:\/\/yoast.com\/wordpress\/plugins\/seo\/ -->\n<title>Posizioni economiche ATA: le prove a dicembre<\/title>\n<meta name=\"description\" content=\"Posizioni economiche ATA: concorso, date di dicembre, orari, documenti e istruzioni per le prove dei candidati.\" \/>\n<meta name=\"robots\" content=\"index, follow, max-snippet:-1, max-image-preview:large, max-video-preview:-1\" \/>\n<link rel=\"canonical\" href=\"https:\/\/www.docenti.it\/blog\/posizioni-economiche-ata-le-prove-a-dicembre\/\" \/>\n<meta property=\"og:locale\" content=\"it_IT\" \/>\n<meta property=\"og:type\" content=\"article\" \/>\n<meta property=\"og:title\" content=\"Posizioni economiche ATA: le prove a dicembre\" \/>\n<meta property=\"og:description\" content=\"Posizioni economiche ATA: concorso, date di dicembre, orari, documenti e istruzioni per le prove dei candidati.\" \/>\n<meta property=\"og:url\" content=\"https:\/\/www.docenti.it\/blog\/posizioni-economiche-ata-le-prove-a-dicembre\/\" \/>\n<meta property=\"og:site_name\" content=\"Blog | Docenti.it\" \/>\n<meta property=\"article:publisher\" content=\"https:\/\/www.facebook.com\/docenti.it\" \/>\n<meta property=\"article:published_time\" content=\"2025-11-13T16:42:39+00:00\" \/>\n<meta property=\"og:image\" content=\"https:\/\/www.docenti.it\/blog\/wp-content\/uploads\/2023\/01\/pexels-rodnae-productions-7888806.jpg\" \/>\n\t<meta property=\"og:image:width\" content=\"640\" \/>\n\t<meta property=\"og:image:height\" content=\"427\" \/>\n\t<meta property=\"og:image:type\" content=\"image\/jpeg\" \/>\n<meta name=\"author\" content=\"Gabriella Capraro\" \/>\n<meta name=\"twitter:card\" content=\"summary_large_image\" \/>\n<meta name=\"twitter:label1\" content=\"Written by\" \/>\n\t<meta name=\"twitter:data1\" content=\"Gabriella Capraro\" \/>\n\t<meta name=\"twitter:label2\" content=\"Est. reading time\" \/>\n\t<meta name=\"twitter:data2\" content=\"4 minuti\" \/>\n<script type=\"application\/ld+json\" class=\"yoast-schema-graph\">{\"@context\":\"https:\/\/schema.org\",\"@graph\":[{\"@type\":\"Article\",\"@id\":\"https:\/\/www.docenti.it\/blog\/posizioni-economiche-ata-le-prove-a-dicembre\/#article\",\"isPartOf\":{\"@id\":\"https:\/\/www.docenti.it\/blog\/posizioni-economiche-ata-le-prove-a-dicembre\/\"},\"author\":{\"name\":\"Gabriella Capraro\",\"@id\":\"https:\/\/www.docenti.it\/blog\/#\/schema\/person\/773963d3c0645bd34c150c41a13e5754\"},\"headline\":\"Posizioni economiche ATA 2025: le prove a dicembre\",\"datePublished\":\"2025-11-13T16:42:39+00:00\",\"dateModified\":\"2025-11-13T16:42:39+00:00\",\"mainEntityOfPage\":{\"@id\":\"https:\/\/www.docenti.it\/blog\/posizioni-economiche-ata-le-prove-a-dicembre\/\"},\"wordCount\":733,\"commentCount\":0,\"publisher\":{\"@id\":\"https:\/\/www.docenti.it\/blog\/#organization\"},\"keywords\":[\"Personale ATA\",\"personale ata 2025\",\"posizioni economiche 2025\",\"posizioni economiche ata\"],\"articleSection\":[\"News\",\"Personale ATA\"],\"inLanguage\":\"it-IT\",\"potentialAction\":[{\"@type\":\"CommentAction\",\"name\":\"Comment\",\"target\":[\"https:\/\/www.docenti.it\/blog\/posizioni-economiche-ata-le-prove-a-dicembre\/#respond\"]}]},{\"@type\":\"WebPage\",\"@id\":\"https:\/\/www.docenti.it\/blog\/posizioni-economiche-ata-le-prove-a-dicembre\/\",\"url\":\"https:\/\/www.docenti.it\/blog\/posizioni-economiche-ata-le-prove-a-dicembre\/\",\"name\":\"Posizioni economiche ATA: le prove a dicembre\",\"isPartOf\":{\"@id\":\"https:\/\/www.docenti.it\/blog\/#website\"},\"datePublished\":\"2025-11-13T16:42:39+00:00\",\"dateModified\":\"2025-11-13T16:42:39+00:00\",\"description\":\"Posizioni economiche ATA: concorso, date di dicembre, orari, documenti e istruzioni per le prove dei candidati.\",\"breadcrumb\":{\"@id\":\"https:\/\/www.docenti.it\/blog\/posizioni-economiche-ata-le-prove-a-dicembre\/#breadcrumb\"},\"inLanguage\":\"it-IT\",\"potentialAction\":[{\"@type\":\"ReadAction\",\"target\":[\"https:\/\/www.docenti.it\/blog\/posizioni-economiche-ata-le-prove-a-dicembre\/\"]}]},{\"@type\":\"BreadcrumbList\",\"@id\":\"https:\/\/www.docenti.it\/blog\/posizioni-economiche-ata-le-prove-a-dicembre\/#breadcrumb\",\"itemListElement\":[{\"@type\":\"ListItem\",\"position\":1,\"name\":\"Home\",\"item\":\"https:\/\/www.docenti.it\/blog\/\"},{\"@type\":\"ListItem\",\"position\":2,\"name\":\"Posizioni economiche ATA 2025: le prove a dicembre\"}]},{\"@type\":\"WebSite\",\"@id\":\"https:\/\/www.docenti.it\/blog\/#website\",\"url\":\"https:\/\/www.docenti.it\/blog\/\",\"name\":\"Blog | Docenti.it\",\"description\":\"Tutte le notizie e gli aggiornamenti dal mondo della scuola\",\"publisher\":{\"@id\":\"https:\/\/www.docenti.it\/blog\/#organization\"},\"potentialAction\":[{\"@type\":\"SearchAction\",\"target\":{\"@type\":\"EntryPoint\",\"urlTemplate\":\"https:\/\/www.docenti.it\/blog\/?s={search_term_string}\"},\"query-input\":\"required name=search_term_string\"}],\"inLanguage\":\"it-IT\"},{\"@type\":\"Organization\",\"@id\":\"https:\/\/www.docenti.it\/blog\/#organization\",\"name\":\"Blog | Docenti.it\",\"url\":\"https:\/\/www.docenti.it\/blog\/\",\"logo\":{\"@type\":\"ImageObject\",\"inLanguage\":\"it-IT\",\"@id\":\"https:\/\/www.docenti.it\/blog\/#\/schema\/logo\/image\/\",\"url\":\"https:\/\/www.docenti.it\/blog\/wp-content\/uploads\/2025\/06\/fb_mad_img.png\",\"contentUrl\":\"https:\/\/www.docenti.it\/blog\/wp-content\/uploads\/2025\/06\/fb_mad_img.png\",\"width\":1140,\"height\":620,\"caption\":\"Blog | Docenti.it\"},\"image\":{\"@id\":\"https:\/\/www.docenti.it\/blog\/#\/schema\/logo\/image\/\"},\"sameAs\":[\"https:\/\/www.facebook.com\/docenti.it\"]},{\"@type\":\"Person\",\"@id\":\"https:\/\/www.docenti.it\/blog\/#\/schema\/person\/773963d3c0645bd34c150c41a13e5754\",\"name\":\"Gabriella Capraro\",\"image\":{\"@type\":\"ImageObject\",\"inLanguage\":\"it-IT\",\"@id\":\"https:\/\/www.docenti.it\/blog\/#\/schema\/person\/image\/\",\"url\":\"https:\/\/secure.gravatar.com\/avatar\/17e0ab06bea064a8a7c5bef443cb7153?s=96&d=mm&r=g\",\"contentUrl\":\"https:\/\/secure.gravatar.com\/avatar\/17e0ab06bea064a8a7c5bef443cb7153?s=96&d=mm&r=g\",\"caption\":\"Gabriella Capraro\"},\"description\":\"Copywriter e digital strategist, collabora come articolista e autrice per diverse piattaforme online, spaziando da tematiche scolastiche\/istituzionali a letterarie e musicali.\",\"url\":\"https:\/\/www.docenti.it\/blog\/author\/gcapraro\/\"}]}<\/script>\n<!-- \/ Yoast SEO plugin. -->","yoast_head_json":{"title":"Posizioni economiche ATA: le prove a dicembre","description":"Posizioni economiche ATA: concorso, date di dicembre, orari, documenti e istruzioni per le prove dei candidati.","robots":{"index":"index","follow":"follow","max-snippet":"max-snippet:-1","max-image-preview":"max-image-preview:large","max-video-preview":"max-video-preview:-1"},"canonical":"https:\/\/www.docenti.it\/blog\/posizioni-economiche-ata-le-prove-a-dicembre\/","og_locale":"it_IT","og_type":"article","og_title":"Posizioni economiche ATA: le prove a dicembre","og_description":"Posizioni economiche ATA: concorso, date di dicembre, orari, documenti e istruzioni per le prove dei candidati.","og_url":"https:\/\/www.docenti.it\/blog\/posizioni-economiche-ata-le-prove-a-dicembre\/","og_site_name":"Blog | Docenti.it","article_publisher":"https:\/\/www.facebook.com\/docenti.it","article_published_time":"2025-11-13T16:42:39+00:00","og_image":[{"width":640,"height":427,"url":"https:\/\/www.docenti.it\/blog\/wp-content\/uploads\/2023\/01\/pexels-rodnae-productions-7888806.jpg","type":"image\/jpeg"}],"author":"Gabriella Capraro","twitter_card":"summary_large_image","twitter_misc":{"Written by":"Gabriella Capraro","Est. reading time":"4 minuti"},"schema":{"@context":"https:\/\/schema.org","@graph":[{"@type":"Article","@id":"https:\/\/www.docenti.it\/blog\/posizioni-economiche-ata-le-prove-a-dicembre\/#article","isPartOf":{"@id":"https:\/\/www.docenti.it\/blog\/posizioni-economiche-ata-le-prove-a-dicembre\/"},"author":{"name":"Gabriella Capraro","@id":"https:\/\/www.docenti.it\/blog\/#\/schema\/person\/773963d3c0645bd34c150c41a13e5754"},"headline":"Posizioni economiche ATA 2025: le prove a dicembre","datePublished":"2025-11-13T16:42:39+00:00","dateModified":"2025-11-13T16:42:39+00:00","mainEntityOfPage":{"@id":"https:\/\/www.docenti.it\/blog\/posizioni-economiche-ata-le-prove-a-dicembre\/"},"wordCount":733,"commentCount":0,"publisher":{"@id":"https:\/\/www.docenti.it\/blog\/#organization"},"keywords":["Personale ATA","personale ata 2025","posizioni economiche 2025","posizioni economiche ata"],"articleSection":["News","Personale ATA"],"inLanguage":"it-IT","potentialAction":[{"@type":"CommentAction","name":"Comment","target":["https:\/\/www.docenti.it\/blog\/posizioni-economiche-ata-le-prove-a-dicembre\/#respond"]}]},{"@type":"WebPage","@id":"https:\/\/www.docenti.it\/blog\/posizioni-economiche-ata-le-prove-a-dicembre\/","url":"https:\/\/www.docenti.it\/blog\/posizioni-economiche-ata-le-prove-a-dicembre\/","name":"Posizioni economiche ATA: le prove a dicembre","isPartOf":{"@id":"https:\/\/www.docenti.it\/blog\/#website"},"datePublished":"2025-11-13T16:42:39+00:00","dateModified":"2025-11-13T16:42:39+00:00","description":"Posizioni economiche ATA: concorso, date di dicembre, orari, documenti e istruzioni per le prove dei candidati.","breadcrumb":{"@id":"https:\/\/www.docenti.it\/blog\/posizioni-economiche-ata-le-prove-a-dicembre\/#breadcrumb"},"inLanguage":"it-IT","potentialAction":[{"@type":"ReadAction","target":["https:\/\/www.docenti.it\/blog\/posizioni-economiche-ata-le-prove-a-dicembre\/"]}]},{"@type":"BreadcrumbList","@id":"https:\/\/www.docenti.it\/blog\/posizioni-economiche-ata-le-prove-a-dicembre\/#breadcrumb","itemListElement":[{"@type":"ListItem","position":1,"name":"Home","item":"https:\/\/www.docenti.it\/blog\/"},{"@type":"ListItem","position":2,"name":"Posizioni economiche ATA 2025: le prove a dicembre"}]},{"@type":"WebSite","@id":"https:\/\/www.docenti.it\/blog\/#website","url":"https:\/\/www.docenti.it\/blog\/","name":"Blog | Docenti.it","description":"Tutte le notizie e gli aggiornamenti dal mondo della scuola","publisher":{"@id":"https:\/\/www.docenti.it\/blog\/#organization"},"potentialAction":[{"@type":"SearchAction","target":{"@type":"EntryPoint","urlTemplate":"https:\/\/www.docenti.it\/blog\/?s={search_term_string}"},"query-input":"required name=search_term_string"}],"inLanguage":"it-IT"},{"@type":"Organization","@id":"https:\/\/www.docenti.it\/blog\/#organization","name":"Blog | Docenti.it","url":"https:\/\/www.docenti.it\/blog\/","logo":{"@type":"ImageObject","inLanguage":"it-IT","@id":"https:\/\/www.docenti.it\/blog\/#\/schema\/logo\/image\/","url":"https:\/\/www.docenti.it\/blog\/wp-content\/uploads\/2025\/06\/fb_mad_img.png","contentUrl":"https:\/\/www.docenti.it\/blog\/wp-content\/uploads\/2025\/06\/fb_mad_img.png","width":1140,"height":620,"caption":"Blog | Docenti.it"},"image":{"@id":"https:\/\/www.docenti.it\/blog\/#\/schema\/logo\/image\/"},"sameAs":["https:\/\/www.facebook.com\/docenti.it"]},{"@type":"Person","@id":"https:\/\/www.docenti.it\/blog\/#\/schema\/person\/773963d3c0645bd34c150c41a13e5754","name":"Gabriella Capraro","image":{"@type":"ImageObject","inLanguage":"it-IT","@id":"https:\/\/www.docenti.it\/blog\/#\/schema\/person\/image\/","url":"https:\/\/secure.gravatar.com\/avatar\/17e0ab06bea064a8a7c5bef443cb7153?s=96&d=mm&r=g","contentUrl":"https:\/\/secure.gravatar.com\/avatar\/17e0ab06bea064a8a7c5bef443cb7153?s=96&d=mm&r=g","caption":"Gabriella Capraro"},"description":"Copywriter e digital strategist, collabora come articolista e autrice per diverse piattaforme online, spaziando da tematiche scolastiche\/istituzionali a letterarie e musicali.","url":"https:\/\/www.docenti.it\/blog\/author\/gcapraro\/"}]}},"_links":{"self":[{"href":"https:\/\/www.docenti.it\/blog\/wp-json\/wp\/v2\/posts\/47077"}],"collection":[{"href":"https:\/\/www.docenti.it\/blog\/wp-json\/wp\/v2\/posts"}],"about":[{"href":"https:\/\/www.docenti.it\/blog\/wp-json\/wp\/v2\/types\/post"}],"author":[{"embeddable":true,"href":"https:\/\/www.docenti.it\/blog\/wp-json\/wp\/v2\/users\/25"}],"replies":[{"embeddable":true,"href":"https:\/\/www.docenti.it\/blog\/wp-json\/wp\/v2\/comments?post=47077"}],"version-history":[{"count":1,"href":"https:\/\/www.docenti.it\/blog\/wp-json\/wp\/v2\/posts\/47077\/revisions"}],"predecessor-version":[{"id":47078,"href":"https:\/\/www.docenti.it\/blog\/wp-json\/wp\/v2\/posts\/47077\/revisions\/47078"}],"wp:featuredmedia":[{"embeddable":true,"href":"https:\/\/www.docenti.it\/blog\/wp-json\/wp\/v2\/media\/43232"}],"wp:attachment":[{"href":"https:\/\/www.docenti.it\/blog\/wp-json\/wp\/v2\/media?parent=47077"}],"wp:term":[{"taxonomy":"category","embeddable":true,"href":"https:\/\/www.docenti.it\/blog\/wp-json\/wp\/v2\/categories?post=47077"},{"taxonomy":"post_tag","embeddable":true,"href":"https:\/\/www.docenti.it\/blog\/wp-json\/wp\/v2\/tags?post=47077"}],"curies":[{"name":"wp","href":"https:\/\/api.w.org\/{rel}","templated":true}]}}