{"id":47093,"date":"2025-11-18T16:54:01","date_gmt":"2025-11-18T15:54:01","guid":{"rendered":"https:\/\/www.docenti.it\/blog\/?p=47093"},"modified":"2025-11-18T16:54:02","modified_gmt":"2025-11-18T15:54:02","slug":"bonus-docenti-ritardi-novita-criticita","status":"publish","type":"post","link":"https:\/\/www.docenti.it\/blog\/bonus-docenti-ritardi-novita-criticita\/","title":{"rendered":"Bonus docenti: ritardi, novit\u00e0 e criticit\u00e0 della misura"},"content":{"rendered":"\n<p>Bonus docenti: la Carta del Docente rappresenta uno strumento essenziale per sostenere la formazione continua degli insegnanti italiani. Si tratta di un <strong>bonus docenti da 500 euro<\/strong> destinato all\u2019acquisto di libri, corsi di aggiornamento, dispositivi digitali, software e servizi utili alla didattica.<\/p>\n\n\n\n<p>Quest\u2019anno, per\u00f2, l\u2019accesso alla piattaforma risulta ancora bloccato, generando un ritardo eccezionale e un malcontento crescente tra il personale scolastico.<\/p>\n\n\n\n<p><\/p>\n\n\n\n<h2>Ritardi e criticit\u00e0 nell\u2019attivazione della Carta del Docente<\/h2>\n\n\n\n<p>Il nuovo Decreto Scuola introduce modifiche rilevanti al <strong>bonus docenti<\/strong>, tra cui:<\/p>\n\n\n\n<ul>\n<li>possibilit\u00e0 di utilizzare il credito anche per <strong>hardware, software e trasporti<\/strong>;<\/li>\n\n\n\n<li>acquisti tecnologici regolati da una <strong>cadenza quadriennale<\/strong>;<\/li>\n\n\n\n<li>estensione del bonus ad altre categorie di insegnanti, oltre ai docenti di ruolo.<\/li>\n<\/ul>\n\n\n\n<p>Nonostante le novit\u00e0, la piattaforma non \u00e8 ancora disponibile. L\u2019erogazione dei nuovi fondi potr\u00e0 avvenire solo dopo la definizione degli incarichi dei supplenti annuali, quindi non prima del prossimo anno.<br>Importo e modalit\u00e0 di utilizzo saranno definiti entro il <strong>30 gennaio 2026<\/strong> tramite decreto interministeriale.<\/p>\n\n\n\n<p><em>Per maggiori informazioni: <\/em><\/p>\n\n\n<p><span style=\"color: #ff0000;\"><em><strong><a style=\"color: #ff0000;\" href=\"https:\/\/www.docenti.it\/blog\/carta-docente-2025-i-ritardi-nella-attivazione\/\">Carta docente: i ritardi nell&#8217;attivazione<\/a><\/strong><\/em><\/span><\/p>\n\n\n<h3>Un bonus che rischia di diventare inutilizzabile<\/h3>\n\n\n\n<p>Questa situazione crea forte frustrazione, soprattutto tra i <strong>supplenti annuali<\/strong> e gli insegnanti con contratto fino a giugno, che rischiano di non poter beneficiare del bonus.<\/p>\n\n\n\n<p>Gli importi non spesi degli anni precedenti saranno validi fino al <strong>31 agosto 2026<\/strong>, ma non \u00e8 possibile accumulare nuovi buoni in attesa del decreto.<\/p>\n\n\n\n<p><\/p>\n\n\n\n<h2>Bonus docenti e interrogazione parlamentare: quali sono le richieste<\/h2>\n\n\n\n<p>Il Movimento 5 Stelle ha presentato un\u2019interrogazione parlamentare per denunciare tre punti critici:<\/p>\n\n\n\n<ul>\n<li>ritardi nella riapertura della piattaforma;<\/li>\n\n\n\n<li>importi inferiori ai canonici 500 euro, considerati insufficienti per i precari;<\/li>\n\n\n\n<li>tempi troppo stretti per utilizzare i residui degli anni precedenti.<\/li>\n<\/ul>\n\n\n\n<p>Antonio Caso, capogruppo M5S in Commissione Cultura, ha definito la situazione \u201c<strong>allarmante<\/strong>\u201d, chiedendo trasparenza, tempi rapidi e accesso garantito per tutti i docenti.<\/p>\n\n\n\n<p>L\u2019obiettivo dell\u2019interrogazione \u00e8 evitare che il <strong>bonus docenti<\/strong> si trasformi in uno strumento inefficace, compromettendo il diritto degli insegnanti alla formazione professionale.<\/p>\n\n\n\n<p><\/p>\n\n\n\n<h2>Le richieste dei sindacati sul bonus docenti<\/h2>\n\n\n\n<p>Anche i sindacati \u2013 in particolare Anief \u2013 chiedono stanziamenti adeguati nella Legge di Bilancio 2026. Le principali richieste includono:<\/p>\n\n\n\n<ul>\n<li>accesso al bonus docenti per <strong>tutto il personale scolastico<\/strong>, compresi i supplenti;<\/li>\n\n\n\n<li>mantenimento dell\u2019importo minimo di <strong>500 euro<\/strong>;<\/li>\n\n\n\n<li>riconoscimento del lavoro gravoso degli insegnanti;<\/li>\n\n\n\n<li>fondi dedicati a <strong>trasferte e indennit\u00e0 di sede<\/strong>;<\/li>\n\n\n\n<li>maggiore trasparenza nella gestione della piattaforma.<\/li>\n<\/ul>\n\n\n\n<p>Marcello Pacifico (Anief) ha ricordato che sono stati presentati circa <strong>70 emendamenti<\/strong> per rafforzare il settore scuola e tutelare i diritti dei docenti.<\/p>\n\n\n\n<p><\/p>\n\n\n\n<h2>Bonus docenti: perch\u00e9 \u00e8 una misura a rischio<\/h2>\n\n\n\n<p>L\u2019interrogazione parlamentare mette in luce problemi gravi che potrebbero compromettere l\u2019efficacia del <strong>bonus docenti<\/strong>.<\/p>\n\n\n\n<p>Tra piattaforma inaccessibile, importi incerti e crescente malcontento, il supporto politico e sindacale diventa indispensabile per preservare un diritto fondamentale: l\u2019aggiornamento professionale continuo.<\/p>\n\n\n\n<p><\/p>\n\n\n\n<h2>Confronto europeo: cosa fanno gli altri Paesi<\/h2>\n\n\n\n<h3><strong>Finlandia<\/strong><\/h3>\n\n\n\n<p>Gli insegnanti ricevono tempo dedicato alla formazione e incentivi economici personalizzati, inseriti in programmi strutturati di aggiornamento.<\/p>\n\n\n\n<h3><strong>Germania<\/strong><\/h3>\n\n\n\n<p>La formazione viene finanziata da fondi regionali, con <strong>rimborsi<\/strong> per materiali didattici e agevolazioni fiscali per i docenti.<\/p>\n\n\n\n<h3><strong>Francia<\/strong><\/h3>\n\n\n\n<p>Gli insegnanti dispongono di un budget annuale simile alla Carta del Docente italiana, ma con procedure pi\u00f9 snelle, rapide e trasparenti.<\/p>\n\n\n\n<p>Il confronto con l\u2019Europa dimostra che, sebbene la Carta del Docente sia un\u2019iniziativa innovativa, l\u2019Italia deve ancora lavorare per:<\/p>\n\n\n\n<ul>\n<li>ridurre i ritardi;<\/li>\n\n\n\n<li>semplificare la piattaforma;<\/li>\n\n\n\n<li>garantire accesso equo per tutti i docenti, inclusi i supplenti;<\/li>\n\n\n\n<li>rendere il bonus realmente utile per la crescita professionale.<\/li>\n<\/ul>\n\n\n\n<p>Solo cos\u00ec il <strong>bonus docenti<\/strong> potr\u00e0 tornare a essere un pilastro della formazione continua, in linea con i sistemi educativi pi\u00f9 evoluti d\u2019Europa.<\/p>\n\n\n\n<p><\/p>\n\n\n\n<p>Per ulteriori news e aggiornamenti sul mondo scuola, segui il\u00a0<strong><a href=\"https:\/\/www.docenti.it\/blog\/\" target=\"_blank\" rel=\"noreferrer noopener\">Blog<\/a><\/strong>\u00a0di\u00a0<strong><a href=\"https:\/\/www.docenti.it\/\" target=\"_blank\" rel=\"noreferrer noopener\">Docenti.it<\/a><\/strong><\/p>\n\n\n\n<p><\/p>\n","protected":false},"excerpt":{"rendered":"<p>Bonus docenti: la Carta del Docente rappresenta uno strumento essenziale per sostenere la formazione [&hellip;]<\/p>\n","protected":false},"author":25,"featured_media":42085,"comment_status":"open","ping_status":"open","sticky":false,"template":"","format":"standard","meta":[],"categories":[4],"tags":[618,735,363,93,664,884],"yoast_head":"<!-- This site is optimized with the Yoast SEO plugin v20.4 - https:\/\/yoast.com\/wordpress\/plugins\/seo\/ -->\n<title>Bonus docenti: ritardi, novit\u00e0 e criticit\u00e0 della misura<\/title>\n<meta name=\"description\" content=\"Bonus docenti: ritardi, aggiornamenti, criticit\u00e0, richieste di sindacati e politiche per sbloccare la Carta del Docente.\" \/>\n<meta name=\"robots\" content=\"index, follow, max-snippet:-1, max-image-preview:large, max-video-preview:-1\" \/>\n<link rel=\"canonical\" href=\"https:\/\/www.docenti.it\/blog\/bonus-docenti-ritardi-novita-criticita\/\" \/>\n<meta property=\"og:locale\" content=\"it_IT\" \/>\n<meta property=\"og:type\" content=\"article\" \/>\n<meta property=\"og:title\" content=\"Bonus docenti: ritardi, novit\u00e0 e criticit\u00e0 della misura\" \/>\n<meta property=\"og:description\" content=\"Bonus docenti: ritardi, aggiornamenti, criticit\u00e0, richieste di sindacati e politiche per sbloccare la Carta del Docente.\" \/>\n<meta property=\"og:url\" content=\"https:\/\/www.docenti.it\/blog\/bonus-docenti-ritardi-novita-criticita\/\" \/>\n<meta property=\"og:site_name\" content=\"Blog | Docenti.it\" \/>\n<meta property=\"article:publisher\" content=\"https:\/\/www.facebook.com\/docenti.it\" \/>\n<meta property=\"article:published_time\" content=\"2025-11-18T15:54:01+00:00\" \/>\n<meta property=\"article:modified_time\" content=\"2025-11-18T15:54:02+00:00\" \/>\n<meta property=\"og:image\" content=\"https:\/\/www.docenti.it\/blog\/wp-content\/uploads\/2022\/12\/pexels-pixabay-259100.jpg\" \/>\n\t<meta property=\"og:image:width\" content=\"640\" \/>\n\t<meta property=\"og:image:height\" content=\"409\" \/>\n\t<meta property=\"og:image:type\" content=\"image\/jpeg\" \/>\n<meta name=\"author\" content=\"Gabriella Capraro\" \/>\n<meta name=\"twitter:card\" content=\"summary_large_image\" \/>\n<meta name=\"twitter:label1\" content=\"Written by\" \/>\n\t<meta name=\"twitter:data1\" content=\"Gabriella Capraro\" \/>\n\t<meta name=\"twitter:label2\" content=\"Est. reading time\" \/>\n\t<meta name=\"twitter:data2\" content=\"3 minuti\" \/>\n<script type=\"application\/ld+json\" class=\"yoast-schema-graph\">{\"@context\":\"https:\/\/schema.org\",\"@graph\":[{\"@type\":\"Article\",\"@id\":\"https:\/\/www.docenti.it\/blog\/bonus-docenti-ritardi-novita-criticita\/#article\",\"isPartOf\":{\"@id\":\"https:\/\/www.docenti.it\/blog\/bonus-docenti-ritardi-novita-criticita\/\"},\"author\":{\"name\":\"Gabriella Capraro\",\"@id\":\"https:\/\/www.docenti.it\/blog\/#\/schema\/person\/773963d3c0645bd34c150c41a13e5754\"},\"headline\":\"Bonus docenti: ritardi, novit\u00e0 e criticit\u00e0 della misura\",\"datePublished\":\"2025-11-18T15:54:01+00:00\",\"dateModified\":\"2025-11-18T15:54:02+00:00\",\"mainEntityOfPage\":{\"@id\":\"https:\/\/www.docenti.it\/blog\/bonus-docenti-ritardi-novita-criticita\/\"},\"wordCount\":606,\"commentCount\":0,\"publisher\":{\"@id\":\"https:\/\/www.docenti.it\/blog\/#organization\"},\"keywords\":[\"bonus 500 euro\",\"bonus docente\",\"bonus docenti\",\"carta del docente\",\"Carta Docente\",\"carta docente 2025\"],\"articleSection\":[\"News\"],\"inLanguage\":\"it-IT\",\"potentialAction\":[{\"@type\":\"CommentAction\",\"name\":\"Comment\",\"target\":[\"https:\/\/www.docenti.it\/blog\/bonus-docenti-ritardi-novita-criticita\/#respond\"]}]},{\"@type\":\"WebPage\",\"@id\":\"https:\/\/www.docenti.it\/blog\/bonus-docenti-ritardi-novita-criticita\/\",\"url\":\"https:\/\/www.docenti.it\/blog\/bonus-docenti-ritardi-novita-criticita\/\",\"name\":\"Bonus docenti: ritardi, novit\u00e0 e criticit\u00e0 della misura\",\"isPartOf\":{\"@id\":\"https:\/\/www.docenti.it\/blog\/#website\"},\"datePublished\":\"2025-11-18T15:54:01+00:00\",\"dateModified\":\"2025-11-18T15:54:02+00:00\",\"description\":\"Bonus docenti: ritardi, aggiornamenti, criticit\u00e0, richieste di sindacati e politiche per sbloccare la Carta del Docente.\",\"breadcrumb\":{\"@id\":\"https:\/\/www.docenti.it\/blog\/bonus-docenti-ritardi-novita-criticita\/#breadcrumb\"},\"inLanguage\":\"it-IT\",\"potentialAction\":[{\"@type\":\"ReadAction\",\"target\":[\"https:\/\/www.docenti.it\/blog\/bonus-docenti-ritardi-novita-criticita\/\"]}]},{\"@type\":\"BreadcrumbList\",\"@id\":\"https:\/\/www.docenti.it\/blog\/bonus-docenti-ritardi-novita-criticita\/#breadcrumb\",\"itemListElement\":[{\"@type\":\"ListItem\",\"position\":1,\"name\":\"Home\",\"item\":\"https:\/\/www.docenti.it\/blog\/\"},{\"@type\":\"ListItem\",\"position\":2,\"name\":\"Bonus docenti: ritardi, novit\u00e0 e criticit\u00e0 della misura\"}]},{\"@type\":\"WebSite\",\"@id\":\"https:\/\/www.docenti.it\/blog\/#website\",\"url\":\"https:\/\/www.docenti.it\/blog\/\",\"name\":\"Blog | Docenti.it\",\"description\":\"Tutte le notizie e gli aggiornamenti dal mondo della scuola\",\"publisher\":{\"@id\":\"https:\/\/www.docenti.it\/blog\/#organization\"},\"potentialAction\":[{\"@type\":\"SearchAction\",\"target\":{\"@type\":\"EntryPoint\",\"urlTemplate\":\"https:\/\/www.docenti.it\/blog\/?s={search_term_string}\"},\"query-input\":\"required name=search_term_string\"}],\"inLanguage\":\"it-IT\"},{\"@type\":\"Organization\",\"@id\":\"https:\/\/www.docenti.it\/blog\/#organization\",\"name\":\"Blog | Docenti.it\",\"url\":\"https:\/\/www.docenti.it\/blog\/\",\"logo\":{\"@type\":\"ImageObject\",\"inLanguage\":\"it-IT\",\"@id\":\"https:\/\/www.docenti.it\/blog\/#\/schema\/logo\/image\/\",\"url\":\"https:\/\/www.docenti.it\/blog\/wp-content\/uploads\/2025\/06\/fb_mad_img.png\",\"contentUrl\":\"https:\/\/www.docenti.it\/blog\/wp-content\/uploads\/2025\/06\/fb_mad_img.png\",\"width\":1140,\"height\":620,\"caption\":\"Blog | Docenti.it\"},\"image\":{\"@id\":\"https:\/\/www.docenti.it\/blog\/#\/schema\/logo\/image\/\"},\"sameAs\":[\"https:\/\/www.facebook.com\/docenti.it\"]},{\"@type\":\"Person\",\"@id\":\"https:\/\/www.docenti.it\/blog\/#\/schema\/person\/773963d3c0645bd34c150c41a13e5754\",\"name\":\"Gabriella Capraro\",\"image\":{\"@type\":\"ImageObject\",\"inLanguage\":\"it-IT\",\"@id\":\"https:\/\/www.docenti.it\/blog\/#\/schema\/person\/image\/\",\"url\":\"https:\/\/secure.gravatar.com\/avatar\/17e0ab06bea064a8a7c5bef443cb7153?s=96&d=mm&r=g\",\"contentUrl\":\"https:\/\/secure.gravatar.com\/avatar\/17e0ab06bea064a8a7c5bef443cb7153?s=96&d=mm&r=g\",\"caption\":\"Gabriella Capraro\"},\"description\":\"Copywriter e digital strategist, collabora come articolista e autrice per diverse piattaforme online, spaziando da tematiche scolastiche\/istituzionali a letterarie e musicali.\",\"url\":\"https:\/\/www.docenti.it\/blog\/author\/gcapraro\/\"}]}<\/script>\n<!-- \/ Yoast SEO plugin. -->","yoast_head_json":{"title":"Bonus docenti: ritardi, novit\u00e0 e criticit\u00e0 della misura","description":"Bonus docenti: ritardi, aggiornamenti, criticit\u00e0, richieste di sindacati e politiche per sbloccare la Carta del Docente.","robots":{"index":"index","follow":"follow","max-snippet":"max-snippet:-1","max-image-preview":"max-image-preview:large","max-video-preview":"max-video-preview:-1"},"canonical":"https:\/\/www.docenti.it\/blog\/bonus-docenti-ritardi-novita-criticita\/","og_locale":"it_IT","og_type":"article","og_title":"Bonus docenti: ritardi, novit\u00e0 e criticit\u00e0 della misura","og_description":"Bonus docenti: ritardi, aggiornamenti, criticit\u00e0, richieste di sindacati e politiche per sbloccare la Carta del Docente.","og_url":"https:\/\/www.docenti.it\/blog\/bonus-docenti-ritardi-novita-criticita\/","og_site_name":"Blog | Docenti.it","article_publisher":"https:\/\/www.facebook.com\/docenti.it","article_published_time":"2025-11-18T15:54:01+00:00","article_modified_time":"2025-11-18T15:54:02+00:00","og_image":[{"width":640,"height":409,"url":"https:\/\/www.docenti.it\/blog\/wp-content\/uploads\/2022\/12\/pexels-pixabay-259100.jpg","type":"image\/jpeg"}],"author":"Gabriella Capraro","twitter_card":"summary_large_image","twitter_misc":{"Written by":"Gabriella Capraro","Est. reading time":"3 minuti"},"schema":{"@context":"https:\/\/schema.org","@graph":[{"@type":"Article","@id":"https:\/\/www.docenti.it\/blog\/bonus-docenti-ritardi-novita-criticita\/#article","isPartOf":{"@id":"https:\/\/www.docenti.it\/blog\/bonus-docenti-ritardi-novita-criticita\/"},"author":{"name":"Gabriella Capraro","@id":"https:\/\/www.docenti.it\/blog\/#\/schema\/person\/773963d3c0645bd34c150c41a13e5754"},"headline":"Bonus docenti: ritardi, novit\u00e0 e criticit\u00e0 della misura","datePublished":"2025-11-18T15:54:01+00:00","dateModified":"2025-11-18T15:54:02+00:00","mainEntityOfPage":{"@id":"https:\/\/www.docenti.it\/blog\/bonus-docenti-ritardi-novita-criticita\/"},"wordCount":606,"commentCount":0,"publisher":{"@id":"https:\/\/www.docenti.it\/blog\/#organization"},"keywords":["bonus 500 euro","bonus docente","bonus docenti","carta del docente","Carta Docente","carta docente 2025"],"articleSection":["News"],"inLanguage":"it-IT","potentialAction":[{"@type":"CommentAction","name":"Comment","target":["https:\/\/www.docenti.it\/blog\/bonus-docenti-ritardi-novita-criticita\/#respond"]}]},{"@type":"WebPage","@id":"https:\/\/www.docenti.it\/blog\/bonus-docenti-ritardi-novita-criticita\/","url":"https:\/\/www.docenti.it\/blog\/bonus-docenti-ritardi-novita-criticita\/","name":"Bonus docenti: ritardi, novit\u00e0 e criticit\u00e0 della misura","isPartOf":{"@id":"https:\/\/www.docenti.it\/blog\/#website"},"datePublished":"2025-11-18T15:54:01+00:00","dateModified":"2025-11-18T15:54:02+00:00","description":"Bonus docenti: ritardi, aggiornamenti, criticit\u00e0, richieste di sindacati e politiche per sbloccare la Carta del Docente.","breadcrumb":{"@id":"https:\/\/www.docenti.it\/blog\/bonus-docenti-ritardi-novita-criticita\/#breadcrumb"},"inLanguage":"it-IT","potentialAction":[{"@type":"ReadAction","target":["https:\/\/www.docenti.it\/blog\/bonus-docenti-ritardi-novita-criticita\/"]}]},{"@type":"BreadcrumbList","@id":"https:\/\/www.docenti.it\/blog\/bonus-docenti-ritardi-novita-criticita\/#breadcrumb","itemListElement":[{"@type":"ListItem","position":1,"name":"Home","item":"https:\/\/www.docenti.it\/blog\/"},{"@type":"ListItem","position":2,"name":"Bonus docenti: ritardi, novit\u00e0 e criticit\u00e0 della misura"}]},{"@type":"WebSite","@id":"https:\/\/www.docenti.it\/blog\/#website","url":"https:\/\/www.docenti.it\/blog\/","name":"Blog | Docenti.it","description":"Tutte le notizie e gli aggiornamenti dal mondo della scuola","publisher":{"@id":"https:\/\/www.docenti.it\/blog\/#organization"},"potentialAction":[{"@type":"SearchAction","target":{"@type":"EntryPoint","urlTemplate":"https:\/\/www.docenti.it\/blog\/?s={search_term_string}"},"query-input":"required name=search_term_string"}],"inLanguage":"it-IT"},{"@type":"Organization","@id":"https:\/\/www.docenti.it\/blog\/#organization","name":"Blog | Docenti.it","url":"https:\/\/www.docenti.it\/blog\/","logo":{"@type":"ImageObject","inLanguage":"it-IT","@id":"https:\/\/www.docenti.it\/blog\/#\/schema\/logo\/image\/","url":"https:\/\/www.docenti.it\/blog\/wp-content\/uploads\/2025\/06\/fb_mad_img.png","contentUrl":"https:\/\/www.docenti.it\/blog\/wp-content\/uploads\/2025\/06\/fb_mad_img.png","width":1140,"height":620,"caption":"Blog | Docenti.it"},"image":{"@id":"https:\/\/www.docenti.it\/blog\/#\/schema\/logo\/image\/"},"sameAs":["https:\/\/www.facebook.com\/docenti.it"]},{"@type":"Person","@id":"https:\/\/www.docenti.it\/blog\/#\/schema\/person\/773963d3c0645bd34c150c41a13e5754","name":"Gabriella Capraro","image":{"@type":"ImageObject","inLanguage":"it-IT","@id":"https:\/\/www.docenti.it\/blog\/#\/schema\/person\/image\/","url":"https:\/\/secure.gravatar.com\/avatar\/17e0ab06bea064a8a7c5bef443cb7153?s=96&d=mm&r=g","contentUrl":"https:\/\/secure.gravatar.com\/avatar\/17e0ab06bea064a8a7c5bef443cb7153?s=96&d=mm&r=g","caption":"Gabriella Capraro"},"description":"Copywriter e digital strategist, collabora come articolista e autrice per diverse piattaforme online, spaziando da tematiche scolastiche\/istituzionali a letterarie e musicali.","url":"https:\/\/www.docenti.it\/blog\/author\/gcapraro\/"}]}},"_links":{"self":[{"href":"https:\/\/www.docenti.it\/blog\/wp-json\/wp\/v2\/posts\/47093"}],"collection":[{"href":"https:\/\/www.docenti.it\/blog\/wp-json\/wp\/v2\/posts"}],"about":[{"href":"https:\/\/www.docenti.it\/blog\/wp-json\/wp\/v2\/types\/post"}],"author":[{"embeddable":true,"href":"https:\/\/www.docenti.it\/blog\/wp-json\/wp\/v2\/users\/25"}],"replies":[{"embeddable":true,"href":"https:\/\/www.docenti.it\/blog\/wp-json\/wp\/v2\/comments?post=47093"}],"version-history":[{"count":1,"href":"https:\/\/www.docenti.it\/blog\/wp-json\/wp\/v2\/posts\/47093\/revisions"}],"predecessor-version":[{"id":47094,"href":"https:\/\/www.docenti.it\/blog\/wp-json\/wp\/v2\/posts\/47093\/revisions\/47094"}],"wp:featuredmedia":[{"embeddable":true,"href":"https:\/\/www.docenti.it\/blog\/wp-json\/wp\/v2\/media\/42085"}],"wp:attachment":[{"href":"https:\/\/www.docenti.it\/blog\/wp-json\/wp\/v2\/media?parent=47093"}],"wp:term":[{"taxonomy":"category","embeddable":true,"href":"https:\/\/www.docenti.it\/blog\/wp-json\/wp\/v2\/categories?post=47093"},{"taxonomy":"post_tag","embeddable":true,"href":"https:\/\/www.docenti.it\/blog\/wp-json\/wp\/v2\/tags?post=47093"}],"curies":[{"name":"wp","href":"https:\/\/api.w.org\/{rel}","templated":true}]}}