{"id":47103,"date":"2025-11-21T19:35:37","date_gmt":"2025-11-21T18:35:37","guid":{"rendered":"https:\/\/www.docenti.it\/blog\/?p=47103"},"modified":"2025-11-21T19:35:37","modified_gmt":"2025-11-21T18:35:37","slug":"posizioni-economiche-ata-quando-si-svolgeranno-le-prove","status":"publish","type":"post","link":"https:\/\/www.docenti.it\/blog\/posizioni-economiche-ata-quando-si-svolgeranno-le-prove\/","title":{"rendered":"Posizioni economiche ATA: quando si svolgeranno le prove?"},"content":{"rendered":"\n<p>Le <strong>posizioni economiche ATA<\/strong> rappresentano un\u2019opportunit\u00e0 concreta di crescita professionale per il personale scolastico. Il Ministero dell\u2019Istruzione ha pubblicato il calendario ufficiale delle prove finali, che si svolgeranno dal <strong>15 al 19 dicembre 2025<\/strong> in sedi distribuite su tutto il territorio nazionale.<\/p>\n\n\n\n<p>Di seguito trovi una guida completa con date, orari, documenti necessari e le regole fondamentali per affrontare al meglio le prove.<\/p>\n\n\n\n<p><\/p>\n\n\n\n<h2>Calendario ufficiale delle prove per le posizioni economiche ATA<\/h2>\n\n\n\n<p>Le sessioni d\u2019esame dedicate all\u2019assegnazione delle posizioni economiche ATA si articolano in pi\u00f9 giornate e turni.<\/p>\n\n\n\n<h3>Date e orari delle prove<\/h3>\n\n\n\n<p>Ecco il programma dettagliato:<\/p>\n\n\n\n<ul>\n<li><strong>15 dicembre, ore 9:00<\/strong> \u2013 Operatore dei servizi agrari<\/li>\n\n\n\n<li><strong>15 dicembre, ore 14:30<\/strong> \u2013 Collaboratore scolastico (1\u00b0 turno)<\/li>\n\n\n\n<li><strong>16 dicembre, ore 14:30<\/strong> \u2013 Collaboratore scolastico (2\u00b0 turno)<\/li>\n\n\n\n<li><strong>17 dicembre, ore 14:30<\/strong> \u2013 Assistente tecnico \u2013 <em>I posizione economica<\/em><\/li>\n\n\n\n<li><strong>18 dicembre, ore 14:30<\/strong> \u2013 Assistente tecnico \u2013 <em>II posizione economica<\/em><\/li>\n\n\n\n<li><strong>19 dicembre, ore 9:00<\/strong> \u2013 Assistente amministrativo \u2013 <em>I posizione economica<\/em>, cuoco, infermiere<\/li>\n\n\n\n<li><strong>19 dicembre, ore 14:30<\/strong> \u2013 Assistente amministrativo \u2013 <em>II posizione economica<\/em><\/li>\n<\/ul>\n\n\n\n<p>Ogni partecipante deve presentarsi munito di <strong>documento di riconoscimento<\/strong> e <strong>codice fiscale<\/strong>.<\/p>\n\n\n\n<p><\/p>\n\n\n\n<h2>Turni, orari e organizzazione delle prove ATA 2025<\/h2>\n\n\n\n<p>Il Ministero ha previsto due sessioni giornaliere per gestire al meglio l\u2019elevato numero di candidati.<\/p>\n\n\n\n<h3>Struttura dei turni<\/h3>\n\n\n\n<ul>\n<li><strong>Turno mattutino<\/strong>\n<ul>\n<li>Identificazione: dalle <strong>8:00<\/strong><\/li>\n\n\n\n<li>Inizio prova: <strong>9:00<\/strong><\/li>\n<\/ul>\n<\/li>\n\n\n\n<li><strong>Turno pomeridiano<\/strong>\n<ul>\n<li>Identificazione: dalle <strong>13:30<\/strong><\/li>\n\n\n\n<li>Inizio prova: <strong>14:30<\/strong><\/li>\n<\/ul>\n<\/li>\n<\/ul>\n\n\n\n<p>Questo sistema garantisce un flusso ordinato ed evita affollamenti nelle aule.<\/p>\n\n\n\n<h3>Consigli pratici per chi arriva da fuori sede<\/h3>\n\n\n\n<p>\u00c8 utile programmare gli spostamenti con anticipo, lasciando margine per eventuali ritardi. Arrivare puntuali alle procedure di identificazione \u00e8 fondamentale: il ritardo comporta l\u2019esclusione immediata.<\/p>\n\n\n\n<p><\/p>\n\n\n\n<h2>Posizioni economiche ATA: identificazione dei candidati e documenti necessari<\/h2>\n\n\n\n<p>Durante la settimana dedicata alle posizioni economiche ATA, i controlli saranno rigorosi per assicurare trasparenza e corretto svolgimento delle prove.<\/p>\n\n\n\n<h3>Come avviene l\u2019identificazione<\/h3>\n\n\n\n<p>Il candidato deve presentare:<\/p>\n\n\n\n<ul>\n<li><strong>Documento d\u2019identit\u00e0 valido<\/strong><\/li>\n\n\n\n<li><strong>Codice fiscale<\/strong><\/li>\n\n\n\n<li><strong>Convocazione ufficiale<\/strong>, se richiesta dall\u2019USR<\/li>\n<\/ul>\n\n\n\n<p>In caso di smarrimento dei documenti, l\u2019accesso \u00e8 negato. Solo in casi eccezionali \u00e8 accettata una denuncia formale alle autorit\u00e0.<\/p>\n\n\n\n<p>Il personale di vigilanza gestir\u00e0 anche la distribuzione nelle aule.<\/p>\n\n\n\n<p><\/p>\n\n\n\n<h2>Regole fondamentali per affrontare le prove ATA 2025<\/h2>\n\n\n\n<p>Per sostenere correttamente la prova, ogni candidato deve rispettare alcune indicazioni essenziali:<\/p>\n\n\n\n<ul>\n<li><strong>Controllare in anticipo sede e aula assegnate<\/strong><\/li>\n\n\n\n<li>Arrivare almeno <strong>15 minuti prima<\/strong> dell\u2019identificazione<\/li>\n\n\n\n<li>Non introdurre <strong>appunti o dispositivi elettronici<\/strong><\/li>\n\n\n\n<li>Seguire con attenzione le istruzioni della commissione<\/li>\n\n\n\n<li>Mantenere un comportamento rispettoso e corretto per tutta la durata della prova<\/li>\n<\/ul>\n\n\n\n<p>Il mancato rispetto di queste regole comporta l\u2019esclusione immediata.<\/p>\n\n\n\n<p><\/p>\n\n\n\n<h2>Posizioni economiche ATA: perch\u00e9 aggiornarsi \u00e8 importante<\/h2>\n\n\n\n<p>Le <strong>posizioni economiche ATA<\/strong> offrono un miglioramento retributivo e nuove responsabilit\u00e0 professionali. Restare aggiornati sulle procedure, le convocazioni regionali e gli avvisi degli USR permette di:<\/p>\n\n\n\n<ul>\n<li>evitare errori procedurali<\/li>\n\n\n\n<li>presentarsi preparati<\/li>\n\n\n\n<li>comprendere appieno le opportunit\u00e0 di avanzamento<\/li>\n<\/ul>\n\n\n\n<p>Continuare a monitorare gli aggiornamenti Ministeriali \u00e8 quindi un passo essenziale per chi punta a valorizzare il proprio ruolo nella scuola.<\/p>\n\n\n\n<p><em>Se hai trovato interessante questo contenuto, prova a dare un&#8217;occhiata a questo: <\/em><\/p>\n\n\n<p><span style=\"color: #ff0000;\"><em><strong><a style=\"color: #ff0000;\" href=\"https:\/\/www.docenti.it\/blog\/posizioni-economiche-ata-le-prove-a-dicembre\/\">Posizioni economiche ATA 2025: le prove<\/a><\/strong><\/em><\/span><\/p>\n\n\n<p><\/p>\n\n\n\n<p>Per ulteriori news e approfondimenti sul mondo scuola, segui il\u00a0<strong><a href=\"https:\/\/www.docenti.it\/blog\/\" target=\"_blank\" rel=\"noreferrer noopener\">blog\u00a0<\/a><\/strong>di\u00a0<strong><a href=\"https:\/\/www.docenti.it\/\" target=\"_blank\" rel=\"noreferrer noopener\">Docenti.it<\/a><\/strong><\/p>\n\n\n\n<p><\/p>\n","protected":false},"excerpt":{"rendered":"<p>Le posizioni economiche ATA rappresentano un\u2019opportunit\u00e0 concreta di crescita professionale per il personale scolastico. [&hellip;]<\/p>\n","protected":false},"author":25,"featured_media":44933,"comment_status":"open","ping_status":"open","sticky":false,"template":"","format":"standard","meta":[],"categories":[4,82],"tags":[68,799,888,981],"yoast_head":"<!-- This site is optimized with the Yoast SEO plugin v20.4 - https:\/\/yoast.com\/wordpress\/plugins\/seo\/ -->\n<title>Posizioni economiche ATA: quando si svolgeranno le prove?<\/title>\n<meta name=\"description\" content=\"Posizioni economiche ATA: calendario, documenti e regole per le prove delle posizioni economiche ATA 2025.\" \/>\n<meta name=\"robots\" content=\"index, follow, max-snippet:-1, max-image-preview:large, max-video-preview:-1\" \/>\n<link rel=\"canonical\" href=\"https:\/\/www.docenti.it\/blog\/posizioni-economiche-ata-quando-si-svolgeranno-le-prove\/\" \/>\n<meta property=\"og:locale\" content=\"it_IT\" \/>\n<meta property=\"og:type\" content=\"article\" \/>\n<meta property=\"og:title\" content=\"Posizioni economiche ATA: quando si svolgeranno le prove?\" \/>\n<meta property=\"og:description\" content=\"Posizioni economiche ATA: calendario, documenti e regole per le prove delle posizioni economiche ATA 2025.\" \/>\n<meta property=\"og:url\" content=\"https:\/\/www.docenti.it\/blog\/posizioni-economiche-ata-quando-si-svolgeranno-le-prove\/\" \/>\n<meta property=\"og:site_name\" content=\"Blog | Docenti.it\" \/>\n<meta property=\"article:publisher\" content=\"https:\/\/www.facebook.com\/docenti.it\" \/>\n<meta property=\"article:published_time\" content=\"2025-11-21T18:35:37+00:00\" \/>\n<meta property=\"og:image\" content=\"https:\/\/www.docenti.it\/blog\/wp-content\/uploads\/2023\/02\/business-idea-g34519b7b1_640.jpg\" \/>\n\t<meta property=\"og:image:width\" content=\"640\" \/>\n\t<meta property=\"og:image:height\" content=\"427\" \/>\n\t<meta property=\"og:image:type\" content=\"image\/jpeg\" \/>\n<meta name=\"author\" content=\"Gabriella Capraro\" \/>\n<meta name=\"twitter:card\" content=\"summary_large_image\" \/>\n<meta name=\"twitter:label1\" content=\"Written by\" \/>\n\t<meta name=\"twitter:data1\" content=\"Gabriella Capraro\" \/>\n\t<meta name=\"twitter:label2\" content=\"Est. reading time\" \/>\n\t<meta name=\"twitter:data2\" content=\"2 minuti\" \/>\n<script type=\"application\/ld+json\" class=\"yoast-schema-graph\">{\"@context\":\"https:\/\/schema.org\",\"@graph\":[{\"@type\":\"Article\",\"@id\":\"https:\/\/www.docenti.it\/blog\/posizioni-economiche-ata-quando-si-svolgeranno-le-prove\/#article\",\"isPartOf\":{\"@id\":\"https:\/\/www.docenti.it\/blog\/posizioni-economiche-ata-quando-si-svolgeranno-le-prove\/\"},\"author\":{\"name\":\"Gabriella Capraro\",\"@id\":\"https:\/\/www.docenti.it\/blog\/#\/schema\/person\/773963d3c0645bd34c150c41a13e5754\"},\"headline\":\"Posizioni economiche ATA: quando si svolgeranno le prove?\",\"datePublished\":\"2025-11-21T18:35:37+00:00\",\"dateModified\":\"2025-11-21T18:35:37+00:00\",\"mainEntityOfPage\":{\"@id\":\"https:\/\/www.docenti.it\/blog\/posizioni-economiche-ata-quando-si-svolgeranno-le-prove\/\"},\"wordCount\":484,\"commentCount\":0,\"publisher\":{\"@id\":\"https:\/\/www.docenti.it\/blog\/#organization\"},\"keywords\":[\"Personale ATA\",\"personale ata 2025\",\"posizioni economiche 2025\",\"posizioni economiche ata\"],\"articleSection\":[\"News\",\"Personale ATA\"],\"inLanguage\":\"it-IT\",\"potentialAction\":[{\"@type\":\"CommentAction\",\"name\":\"Comment\",\"target\":[\"https:\/\/www.docenti.it\/blog\/posizioni-economiche-ata-quando-si-svolgeranno-le-prove\/#respond\"]}]},{\"@type\":\"WebPage\",\"@id\":\"https:\/\/www.docenti.it\/blog\/posizioni-economiche-ata-quando-si-svolgeranno-le-prove\/\",\"url\":\"https:\/\/www.docenti.it\/blog\/posizioni-economiche-ata-quando-si-svolgeranno-le-prove\/\",\"name\":\"Posizioni economiche ATA: quando si svolgeranno le prove?\",\"isPartOf\":{\"@id\":\"https:\/\/www.docenti.it\/blog\/#website\"},\"datePublished\":\"2025-11-21T18:35:37+00:00\",\"dateModified\":\"2025-11-21T18:35:37+00:00\",\"description\":\"Posizioni economiche ATA: calendario, documenti e regole per le prove delle posizioni economiche ATA 2025.\",\"breadcrumb\":{\"@id\":\"https:\/\/www.docenti.it\/blog\/posizioni-economiche-ata-quando-si-svolgeranno-le-prove\/#breadcrumb\"},\"inLanguage\":\"it-IT\",\"potentialAction\":[{\"@type\":\"ReadAction\",\"target\":[\"https:\/\/www.docenti.it\/blog\/posizioni-economiche-ata-quando-si-svolgeranno-le-prove\/\"]}]},{\"@type\":\"BreadcrumbList\",\"@id\":\"https:\/\/www.docenti.it\/blog\/posizioni-economiche-ata-quando-si-svolgeranno-le-prove\/#breadcrumb\",\"itemListElement\":[{\"@type\":\"ListItem\",\"position\":1,\"name\":\"Home\",\"item\":\"https:\/\/www.docenti.it\/blog\/\"},{\"@type\":\"ListItem\",\"position\":2,\"name\":\"Posizioni economiche ATA: quando si svolgeranno le prove?\"}]},{\"@type\":\"WebSite\",\"@id\":\"https:\/\/www.docenti.it\/blog\/#website\",\"url\":\"https:\/\/www.docenti.it\/blog\/\",\"name\":\"Blog | Docenti.it\",\"description\":\"Tutte le notizie e gli aggiornamenti dal mondo della scuola\",\"publisher\":{\"@id\":\"https:\/\/www.docenti.it\/blog\/#organization\"},\"potentialAction\":[{\"@type\":\"SearchAction\",\"target\":{\"@type\":\"EntryPoint\",\"urlTemplate\":\"https:\/\/www.docenti.it\/blog\/?s={search_term_string}\"},\"query-input\":\"required name=search_term_string\"}],\"inLanguage\":\"it-IT\"},{\"@type\":\"Organization\",\"@id\":\"https:\/\/www.docenti.it\/blog\/#organization\",\"name\":\"Blog | Docenti.it\",\"url\":\"https:\/\/www.docenti.it\/blog\/\",\"logo\":{\"@type\":\"ImageObject\",\"inLanguage\":\"it-IT\",\"@id\":\"https:\/\/www.docenti.it\/blog\/#\/schema\/logo\/image\/\",\"url\":\"https:\/\/www.docenti.it\/blog\/wp-content\/uploads\/2025\/06\/fb_mad_img.png\",\"contentUrl\":\"https:\/\/www.docenti.it\/blog\/wp-content\/uploads\/2025\/06\/fb_mad_img.png\",\"width\":1140,\"height\":620,\"caption\":\"Blog | Docenti.it\"},\"image\":{\"@id\":\"https:\/\/www.docenti.it\/blog\/#\/schema\/logo\/image\/\"},\"sameAs\":[\"https:\/\/www.facebook.com\/docenti.it\"]},{\"@type\":\"Person\",\"@id\":\"https:\/\/www.docenti.it\/blog\/#\/schema\/person\/773963d3c0645bd34c150c41a13e5754\",\"name\":\"Gabriella Capraro\",\"image\":{\"@type\":\"ImageObject\",\"inLanguage\":\"it-IT\",\"@id\":\"https:\/\/www.docenti.it\/blog\/#\/schema\/person\/image\/\",\"url\":\"https:\/\/secure.gravatar.com\/avatar\/17e0ab06bea064a8a7c5bef443cb7153?s=96&d=mm&r=g\",\"contentUrl\":\"https:\/\/secure.gravatar.com\/avatar\/17e0ab06bea064a8a7c5bef443cb7153?s=96&d=mm&r=g\",\"caption\":\"Gabriella Capraro\"},\"description\":\"Copywriter e digital strategist, collabora come articolista e autrice per diverse piattaforme online, spaziando da tematiche scolastiche\/istituzionali a letterarie e musicali.\",\"url\":\"https:\/\/www.docenti.it\/blog\/author\/gcapraro\/\"}]}<\/script>\n<!-- \/ Yoast SEO plugin. -->","yoast_head_json":{"title":"Posizioni economiche ATA: quando si svolgeranno le prove?","description":"Posizioni economiche ATA: calendario, documenti e regole per le prove delle posizioni economiche ATA 2025.","robots":{"index":"index","follow":"follow","max-snippet":"max-snippet:-1","max-image-preview":"max-image-preview:large","max-video-preview":"max-video-preview:-1"},"canonical":"https:\/\/www.docenti.it\/blog\/posizioni-economiche-ata-quando-si-svolgeranno-le-prove\/","og_locale":"it_IT","og_type":"article","og_title":"Posizioni economiche ATA: quando si svolgeranno le prove?","og_description":"Posizioni economiche ATA: calendario, documenti e regole per le prove delle posizioni economiche ATA 2025.","og_url":"https:\/\/www.docenti.it\/blog\/posizioni-economiche-ata-quando-si-svolgeranno-le-prove\/","og_site_name":"Blog | Docenti.it","article_publisher":"https:\/\/www.facebook.com\/docenti.it","article_published_time":"2025-11-21T18:35:37+00:00","og_image":[{"width":640,"height":427,"url":"https:\/\/www.docenti.it\/blog\/wp-content\/uploads\/2023\/02\/business-idea-g34519b7b1_640.jpg","type":"image\/jpeg"}],"author":"Gabriella Capraro","twitter_card":"summary_large_image","twitter_misc":{"Written by":"Gabriella Capraro","Est. reading time":"2 minuti"},"schema":{"@context":"https:\/\/schema.org","@graph":[{"@type":"Article","@id":"https:\/\/www.docenti.it\/blog\/posizioni-economiche-ata-quando-si-svolgeranno-le-prove\/#article","isPartOf":{"@id":"https:\/\/www.docenti.it\/blog\/posizioni-economiche-ata-quando-si-svolgeranno-le-prove\/"},"author":{"name":"Gabriella Capraro","@id":"https:\/\/www.docenti.it\/blog\/#\/schema\/person\/773963d3c0645bd34c150c41a13e5754"},"headline":"Posizioni economiche ATA: quando si svolgeranno le prove?","datePublished":"2025-11-21T18:35:37+00:00","dateModified":"2025-11-21T18:35:37+00:00","mainEntityOfPage":{"@id":"https:\/\/www.docenti.it\/blog\/posizioni-economiche-ata-quando-si-svolgeranno-le-prove\/"},"wordCount":484,"commentCount":0,"publisher":{"@id":"https:\/\/www.docenti.it\/blog\/#organization"},"keywords":["Personale ATA","personale ata 2025","posizioni economiche 2025","posizioni economiche ata"],"articleSection":["News","Personale ATA"],"inLanguage":"it-IT","potentialAction":[{"@type":"CommentAction","name":"Comment","target":["https:\/\/www.docenti.it\/blog\/posizioni-economiche-ata-quando-si-svolgeranno-le-prove\/#respond"]}]},{"@type":"WebPage","@id":"https:\/\/www.docenti.it\/blog\/posizioni-economiche-ata-quando-si-svolgeranno-le-prove\/","url":"https:\/\/www.docenti.it\/blog\/posizioni-economiche-ata-quando-si-svolgeranno-le-prove\/","name":"Posizioni economiche ATA: quando si svolgeranno le prove?","isPartOf":{"@id":"https:\/\/www.docenti.it\/blog\/#website"},"datePublished":"2025-11-21T18:35:37+00:00","dateModified":"2025-11-21T18:35:37+00:00","description":"Posizioni economiche ATA: calendario, documenti e regole per le prove delle posizioni economiche ATA 2025.","breadcrumb":{"@id":"https:\/\/www.docenti.it\/blog\/posizioni-economiche-ata-quando-si-svolgeranno-le-prove\/#breadcrumb"},"inLanguage":"it-IT","potentialAction":[{"@type":"ReadAction","target":["https:\/\/www.docenti.it\/blog\/posizioni-economiche-ata-quando-si-svolgeranno-le-prove\/"]}]},{"@type":"BreadcrumbList","@id":"https:\/\/www.docenti.it\/blog\/posizioni-economiche-ata-quando-si-svolgeranno-le-prove\/#breadcrumb","itemListElement":[{"@type":"ListItem","position":1,"name":"Home","item":"https:\/\/www.docenti.it\/blog\/"},{"@type":"ListItem","position":2,"name":"Posizioni economiche ATA: quando si svolgeranno le prove?"}]},{"@type":"WebSite","@id":"https:\/\/www.docenti.it\/blog\/#website","url":"https:\/\/www.docenti.it\/blog\/","name":"Blog | Docenti.it","description":"Tutte le notizie e gli aggiornamenti dal mondo della scuola","publisher":{"@id":"https:\/\/www.docenti.it\/blog\/#organization"},"potentialAction":[{"@type":"SearchAction","target":{"@type":"EntryPoint","urlTemplate":"https:\/\/www.docenti.it\/blog\/?s={search_term_string}"},"query-input":"required name=search_term_string"}],"inLanguage":"it-IT"},{"@type":"Organization","@id":"https:\/\/www.docenti.it\/blog\/#organization","name":"Blog | Docenti.it","url":"https:\/\/www.docenti.it\/blog\/","logo":{"@type":"ImageObject","inLanguage":"it-IT","@id":"https:\/\/www.docenti.it\/blog\/#\/schema\/logo\/image\/","url":"https:\/\/www.docenti.it\/blog\/wp-content\/uploads\/2025\/06\/fb_mad_img.png","contentUrl":"https:\/\/www.docenti.it\/blog\/wp-content\/uploads\/2025\/06\/fb_mad_img.png","width":1140,"height":620,"caption":"Blog | Docenti.it"},"image":{"@id":"https:\/\/www.docenti.it\/blog\/#\/schema\/logo\/image\/"},"sameAs":["https:\/\/www.facebook.com\/docenti.it"]},{"@type":"Person","@id":"https:\/\/www.docenti.it\/blog\/#\/schema\/person\/773963d3c0645bd34c150c41a13e5754","name":"Gabriella Capraro","image":{"@type":"ImageObject","inLanguage":"it-IT","@id":"https:\/\/www.docenti.it\/blog\/#\/schema\/person\/image\/","url":"https:\/\/secure.gravatar.com\/avatar\/17e0ab06bea064a8a7c5bef443cb7153?s=96&d=mm&r=g","contentUrl":"https:\/\/secure.gravatar.com\/avatar\/17e0ab06bea064a8a7c5bef443cb7153?s=96&d=mm&r=g","caption":"Gabriella Capraro"},"description":"Copywriter e digital strategist, collabora come articolista e autrice per diverse piattaforme online, spaziando da tematiche scolastiche\/istituzionali a letterarie e musicali.","url":"https:\/\/www.docenti.it\/blog\/author\/gcapraro\/"}]}},"_links":{"self":[{"href":"https:\/\/www.docenti.it\/blog\/wp-json\/wp\/v2\/posts\/47103"}],"collection":[{"href":"https:\/\/www.docenti.it\/blog\/wp-json\/wp\/v2\/posts"}],"about":[{"href":"https:\/\/www.docenti.it\/blog\/wp-json\/wp\/v2\/types\/post"}],"author":[{"embeddable":true,"href":"https:\/\/www.docenti.it\/blog\/wp-json\/wp\/v2\/users\/25"}],"replies":[{"embeddable":true,"href":"https:\/\/www.docenti.it\/blog\/wp-json\/wp\/v2\/comments?post=47103"}],"version-history":[{"count":1,"href":"https:\/\/www.docenti.it\/blog\/wp-json\/wp\/v2\/posts\/47103\/revisions"}],"predecessor-version":[{"id":47104,"href":"https:\/\/www.docenti.it\/blog\/wp-json\/wp\/v2\/posts\/47103\/revisions\/47104"}],"wp:featuredmedia":[{"embeddable":true,"href":"https:\/\/www.docenti.it\/blog\/wp-json\/wp\/v2\/media\/44933"}],"wp:attachment":[{"href":"https:\/\/www.docenti.it\/blog\/wp-json\/wp\/v2\/media?parent=47103"}],"wp:term":[{"taxonomy":"category","embeddable":true,"href":"https:\/\/www.docenti.it\/blog\/wp-json\/wp\/v2\/categories?post=47103"},{"taxonomy":"post_tag","embeddable":true,"href":"https:\/\/www.docenti.it\/blog\/wp-json\/wp\/v2\/tags?post=47103"}],"curies":[{"name":"wp","href":"https:\/\/api.w.org\/{rel}","templated":true}]}}