{"id":47108,"date":"2025-11-23T15:15:58","date_gmt":"2025-11-23T14:15:58","guid":{"rendered":"https:\/\/www.docenti.it\/blog\/?p=47108"},"modified":"2025-11-23T15:15:58","modified_gmt":"2025-11-23T14:15:58","slug":"alfabetizzazione-digitale-2025-quale-certificazione-scegliere","status":"publish","type":"post","link":"https:\/\/www.docenti.it\/blog\/alfabetizzazione-digitale-2025-quale-certificazione-scegliere\/","title":{"rendered":"Alfabetizzazione digitale 2025: quale certificazione scegliere?"},"content":{"rendered":"\n<p>L\u2019<strong>alfabetizzazione digitale 2025<\/strong> \u00e8 ormai un requisito essenziale per muoversi con autonomia nella societ\u00e0 contemporanea. <\/p>\n\n\n\n<p>Non riguarda soltanto l\u2019uso di PC e dispositivi, ma abbraccia competenze molto pi\u00f9 ampie: gestione delle informazioni, sicurezza online, comunicazione digitale, capacit\u00e0 di produrre contenuti e utilizzo consapevole degli strumenti di intelligenza artificiale.<\/p>\n\n\n\n<p>Negli ultimi anni l\u2019interesse per questo tema \u00e8 cresciuto rapidamente, spinto dall\u2019evoluzione tecnologica, dalle nuove richieste del mondo del lavoro e dai cambiamenti normativi che coinvolgono in modo particolare il settore scolastico. <\/p>\n\n\n\n<p>Tra i certificati pi\u00f9 richiesti spicca la <strong>Certificazione Internazionale di Alfabetizzazione Digitale (CIAD)<\/strong>, oggi ritenuta uno standard di riferimento per molte professioni.<\/p>\n\n\n\n<p><\/p>\n\n\n\n<h2>L\u2019evoluzione dell\u2019alfabetizzazione digitale nel 2025<\/h2>\n\n\n\n<p>L\u2019alfabetizzazione digitale nel 2025 segue il framework europeo <strong>DigComp<\/strong>, che definisce le competenze necessarie per essere cittadini digitali preparati. <\/p>\n\n\n\n<p>Le persone cercano informazioni su come migliorare la propria capacit\u00e0 di navigare in rete, proteggere i dati personali, riconoscere la disinformazione, utilizzare strumenti collaborativi e padroneggiare le nuove tecnologie basate sull\u2019IA.<\/p>\n\n\n\n<p>Le competenze digitali non sono pi\u00f9 un vantaggio facoltativo: rappresentano una condizione essenziale per lavorare, studiare e interagire con servizi pubblici e privati.<\/p>\n\n\n\n<p><\/p>\n\n\n\n<h2>Cos\u2019\u00e8 la CIAD e perch\u00e9 \u00e8 centrale nel 2025<\/h2>\n\n\n\n<p>La <strong>CIAD \u2013 Certificazione Internazionale di Alfabetizzazione Digitale<\/strong> \u2013 attesta il possesso delle competenze digitali di base secondo il DigComp. Chi ottiene questa certificazione dimostra di saper utilizzare gli strumenti digitali in modo efficace, autonomo e sicuro.<\/p>\n\n\n\n<h3><strong>Le competenze attestate dalla CIAD<\/strong><\/h3>\n\n\n\n<p>La certificazione verifica la capacit\u00e0 di:<\/p>\n\n\n\n<ul>\n<li>usare <strong>internet<\/strong> in modo efficace per ricerche e gestione dei dati;<\/li>\n\n\n\n<li>comunicare e collaborare online tramite piattaforme digitali;<\/li>\n\n\n\n<li>creare e modificare <strong>contenuti digitali<\/strong> in vari formati;<\/li>\n\n\n\n<li>applicare strategie solide di <strong>sicurezza informatica<\/strong>;<\/li>\n\n\n\n<li>affrontare e risolvere in autonomia piccoli problemi tecnici.<\/li>\n<\/ul>\n\n\n\n<p>Si tratta di competenze richieste ormai in qualunque contesto lavorativo, motivo per cui la CIAD \u00e8 tra i documenti pi\u00f9 richiesti nel 2025.<\/p>\n\n\n\n<p><\/p>\n\n\n\n<div class=\"is-layout-flex wp-block-buttons\">\n<div class=\"wp-block-button\"><a class=\"wp-block-button__link wp-element-button\" href=\"https:\/\/www.docenti.it\/formazione-docenti\/percorsi-formativi.html?tc=32\" target=\"_blank\" rel=\"noreferrer noopener\">OTTIENI LA CERTIFICAZIONE<\/a><\/div>\n<\/div>\n\n\n\n<p><\/p>\n\n\n\n<h2>Alfabetizzazione digitale 2025 e personale ATA: obblighi, scadenze e differenze con i docenti<\/h2>\n\n\n\n<p>Per il triennio <strong>2024-2027<\/strong>, la CIAD con accreditamento presso <strong>Accredia<\/strong> \u00e8 diventata un requisito obbligatorio per diversi profili del personale ATA: assistente amministrativo, assistente tecnico, operatore scolastico, cuoco, guardarobiere, infermiere e operatore dei servizi agrari.<\/p>\n\n\n\n<p>L\u2019unica eccezione riguarda i collaboratori scolastici, per i quali la certificazione non \u00e8 obbligatoria.<\/p>\n\n\n\n<h3><strong>Un requisito per restare in graduatoria<\/strong><\/h3>\n\n\n\n<p>Per restare in graduatoria di terza fascia \u00e8 necessario possedere la certificazione. Chi non l\u2019ha presentata ha potuto inserirsi con riserva, con l&#8217;onere di ottenerla entro il <strong>30 aprile 2025<\/strong> per evitare l\u2019esclusione.<\/p>\n\n\n\n<p><em>Per saperne di pi\u00f9:<\/em><\/p>\n\n\n<p><span style=\"color: #ff0000;\"><em><strong><a style=\"color: #ff0000;\" href=\"https:\/\/www.docenti.it\/blog\/alfabetizzazione-digitale-requisito-obbligatorio\/\">Alfabetizzazione digitale e Graduatorie ATA<\/a><\/strong><\/em><\/span><\/p>\n\n\n<p><\/p>\n\n\n\n<h3><strong>Costi a carico del personale ATA<\/strong><\/h3>\n\n\n\n<p>A differenza dei docenti, che possono usufruire della <strong>Carta del Docente<\/strong>, il personale ATA deve sostenere autonomamente i costi di formazione e certificazione. Questa distinzione ha generato molte ricerche online e richieste di chiarimento.<\/p>\n\n\n\n<h3><strong>Inserimenti con riserva e controlli<\/strong><\/h3>\n\n\n\n<p>Se la certificazione proviene da un ente non riconosciuto da Accredia, o se non \u00e8 verificabile, l\u2019Ufficio Scolastico dispone l\u2019inserimento con riserva. La riserva pu\u00f2 essere sciolta solo presentando una certificazione valida e tracciabile secondo le norme previste.<\/p>\n\n\n\n<p><\/p>\n\n\n\n<h2>Come riconoscere una certificazione CIAD valida<\/h2>\n\n\n\n<p>Nel 2025 il mercato propone numerose certificazioni, ma non tutte sono accettate come CIAD.<br>Per essere valida, la certificazione deve rispettare precisi criteri di autenticit\u00e0 e conformit\u00e0.<\/p>\n\n\n\n<h3><strong>Caratteristiche che una certificazione deve avere<\/strong><\/h3>\n\n\n\n<p>Una certificazione riconosciuta deve contenere:<\/p>\n\n\n\n<ul>\n<li><strong>logo Accredia<\/strong>,<\/li>\n\n\n\n<li>dichiarazione di conformit\u00e0 alla <strong>norma ISO\/IEC 17024<\/strong>,<\/li>\n\n\n\n<li>codice di accreditamento dell\u2019ente certificatore,<\/li>\n\n\n\n<li>descrizione chiara del titolo rilasciato,<\/li>\n\n\n\n<li>data di rilascio e scadenza (se prevista),<\/li>\n\n\n\n<li>numero univoco per la tracciabilit\u00e0,<\/li>\n\n\n\n<li>firma del responsabile autorizzato,<\/li>\n\n\n\n<li>possibilit\u00e0 di <strong>verifica online<\/strong> tramite il sito dell\u2019ente certificatore o di Accredia.<\/li>\n<\/ul>\n\n\n\n<p>Per evitare errori, \u00e8 consigliabile controllare direttamente sul sito ufficiale di Accredia la validit\u00e0 dell\u2019ente che rilascia la certificazione.<\/p>\n\n\n\n<p><\/p>\n\n\n\n<h2>Alfabetizzazione digitale 2025, oltre la scuola: una competenza per tutti<\/h2>\n\n\n\n<p>Anche oltre il mondo ATA, l\u2019alfabetizzazione digitale 2025 assume un ruolo decisivo. I lavoratori cercano aggiornamenti per usare strumenti di produttivit\u00e0 avanzata, piattaforme cloud, applicazioni di intelligenza artificiale e sistemi di comunicazione professionale.<\/p>\n\n\n\n<p>Parallelamente, cresce l\u2019attenzione verso la <strong>sicurezza online<\/strong>, la protezione dei dati personali e il riconoscimento delle fake news. In un ambiente digitale cos\u00ec complesso, saper valutare fonti, contenuti e informazioni \u00e8 diventato un aspetto quotidiano della cittadinanza attiva.<\/p>\n\n\n\n<p><\/p>\n\n\n\n<div class=\"is-layout-flex wp-block-buttons\">\n<div class=\"wp-block-button\"><a class=\"wp-block-button__link wp-element-button\" href=\"https:\/\/www.docenti.it\/formazione-docenti\/percorsi-formativi.html?tc=32\" target=\"_blank\" rel=\"noreferrer noopener\">CERTIFICATI CON DOCENTI.IT<\/a><\/div>\n<\/div>\n\n\n\n<p><\/p>\n\n\n\n<h2>La centralit\u00e0 dell\u2019alfabetizzazione digitale nel presente e nel futuro<\/h2>\n\n\n\n<p>L\u2019<strong>alfabetizzazione digitale 2025<\/strong> non rappresenta pi\u00f9 un semplice aggiornamento delle proprie competenze, ma una condizione necessaria per affrontare il mondo del lavoro, accedere a servizi pubblici digitalizzati e partecipare in modo consapevole alla vita sociale.<\/p>\n\n\n\n<p>La <strong>CIAD<\/strong>, con i suoi standard chiari e riconosciuti, offre un percorso affidabile per certificare queste competenze.<\/p>\n\n\n\n<p>Per il personale ATA \u00e8 un obbligo, ma per tutti gli altri \u00e8 un investimento strategico per migliorare autonomia, competitivit\u00e0 e sicurezza nel contesto digitale attuale.<\/p>\n\n\n\n<p><em>Che aspetti? <\/em><\/p>\n\n\n\n<p><\/p>\n\n\n\n<div class=\"is-layout-flex wp-block-buttons\">\n<div class=\"wp-block-button\"><a class=\"wp-block-button__link wp-element-button\" href=\"https:\/\/www.docenti.it\/formazione-docenti\/percorsi-formativi.html?tc=32\" target=\"_blank\" rel=\"noreferrer noopener\">OTTIENI LA CERTIFICAZIONE<\/a><\/div>\n<\/div>\n\n\n\n<p><\/p>\n\n\n\n<p>Nel frattempo, resta aggiornato su tutte le news sul mondo scuola, segui il\u00a0<strong><a href=\"https:\/\/www.docenti.it\/blog\/\" target=\"_blank\" rel=\"noreferrer noopener\">Blog\u00a0<\/a><\/strong>di<strong><a href=\"https:\/\/www.docenti.it\/\" target=\"_blank\" rel=\"noreferrer noopener\">\u00a0Docenti.it<\/a><\/strong>.<\/p>\n\n\n\n<p><\/p>\n","protected":false},"excerpt":{"rendered":"<p>L\u2019alfabetizzazione digitale 2025 \u00e8 ormai un requisito essenziale per muoversi con autonomia nella societ\u00e0 [&hellip;]<\/p>\n","protected":false},"author":25,"featured_media":45263,"comment_status":"open","ping_status":"open","sticky":false,"template":"","format":"standard","meta":[],"categories":[1,82],"tags":[719,749,800,849,68,799],"yoast_head":"<!-- This site is optimized with the Yoast SEO plugin v20.4 - https:\/\/yoast.com\/wordpress\/plugins\/seo\/ -->\n<title>Alfabetizzazione digitale 2025: quale certificazione scegliere?<\/title>\n<meta name=\"description\" content=\"Alfabetizzazione digitale 2025: come ottenere la certificazione CIAD riconosciuta da Accredia. Requisiti, scadenze ATA e competenze richieste.\" \/>\n<meta name=\"robots\" content=\"index, follow, max-snippet:-1, max-image-preview:large, max-video-preview:-1\" \/>\n<link rel=\"canonical\" href=\"https:\/\/www.docenti.it\/blog\/alfabetizzazione-digitale-2025-quale-certificazione-scegliere\/\" \/>\n<meta property=\"og:locale\" content=\"it_IT\" \/>\n<meta property=\"og:type\" content=\"article\" \/>\n<meta property=\"og:title\" content=\"Alfabetizzazione digitale 2025: quale certificazione scegliere?\" \/>\n<meta property=\"og:description\" content=\"Alfabetizzazione digitale 2025: come ottenere la certificazione CIAD riconosciuta da Accredia. Requisiti, scadenze ATA e competenze richieste.\" \/>\n<meta property=\"og:url\" content=\"https:\/\/www.docenti.it\/blog\/alfabetizzazione-digitale-2025-quale-certificazione-scegliere\/\" \/>\n<meta property=\"og:site_name\" content=\"Blog | Docenti.it\" \/>\n<meta property=\"article:publisher\" content=\"https:\/\/www.facebook.com\/docenti.it\" \/>\n<meta property=\"article:published_time\" content=\"2025-11-23T14:15:58+00:00\" \/>\n<meta property=\"og:image\" content=\"https:\/\/www.docenti.it\/blog\/wp-content\/uploads\/2023\/07\/laptop-g4ab40a908_1280.jpg\" \/>\n\t<meta property=\"og:image:width\" content=\"1280\" \/>\n\t<meta property=\"og:image:height\" content=\"853\" \/>\n\t<meta property=\"og:image:type\" content=\"image\/jpeg\" \/>\n<meta name=\"author\" content=\"Gabriella Capraro\" \/>\n<meta name=\"twitter:card\" content=\"summary_large_image\" \/>\n<meta name=\"twitter:label1\" content=\"Written by\" \/>\n\t<meta name=\"twitter:data1\" content=\"Gabriella Capraro\" \/>\n\t<meta name=\"twitter:label2\" content=\"Est. reading time\" \/>\n\t<meta name=\"twitter:data2\" content=\"4 minuti\" \/>\n<script type=\"application\/ld+json\" class=\"yoast-schema-graph\">{\"@context\":\"https:\/\/schema.org\",\"@graph\":[{\"@type\":\"Article\",\"@id\":\"https:\/\/www.docenti.it\/blog\/alfabetizzazione-digitale-2025-quale-certificazione-scegliere\/#article\",\"isPartOf\":{\"@id\":\"https:\/\/www.docenti.it\/blog\/alfabetizzazione-digitale-2025-quale-certificazione-scegliere\/\"},\"author\":{\"name\":\"Gabriella Capraro\",\"@id\":\"https:\/\/www.docenti.it\/blog\/#\/schema\/person\/773963d3c0645bd34c150c41a13e5754\"},\"headline\":\"Alfabetizzazione digitale 2025: quale certificazione scegliere?\",\"datePublished\":\"2025-11-23T14:15:58+00:00\",\"dateModified\":\"2025-11-23T14:15:58+00:00\",\"mainEntityOfPage\":{\"@id\":\"https:\/\/www.docenti.it\/blog\/alfabetizzazione-digitale-2025-quale-certificazione-scegliere\/\"},\"wordCount\":799,\"commentCount\":0,\"publisher\":{\"@id\":\"https:\/\/www.docenti.it\/blog\/#organization\"},\"keywords\":[\"alfabetizzazione digitale\",\"certificazione alfabetizzazione digitale\",\"CIAD\",\"ciad 2025\",\"Personale ATA\",\"personale ata 2025\"],\"articleSection\":[\"FAQ\",\"Personale ATA\"],\"inLanguage\":\"it-IT\",\"potentialAction\":[{\"@type\":\"CommentAction\",\"name\":\"Comment\",\"target\":[\"https:\/\/www.docenti.it\/blog\/alfabetizzazione-digitale-2025-quale-certificazione-scegliere\/#respond\"]}]},{\"@type\":\"WebPage\",\"@id\":\"https:\/\/www.docenti.it\/blog\/alfabetizzazione-digitale-2025-quale-certificazione-scegliere\/\",\"url\":\"https:\/\/www.docenti.it\/blog\/alfabetizzazione-digitale-2025-quale-certificazione-scegliere\/\",\"name\":\"Alfabetizzazione digitale 2025: quale certificazione scegliere?\",\"isPartOf\":{\"@id\":\"https:\/\/www.docenti.it\/blog\/#website\"},\"datePublished\":\"2025-11-23T14:15:58+00:00\",\"dateModified\":\"2025-11-23T14:15:58+00:00\",\"description\":\"Alfabetizzazione digitale 2025: come ottenere la certificazione CIAD riconosciuta da Accredia. Requisiti, scadenze ATA e competenze richieste.\",\"breadcrumb\":{\"@id\":\"https:\/\/www.docenti.it\/blog\/alfabetizzazione-digitale-2025-quale-certificazione-scegliere\/#breadcrumb\"},\"inLanguage\":\"it-IT\",\"potentialAction\":[{\"@type\":\"ReadAction\",\"target\":[\"https:\/\/www.docenti.it\/blog\/alfabetizzazione-digitale-2025-quale-certificazione-scegliere\/\"]}]},{\"@type\":\"BreadcrumbList\",\"@id\":\"https:\/\/www.docenti.it\/blog\/alfabetizzazione-digitale-2025-quale-certificazione-scegliere\/#breadcrumb\",\"itemListElement\":[{\"@type\":\"ListItem\",\"position\":1,\"name\":\"Home\",\"item\":\"https:\/\/www.docenti.it\/blog\/\"},{\"@type\":\"ListItem\",\"position\":2,\"name\":\"Alfabetizzazione digitale 2025: quale certificazione scegliere?\"}]},{\"@type\":\"WebSite\",\"@id\":\"https:\/\/www.docenti.it\/blog\/#website\",\"url\":\"https:\/\/www.docenti.it\/blog\/\",\"name\":\"Blog | Docenti.it\",\"description\":\"Tutte le notizie e gli aggiornamenti dal mondo della scuola\",\"publisher\":{\"@id\":\"https:\/\/www.docenti.it\/blog\/#organization\"},\"potentialAction\":[{\"@type\":\"SearchAction\",\"target\":{\"@type\":\"EntryPoint\",\"urlTemplate\":\"https:\/\/www.docenti.it\/blog\/?s={search_term_string}\"},\"query-input\":\"required name=search_term_string\"}],\"inLanguage\":\"it-IT\"},{\"@type\":\"Organization\",\"@id\":\"https:\/\/www.docenti.it\/blog\/#organization\",\"name\":\"Blog | Docenti.it\",\"url\":\"https:\/\/www.docenti.it\/blog\/\",\"logo\":{\"@type\":\"ImageObject\",\"inLanguage\":\"it-IT\",\"@id\":\"https:\/\/www.docenti.it\/blog\/#\/schema\/logo\/image\/\",\"url\":\"https:\/\/www.docenti.it\/blog\/wp-content\/uploads\/2025\/06\/fb_mad_img.png\",\"contentUrl\":\"https:\/\/www.docenti.it\/blog\/wp-content\/uploads\/2025\/06\/fb_mad_img.png\",\"width\":1140,\"height\":620,\"caption\":\"Blog | Docenti.it\"},\"image\":{\"@id\":\"https:\/\/www.docenti.it\/blog\/#\/schema\/logo\/image\/\"},\"sameAs\":[\"https:\/\/www.facebook.com\/docenti.it\"]},{\"@type\":\"Person\",\"@id\":\"https:\/\/www.docenti.it\/blog\/#\/schema\/person\/773963d3c0645bd34c150c41a13e5754\",\"name\":\"Gabriella Capraro\",\"image\":{\"@type\":\"ImageObject\",\"inLanguage\":\"it-IT\",\"@id\":\"https:\/\/www.docenti.it\/blog\/#\/schema\/person\/image\/\",\"url\":\"https:\/\/secure.gravatar.com\/avatar\/17e0ab06bea064a8a7c5bef443cb7153?s=96&d=mm&r=g\",\"contentUrl\":\"https:\/\/secure.gravatar.com\/avatar\/17e0ab06bea064a8a7c5bef443cb7153?s=96&d=mm&r=g\",\"caption\":\"Gabriella Capraro\"},\"description\":\"Copywriter e digital strategist, collabora come articolista e autrice per diverse piattaforme online, spaziando da tematiche scolastiche\/istituzionali a letterarie e musicali.\",\"url\":\"https:\/\/www.docenti.it\/blog\/author\/gcapraro\/\"}]}<\/script>\n<!-- \/ Yoast SEO plugin. -->","yoast_head_json":{"title":"Alfabetizzazione digitale 2025: quale certificazione scegliere?","description":"Alfabetizzazione digitale 2025: come ottenere la certificazione CIAD riconosciuta da Accredia. Requisiti, scadenze ATA e competenze richieste.","robots":{"index":"index","follow":"follow","max-snippet":"max-snippet:-1","max-image-preview":"max-image-preview:large","max-video-preview":"max-video-preview:-1"},"canonical":"https:\/\/www.docenti.it\/blog\/alfabetizzazione-digitale-2025-quale-certificazione-scegliere\/","og_locale":"it_IT","og_type":"article","og_title":"Alfabetizzazione digitale 2025: quale certificazione scegliere?","og_description":"Alfabetizzazione digitale 2025: come ottenere la certificazione CIAD riconosciuta da Accredia. Requisiti, scadenze ATA e competenze richieste.","og_url":"https:\/\/www.docenti.it\/blog\/alfabetizzazione-digitale-2025-quale-certificazione-scegliere\/","og_site_name":"Blog | Docenti.it","article_publisher":"https:\/\/www.facebook.com\/docenti.it","article_published_time":"2025-11-23T14:15:58+00:00","og_image":[{"width":1280,"height":853,"url":"https:\/\/www.docenti.it\/blog\/wp-content\/uploads\/2023\/07\/laptop-g4ab40a908_1280.jpg","type":"image\/jpeg"}],"author":"Gabriella Capraro","twitter_card":"summary_large_image","twitter_misc":{"Written by":"Gabriella Capraro","Est. reading time":"4 minuti"},"schema":{"@context":"https:\/\/schema.org","@graph":[{"@type":"Article","@id":"https:\/\/www.docenti.it\/blog\/alfabetizzazione-digitale-2025-quale-certificazione-scegliere\/#article","isPartOf":{"@id":"https:\/\/www.docenti.it\/blog\/alfabetizzazione-digitale-2025-quale-certificazione-scegliere\/"},"author":{"name":"Gabriella Capraro","@id":"https:\/\/www.docenti.it\/blog\/#\/schema\/person\/773963d3c0645bd34c150c41a13e5754"},"headline":"Alfabetizzazione digitale 2025: quale certificazione scegliere?","datePublished":"2025-11-23T14:15:58+00:00","dateModified":"2025-11-23T14:15:58+00:00","mainEntityOfPage":{"@id":"https:\/\/www.docenti.it\/blog\/alfabetizzazione-digitale-2025-quale-certificazione-scegliere\/"},"wordCount":799,"commentCount":0,"publisher":{"@id":"https:\/\/www.docenti.it\/blog\/#organization"},"keywords":["alfabetizzazione digitale","certificazione alfabetizzazione digitale","CIAD","ciad 2025","Personale ATA","personale ata 2025"],"articleSection":["FAQ","Personale ATA"],"inLanguage":"it-IT","potentialAction":[{"@type":"CommentAction","name":"Comment","target":["https:\/\/www.docenti.it\/blog\/alfabetizzazione-digitale-2025-quale-certificazione-scegliere\/#respond"]}]},{"@type":"WebPage","@id":"https:\/\/www.docenti.it\/blog\/alfabetizzazione-digitale-2025-quale-certificazione-scegliere\/","url":"https:\/\/www.docenti.it\/blog\/alfabetizzazione-digitale-2025-quale-certificazione-scegliere\/","name":"Alfabetizzazione digitale 2025: quale certificazione scegliere?","isPartOf":{"@id":"https:\/\/www.docenti.it\/blog\/#website"},"datePublished":"2025-11-23T14:15:58+00:00","dateModified":"2025-11-23T14:15:58+00:00","description":"Alfabetizzazione digitale 2025: come ottenere la certificazione CIAD riconosciuta da Accredia. Requisiti, scadenze ATA e competenze richieste.","breadcrumb":{"@id":"https:\/\/www.docenti.it\/blog\/alfabetizzazione-digitale-2025-quale-certificazione-scegliere\/#breadcrumb"},"inLanguage":"it-IT","potentialAction":[{"@type":"ReadAction","target":["https:\/\/www.docenti.it\/blog\/alfabetizzazione-digitale-2025-quale-certificazione-scegliere\/"]}]},{"@type":"BreadcrumbList","@id":"https:\/\/www.docenti.it\/blog\/alfabetizzazione-digitale-2025-quale-certificazione-scegliere\/#breadcrumb","itemListElement":[{"@type":"ListItem","position":1,"name":"Home","item":"https:\/\/www.docenti.it\/blog\/"},{"@type":"ListItem","position":2,"name":"Alfabetizzazione digitale 2025: quale certificazione scegliere?"}]},{"@type":"WebSite","@id":"https:\/\/www.docenti.it\/blog\/#website","url":"https:\/\/www.docenti.it\/blog\/","name":"Blog | Docenti.it","description":"Tutte le notizie e gli aggiornamenti dal mondo della scuola","publisher":{"@id":"https:\/\/www.docenti.it\/blog\/#organization"},"potentialAction":[{"@type":"SearchAction","target":{"@type":"EntryPoint","urlTemplate":"https:\/\/www.docenti.it\/blog\/?s={search_term_string}"},"query-input":"required name=search_term_string"}],"inLanguage":"it-IT"},{"@type":"Organization","@id":"https:\/\/www.docenti.it\/blog\/#organization","name":"Blog | Docenti.it","url":"https:\/\/www.docenti.it\/blog\/","logo":{"@type":"ImageObject","inLanguage":"it-IT","@id":"https:\/\/www.docenti.it\/blog\/#\/schema\/logo\/image\/","url":"https:\/\/www.docenti.it\/blog\/wp-content\/uploads\/2025\/06\/fb_mad_img.png","contentUrl":"https:\/\/www.docenti.it\/blog\/wp-content\/uploads\/2025\/06\/fb_mad_img.png","width":1140,"height":620,"caption":"Blog | Docenti.it"},"image":{"@id":"https:\/\/www.docenti.it\/blog\/#\/schema\/logo\/image\/"},"sameAs":["https:\/\/www.facebook.com\/docenti.it"]},{"@type":"Person","@id":"https:\/\/www.docenti.it\/blog\/#\/schema\/person\/773963d3c0645bd34c150c41a13e5754","name":"Gabriella Capraro","image":{"@type":"ImageObject","inLanguage":"it-IT","@id":"https:\/\/www.docenti.it\/blog\/#\/schema\/person\/image\/","url":"https:\/\/secure.gravatar.com\/avatar\/17e0ab06bea064a8a7c5bef443cb7153?s=96&d=mm&r=g","contentUrl":"https:\/\/secure.gravatar.com\/avatar\/17e0ab06bea064a8a7c5bef443cb7153?s=96&d=mm&r=g","caption":"Gabriella Capraro"},"description":"Copywriter e digital strategist, collabora come articolista e autrice per diverse piattaforme online, spaziando da tematiche scolastiche\/istituzionali a letterarie e musicali.","url":"https:\/\/www.docenti.it\/blog\/author\/gcapraro\/"}]}},"_links":{"self":[{"href":"https:\/\/www.docenti.it\/blog\/wp-json\/wp\/v2\/posts\/47108"}],"collection":[{"href":"https:\/\/www.docenti.it\/blog\/wp-json\/wp\/v2\/posts"}],"about":[{"href":"https:\/\/www.docenti.it\/blog\/wp-json\/wp\/v2\/types\/post"}],"author":[{"embeddable":true,"href":"https:\/\/www.docenti.it\/blog\/wp-json\/wp\/v2\/users\/25"}],"replies":[{"embeddable":true,"href":"https:\/\/www.docenti.it\/blog\/wp-json\/wp\/v2\/comments?post=47108"}],"version-history":[{"count":1,"href":"https:\/\/www.docenti.it\/blog\/wp-json\/wp\/v2\/posts\/47108\/revisions"}],"predecessor-version":[{"id":47109,"href":"https:\/\/www.docenti.it\/blog\/wp-json\/wp\/v2\/posts\/47108\/revisions\/47109"}],"wp:featuredmedia":[{"embeddable":true,"href":"https:\/\/www.docenti.it\/blog\/wp-json\/wp\/v2\/media\/45263"}],"wp:attachment":[{"href":"https:\/\/www.docenti.it\/blog\/wp-json\/wp\/v2\/media?parent=47108"}],"wp:term":[{"taxonomy":"category","embeddable":true,"href":"https:\/\/www.docenti.it\/blog\/wp-json\/wp\/v2\/categories?post=47108"},{"taxonomy":"post_tag","embeddable":true,"href":"https:\/\/www.docenti.it\/blog\/wp-json\/wp\/v2\/tags?post=47108"}],"curies":[{"name":"wp","href":"https:\/\/api.w.org\/{rel}","templated":true}]}}