{"id":47133,"date":"2025-12-01T19:10:00","date_gmt":"2025-12-01T18:10:00","guid":{"rendered":"https:\/\/www.docenti.it\/blog\/?p=47133"},"modified":"2025-12-01T19:10:01","modified_gmt":"2025-12-01T18:10:01","slug":"tfa-indire-2026-nuove-regole-sulla-specializzazione","status":"publish","type":"post","link":"https:\/\/www.docenti.it\/blog\/tfa-indire-2026-nuove-regole-sulla-specializzazione\/","title":{"rendered":"TFA INDIRE 2026: nove regole sulla specializzazione"},"content":{"rendered":"\n<p>TFA INDIRE 2026: il recente aggiornamento normativo collegato al decreto-legge 9 settembre 2025, n. 127 porta cambiamenti rilevanti per chi punta alla <strong>specializzazione sul sostegno<\/strong>. <\/p>\n\n\n\n<p>Con la proroga dei percorsi <strong>TFA INDIRE 2026<\/strong>, aumenta la platea dei docenti che possono formarsi e ottenere l\u2019abilitazione, mentre vengono introdotte disposizioni specifiche anche per chi possiede un titolo estero.<\/p>\n\n\n\n<p><\/p>\n\n\n\n<h2>Proroga dei percorsi INDIRE fino al 31 dicembre 2026<\/h2>\n\n\n\n<p>L\u2019articolo 4, comma 1-ter del decreto estende di un anno la possibilit\u00e0 di conseguire la specializzazione attraverso i percorsi attivati da INDIRE.<\/p>\n\n\n\n<p>La scadenza passa quindi dal <strong>31 dicembre 2025 al 31 dicembre 2026<\/strong>, garantendo pi\u00f9 tempo a docenti e istituzioni per completare i cicli formativi.<\/p>\n\n\n\n<p>Le universit\u00e0 continueranno ad avere la facolt\u00e0 di organizzare i percorsi autonomamente oppure in convenzione con INDIRE, mantenendo cos\u00ec una doppia via di accesso alla specializzazione sul sostegno.<\/p>\n\n\n\n<p><\/p>\n\n\n\n<h2>Requisiti di accesso ampliati: bastano tre anni di servizio negli ultimi otto<\/h2>\n\n\n\n<p>Una delle novit\u00e0 pi\u00f9 rilevanti riguarda l\u2019allargamento dei criteri di accesso.<br>Potranno partecipare ai percorsi tutti i docenti che hanno svolto:<\/p>\n\n\n\n<ul>\n<li><strong>almeno 3 anni di servizio su posto di sostegno<\/strong>, anche non consecutivi;<\/li>\n\n\n\n<li>nelle <strong>scuole statali o paritarie<\/strong>;<\/li>\n\n\n\n<li><strong>negli ultimi 8 anni scolastici<\/strong>;<\/li>\n\n\n\n<li>nel grado scolastico per cui si richiede la specializzazione.<\/li>\n<\/ul>\n\n\n\n<p>In passato il requisito prevedeva 5 anni: la riduzione a 3 rende il percorso accessibile a molti pi\u00f9 insegnanti, inclusi quelli che hanno maturato esperienza sul sostegno in periodi meno recenti ma comunque significativi.<\/p>\n\n\n\n<p><\/p>\n\n\n\n<h2>TFA INDIRE 2026 e accesso anche per chi possiede un titolo estero: come funziona<\/h2>\n\n\n\n<p>La normativa apre anche ai docenti che hanno conseguito un <strong>titolo estero di specializzazione sul sostegno<\/strong> entro il 24 aprile 2025 e che sono ancora in attesa di riconoscimento o coinvolti in un contenzioso per la mancata conclusione della procedura.<\/p>\n\n\n\n<p>Questi insegnanti potranno iscriversi ai percorsi INDIRE a condizione di:<\/p>\n\n\n\n<ul>\n<li><strong>rinunciare formalmente<\/strong> a ogni richiesta di riconoscimento del titolo estero.<\/li>\n<\/ul>\n\n\n\n<p>In pratica, il percorso INDIRE diventa un\u2019alternativa diretta e definitiva rispetto alla procedura di riconoscimento, offrendo un canale chiaro per regolarizzare la propria posizione professionale.<\/p>\n\n\n\n<p><\/p>\n\n\n\n<h2>TFA INDIRE 2026: in arrivo un decreto attuativo che definir\u00e0 le modalit\u00e0 operative<\/h2>\n\n\n\n<p>Entro 60 giorni dalla conversione in legge del decreto, un ulteriore provvedimento ministeriale chiarir\u00e0:<\/p>\n\n\n\n<ul>\n<li>come avverranno le <strong>iscrizioni<\/strong> ai percorsi;<\/li>\n\n\n\n<li>la <strong>distribuzione territoriale<\/strong> dei posti disponibili;<\/li>\n\n\n\n<li>le <strong>tempistiche di attivazione<\/strong>;<\/li>\n\n\n\n<li>le modalit\u00e0 di coordinamento tra <strong>universit\u00e0 e INDIRE<\/strong>.<\/li>\n<\/ul>\n\n\n\n<p>Questo decreto sar\u00e0 fondamentale per fornire indicazioni pratiche ai docenti interessati.<\/p>\n\n\n\n<p><\/p>\n\n\n\n<h2>Una proroga che conferma e rafforza l\u2019impianto formativo<\/h2>\n\n\n\n<p>La proroga al <strong>2026<\/strong>, l\u2019ampliamento dei requisiti di accesso e l\u2019apertura verso chi ha un titolo estero consolidano il ruolo del <strong>TFA INDIRE 2026<\/strong> come percorso centrale per formarsi sul sostegno.<\/p>\n\n\n\n<p>Il primo ciclo, attivo nel 2025, terminer\u00e0 entro fine anno, mentre le nuove disposizioni garantiranno la continuit\u00e0 dei corsi anche per tutto il 2026, offrendo opportunit\u00e0 pi\u00f9 ampie a migliaia di docenti.<\/p>\n\n\n\n<p><\/p>\n\n\n\n<div class=\"is-layout-flex wp-block-buttons\">\n<div class=\"wp-block-button\"><a class=\"wp-block-button__link wp-element-button\" href=\"https:\/\/www.docenti.it\/formazione-docenti\/percorsi-formativi.html?tc=35\" target=\"_blank\" rel=\"noreferrer noopener\">VISUALIZZA I PERCORSI TFA INDIRE<\/a><\/div>\n<\/div>\n\n\n\n<p><\/p>\n\n\n\n<p><em>Se hai trovato questo contenuto interessante, prova a dare un&#8217;occhiata a questo: <\/em><\/p>\n\n\n<p><span style=\"color: #ff0000;\"><em><strong><a style=\"color: #ff0000;\" href=\"https:\/\/www.docenti.it\/blog\/indire-sostegno-quando-si-svolgera-la-prova-intermedia\/\">Sostegno INDIRE: quando si svolger\u00e0 la prova intermedia?<\/a><\/strong><\/em><\/span><\/p>\n\n\n<p><\/p>\n\n\n\n<p>Per ulteriori news e approfondimenti sul mondo scuola, segui il\u00a0<strong><a href=\"https:\/\/www.docenti.it\/blog\/\" target=\"_blank\" rel=\"noreferrer noopener\">blog\u00a0<\/a><\/strong>di\u00a0<strong><a href=\"https:\/\/www.docenti.it\/\" target=\"_blank\" rel=\"noreferrer noopener\">Docenti.it<\/a><\/strong><\/p>\n\n\n\n<p><\/p>\n","protected":false},"excerpt":{"rendered":"<p>TFA INDIRE 2026: il recente aggiornamento normativo collegato al decreto-legge 9 settembre 2025, n. [&hellip;]<\/p>\n","protected":false},"author":25,"featured_media":44535,"comment_status":"open","ping_status":"open","sticky":false,"template":"","format":"standard","meta":[],"categories":[3,14],"tags":[744,989,996,841,873,997],"yoast_head":"<!-- This site is optimized with the Yoast SEO plugin v20.4 - https:\/\/yoast.com\/wordpress\/plugins\/seo\/ -->\n<title>TFA INDIRE 2026: nuove regole sulla specializzazione<\/title>\n<meta name=\"description\" content=\"TFA INDIRE 2026: proroga dei corsi di specializzazione, requisiti di accesso ampliati e possibilit\u00e0 per docenti con titolo estero.\" \/>\n<meta name=\"robots\" content=\"index, follow, max-snippet:-1, max-image-preview:large, max-video-preview:-1\" \/>\n<link rel=\"canonical\" href=\"https:\/\/www.docenti.it\/blog\/tfa-indire-2026-nuove-regole-sulla-specializzazione\/\" \/>\n<meta property=\"og:locale\" content=\"it_IT\" \/>\n<meta property=\"og:type\" content=\"article\" \/>\n<meta property=\"og:title\" content=\"TFA INDIRE 2026: nuove regole sulla specializzazione\" \/>\n<meta property=\"og:description\" content=\"TFA INDIRE 2026: proroga dei corsi di specializzazione, requisiti di accesso ampliati e possibilit\u00e0 per docenti con titolo estero.\" \/>\n<meta property=\"og:url\" content=\"https:\/\/www.docenti.it\/blog\/tfa-indire-2026-nuove-regole-sulla-specializzazione\/\" \/>\n<meta property=\"og:site_name\" content=\"Blog | Docenti.it\" \/>\n<meta property=\"article:publisher\" content=\"https:\/\/www.facebook.com\/docenti.it\" \/>\n<meta property=\"article:published_time\" content=\"2025-12-01T18:10:00+00:00\" \/>\n<meta property=\"article:modified_time\" content=\"2025-12-01T18:10:01+00:00\" \/>\n<meta property=\"og:image\" content=\"https:\/\/www.docenti.it\/blog\/wp-content\/uploads\/2023\/02\/pexels-te-lensfix-1083728.jpg\" \/>\n\t<meta property=\"og:image:width\" content=\"640\" \/>\n\t<meta property=\"og:image:height\" content=\"427\" \/>\n\t<meta property=\"og:image:type\" content=\"image\/jpeg\" \/>\n<meta name=\"author\" content=\"Gabriella Capraro\" \/>\n<meta name=\"twitter:card\" content=\"summary_large_image\" \/>\n<meta name=\"twitter:label1\" content=\"Written by\" \/>\n\t<meta name=\"twitter:data1\" content=\"Gabriella Capraro\" \/>\n\t<meta name=\"twitter:label2\" content=\"Est. reading time\" \/>\n\t<meta name=\"twitter:data2\" content=\"2 minuti\" \/>\n<script type=\"application\/ld+json\" class=\"yoast-schema-graph\">{\"@context\":\"https:\/\/schema.org\",\"@graph\":[{\"@type\":\"Article\",\"@id\":\"https:\/\/www.docenti.it\/blog\/tfa-indire-2026-nuove-regole-sulla-specializzazione\/#article\",\"isPartOf\":{\"@id\":\"https:\/\/www.docenti.it\/blog\/tfa-indire-2026-nuove-regole-sulla-specializzazione\/\"},\"author\":{\"name\":\"Gabriella Capraro\",\"@id\":\"https:\/\/www.docenti.it\/blog\/#\/schema\/person\/773963d3c0645bd34c150c41a13e5754\"},\"headline\":\"TFA INDIRE 2026: nove regole sulla specializzazione\",\"datePublished\":\"2025-12-01T18:10:00+00:00\",\"dateModified\":\"2025-12-01T18:10:01+00:00\",\"mainEntityOfPage\":{\"@id\":\"https:\/\/www.docenti.it\/blog\/tfa-indire-2026-nuove-regole-sulla-specializzazione\/\"},\"wordCount\":496,\"commentCount\":0,\"publisher\":{\"@id\":\"https:\/\/www.docenti.it\/blog\/#organization\"},\"keywords\":[\"INDIRE\",\"INDIRE sostegno\",\"percorsi indire 2026\",\"percorsi indire sostegno\",\"tfa indire\",\"tfa indire 2026\"],\"articleSection\":[\"Normativa\",\"tfa sostegno\"],\"inLanguage\":\"it-IT\",\"potentialAction\":[{\"@type\":\"CommentAction\",\"name\":\"Comment\",\"target\":[\"https:\/\/www.docenti.it\/blog\/tfa-indire-2026-nuove-regole-sulla-specializzazione\/#respond\"]}]},{\"@type\":\"WebPage\",\"@id\":\"https:\/\/www.docenti.it\/blog\/tfa-indire-2026-nuove-regole-sulla-specializzazione\/\",\"url\":\"https:\/\/www.docenti.it\/blog\/tfa-indire-2026-nuove-regole-sulla-specializzazione\/\",\"name\":\"TFA INDIRE 2026: nuove regole sulla specializzazione\",\"isPartOf\":{\"@id\":\"https:\/\/www.docenti.it\/blog\/#website\"},\"datePublished\":\"2025-12-01T18:10:00+00:00\",\"dateModified\":\"2025-12-01T18:10:01+00:00\",\"description\":\"TFA INDIRE 2026: proroga dei corsi di specializzazione, requisiti di accesso ampliati e possibilit\u00e0 per docenti con titolo estero.\",\"breadcrumb\":{\"@id\":\"https:\/\/www.docenti.it\/blog\/tfa-indire-2026-nuove-regole-sulla-specializzazione\/#breadcrumb\"},\"inLanguage\":\"it-IT\",\"potentialAction\":[{\"@type\":\"ReadAction\",\"target\":[\"https:\/\/www.docenti.it\/blog\/tfa-indire-2026-nuove-regole-sulla-specializzazione\/\"]}]},{\"@type\":\"BreadcrumbList\",\"@id\":\"https:\/\/www.docenti.it\/blog\/tfa-indire-2026-nuove-regole-sulla-specializzazione\/#breadcrumb\",\"itemListElement\":[{\"@type\":\"ListItem\",\"position\":1,\"name\":\"Home\",\"item\":\"https:\/\/www.docenti.it\/blog\/\"},{\"@type\":\"ListItem\",\"position\":2,\"name\":\"TFA INDIRE 2026: nove regole sulla specializzazione\"}]},{\"@type\":\"WebSite\",\"@id\":\"https:\/\/www.docenti.it\/blog\/#website\",\"url\":\"https:\/\/www.docenti.it\/blog\/\",\"name\":\"Blog | Docenti.it\",\"description\":\"Tutte le notizie e gli aggiornamenti dal mondo della scuola\",\"publisher\":{\"@id\":\"https:\/\/www.docenti.it\/blog\/#organization\"},\"potentialAction\":[{\"@type\":\"SearchAction\",\"target\":{\"@type\":\"EntryPoint\",\"urlTemplate\":\"https:\/\/www.docenti.it\/blog\/?s={search_term_string}\"},\"query-input\":\"required name=search_term_string\"}],\"inLanguage\":\"it-IT\"},{\"@type\":\"Organization\",\"@id\":\"https:\/\/www.docenti.it\/blog\/#organization\",\"name\":\"Blog | Docenti.it\",\"url\":\"https:\/\/www.docenti.it\/blog\/\",\"logo\":{\"@type\":\"ImageObject\",\"inLanguage\":\"it-IT\",\"@id\":\"https:\/\/www.docenti.it\/blog\/#\/schema\/logo\/image\/\",\"url\":\"https:\/\/www.docenti.it\/blog\/wp-content\/uploads\/2025\/06\/fb_mad_img.png\",\"contentUrl\":\"https:\/\/www.docenti.it\/blog\/wp-content\/uploads\/2025\/06\/fb_mad_img.png\",\"width\":1140,\"height\":620,\"caption\":\"Blog | Docenti.it\"},\"image\":{\"@id\":\"https:\/\/www.docenti.it\/blog\/#\/schema\/logo\/image\/\"},\"sameAs\":[\"https:\/\/www.facebook.com\/docenti.it\"]},{\"@type\":\"Person\",\"@id\":\"https:\/\/www.docenti.it\/blog\/#\/schema\/person\/773963d3c0645bd34c150c41a13e5754\",\"name\":\"Gabriella Capraro\",\"image\":{\"@type\":\"ImageObject\",\"inLanguage\":\"it-IT\",\"@id\":\"https:\/\/www.docenti.it\/blog\/#\/schema\/person\/image\/\",\"url\":\"https:\/\/secure.gravatar.com\/avatar\/17e0ab06bea064a8a7c5bef443cb7153?s=96&d=mm&r=g\",\"contentUrl\":\"https:\/\/secure.gravatar.com\/avatar\/17e0ab06bea064a8a7c5bef443cb7153?s=96&d=mm&r=g\",\"caption\":\"Gabriella Capraro\"},\"description\":\"Copywriter e digital strategist, collabora come articolista e autrice per diverse piattaforme online, spaziando da tematiche scolastiche\/istituzionali a letterarie e musicali.\",\"url\":\"https:\/\/www.docenti.it\/blog\/author\/gcapraro\/\"}]}<\/script>\n<!-- \/ Yoast SEO plugin. -->","yoast_head_json":{"title":"TFA INDIRE 2026: nuove regole sulla specializzazione","description":"TFA INDIRE 2026: proroga dei corsi di specializzazione, requisiti di accesso ampliati e possibilit\u00e0 per docenti con titolo estero.","robots":{"index":"index","follow":"follow","max-snippet":"max-snippet:-1","max-image-preview":"max-image-preview:large","max-video-preview":"max-video-preview:-1"},"canonical":"https:\/\/www.docenti.it\/blog\/tfa-indire-2026-nuove-regole-sulla-specializzazione\/","og_locale":"it_IT","og_type":"article","og_title":"TFA INDIRE 2026: nuove regole sulla specializzazione","og_description":"TFA INDIRE 2026: proroga dei corsi di specializzazione, requisiti di accesso ampliati e possibilit\u00e0 per docenti con titolo estero.","og_url":"https:\/\/www.docenti.it\/blog\/tfa-indire-2026-nuove-regole-sulla-specializzazione\/","og_site_name":"Blog | Docenti.it","article_publisher":"https:\/\/www.facebook.com\/docenti.it","article_published_time":"2025-12-01T18:10:00+00:00","article_modified_time":"2025-12-01T18:10:01+00:00","og_image":[{"width":640,"height":427,"url":"https:\/\/www.docenti.it\/blog\/wp-content\/uploads\/2023\/02\/pexels-te-lensfix-1083728.jpg","type":"image\/jpeg"}],"author":"Gabriella Capraro","twitter_card":"summary_large_image","twitter_misc":{"Written by":"Gabriella Capraro","Est. reading time":"2 minuti"},"schema":{"@context":"https:\/\/schema.org","@graph":[{"@type":"Article","@id":"https:\/\/www.docenti.it\/blog\/tfa-indire-2026-nuove-regole-sulla-specializzazione\/#article","isPartOf":{"@id":"https:\/\/www.docenti.it\/blog\/tfa-indire-2026-nuove-regole-sulla-specializzazione\/"},"author":{"name":"Gabriella Capraro","@id":"https:\/\/www.docenti.it\/blog\/#\/schema\/person\/773963d3c0645bd34c150c41a13e5754"},"headline":"TFA INDIRE 2026: nove regole sulla specializzazione","datePublished":"2025-12-01T18:10:00+00:00","dateModified":"2025-12-01T18:10:01+00:00","mainEntityOfPage":{"@id":"https:\/\/www.docenti.it\/blog\/tfa-indire-2026-nuove-regole-sulla-specializzazione\/"},"wordCount":496,"commentCount":0,"publisher":{"@id":"https:\/\/www.docenti.it\/blog\/#organization"},"keywords":["INDIRE","INDIRE sostegno","percorsi indire 2026","percorsi indire sostegno","tfa indire","tfa indire 2026"],"articleSection":["Normativa","tfa sostegno"],"inLanguage":"it-IT","potentialAction":[{"@type":"CommentAction","name":"Comment","target":["https:\/\/www.docenti.it\/blog\/tfa-indire-2026-nuove-regole-sulla-specializzazione\/#respond"]}]},{"@type":"WebPage","@id":"https:\/\/www.docenti.it\/blog\/tfa-indire-2026-nuove-regole-sulla-specializzazione\/","url":"https:\/\/www.docenti.it\/blog\/tfa-indire-2026-nuove-regole-sulla-specializzazione\/","name":"TFA INDIRE 2026: nuove regole sulla specializzazione","isPartOf":{"@id":"https:\/\/www.docenti.it\/blog\/#website"},"datePublished":"2025-12-01T18:10:00+00:00","dateModified":"2025-12-01T18:10:01+00:00","description":"TFA INDIRE 2026: proroga dei corsi di specializzazione, requisiti di accesso ampliati e possibilit\u00e0 per docenti con titolo estero.","breadcrumb":{"@id":"https:\/\/www.docenti.it\/blog\/tfa-indire-2026-nuove-regole-sulla-specializzazione\/#breadcrumb"},"inLanguage":"it-IT","potentialAction":[{"@type":"ReadAction","target":["https:\/\/www.docenti.it\/blog\/tfa-indire-2026-nuove-regole-sulla-specializzazione\/"]}]},{"@type":"BreadcrumbList","@id":"https:\/\/www.docenti.it\/blog\/tfa-indire-2026-nuove-regole-sulla-specializzazione\/#breadcrumb","itemListElement":[{"@type":"ListItem","position":1,"name":"Home","item":"https:\/\/www.docenti.it\/blog\/"},{"@type":"ListItem","position":2,"name":"TFA INDIRE 2026: nove regole sulla specializzazione"}]},{"@type":"WebSite","@id":"https:\/\/www.docenti.it\/blog\/#website","url":"https:\/\/www.docenti.it\/blog\/","name":"Blog | Docenti.it","description":"Tutte le notizie e gli aggiornamenti dal mondo della scuola","publisher":{"@id":"https:\/\/www.docenti.it\/blog\/#organization"},"potentialAction":[{"@type":"SearchAction","target":{"@type":"EntryPoint","urlTemplate":"https:\/\/www.docenti.it\/blog\/?s={search_term_string}"},"query-input":"required name=search_term_string"}],"inLanguage":"it-IT"},{"@type":"Organization","@id":"https:\/\/www.docenti.it\/blog\/#organization","name":"Blog | Docenti.it","url":"https:\/\/www.docenti.it\/blog\/","logo":{"@type":"ImageObject","inLanguage":"it-IT","@id":"https:\/\/www.docenti.it\/blog\/#\/schema\/logo\/image\/","url":"https:\/\/www.docenti.it\/blog\/wp-content\/uploads\/2025\/06\/fb_mad_img.png","contentUrl":"https:\/\/www.docenti.it\/blog\/wp-content\/uploads\/2025\/06\/fb_mad_img.png","width":1140,"height":620,"caption":"Blog | Docenti.it"},"image":{"@id":"https:\/\/www.docenti.it\/blog\/#\/schema\/logo\/image\/"},"sameAs":["https:\/\/www.facebook.com\/docenti.it"]},{"@type":"Person","@id":"https:\/\/www.docenti.it\/blog\/#\/schema\/person\/773963d3c0645bd34c150c41a13e5754","name":"Gabriella Capraro","image":{"@type":"ImageObject","inLanguage":"it-IT","@id":"https:\/\/www.docenti.it\/blog\/#\/schema\/person\/image\/","url":"https:\/\/secure.gravatar.com\/avatar\/17e0ab06bea064a8a7c5bef443cb7153?s=96&d=mm&r=g","contentUrl":"https:\/\/secure.gravatar.com\/avatar\/17e0ab06bea064a8a7c5bef443cb7153?s=96&d=mm&r=g","caption":"Gabriella Capraro"},"description":"Copywriter e digital strategist, collabora come articolista e autrice per diverse piattaforme online, spaziando da tematiche scolastiche\/istituzionali a letterarie e musicali.","url":"https:\/\/www.docenti.it\/blog\/author\/gcapraro\/"}]}},"_links":{"self":[{"href":"https:\/\/www.docenti.it\/blog\/wp-json\/wp\/v2\/posts\/47133"}],"collection":[{"href":"https:\/\/www.docenti.it\/blog\/wp-json\/wp\/v2\/posts"}],"about":[{"href":"https:\/\/www.docenti.it\/blog\/wp-json\/wp\/v2\/types\/post"}],"author":[{"embeddable":true,"href":"https:\/\/www.docenti.it\/blog\/wp-json\/wp\/v2\/users\/25"}],"replies":[{"embeddable":true,"href":"https:\/\/www.docenti.it\/blog\/wp-json\/wp\/v2\/comments?post=47133"}],"version-history":[{"count":1,"href":"https:\/\/www.docenti.it\/blog\/wp-json\/wp\/v2\/posts\/47133\/revisions"}],"predecessor-version":[{"id":47134,"href":"https:\/\/www.docenti.it\/blog\/wp-json\/wp\/v2\/posts\/47133\/revisions\/47134"}],"wp:featuredmedia":[{"embeddable":true,"href":"https:\/\/www.docenti.it\/blog\/wp-json\/wp\/v2\/media\/44535"}],"wp:attachment":[{"href":"https:\/\/www.docenti.it\/blog\/wp-json\/wp\/v2\/media?parent=47133"}],"wp:term":[{"taxonomy":"category","embeddable":true,"href":"https:\/\/www.docenti.it\/blog\/wp-json\/wp\/v2\/categories?post=47133"},{"taxonomy":"post_tag","embeddable":true,"href":"https:\/\/www.docenti.it\/blog\/wp-json\/wp\/v2\/tags?post=47133"}],"curies":[{"name":"wp","href":"https:\/\/api.w.org\/{rel}","templated":true}]}}