{"id":47258,"date":"2026-01-11T15:14:35","date_gmt":"2026-01-11T14:14:35","guid":{"rendered":"https:\/\/www.docenti.it\/blog\/?p=47258"},"modified":"2026-01-11T15:14:36","modified_gmt":"2026-01-11T14:14:36","slug":"percorsi-abilitanti-2026-come-ottenere-abilitazione","status":"publish","type":"post","link":"https:\/\/www.docenti.it\/blog\/percorsi-abilitanti-2026-come-ottenere-abilitazione\/","title":{"rendered":"Percorsi abilitanti 2026: come ottenere l\u2019abilitazione?"},"content":{"rendered":"\n<p>Percorsi abilitanti 2026: per chi sogna una carriera da docente nella scuola secondaria di primo e secondo grado, l\u2019abilitazione rappresenta un passaggio obbligato. <\/p>\n\n\n\n<p>Non serve solo per partecipare ai concorsi a cattedra, ma \u00e8 anche il titolo che permette l\u2019accesso alle <strong>GPS di prima fascia<\/strong>, fondamentali per le supplenze e le future immissioni in ruolo.<\/p>\n\n\n\n<p>I <strong>percorsi abilitanti 2026<\/strong> assumono quindi un ruolo centrale per tutti i neo laureati e per i docenti gi\u00e0 in servizio che vogliono regolarizzare la propria posizione.<\/p>\n\n\n\n<p><\/p>\n\n\n\n<h2>Come nasce l\u2019attivazione dei percorsi abilitanti<\/h2>\n\n\n\n<p>Ogni anno il sistema segue una procedura precisa, stabilita dal DPCM del 4 agosto 2023.<\/p>\n\n\n\n<h3><strong>Il ruolo del Ministero dell\u2019Istruzione<\/strong><\/h3>\n\n\n\n<p>Entro il mese di febbraio, il Ministero dell\u2019Istruzione e del Merito analizza il fabbisogno di docenti per:<\/p>\n\n\n\n<ul>\n<li>il sistema scolastico nazionale<\/li>\n\n\n\n<li>la formazione professionale regionale<\/li>\n\n\n\n<li>le scuole italiane all\u2019estero<\/li>\n<\/ul>\n\n\n\n<p>Sulla base di questi dati, comunica al <strong>MUR<\/strong> quante abilitazioni servono per ciascuna classe di concorso. Questa fase \u00e8 decisiva perch\u00e9 determina <strong>quanti e quali percorsi abilitanti verranno attivati<\/strong>.<\/p>\n\n\n\n<h3><strong>Le autorizzazioni del MUR<\/strong><\/h3>\n\n\n\n<p>Ricevute le indicazioni, il Ministero dell\u2019Universit\u00e0 e della Ricerca emana un decreto che autorizza le Universit\u00e0 e le istituzioni AFAM ad avviare i <strong>percorsi universitari e accademici di formazione iniziale e abilitazione<\/strong> per i docenti della scuola secondaria.<\/p>\n\n\n\n<p>Senza questo decreto, i corsi non possono partire ufficialmente.<\/p>\n\n\n\n<p><\/p>\n\n\n\n<h2>Quali sono i percorsi abilitanti disponibili nel 2026<\/h2>\n\n\n\n<p>I <strong>percorsi abilitanti 2026<\/strong> non sono tutti uguali: variano in base al curriculum e all\u2019esperienza del candidato.<\/p>\n\n\n\n<h3><strong>Percorso completo da 60 CFU\/CFA<\/strong><\/h3>\n\n\n\n<p>\u00c8 la strada ordinaria. Possono accedervi i laureati che non hanno titoli abilitanti o crediti pregressi. Questo percorso fornisce una formazione completa, sia teorica che pratica.<\/p>\n\n\n\n<h3><strong>Percorsi ridotti da 30 CFU\/CFA<\/strong><\/h3>\n\n\n\n<p>Sono previsti pi\u00f9 canali agevolati:<\/p>\n\n\n\n<ul>\n<li><strong>Per chi ha almeno tre anni di servizio<\/strong> negli ultimi cinque, con almeno un anno nella classe di concorso specifica;<\/li>\n\n\n\n<li><strong>Per chi ha superato un concorso<\/strong>, ma non \u00e8 abilitato e ha comunque almeno tre anni di servizio negli ultimi cinque; <\/li>\n\n\n\n<li><strong>Per chi ha gi\u00e0 acquisito 30 CFU\/CFA<\/strong> durante la fase transitoria prevista dal decreto 36\/2022.<\/li>\n<\/ul>\n\n\n\n<p>Questi percorsi permettono di completare l\u2019abilitazione senza ripetere la formazione gi\u00e0 svolta.<\/p>\n\n\n\n<h3><strong>Percorso da 36 CFU\/CFA<\/strong><\/h3>\n\n\n\n<p>\u00c8 riservato a chi possiede i <strong>24 CFU<\/strong> conseguiti entro il 31 ottobre 2022. Anche in questo caso il corso integra i crediti gi\u00e0 maturati fino al raggiungimento dell\u2019abilitazione.<\/p>\n\n\n\n<p><\/p>\n\n\n\n<div class=\"is-layout-flex wp-block-buttons\">\n<div class=\"wp-block-button\"><a class=\"wp-block-button__link wp-element-button\" href=\"https:\/\/www.docenti.it\/valutazione-abilitazioni.html\" target=\"_blank\" rel=\"noreferrer noopener\">VERIFICA LA TUA AMMISSIONE AI BANDI<\/a><\/div>\n<\/div>\n\n\n\n<p><\/p>\n\n\n\n<h2>Percorsi abilitanti 2026: perch\u00e9 i tempi sono cos\u00ec stringenti<\/h2>\n\n\n\n<p>Molte Universit\u00e0 hanno gi\u00e0 pubblicato bandi o fornito indicazioni per l\u2019anno accademico <strong>2025\/2026<\/strong>, anche in attesa del decreto ufficiale del MUR.<\/p>\n\n\n\n<p>Questa scelta nasce da un\u2019esigenza precisa: <strong>concludere i percorsi entro il 30 giugno 2026<\/strong>, data limite per ottenere l\u2019abilitazione valida per l\u2019inserimento nella <strong>GPS 2026\/2028 di prima fascia<\/strong>.<\/p>\n\n\n\n<p>I tempi sono quindi molto ristretti. Da una parte c\u2019\u00e8 la necessit\u00e0 di partire gi\u00e0 nei primi mesi del 2026, dall\u2019altra resta fondamentale garantire <strong>qualit\u00e0 della formazione e diritti dei corsisti<\/strong>.<\/p>\n\n\n\n<p><em>Per maggiori informazioni sugli atenei che hanno gi\u00e0 pubblicato i bandi: <\/em><\/p>\n\n\n<p><span style=\"color: #ff0000;\"><em><strong><a style=\"color: #ff0000;\" href=\"https:\/\/www.docenti.it\/blog\/bandi-abilitazione-insegnamento-2026-elenco-degli-atenei\/\">Percorsi abilitanti: i bandi pubblicati a.s. 2026<\/a><\/strong><\/em><\/span><\/p>\n<p>Per ulteriori news e approfondimenti sul mondo scuola, segui il\u00a0<strong><a href=\"https:\/\/www.docenti.it\/blog\/\" target=\"_blank\" rel=\"noreferrer noopener\">blog\u00a0<\/a><\/strong>di\u00a0<strong><a href=\"https:\/\/www.docenti.it\/\" target=\"_blank\" rel=\"noreferrer noopener\">Docenti.it<\/a><\/strong><\/p>\n<p>\u00a0<\/p>","protected":false},"excerpt":{"rendered":"<p>Percorsi abilitanti 2026: per chi sogna una carriera da docente nella scuola secondaria di [&hellip;]<\/p>\n","protected":false},"author":25,"featured_media":44535,"comment_status":"open","ping_status":"open","sticky":false,"template":"","format":"standard","meta":[],"categories":[496,1],"tags":[1008,1035,1007],"yoast_head":"<!-- This site is optimized with the Yoast SEO plugin v20.4 - https:\/\/yoast.com\/wordpress\/plugins\/seo\/ -->\n<title>Percorsi abilitanti 2026: come ottenere l&#039;abilitazione?<\/title>\n<meta name=\"description\" content=\"Percorsi abilitanti 2026: quali sono i requisiti, i CFU richiesti e le scadenze per entrare nelle GPS e nei concorsi scuola.\" \/>\n<meta name=\"robots\" content=\"index, follow, max-snippet:-1, max-image-preview:large, max-video-preview:-1\" \/>\n<link rel=\"canonical\" href=\"https:\/\/www.docenti.it\/blog\/percorsi-abilitanti-2026-come-ottenere-abilitazione\/\" \/>\n<meta property=\"og:locale\" content=\"it_IT\" \/>\n<meta property=\"og:type\" content=\"article\" \/>\n<meta property=\"og:title\" content=\"Percorsi abilitanti 2026: come ottenere l&#039;abilitazione?\" \/>\n<meta property=\"og:description\" content=\"Percorsi abilitanti 2026: quali sono i requisiti, i CFU richiesti e le scadenze per entrare nelle GPS e nei concorsi scuola.\" \/>\n<meta property=\"og:url\" content=\"https:\/\/www.docenti.it\/blog\/percorsi-abilitanti-2026-come-ottenere-abilitazione\/\" \/>\n<meta property=\"og:site_name\" content=\"Blog | Docenti.it\" \/>\n<meta property=\"article:publisher\" content=\"https:\/\/www.facebook.com\/docenti.it\" \/>\n<meta property=\"article:published_time\" content=\"2026-01-11T14:14:35+00:00\" \/>\n<meta property=\"article:modified_time\" content=\"2026-01-11T14:14:36+00:00\" \/>\n<meta property=\"og:image\" content=\"https:\/\/www.docenti.it\/blog\/wp-content\/uploads\/2023\/02\/pexels-te-lensfix-1083728.jpg\" \/>\n\t<meta property=\"og:image:width\" content=\"640\" \/>\n\t<meta property=\"og:image:height\" content=\"427\" \/>\n\t<meta property=\"og:image:type\" content=\"image\/jpeg\" \/>\n<meta name=\"author\" content=\"Gabriella Capraro\" \/>\n<meta name=\"twitter:card\" content=\"summary_large_image\" \/>\n<meta name=\"twitter:label1\" content=\"Written by\" \/>\n\t<meta name=\"twitter:data1\" content=\"Gabriella Capraro\" \/>\n\t<meta name=\"twitter:label2\" content=\"Est. reading time\" \/>\n\t<meta name=\"twitter:data2\" content=\"3 minuti\" \/>\n<script type=\"application\/ld+json\" class=\"yoast-schema-graph\">{\"@context\":\"https:\/\/schema.org\",\"@graph\":[{\"@type\":\"Article\",\"@id\":\"https:\/\/www.docenti.it\/blog\/percorsi-abilitanti-2026-come-ottenere-abilitazione\/#article\",\"isPartOf\":{\"@id\":\"https:\/\/www.docenti.it\/blog\/percorsi-abilitanti-2026-come-ottenere-abilitazione\/\"},\"author\":{\"name\":\"Gabriella Capraro\",\"@id\":\"https:\/\/www.docenti.it\/blog\/#\/schema\/person\/773963d3c0645bd34c150c41a13e5754\"},\"headline\":\"Percorsi abilitanti 2026: come ottenere l\u2019abilitazione?\",\"datePublished\":\"2026-01-11T14:14:35+00:00\",\"dateModified\":\"2026-01-11T14:14:36+00:00\",\"mainEntityOfPage\":{\"@id\":\"https:\/\/www.docenti.it\/blog\/percorsi-abilitanti-2026-come-ottenere-abilitazione\/\"},\"wordCount\":511,\"commentCount\":0,\"publisher\":{\"@id\":\"https:\/\/www.docenti.it\/blog\/#organization\"},\"keywords\":[\"abilitazione insegnamento 2026\",\"abilitazione scuola\",\"percorsi abilitanti 2026\"],\"articleSection\":[\"Abilitazione insegnamento\",\"FAQ\"],\"inLanguage\":\"it-IT\",\"potentialAction\":[{\"@type\":\"CommentAction\",\"name\":\"Comment\",\"target\":[\"https:\/\/www.docenti.it\/blog\/percorsi-abilitanti-2026-come-ottenere-abilitazione\/#respond\"]}]},{\"@type\":\"WebPage\",\"@id\":\"https:\/\/www.docenti.it\/blog\/percorsi-abilitanti-2026-come-ottenere-abilitazione\/\",\"url\":\"https:\/\/www.docenti.it\/blog\/percorsi-abilitanti-2026-come-ottenere-abilitazione\/\",\"name\":\"Percorsi abilitanti 2026: come ottenere l'abilitazione?\",\"isPartOf\":{\"@id\":\"https:\/\/www.docenti.it\/blog\/#website\"},\"datePublished\":\"2026-01-11T14:14:35+00:00\",\"dateModified\":\"2026-01-11T14:14:36+00:00\",\"description\":\"Percorsi abilitanti 2026: quali sono i requisiti, i CFU richiesti e le scadenze per entrare nelle GPS e nei concorsi scuola.\",\"breadcrumb\":{\"@id\":\"https:\/\/www.docenti.it\/blog\/percorsi-abilitanti-2026-come-ottenere-abilitazione\/#breadcrumb\"},\"inLanguage\":\"it-IT\",\"potentialAction\":[{\"@type\":\"ReadAction\",\"target\":[\"https:\/\/www.docenti.it\/blog\/percorsi-abilitanti-2026-come-ottenere-abilitazione\/\"]}]},{\"@type\":\"BreadcrumbList\",\"@id\":\"https:\/\/www.docenti.it\/blog\/percorsi-abilitanti-2026-come-ottenere-abilitazione\/#breadcrumb\",\"itemListElement\":[{\"@type\":\"ListItem\",\"position\":1,\"name\":\"Home\",\"item\":\"https:\/\/www.docenti.it\/blog\/\"},{\"@type\":\"ListItem\",\"position\":2,\"name\":\"Percorsi abilitanti 2026: come ottenere l\u2019abilitazione?\"}]},{\"@type\":\"WebSite\",\"@id\":\"https:\/\/www.docenti.it\/blog\/#website\",\"url\":\"https:\/\/www.docenti.it\/blog\/\",\"name\":\"Blog | Docenti.it\",\"description\":\"Tutte le notizie e gli aggiornamenti dal mondo della scuola\",\"publisher\":{\"@id\":\"https:\/\/www.docenti.it\/blog\/#organization\"},\"potentialAction\":[{\"@type\":\"SearchAction\",\"target\":{\"@type\":\"EntryPoint\",\"urlTemplate\":\"https:\/\/www.docenti.it\/blog\/?s={search_term_string}\"},\"query-input\":\"required name=search_term_string\"}],\"inLanguage\":\"it-IT\"},{\"@type\":\"Organization\",\"@id\":\"https:\/\/www.docenti.it\/blog\/#organization\",\"name\":\"Blog | Docenti.it\",\"url\":\"https:\/\/www.docenti.it\/blog\/\",\"logo\":{\"@type\":\"ImageObject\",\"inLanguage\":\"it-IT\",\"@id\":\"https:\/\/www.docenti.it\/blog\/#\/schema\/logo\/image\/\",\"url\":\"https:\/\/www.docenti.it\/blog\/wp-content\/uploads\/2025\/06\/fb_mad_img.png\",\"contentUrl\":\"https:\/\/www.docenti.it\/blog\/wp-content\/uploads\/2025\/06\/fb_mad_img.png\",\"width\":1140,\"height\":620,\"caption\":\"Blog | Docenti.it\"},\"image\":{\"@id\":\"https:\/\/www.docenti.it\/blog\/#\/schema\/logo\/image\/\"},\"sameAs\":[\"https:\/\/www.facebook.com\/docenti.it\"]},{\"@type\":\"Person\",\"@id\":\"https:\/\/www.docenti.it\/blog\/#\/schema\/person\/773963d3c0645bd34c150c41a13e5754\",\"name\":\"Gabriella Capraro\",\"image\":{\"@type\":\"ImageObject\",\"inLanguage\":\"it-IT\",\"@id\":\"https:\/\/www.docenti.it\/blog\/#\/schema\/person\/image\/\",\"url\":\"https:\/\/secure.gravatar.com\/avatar\/17e0ab06bea064a8a7c5bef443cb7153?s=96&d=mm&r=g\",\"contentUrl\":\"https:\/\/secure.gravatar.com\/avatar\/17e0ab06bea064a8a7c5bef443cb7153?s=96&d=mm&r=g\",\"caption\":\"Gabriella Capraro\"},\"description\":\"Copywriter e digital strategist, collabora come articolista e autrice per diverse piattaforme online, spaziando da tematiche scolastiche\/istituzionali a letterarie e musicali.\",\"url\":\"https:\/\/www.docenti.it\/blog\/author\/gcapraro\/\"}]}<\/script>\n<!-- \/ Yoast SEO plugin. -->","yoast_head_json":{"title":"Percorsi abilitanti 2026: come ottenere l'abilitazione?","description":"Percorsi abilitanti 2026: quali sono i requisiti, i CFU richiesti e le scadenze per entrare nelle GPS e nei concorsi scuola.","robots":{"index":"index","follow":"follow","max-snippet":"max-snippet:-1","max-image-preview":"max-image-preview:large","max-video-preview":"max-video-preview:-1"},"canonical":"https:\/\/www.docenti.it\/blog\/percorsi-abilitanti-2026-come-ottenere-abilitazione\/","og_locale":"it_IT","og_type":"article","og_title":"Percorsi abilitanti 2026: come ottenere l'abilitazione?","og_description":"Percorsi abilitanti 2026: quali sono i requisiti, i CFU richiesti e le scadenze per entrare nelle GPS e nei concorsi scuola.","og_url":"https:\/\/www.docenti.it\/blog\/percorsi-abilitanti-2026-come-ottenere-abilitazione\/","og_site_name":"Blog | Docenti.it","article_publisher":"https:\/\/www.facebook.com\/docenti.it","article_published_time":"2026-01-11T14:14:35+00:00","article_modified_time":"2026-01-11T14:14:36+00:00","og_image":[{"width":640,"height":427,"url":"https:\/\/www.docenti.it\/blog\/wp-content\/uploads\/2023\/02\/pexels-te-lensfix-1083728.jpg","type":"image\/jpeg"}],"author":"Gabriella Capraro","twitter_card":"summary_large_image","twitter_misc":{"Written by":"Gabriella Capraro","Est. reading time":"3 minuti"},"schema":{"@context":"https:\/\/schema.org","@graph":[{"@type":"Article","@id":"https:\/\/www.docenti.it\/blog\/percorsi-abilitanti-2026-come-ottenere-abilitazione\/#article","isPartOf":{"@id":"https:\/\/www.docenti.it\/blog\/percorsi-abilitanti-2026-come-ottenere-abilitazione\/"},"author":{"name":"Gabriella Capraro","@id":"https:\/\/www.docenti.it\/blog\/#\/schema\/person\/773963d3c0645bd34c150c41a13e5754"},"headline":"Percorsi abilitanti 2026: come ottenere l\u2019abilitazione?","datePublished":"2026-01-11T14:14:35+00:00","dateModified":"2026-01-11T14:14:36+00:00","mainEntityOfPage":{"@id":"https:\/\/www.docenti.it\/blog\/percorsi-abilitanti-2026-come-ottenere-abilitazione\/"},"wordCount":511,"commentCount":0,"publisher":{"@id":"https:\/\/www.docenti.it\/blog\/#organization"},"keywords":["abilitazione insegnamento 2026","abilitazione scuola","percorsi abilitanti 2026"],"articleSection":["Abilitazione insegnamento","FAQ"],"inLanguage":"it-IT","potentialAction":[{"@type":"CommentAction","name":"Comment","target":["https:\/\/www.docenti.it\/blog\/percorsi-abilitanti-2026-come-ottenere-abilitazione\/#respond"]}]},{"@type":"WebPage","@id":"https:\/\/www.docenti.it\/blog\/percorsi-abilitanti-2026-come-ottenere-abilitazione\/","url":"https:\/\/www.docenti.it\/blog\/percorsi-abilitanti-2026-come-ottenere-abilitazione\/","name":"Percorsi abilitanti 2026: come ottenere l'abilitazione?","isPartOf":{"@id":"https:\/\/www.docenti.it\/blog\/#website"},"datePublished":"2026-01-11T14:14:35+00:00","dateModified":"2026-01-11T14:14:36+00:00","description":"Percorsi abilitanti 2026: quali sono i requisiti, i CFU richiesti e le scadenze per entrare nelle GPS e nei concorsi scuola.","breadcrumb":{"@id":"https:\/\/www.docenti.it\/blog\/percorsi-abilitanti-2026-come-ottenere-abilitazione\/#breadcrumb"},"inLanguage":"it-IT","potentialAction":[{"@type":"ReadAction","target":["https:\/\/www.docenti.it\/blog\/percorsi-abilitanti-2026-come-ottenere-abilitazione\/"]}]},{"@type":"BreadcrumbList","@id":"https:\/\/www.docenti.it\/blog\/percorsi-abilitanti-2026-come-ottenere-abilitazione\/#breadcrumb","itemListElement":[{"@type":"ListItem","position":1,"name":"Home","item":"https:\/\/www.docenti.it\/blog\/"},{"@type":"ListItem","position":2,"name":"Percorsi abilitanti 2026: come ottenere l\u2019abilitazione?"}]},{"@type":"WebSite","@id":"https:\/\/www.docenti.it\/blog\/#website","url":"https:\/\/www.docenti.it\/blog\/","name":"Blog | Docenti.it","description":"Tutte le notizie e gli aggiornamenti dal mondo della scuola","publisher":{"@id":"https:\/\/www.docenti.it\/blog\/#organization"},"potentialAction":[{"@type":"SearchAction","target":{"@type":"EntryPoint","urlTemplate":"https:\/\/www.docenti.it\/blog\/?s={search_term_string}"},"query-input":"required name=search_term_string"}],"inLanguage":"it-IT"},{"@type":"Organization","@id":"https:\/\/www.docenti.it\/blog\/#organization","name":"Blog | Docenti.it","url":"https:\/\/www.docenti.it\/blog\/","logo":{"@type":"ImageObject","inLanguage":"it-IT","@id":"https:\/\/www.docenti.it\/blog\/#\/schema\/logo\/image\/","url":"https:\/\/www.docenti.it\/blog\/wp-content\/uploads\/2025\/06\/fb_mad_img.png","contentUrl":"https:\/\/www.docenti.it\/blog\/wp-content\/uploads\/2025\/06\/fb_mad_img.png","width":1140,"height":620,"caption":"Blog | Docenti.it"},"image":{"@id":"https:\/\/www.docenti.it\/blog\/#\/schema\/logo\/image\/"},"sameAs":["https:\/\/www.facebook.com\/docenti.it"]},{"@type":"Person","@id":"https:\/\/www.docenti.it\/blog\/#\/schema\/person\/773963d3c0645bd34c150c41a13e5754","name":"Gabriella Capraro","image":{"@type":"ImageObject","inLanguage":"it-IT","@id":"https:\/\/www.docenti.it\/blog\/#\/schema\/person\/image\/","url":"https:\/\/secure.gravatar.com\/avatar\/17e0ab06bea064a8a7c5bef443cb7153?s=96&d=mm&r=g","contentUrl":"https:\/\/secure.gravatar.com\/avatar\/17e0ab06bea064a8a7c5bef443cb7153?s=96&d=mm&r=g","caption":"Gabriella Capraro"},"description":"Copywriter e digital strategist, collabora come articolista e autrice per diverse piattaforme online, spaziando da tematiche scolastiche\/istituzionali a letterarie e musicali.","url":"https:\/\/www.docenti.it\/blog\/author\/gcapraro\/"}]}},"_links":{"self":[{"href":"https:\/\/www.docenti.it\/blog\/wp-json\/wp\/v2\/posts\/47258"}],"collection":[{"href":"https:\/\/www.docenti.it\/blog\/wp-json\/wp\/v2\/posts"}],"about":[{"href":"https:\/\/www.docenti.it\/blog\/wp-json\/wp\/v2\/types\/post"}],"author":[{"embeddable":true,"href":"https:\/\/www.docenti.it\/blog\/wp-json\/wp\/v2\/users\/25"}],"replies":[{"embeddable":true,"href":"https:\/\/www.docenti.it\/blog\/wp-json\/wp\/v2\/comments?post=47258"}],"version-history":[{"count":1,"href":"https:\/\/www.docenti.it\/blog\/wp-json\/wp\/v2\/posts\/47258\/revisions"}],"predecessor-version":[{"id":47259,"href":"https:\/\/www.docenti.it\/blog\/wp-json\/wp\/v2\/posts\/47258\/revisions\/47259"}],"wp:featuredmedia":[{"embeddable":true,"href":"https:\/\/www.docenti.it\/blog\/wp-json\/wp\/v2\/media\/44535"}],"wp:attachment":[{"href":"https:\/\/www.docenti.it\/blog\/wp-json\/wp\/v2\/media?parent=47258"}],"wp:term":[{"taxonomy":"category","embeddable":true,"href":"https:\/\/www.docenti.it\/blog\/wp-json\/wp\/v2\/categories?post=47258"},{"taxonomy":"post_tag","embeddable":true,"href":"https:\/\/www.docenti.it\/blog\/wp-json\/wp\/v2\/tags?post=47258"}],"curies":[{"name":"wp","href":"https:\/\/api.w.org\/{rel}","templated":true}]}}