{"id":47289,"date":"2026-01-19T14:15:37","date_gmt":"2026-01-19T13:15:37","guid":{"rendered":"https:\/\/www.docenti.it\/blog\/?p=47289"},"modified":"2026-01-19T14:15:38","modified_gmt":"2026-01-19T13:15:38","slug":"anief-e-concorso-pnrr3-tutte-le-richieste-e-i-chiarimenti","status":"publish","type":"post","link":"https:\/\/www.docenti.it\/blog\/anief-e-concorso-pnrr3-tutte-le-richieste-e-i-chiarimenti\/","title":{"rendered":"ANIEF e concorso PNRR3: tutte le richieste e i chiarimenti"},"content":{"rendered":"\n<p>Il <strong>concorso PNRR3<\/strong> entra nella fase pi\u00f9 attesa: le <strong>prove orali sono ufficialmente partite<\/strong> e diverse regioni hanno gi\u00e0 avviato le convocazioni. <\/p>\n\n\n\n<p>Questa nuova procedura concorsuale rappresenta un passaggio decisivo per il <strong>reclutamento dei docenti<\/strong> e per le future <strong>immissioni in ruolo<\/strong>.<\/p>\n\n\n\n<p>A chiarire tempi e prospettive \u00e8 stata <strong>Chiara Cozzetto, segretaria generale ANIEF<\/strong>, durante un\u2019intervista rilasciata all\u2019agenzia Teleborsa. <\/p>\n\n\n\n<p>Le sue dichiarazioni forniscono un quadro preciso sull\u2019impatto del <strong>concorso PNRR3<\/strong> sulle assunzioni scolastiche dei prossimi anni.<\/p>\n\n\n\n<p><\/p>\n\n\n\n<h2>Graduatorie concorso PNRR3: scadenza obbligatoria a giugno 2026<\/h2>\n\n\n\n<p>Secondo <strong>ANIEF<\/strong>, le <strong>graduatorie del concorso PNRR3<\/strong> dovranno essere pubblicate <strong>entro giugno 2026<\/strong>.<\/p>\n\n\n\n<p>Questa data non \u00e8 solo una formalit\u00e0: consente di utilizzare le graduatorie gi\u00e0 per le <strong>assunzioni dell\u2019anno scolastico 2026\/27<\/strong>.<\/p>\n\n\n\n<h3>Posti banditi: non tutte le cattedre saranno assegnate subito<\/h3>\n\n\n\n<p>ANIEF evidenzia che <strong>non tutti i posti del concorso PNRR3 verranno coperti immediatamente<\/strong>.<\/p>\n\n\n\n<p>I vincitori accederanno comunque al ruolo, ma una parte delle cattedre rester\u00e0 disponibile per gli anni successivi, contribuendo cos\u00ec al <strong>fabbisogno futuro del sistema scolastico<\/strong>.<\/p>\n\n\n\n<p><\/p>\n\n\n\n<h2>Posti residui e assunzioni: il PNRR3 influenzer\u00e0 il reclutamento nel medio termine<\/h2>\n\n\n\n<p>La mancata assegnazione totale dei posti nel primo anno rientra nelle dinamiche del concorso.<\/p>\n\n\n\n<p>Le <strong>tempistiche lunghe e la complessit\u00e0 delle procedure<\/strong> rendono inevitabile uno scorrimento graduale delle graduatorie.<\/p>\n\n\n\n<p>Per questo motivo, il <strong>concorso PNRR3<\/strong> non avr\u00e0 effetti solo immediati, ma incider\u00e0 anche sulle <strong>politiche di reclutamento dei prossimi anni<\/strong>, garantendo continuit\u00e0 nelle assunzioni.<\/p>\n\n\n\n<p><\/p>\n\n\n\n<h2>Nuovi elenchi regionali: chance per i docenti idonei<\/h2>\n\n\n\n<p>Oltre alle graduatorie dei vincitori, il concorso PNRR3 prevede anche la creazione di <strong>elenchi regionali dedicati agli idonei<\/strong>.<\/p>\n\n\n\n<h3>Chi pu\u00f2 entrare negli elenchi regionali<\/h3>\n\n\n\n<p>Potranno inserirsi tutti i docenti risultati <strong>idonei nei concorsi ordinari dal 2020 in poi<\/strong>, compresi gli idonei dei concorsi <strong>PNRR<\/strong>, che rientrano nelle procedure ordinarie.<\/p>\n\n\n\n<p>Da questi elenchi si attinger\u00e0 per coprire i <strong>posti rimasti vacanti<\/strong>, offrendo nuove opportunit\u00e0 di stabilizzazione.<\/p>\n\n\n\n<p><em>Per informazioni pi\u00f9 dettagliate, dai un&#8217;occhiata a questo contenuto: <\/em><\/p>\n\n\n<p><span style=\"color: #ff0000;\"><strong><em><a style=\"color: #ff0000;\" href=\"https:\/\/www.docenti.it\/blog\/elenchi-regionali-2026-come-funzionano-le-immissioni-in-ruolo\/\">Elenchi regionali idonei: cosa sono e come funzionano?<\/a><\/em><\/strong><\/span><\/p>\n\n\n<p><\/p>\n\n\n\n<h2>ANIEF e concorso PNRR3: il doppio canale di reclutamento<\/h2>\n\n\n\n<p>ANIEF rilancia la sua storica richiesta di un <strong>doppio canale di reclutamento<\/strong>, affiancando ai concorsi ordinari anche graduatorie regionali o provinciali.<\/p>\n\n\n\n<h3>Perch\u00e9 ANIEF chiede il doppio canale<\/h3>\n\n\n\n<p>Il sindacato ritiene che questo sistema permetta di:<\/p>\n\n\n\n<ul>\n<li>garantire <strong>maggiore equit\u00e0 nel reclutamento<\/strong>,<\/li>\n\n\n\n<li>valorizzare i docenti che <strong>lavorano da anni nella scuola<\/strong>,<\/li>\n\n\n\n<li>assicurare <strong>continuit\u00e0 didattica e stabilit\u00e0 al sistema scolastico<\/strong>.<\/li>\n<\/ul>\n\n\n\n<p>Secondo <strong>Chiara Cozzetto<\/strong>, questo modello rappresenta la soluzione pi\u00f9 efficace per rispondere al fabbisogno di personale e per ridurre il precariato.<\/p>\n\n\n\n<p><\/p>\n\n\n\n<h2>Concorso PNRR3: quali prospettive per i docenti<\/h2>\n\n\n\n<p>Con l\u2019avvio delle prove orali, il <strong>concorso PNRR3<\/strong> entra nel vivo.<\/p>\n\n\n\n<p>Le graduatorie che verranno pubblicate entro il 2026 saranno fondamentali per le <strong>immissioni in ruolo del 2026\/27<\/strong> e per le assunzioni degli anni successivi.<\/p>\n\n\n\n<p><\/p>\n\n\n\n<p>Per ulteriori news e aggiornamenti sul mondo scuola, segui il\u00a0<strong><a href=\"https:\/\/www.docenti.it\/blog\/\" target=\"_blank\" rel=\"noreferrer noopener\">blog<\/a><\/strong>\u00a0di\u00a0<strong><a href=\"https:\/\/www.docenti.it\/\">Docenti.it<\/a><\/strong><\/p>\n\n\n\n<p><\/p>\n","protected":false},"excerpt":{"rendered":"<p>Il concorso PNRR3 entra nella fase pi\u00f9 attesa: le prove orali sono ufficialmente partite [&hellip;]<\/p>\n","protected":false},"author":25,"featured_media":40737,"comment_status":"open","ping_status":"open","sticky":false,"template":"","format":"standard","meta":[],"categories":[952,4],"tags":[24,903,1020,1028],"yoast_head":"<!-- This site is optimized with the Yoast SEO plugin v20.4 - https:\/\/yoast.com\/wordpress\/plugins\/seo\/ -->\n<title>ANIEF e concorso PNRR3: tutte le richieste e i chiarimenti<\/title>\n<meta name=\"description\" content=\"ANIEF e concorso PNRR3: il concorso entra nella fase degli orali. ANIEF spiega tempi, graduatorie entro giugno 2026 e prospettive.\" \/>\n<meta name=\"robots\" content=\"index, follow, max-snippet:-1, max-image-preview:large, max-video-preview:-1\" \/>\n<link rel=\"canonical\" href=\"https:\/\/www.docenti.it\/blog\/anief-e-concorso-pnrr3-tutte-le-richieste-e-i-chiarimenti\/\" \/>\n<meta property=\"og:locale\" content=\"it_IT\" \/>\n<meta property=\"og:type\" content=\"article\" \/>\n<meta property=\"og:title\" content=\"ANIEF e concorso PNRR3: tutte le richieste e i chiarimenti\" \/>\n<meta property=\"og:description\" content=\"ANIEF e concorso PNRR3: il concorso entra nella fase degli orali. ANIEF spiega tempi, graduatorie entro giugno 2026 e prospettive.\" \/>\n<meta property=\"og:url\" content=\"https:\/\/www.docenti.it\/blog\/anief-e-concorso-pnrr3-tutte-le-richieste-e-i-chiarimenti\/\" \/>\n<meta property=\"og:site_name\" content=\"Blog | Docenti.it\" \/>\n<meta property=\"article:publisher\" content=\"https:\/\/www.facebook.com\/docenti.it\" \/>\n<meta property=\"article:published_time\" content=\"2026-01-19T13:15:37+00:00\" \/>\n<meta property=\"article:modified_time\" content=\"2026-01-19T13:15:38+00:00\" \/>\n<meta property=\"og:image\" content=\"https:\/\/www.docenti.it\/blog\/wp-content\/uploads\/2022\/12\/pexels-pixabay-256417.jpg\" \/>\n\t<meta property=\"og:image:width\" content=\"640\" \/>\n\t<meta property=\"og:image:height\" content=\"357\" \/>\n\t<meta property=\"og:image:type\" content=\"image\/jpeg\" \/>\n<meta name=\"author\" content=\"Gabriella Capraro\" \/>\n<meta name=\"twitter:card\" content=\"summary_large_image\" \/>\n<meta name=\"twitter:label1\" content=\"Written by\" \/>\n\t<meta name=\"twitter:data1\" content=\"Gabriella Capraro\" \/>\n\t<meta name=\"twitter:label2\" content=\"Est. reading time\" \/>\n\t<meta name=\"twitter:data2\" content=\"2 minuti\" \/>\n<script type=\"application\/ld+json\" class=\"yoast-schema-graph\">{\"@context\":\"https:\/\/schema.org\",\"@graph\":[{\"@type\":\"Article\",\"@id\":\"https:\/\/www.docenti.it\/blog\/anief-e-concorso-pnrr3-tutte-le-richieste-e-i-chiarimenti\/#article\",\"isPartOf\":{\"@id\":\"https:\/\/www.docenti.it\/blog\/anief-e-concorso-pnrr3-tutte-le-richieste-e-i-chiarimenti\/\"},\"author\":{\"name\":\"Gabriella Capraro\",\"@id\":\"https:\/\/www.docenti.it\/blog\/#\/schema\/person\/773963d3c0645bd34c150c41a13e5754\"},\"headline\":\"ANIEF e concorso PNRR3: tutte le richieste e i chiarimenti\",\"datePublished\":\"2026-01-19T13:15:37+00:00\",\"dateModified\":\"2026-01-19T13:15:38+00:00\",\"mainEntityOfPage\":{\"@id\":\"https:\/\/www.docenti.it\/blog\/anief-e-concorso-pnrr3-tutte-le-richieste-e-i-chiarimenti\/\"},\"wordCount\":469,\"commentCount\":0,\"publisher\":{\"@id\":\"https:\/\/www.docenti.it\/blog\/#organization\"},\"keywords\":[\"concorsi scuola\",\"concorso PNRR3\",\"immissioni in ruolo 2026\",\"prova orale concorso pnrr3\"],\"articleSection\":[\"concorsi scuola 2025\/26\",\"News\"],\"inLanguage\":\"it-IT\",\"potentialAction\":[{\"@type\":\"CommentAction\",\"name\":\"Comment\",\"target\":[\"https:\/\/www.docenti.it\/blog\/anief-e-concorso-pnrr3-tutte-le-richieste-e-i-chiarimenti\/#respond\"]}]},{\"@type\":\"WebPage\",\"@id\":\"https:\/\/www.docenti.it\/blog\/anief-e-concorso-pnrr3-tutte-le-richieste-e-i-chiarimenti\/\",\"url\":\"https:\/\/www.docenti.it\/blog\/anief-e-concorso-pnrr3-tutte-le-richieste-e-i-chiarimenti\/\",\"name\":\"ANIEF e concorso PNRR3: tutte le richieste e i chiarimenti\",\"isPartOf\":{\"@id\":\"https:\/\/www.docenti.it\/blog\/#website\"},\"datePublished\":\"2026-01-19T13:15:37+00:00\",\"dateModified\":\"2026-01-19T13:15:38+00:00\",\"description\":\"ANIEF e concorso PNRR3: il concorso entra nella fase degli orali. ANIEF spiega tempi, graduatorie entro giugno 2026 e prospettive.\",\"breadcrumb\":{\"@id\":\"https:\/\/www.docenti.it\/blog\/anief-e-concorso-pnrr3-tutte-le-richieste-e-i-chiarimenti\/#breadcrumb\"},\"inLanguage\":\"it-IT\",\"potentialAction\":[{\"@type\":\"ReadAction\",\"target\":[\"https:\/\/www.docenti.it\/blog\/anief-e-concorso-pnrr3-tutte-le-richieste-e-i-chiarimenti\/\"]}]},{\"@type\":\"BreadcrumbList\",\"@id\":\"https:\/\/www.docenti.it\/blog\/anief-e-concorso-pnrr3-tutte-le-richieste-e-i-chiarimenti\/#breadcrumb\",\"itemListElement\":[{\"@type\":\"ListItem\",\"position\":1,\"name\":\"Home\",\"item\":\"https:\/\/www.docenti.it\/blog\/\"},{\"@type\":\"ListItem\",\"position\":2,\"name\":\"ANIEF e concorso PNRR3: tutte le richieste e i chiarimenti\"}]},{\"@type\":\"WebSite\",\"@id\":\"https:\/\/www.docenti.it\/blog\/#website\",\"url\":\"https:\/\/www.docenti.it\/blog\/\",\"name\":\"Blog | Docenti.it\",\"description\":\"Tutte le notizie e gli aggiornamenti dal mondo della scuola\",\"publisher\":{\"@id\":\"https:\/\/www.docenti.it\/blog\/#organization\"},\"potentialAction\":[{\"@type\":\"SearchAction\",\"target\":{\"@type\":\"EntryPoint\",\"urlTemplate\":\"https:\/\/www.docenti.it\/blog\/?s={search_term_string}\"},\"query-input\":\"required name=search_term_string\"}],\"inLanguage\":\"it-IT\"},{\"@type\":\"Organization\",\"@id\":\"https:\/\/www.docenti.it\/blog\/#organization\",\"name\":\"Blog | Docenti.it\",\"url\":\"https:\/\/www.docenti.it\/blog\/\",\"logo\":{\"@type\":\"ImageObject\",\"inLanguage\":\"it-IT\",\"@id\":\"https:\/\/www.docenti.it\/blog\/#\/schema\/logo\/image\/\",\"url\":\"https:\/\/www.docenti.it\/blog\/wp-content\/uploads\/2025\/06\/fb_mad_img.png\",\"contentUrl\":\"https:\/\/www.docenti.it\/blog\/wp-content\/uploads\/2025\/06\/fb_mad_img.png\",\"width\":1140,\"height\":620,\"caption\":\"Blog | Docenti.it\"},\"image\":{\"@id\":\"https:\/\/www.docenti.it\/blog\/#\/schema\/logo\/image\/\"},\"sameAs\":[\"https:\/\/www.facebook.com\/docenti.it\"]},{\"@type\":\"Person\",\"@id\":\"https:\/\/www.docenti.it\/blog\/#\/schema\/person\/773963d3c0645bd34c150c41a13e5754\",\"name\":\"Gabriella Capraro\",\"image\":{\"@type\":\"ImageObject\",\"inLanguage\":\"it-IT\",\"@id\":\"https:\/\/www.docenti.it\/blog\/#\/schema\/person\/image\/\",\"url\":\"https:\/\/secure.gravatar.com\/avatar\/17e0ab06bea064a8a7c5bef443cb7153?s=96&d=mm&r=g\",\"contentUrl\":\"https:\/\/secure.gravatar.com\/avatar\/17e0ab06bea064a8a7c5bef443cb7153?s=96&d=mm&r=g\",\"caption\":\"Gabriella Capraro\"},\"description\":\"Copywriter e digital strategist, collabora come articolista e autrice per diverse piattaforme online, spaziando da tematiche scolastiche\/istituzionali a letterarie e musicali.\",\"url\":\"https:\/\/www.docenti.it\/blog\/author\/gcapraro\/\"}]}<\/script>\n<!-- \/ Yoast SEO plugin. -->","yoast_head_json":{"title":"ANIEF e concorso PNRR3: tutte le richieste e i chiarimenti","description":"ANIEF e concorso PNRR3: il concorso entra nella fase degli orali. ANIEF spiega tempi, graduatorie entro giugno 2026 e prospettive.","robots":{"index":"index","follow":"follow","max-snippet":"max-snippet:-1","max-image-preview":"max-image-preview:large","max-video-preview":"max-video-preview:-1"},"canonical":"https:\/\/www.docenti.it\/blog\/anief-e-concorso-pnrr3-tutte-le-richieste-e-i-chiarimenti\/","og_locale":"it_IT","og_type":"article","og_title":"ANIEF e concorso PNRR3: tutte le richieste e i chiarimenti","og_description":"ANIEF e concorso PNRR3: il concorso entra nella fase degli orali. ANIEF spiega tempi, graduatorie entro giugno 2026 e prospettive.","og_url":"https:\/\/www.docenti.it\/blog\/anief-e-concorso-pnrr3-tutte-le-richieste-e-i-chiarimenti\/","og_site_name":"Blog | Docenti.it","article_publisher":"https:\/\/www.facebook.com\/docenti.it","article_published_time":"2026-01-19T13:15:37+00:00","article_modified_time":"2026-01-19T13:15:38+00:00","og_image":[{"width":640,"height":357,"url":"https:\/\/www.docenti.it\/blog\/wp-content\/uploads\/2022\/12\/pexels-pixabay-256417.jpg","type":"image\/jpeg"}],"author":"Gabriella Capraro","twitter_card":"summary_large_image","twitter_misc":{"Written by":"Gabriella Capraro","Est. reading time":"2 minuti"},"schema":{"@context":"https:\/\/schema.org","@graph":[{"@type":"Article","@id":"https:\/\/www.docenti.it\/blog\/anief-e-concorso-pnrr3-tutte-le-richieste-e-i-chiarimenti\/#article","isPartOf":{"@id":"https:\/\/www.docenti.it\/blog\/anief-e-concorso-pnrr3-tutte-le-richieste-e-i-chiarimenti\/"},"author":{"name":"Gabriella Capraro","@id":"https:\/\/www.docenti.it\/blog\/#\/schema\/person\/773963d3c0645bd34c150c41a13e5754"},"headline":"ANIEF e concorso PNRR3: tutte le richieste e i chiarimenti","datePublished":"2026-01-19T13:15:37+00:00","dateModified":"2026-01-19T13:15:38+00:00","mainEntityOfPage":{"@id":"https:\/\/www.docenti.it\/blog\/anief-e-concorso-pnrr3-tutte-le-richieste-e-i-chiarimenti\/"},"wordCount":469,"commentCount":0,"publisher":{"@id":"https:\/\/www.docenti.it\/blog\/#organization"},"keywords":["concorsi scuola","concorso PNRR3","immissioni in ruolo 2026","prova orale concorso pnrr3"],"articleSection":["concorsi scuola 2025\/26","News"],"inLanguage":"it-IT","potentialAction":[{"@type":"CommentAction","name":"Comment","target":["https:\/\/www.docenti.it\/blog\/anief-e-concorso-pnrr3-tutte-le-richieste-e-i-chiarimenti\/#respond"]}]},{"@type":"WebPage","@id":"https:\/\/www.docenti.it\/blog\/anief-e-concorso-pnrr3-tutte-le-richieste-e-i-chiarimenti\/","url":"https:\/\/www.docenti.it\/blog\/anief-e-concorso-pnrr3-tutte-le-richieste-e-i-chiarimenti\/","name":"ANIEF e concorso PNRR3: tutte le richieste e i chiarimenti","isPartOf":{"@id":"https:\/\/www.docenti.it\/blog\/#website"},"datePublished":"2026-01-19T13:15:37+00:00","dateModified":"2026-01-19T13:15:38+00:00","description":"ANIEF e concorso PNRR3: il concorso entra nella fase degli orali. ANIEF spiega tempi, graduatorie entro giugno 2026 e prospettive.","breadcrumb":{"@id":"https:\/\/www.docenti.it\/blog\/anief-e-concorso-pnrr3-tutte-le-richieste-e-i-chiarimenti\/#breadcrumb"},"inLanguage":"it-IT","potentialAction":[{"@type":"ReadAction","target":["https:\/\/www.docenti.it\/blog\/anief-e-concorso-pnrr3-tutte-le-richieste-e-i-chiarimenti\/"]}]},{"@type":"BreadcrumbList","@id":"https:\/\/www.docenti.it\/blog\/anief-e-concorso-pnrr3-tutte-le-richieste-e-i-chiarimenti\/#breadcrumb","itemListElement":[{"@type":"ListItem","position":1,"name":"Home","item":"https:\/\/www.docenti.it\/blog\/"},{"@type":"ListItem","position":2,"name":"ANIEF e concorso PNRR3: tutte le richieste e i chiarimenti"}]},{"@type":"WebSite","@id":"https:\/\/www.docenti.it\/blog\/#website","url":"https:\/\/www.docenti.it\/blog\/","name":"Blog | Docenti.it","description":"Tutte le notizie e gli aggiornamenti dal mondo della scuola","publisher":{"@id":"https:\/\/www.docenti.it\/blog\/#organization"},"potentialAction":[{"@type":"SearchAction","target":{"@type":"EntryPoint","urlTemplate":"https:\/\/www.docenti.it\/blog\/?s={search_term_string}"},"query-input":"required name=search_term_string"}],"inLanguage":"it-IT"},{"@type":"Organization","@id":"https:\/\/www.docenti.it\/blog\/#organization","name":"Blog | Docenti.it","url":"https:\/\/www.docenti.it\/blog\/","logo":{"@type":"ImageObject","inLanguage":"it-IT","@id":"https:\/\/www.docenti.it\/blog\/#\/schema\/logo\/image\/","url":"https:\/\/www.docenti.it\/blog\/wp-content\/uploads\/2025\/06\/fb_mad_img.png","contentUrl":"https:\/\/www.docenti.it\/blog\/wp-content\/uploads\/2025\/06\/fb_mad_img.png","width":1140,"height":620,"caption":"Blog | Docenti.it"},"image":{"@id":"https:\/\/www.docenti.it\/blog\/#\/schema\/logo\/image\/"},"sameAs":["https:\/\/www.facebook.com\/docenti.it"]},{"@type":"Person","@id":"https:\/\/www.docenti.it\/blog\/#\/schema\/person\/773963d3c0645bd34c150c41a13e5754","name":"Gabriella Capraro","image":{"@type":"ImageObject","inLanguage":"it-IT","@id":"https:\/\/www.docenti.it\/blog\/#\/schema\/person\/image\/","url":"https:\/\/secure.gravatar.com\/avatar\/17e0ab06bea064a8a7c5bef443cb7153?s=96&d=mm&r=g","contentUrl":"https:\/\/secure.gravatar.com\/avatar\/17e0ab06bea064a8a7c5bef443cb7153?s=96&d=mm&r=g","caption":"Gabriella Capraro"},"description":"Copywriter e digital strategist, collabora come articolista e autrice per diverse piattaforme online, spaziando da tematiche scolastiche\/istituzionali a letterarie e musicali.","url":"https:\/\/www.docenti.it\/blog\/author\/gcapraro\/"}]}},"_links":{"self":[{"href":"https:\/\/www.docenti.it\/blog\/wp-json\/wp\/v2\/posts\/47289"}],"collection":[{"href":"https:\/\/www.docenti.it\/blog\/wp-json\/wp\/v2\/posts"}],"about":[{"href":"https:\/\/www.docenti.it\/blog\/wp-json\/wp\/v2\/types\/post"}],"author":[{"embeddable":true,"href":"https:\/\/www.docenti.it\/blog\/wp-json\/wp\/v2\/users\/25"}],"replies":[{"embeddable":true,"href":"https:\/\/www.docenti.it\/blog\/wp-json\/wp\/v2\/comments?post=47289"}],"version-history":[{"count":1,"href":"https:\/\/www.docenti.it\/blog\/wp-json\/wp\/v2\/posts\/47289\/revisions"}],"predecessor-version":[{"id":47290,"href":"https:\/\/www.docenti.it\/blog\/wp-json\/wp\/v2\/posts\/47289\/revisions\/47290"}],"wp:featuredmedia":[{"embeddable":true,"href":"https:\/\/www.docenti.it\/blog\/wp-json\/wp\/v2\/media\/40737"}],"wp:attachment":[{"href":"https:\/\/www.docenti.it\/blog\/wp-json\/wp\/v2\/media?parent=47289"}],"wp:term":[{"taxonomy":"category","embeddable":true,"href":"https:\/\/www.docenti.it\/blog\/wp-json\/wp\/v2\/categories?post=47289"},{"taxonomy":"post_tag","embeddable":true,"href":"https:\/\/www.docenti.it\/blog\/wp-json\/wp\/v2\/tags?post=47289"}],"curies":[{"name":"wp","href":"https:\/\/api.w.org\/{rel}","templated":true}]}}