{"id":47439,"date":"2026-03-02T00:42:55","date_gmt":"2026-03-01T23:42:55","guid":{"rendered":"https:\/\/www.docenti.it\/blog\/?p=47439"},"modified":"2026-03-02T00:42:56","modified_gmt":"2026-03-01T23:42:56","slug":"mobilita-scuola-2026-che-ruolo-ha-il-fascicolo-digitale","status":"publish","type":"post","link":"https:\/\/www.docenti.it\/blog\/mobilita-scuola-2026-che-ruolo-ha-il-fascicolo-digitale\/","title":{"rendered":"Mobilit\u00e0 scuola 2026: che ruolo ha il fascicolo digitale?"},"content":{"rendered":"\n<p>Mobilit\u00e0 scuola 2026: la <strong>mobilit\u00e0 docenti<\/strong> \u00e8 la procedura amministrativa che consente agli insegnanti di ruolo di <strong>cambiare sede di servizio, provincia o tipologia di insegnamento<\/strong> all\u2019interno del sistema scolastico.<\/p>\n\n\n\n<p>Attraverso la mobilit\u00e0, i docenti possono richiedere:<\/p>\n\n\n\n<ul>\n<li><strong>trasferimento<\/strong> in un\u2019altra scuola<\/li>\n\n\n\n<li><strong>trasferimento in un altro comune o provincia<\/strong><\/li>\n\n\n\n<li><strong>passaggio di cattedra<\/strong><\/li>\n\n\n\n<li><strong>passaggio di ruolo<\/strong><\/li>\n<\/ul>\n\n\n\n<p>Questa procedura viene regolata ogni anno da una specifica <strong>ordinanza ministeriale<\/strong> e si svolge tramite una <strong>domanda online<\/strong> nella quale il docente indica le sedi preferite.<\/p>\n\n\n\n<p>La mobilit\u00e0 rappresenta uno degli strumenti principali per permettere agli insegnanti di <strong>avvicinarsi alla propria residenza<\/strong>, migliorare la propria organizzazione lavorativa e ottenere una sede pi\u00f9 stabile.<\/p>\n\n\n\n<p><\/p>\n\n\n\n<h2>Mobilit\u00e0 scuola 2026: quando si presenta la domanda<\/h2>\n\n\n\n<p><\/p>\n\n\n\n<p>Cresce l\u2019attesa per l\u2019avvio della procedura relativa alla <strong>mobilit\u00e0 scuola 2026<\/strong>, che riguarder\u00e0 i trasferimenti dei docenti per l\u2019anno scolastico <strong>2026\/2027<\/strong>.<\/p>\n\n\n\n<p>Secondo le prime indicazioni:<\/p>\n\n\n\n<ul>\n<li>la <strong>finestra per la presentazione delle domande<\/strong> dovrebbe aprirsi <strong>nella prima met\u00e0 di marzo 2026<\/strong><\/li>\n\n\n\n<li>i docenti avranno <strong>circa venti giorni<\/strong> per compilare e inviare la richiesta<\/li>\n\n\n\n<li>la <strong>scadenza dovrebbe cadere entro Pasqua<\/strong>, fissata quest\u2019anno al <strong>5 aprile<\/strong><\/li>\n<\/ul>\n\n\n\n<p>Durante questo periodo gli insegnanti potranno accedere alla piattaforma ministeriale per inserire le proprie preferenze e completare la procedura.<\/p>\n\n\n\n<p>La pubblicazione dell\u2019ordinanza ministeriale definir\u00e0 con precisione:<\/p>\n\n\n\n<ul>\n<li><strong>date ufficiali di apertura e chiusura delle domande<\/strong><\/li>\n\n\n\n<li>modalit\u00e0 di compilazione<\/li>\n\n\n\n<li>tempistiche per la pubblicazione dei movimenti<\/li>\n<\/ul>\n\n\n\n<p><\/p>\n\n\n\n<h2>Le novit\u00e0 della mobilit\u00e0 scuola 2026<\/h2>\n\n\n\n<p><\/p>\n\n\n\n<p>Tra le principali innovazioni attese nella <strong>mobilit\u00e0 scuola 2026<\/strong> spicca il <strong>Fascicolo digitale del personale scolastico<\/strong>.<\/p>\n\n\n\n<p>Questo nuovo strumento \u00e8 gi\u00e0 disponibile sul portale del Ministero e dovrebbe diventare pienamente operativo anche per la mobilit\u00e0 entro marzo 2026.<\/p>\n\n\n\n<p>Il fascicolo digitale permette ai docenti di consultare in un unico spazio tutte le informazioni professionali, tra cui:<\/p>\n\n\n\n<ul>\n<li><strong>dati anagrafici<\/strong><\/li>\n\n\n\n<li><strong>titoli di studio e culturali<\/strong><\/li>\n\n\n\n<li>informazioni su <strong>ruolo e titolarit\u00e0<\/strong><\/li>\n\n\n\n<li><strong>servizio prestato negli anni<\/strong><\/li>\n<\/ul>\n\n\n\n<p>Grazie a questi dati gi\u00e0 registrati nel sistema, i docenti potrebbero <strong>compilare la domanda di mobilit\u00e0 in modo pi\u00f9 rapido e con meno allegati<\/strong>.<\/p>\n\n\n\n<p>Resta comunque da chiarire se la procedura sar\u00e0 gestita <strong>interamente tramite il fascicolo digitale<\/strong> oppure se il Ministero manterr\u00e0 il sistema attuale con il caricamento degli allegati online.<\/p>\n\n\n\n<p><\/p>\n\n\n\n<h2>Cattedre orario interne ed esterne nella mobilit\u00e0 docenti<\/h2>\n\n\n\n<p><\/p>\n\n\n\n<p>Un aspetto importante della <strong>mobilit\u00e0 scuola 2026<\/strong> riguarda la scelta tra <strong>cattedre orario interne e cattedre orario esterne<\/strong>.<\/p>\n\n\n\n<h3>Cattedre orario interne<\/h3>\n\n\n\n<p>Le <strong>cattedre orario interne (COI)<\/strong> prevedono tutte le ore di insegnamento <strong>all\u2019interno della stessa scuola<\/strong>.<br>Questa soluzione garantisce maggiore stabilit\u00e0 organizzativa perch\u00e9 il docente lavora in un unico istituto.<\/p>\n\n\n\n<h3>Cattedre orario esterne<\/h3>\n\n\n\n<p>Le <strong>cattedre orario esterne (COE)<\/strong> invece prevedono un orario distribuito tra <strong>due o pi\u00f9 scuole<\/strong>.<\/p>\n\n\n\n<p>Quando un docente ottiene il trasferimento su una COE deve <strong>completare l\u2019orario di insegnamento in tutte le sedi indicate<\/strong>.<\/p>\n\n\n\n<p>L\u2019assegnazione delle cattedre segue un ordine preciso:<\/p>\n\n\n\n<ol>\n<li>prima vengono considerate le <strong>cattedre interne<\/strong><\/li>\n\n\n\n<li>successivamente le <strong>cattedre orario esterne<\/strong><\/li>\n\n\n\n<li>le COE possono trovarsi nello <strong>stesso comune<\/strong> oppure <strong>tra comuni diversi<\/strong><\/li>\n<\/ol>\n\n\n\n<p>Tutto dipende dalle preferenze espresse dal docente nella domanda di mobilit\u00e0.<\/p>\n\n\n\n<p><\/p>\n\n\n\n<h2>Graduatorie d\u2019istituto e docenti trasferiti con domanda condizionata<\/h2>\n\n\n\n<p><\/p>\n\n\n\n<p>Un tema spesso oggetto di chiarimenti riguarda la posizione dei <strong>docenti trasferiti con domanda condizionata<\/strong>.<\/p>\n\n\n\n<p>Quando un docente presenta una domanda condizionata e viene soddisfatto in una delle preferenze espresse, <strong>non deve essere inserito in coda nella graduatoria d\u2019istituto<\/strong>.<\/p>\n\n\n\n<p>La normativa stabilisce infatti che il docente venga collocato <strong>\u201ca pettine\u201d<\/strong>, cio\u00e8 nella posizione determinata dal <strong>punteggio posseduto<\/strong>.<\/p>\n\n\n\n<p>Questo principio tutela l\u2019equit\u00e0 della graduatoria e garantisce che tutti gli insegnanti vengano valutati in base ai <strong>titoli e all\u2019anzianit\u00e0 di servizio<\/strong>.<\/p>\n\n\n\n<p>L\u2019unica eccezione riguarda i docenti che beneficiano delle <strong>precedenze previste dal contratto<\/strong>, per i quali si applicano regole specifiche.<\/p>\n\n\n\n<p><\/p>\n\n\n\n<h2>Perch\u00e9 la mobilit\u00e0 scuola 2026 \u00e8 importante per i docenti<\/h2>\n\n\n\n<p><\/p>\n\n\n\n<p>La <strong>mobilit\u00e0 scuola 2026<\/strong> rappresenta un passaggio decisivo per molti insegnanti di ruolo.<\/p>\n\n\n\n<p>Attraverso questa procedura i docenti possono:<\/p>\n\n\n\n<ul>\n<li><strong>avvicinarsi alla propria famiglia<\/strong><\/li>\n\n\n\n<li>ridurre i tempi di spostamento casa\u2013lavoro<\/li>\n\n\n\n<li>migliorare la propria organizzazione professionale<\/li>\n\n\n\n<li>ottenere una sede pi\u00f9 stabile o pi\u00f9 favorevole<\/li>\n<\/ul>\n\n\n\n<p>Con l\u2019introduzione del <strong>Fascicolo digitale del personale scolastico<\/strong>, la procedura potrebbe diventare <strong>pi\u00f9 semplice, veloce e trasparente<\/strong>, riducendo errori e semplificando la gestione dei dati.<\/p>\n\n\n\n<p><em>Se hai trovato utile questo contenuto, prova a dare un&#8217;occhiata a questo contenuto: <\/em><\/p>\n\n\n<p><span style=\"color: #800000;\"><strong><a style=\"color: #800000;\" href=\"https:\/\/www.docenti.it\/blog\/mobilita-docenti-2026-quali-sono-le-precedenze\/\"><em>Mobilit\u00e0 docenti 2026: quali sono le precedenze?<\/em> <\/a><\/strong><\/span><\/p>\n<p>Per ulteriori news e approfondimenti sul mondo scuola, segui il\u00a0<strong><a href=\"https:\/\/www.docenti.it\/blog\/\" target=\"_blank\" rel=\"noreferrer noopener\">blog\u00a0<\/a><\/strong>di\u00a0<strong><a href=\"https:\/\/www.docenti.it\/\" target=\"_blank\" rel=\"noreferrer noopener\">Docenti.it<\/a><\/strong><\/p>","protected":false},"excerpt":{"rendered":"<p>Mobilit\u00e0 scuola 2026: la mobilit\u00e0 docenti \u00e8 la procedura amministrativa che consente agli insegnanti [&hellip;]<\/p>\n","protected":false},"author":25,"featured_media":42666,"comment_status":"open","ping_status":"open","sticky":false,"template":"","format":"standard","meta":[],"categories":[4],"tags":[1089,1015,404],"yoast_head":"<!-- This site is optimized with the Yoast SEO plugin v20.4 - https:\/\/yoast.com\/wordpress\/plugins\/seo\/ -->\n<title>Mobilit\u00e0 scuola 2026: che ruolo ha il fascicolo digitale?<\/title>\n<meta name=\"description\" content=\"Mobilit\u00e0 scuola 2026: quando presentare la domanda, come funzionano trasferimenti, COE e graduatorie d\u2019istituto.\" \/>\n<meta name=\"robots\" content=\"index, follow, max-snippet:-1, max-image-preview:large, max-video-preview:-1\" \/>\n<link rel=\"canonical\" href=\"https:\/\/www.docenti.it\/blog\/mobilita-scuola-2026-che-ruolo-ha-il-fascicolo-digitale\/\" \/>\n<meta property=\"og:locale\" content=\"it_IT\" \/>\n<meta property=\"og:type\" content=\"article\" \/>\n<meta property=\"og:title\" content=\"Mobilit\u00e0 scuola 2026: che ruolo ha il fascicolo digitale?\" \/>\n<meta property=\"og:description\" content=\"Mobilit\u00e0 scuola 2026: quando presentare la domanda, come funzionano trasferimenti, COE e graduatorie d\u2019istituto.\" \/>\n<meta property=\"og:url\" content=\"https:\/\/www.docenti.it\/blog\/mobilita-scuola-2026-che-ruolo-ha-il-fascicolo-digitale\/\" \/>\n<meta property=\"og:site_name\" content=\"Blog | Docenti.it\" \/>\n<meta property=\"article:publisher\" content=\"https:\/\/www.facebook.com\/docenti.it\" \/>\n<meta property=\"article:published_time\" content=\"2026-03-01T23:42:55+00:00\" \/>\n<meta property=\"article:modified_time\" content=\"2026-03-01T23:42:56+00:00\" \/>\n<meta property=\"og:image\" content=\"https:\/\/www.docenti.it\/blog\/wp-content\/uploads\/2023\/01\/pexels-vojtech-okenka-392018.jpg\" \/>\n\t<meta property=\"og:image:width\" content=\"640\" \/>\n\t<meta property=\"og:image:height\" content=\"427\" \/>\n\t<meta property=\"og:image:type\" content=\"image\/jpeg\" \/>\n<meta name=\"author\" content=\"Gabriella Capraro\" \/>\n<meta name=\"twitter:card\" content=\"summary_large_image\" \/>\n<meta name=\"twitter:label1\" content=\"Written by\" \/>\n\t<meta name=\"twitter:data1\" content=\"Gabriella Capraro\" \/>\n\t<meta name=\"twitter:label2\" content=\"Est. reading time\" \/>\n\t<meta name=\"twitter:data2\" content=\"4 minuti\" \/>\n<script type=\"application\/ld+json\" class=\"yoast-schema-graph\">{\"@context\":\"https:\/\/schema.org\",\"@graph\":[{\"@type\":\"Article\",\"@id\":\"https:\/\/www.docenti.it\/blog\/mobilita-scuola-2026-che-ruolo-ha-il-fascicolo-digitale\/#article\",\"isPartOf\":{\"@id\":\"https:\/\/www.docenti.it\/blog\/mobilita-scuola-2026-che-ruolo-ha-il-fascicolo-digitale\/\"},\"author\":{\"name\":\"Gabriella Capraro\",\"@id\":\"https:\/\/www.docenti.it\/blog\/#\/schema\/person\/773963d3c0645bd34c150c41a13e5754\"},\"headline\":\"Mobilit\u00e0 scuola 2026: che ruolo ha il fascicolo digitale?\",\"datePublished\":\"2026-03-01T23:42:55+00:00\",\"dateModified\":\"2026-03-01T23:42:56+00:00\",\"mainEntityOfPage\":{\"@id\":\"https:\/\/www.docenti.it\/blog\/mobilita-scuola-2026-che-ruolo-ha-il-fascicolo-digitale\/\"},\"wordCount\":712,\"commentCount\":0,\"publisher\":{\"@id\":\"https:\/\/www.docenti.it\/blog\/#organization\"},\"keywords\":[\"mobilit\u00e0 2026\",\"mobilit\u00e0 docenti 2026\",\"Mobilit\u00e0 scuola\"],\"articleSection\":[\"News\"],\"inLanguage\":\"it-IT\",\"potentialAction\":[{\"@type\":\"CommentAction\",\"name\":\"Comment\",\"target\":[\"https:\/\/www.docenti.it\/blog\/mobilita-scuola-2026-che-ruolo-ha-il-fascicolo-digitale\/#respond\"]}]},{\"@type\":\"WebPage\",\"@id\":\"https:\/\/www.docenti.it\/blog\/mobilita-scuola-2026-che-ruolo-ha-il-fascicolo-digitale\/\",\"url\":\"https:\/\/www.docenti.it\/blog\/mobilita-scuola-2026-che-ruolo-ha-il-fascicolo-digitale\/\",\"name\":\"Mobilit\u00e0 scuola 2026: che ruolo ha il fascicolo digitale?\",\"isPartOf\":{\"@id\":\"https:\/\/www.docenti.it\/blog\/#website\"},\"datePublished\":\"2026-03-01T23:42:55+00:00\",\"dateModified\":\"2026-03-01T23:42:56+00:00\",\"description\":\"Mobilit\u00e0 scuola 2026: quando presentare la domanda, come funzionano trasferimenti, COE e graduatorie d\u2019istituto.\",\"breadcrumb\":{\"@id\":\"https:\/\/www.docenti.it\/blog\/mobilita-scuola-2026-che-ruolo-ha-il-fascicolo-digitale\/#breadcrumb\"},\"inLanguage\":\"it-IT\",\"potentialAction\":[{\"@type\":\"ReadAction\",\"target\":[\"https:\/\/www.docenti.it\/blog\/mobilita-scuola-2026-che-ruolo-ha-il-fascicolo-digitale\/\"]}]},{\"@type\":\"BreadcrumbList\",\"@id\":\"https:\/\/www.docenti.it\/blog\/mobilita-scuola-2026-che-ruolo-ha-il-fascicolo-digitale\/#breadcrumb\",\"itemListElement\":[{\"@type\":\"ListItem\",\"position\":1,\"name\":\"Home\",\"item\":\"https:\/\/www.docenti.it\/blog\/\"},{\"@type\":\"ListItem\",\"position\":2,\"name\":\"Mobilit\u00e0 scuola 2026: che ruolo ha il fascicolo digitale?\"}]},{\"@type\":\"WebSite\",\"@id\":\"https:\/\/www.docenti.it\/blog\/#website\",\"url\":\"https:\/\/www.docenti.it\/blog\/\",\"name\":\"Blog | Docenti.it\",\"description\":\"Tutte le notizie e gli aggiornamenti dal mondo della scuola\",\"publisher\":{\"@id\":\"https:\/\/www.docenti.it\/blog\/#organization\"},\"potentialAction\":[{\"@type\":\"SearchAction\",\"target\":{\"@type\":\"EntryPoint\",\"urlTemplate\":\"https:\/\/www.docenti.it\/blog\/?s={search_term_string}\"},\"query-input\":\"required name=search_term_string\"}],\"inLanguage\":\"it-IT\"},{\"@type\":\"Organization\",\"@id\":\"https:\/\/www.docenti.it\/blog\/#organization\",\"name\":\"Blog | Docenti.it\",\"url\":\"https:\/\/www.docenti.it\/blog\/\",\"logo\":{\"@type\":\"ImageObject\",\"inLanguage\":\"it-IT\",\"@id\":\"https:\/\/www.docenti.it\/blog\/#\/schema\/logo\/image\/\",\"url\":\"https:\/\/www.docenti.it\/blog\/wp-content\/uploads\/2025\/06\/fb_mad_img.png\",\"contentUrl\":\"https:\/\/www.docenti.it\/blog\/wp-content\/uploads\/2025\/06\/fb_mad_img.png\",\"width\":1140,\"height\":620,\"caption\":\"Blog | Docenti.it\"},\"image\":{\"@id\":\"https:\/\/www.docenti.it\/blog\/#\/schema\/logo\/image\/\"},\"sameAs\":[\"https:\/\/www.facebook.com\/docenti.it\"]},{\"@type\":\"Person\",\"@id\":\"https:\/\/www.docenti.it\/blog\/#\/schema\/person\/773963d3c0645bd34c150c41a13e5754\",\"name\":\"Gabriella Capraro\",\"image\":{\"@type\":\"ImageObject\",\"inLanguage\":\"it-IT\",\"@id\":\"https:\/\/www.docenti.it\/blog\/#\/schema\/person\/image\/\",\"url\":\"https:\/\/secure.gravatar.com\/avatar\/17e0ab06bea064a8a7c5bef443cb7153?s=96&d=mm&r=g\",\"contentUrl\":\"https:\/\/secure.gravatar.com\/avatar\/17e0ab06bea064a8a7c5bef443cb7153?s=96&d=mm&r=g\",\"caption\":\"Gabriella Capraro\"},\"description\":\"Copywriter e digital strategist, collabora come articolista e autrice per diverse piattaforme online, spaziando da tematiche scolastiche\/istituzionali a letterarie e musicali.\",\"url\":\"https:\/\/www.docenti.it\/blog\/author\/gcapraro\/\"}]}<\/script>\n<!-- \/ Yoast SEO plugin. -->","yoast_head_json":{"title":"Mobilit\u00e0 scuola 2026: che ruolo ha il fascicolo digitale?","description":"Mobilit\u00e0 scuola 2026: quando presentare la domanda, come funzionano trasferimenti, COE e graduatorie d\u2019istituto.","robots":{"index":"index","follow":"follow","max-snippet":"max-snippet:-1","max-image-preview":"max-image-preview:large","max-video-preview":"max-video-preview:-1"},"canonical":"https:\/\/www.docenti.it\/blog\/mobilita-scuola-2026-che-ruolo-ha-il-fascicolo-digitale\/","og_locale":"it_IT","og_type":"article","og_title":"Mobilit\u00e0 scuola 2026: che ruolo ha il fascicolo digitale?","og_description":"Mobilit\u00e0 scuola 2026: quando presentare la domanda, come funzionano trasferimenti, COE e graduatorie d\u2019istituto.","og_url":"https:\/\/www.docenti.it\/blog\/mobilita-scuola-2026-che-ruolo-ha-il-fascicolo-digitale\/","og_site_name":"Blog | Docenti.it","article_publisher":"https:\/\/www.facebook.com\/docenti.it","article_published_time":"2026-03-01T23:42:55+00:00","article_modified_time":"2026-03-01T23:42:56+00:00","og_image":[{"width":640,"height":427,"url":"https:\/\/www.docenti.it\/blog\/wp-content\/uploads\/2023\/01\/pexels-vojtech-okenka-392018.jpg","type":"image\/jpeg"}],"author":"Gabriella Capraro","twitter_card":"summary_large_image","twitter_misc":{"Written by":"Gabriella Capraro","Est. reading time":"4 minuti"},"schema":{"@context":"https:\/\/schema.org","@graph":[{"@type":"Article","@id":"https:\/\/www.docenti.it\/blog\/mobilita-scuola-2026-che-ruolo-ha-il-fascicolo-digitale\/#article","isPartOf":{"@id":"https:\/\/www.docenti.it\/blog\/mobilita-scuola-2026-che-ruolo-ha-il-fascicolo-digitale\/"},"author":{"name":"Gabriella Capraro","@id":"https:\/\/www.docenti.it\/blog\/#\/schema\/person\/773963d3c0645bd34c150c41a13e5754"},"headline":"Mobilit\u00e0 scuola 2026: che ruolo ha il fascicolo digitale?","datePublished":"2026-03-01T23:42:55+00:00","dateModified":"2026-03-01T23:42:56+00:00","mainEntityOfPage":{"@id":"https:\/\/www.docenti.it\/blog\/mobilita-scuola-2026-che-ruolo-ha-il-fascicolo-digitale\/"},"wordCount":712,"commentCount":0,"publisher":{"@id":"https:\/\/www.docenti.it\/blog\/#organization"},"keywords":["mobilit\u00e0 2026","mobilit\u00e0 docenti 2026","Mobilit\u00e0 scuola"],"articleSection":["News"],"inLanguage":"it-IT","potentialAction":[{"@type":"CommentAction","name":"Comment","target":["https:\/\/www.docenti.it\/blog\/mobilita-scuola-2026-che-ruolo-ha-il-fascicolo-digitale\/#respond"]}]},{"@type":"WebPage","@id":"https:\/\/www.docenti.it\/blog\/mobilita-scuola-2026-che-ruolo-ha-il-fascicolo-digitale\/","url":"https:\/\/www.docenti.it\/blog\/mobilita-scuola-2026-che-ruolo-ha-il-fascicolo-digitale\/","name":"Mobilit\u00e0 scuola 2026: che ruolo ha il fascicolo digitale?","isPartOf":{"@id":"https:\/\/www.docenti.it\/blog\/#website"},"datePublished":"2026-03-01T23:42:55+00:00","dateModified":"2026-03-01T23:42:56+00:00","description":"Mobilit\u00e0 scuola 2026: quando presentare la domanda, come funzionano trasferimenti, COE e graduatorie d\u2019istituto.","breadcrumb":{"@id":"https:\/\/www.docenti.it\/blog\/mobilita-scuola-2026-che-ruolo-ha-il-fascicolo-digitale\/#breadcrumb"},"inLanguage":"it-IT","potentialAction":[{"@type":"ReadAction","target":["https:\/\/www.docenti.it\/blog\/mobilita-scuola-2026-che-ruolo-ha-il-fascicolo-digitale\/"]}]},{"@type":"BreadcrumbList","@id":"https:\/\/www.docenti.it\/blog\/mobilita-scuola-2026-che-ruolo-ha-il-fascicolo-digitale\/#breadcrumb","itemListElement":[{"@type":"ListItem","position":1,"name":"Home","item":"https:\/\/www.docenti.it\/blog\/"},{"@type":"ListItem","position":2,"name":"Mobilit\u00e0 scuola 2026: che ruolo ha il fascicolo digitale?"}]},{"@type":"WebSite","@id":"https:\/\/www.docenti.it\/blog\/#website","url":"https:\/\/www.docenti.it\/blog\/","name":"Blog | Docenti.it","description":"Tutte le notizie e gli aggiornamenti dal mondo della scuola","publisher":{"@id":"https:\/\/www.docenti.it\/blog\/#organization"},"potentialAction":[{"@type":"SearchAction","target":{"@type":"EntryPoint","urlTemplate":"https:\/\/www.docenti.it\/blog\/?s={search_term_string}"},"query-input":"required name=search_term_string"}],"inLanguage":"it-IT"},{"@type":"Organization","@id":"https:\/\/www.docenti.it\/blog\/#organization","name":"Blog | Docenti.it","url":"https:\/\/www.docenti.it\/blog\/","logo":{"@type":"ImageObject","inLanguage":"it-IT","@id":"https:\/\/www.docenti.it\/blog\/#\/schema\/logo\/image\/","url":"https:\/\/www.docenti.it\/blog\/wp-content\/uploads\/2025\/06\/fb_mad_img.png","contentUrl":"https:\/\/www.docenti.it\/blog\/wp-content\/uploads\/2025\/06\/fb_mad_img.png","width":1140,"height":620,"caption":"Blog | Docenti.it"},"image":{"@id":"https:\/\/www.docenti.it\/blog\/#\/schema\/logo\/image\/"},"sameAs":["https:\/\/www.facebook.com\/docenti.it"]},{"@type":"Person","@id":"https:\/\/www.docenti.it\/blog\/#\/schema\/person\/773963d3c0645bd34c150c41a13e5754","name":"Gabriella Capraro","image":{"@type":"ImageObject","inLanguage":"it-IT","@id":"https:\/\/www.docenti.it\/blog\/#\/schema\/person\/image\/","url":"https:\/\/secure.gravatar.com\/avatar\/17e0ab06bea064a8a7c5bef443cb7153?s=96&d=mm&r=g","contentUrl":"https:\/\/secure.gravatar.com\/avatar\/17e0ab06bea064a8a7c5bef443cb7153?s=96&d=mm&r=g","caption":"Gabriella Capraro"},"description":"Copywriter e digital strategist, collabora come articolista e autrice per diverse piattaforme online, spaziando da tematiche scolastiche\/istituzionali a letterarie e musicali.","url":"https:\/\/www.docenti.it\/blog\/author\/gcapraro\/"}]}},"_links":{"self":[{"href":"https:\/\/www.docenti.it\/blog\/wp-json\/wp\/v2\/posts\/47439"}],"collection":[{"href":"https:\/\/www.docenti.it\/blog\/wp-json\/wp\/v2\/posts"}],"about":[{"href":"https:\/\/www.docenti.it\/blog\/wp-json\/wp\/v2\/types\/post"}],"author":[{"embeddable":true,"href":"https:\/\/www.docenti.it\/blog\/wp-json\/wp\/v2\/users\/25"}],"replies":[{"embeddable":true,"href":"https:\/\/www.docenti.it\/blog\/wp-json\/wp\/v2\/comments?post=47439"}],"version-history":[{"count":1,"href":"https:\/\/www.docenti.it\/blog\/wp-json\/wp\/v2\/posts\/47439\/revisions"}],"predecessor-version":[{"id":47440,"href":"https:\/\/www.docenti.it\/blog\/wp-json\/wp\/v2\/posts\/47439\/revisions\/47440"}],"wp:featuredmedia":[{"embeddable":true,"href":"https:\/\/www.docenti.it\/blog\/wp-json\/wp\/v2\/media\/42666"}],"wp:attachment":[{"href":"https:\/\/www.docenti.it\/blog\/wp-json\/wp\/v2\/media?parent=47439"}],"wp:term":[{"taxonomy":"category","embeddable":true,"href":"https:\/\/www.docenti.it\/blog\/wp-json\/wp\/v2\/categories?post=47439"},{"taxonomy":"post_tag","embeddable":true,"href":"https:\/\/www.docenti.it\/blog\/wp-json\/wp\/v2\/tags?post=47439"}],"curies":[{"name":"wp","href":"https:\/\/api.w.org\/{rel}","templated":true}]}}