{"id":47451,"date":"2026-03-03T18:21:35","date_gmt":"2026-03-03T17:21:35","guid":{"rendered":"https:\/\/www.docenti.it\/blog\/?p=47451"},"modified":"2026-03-03T18:21:36","modified_gmt":"2026-03-03T17:21:36","slug":"supplenze-2026-cosa-fare-per-la-continuita-sul-sostegno","status":"publish","type":"post","link":"https:\/\/www.docenti.it\/blog\/supplenze-2026-cosa-fare-per-la-continuita-sul-sostegno\/","title":{"rendered":"Supplenze 2026: cosa fare per la continuit\u00e0 sul sostegno?"},"content":{"rendered":"\n<p><strong>Supplenze 2026 <\/strong>e continuit\u00e0 sul sostegno: la scadenza del <strong>16 marzo<\/strong> riguarda la domanda di <strong>inserimento, aggiornamento, conferma o trasferimento nelle GPS (Graduatorie Provinciali per le Supplenze)<\/strong> e nelle graduatorie di istituto per gli anni scolastici <strong>2026\/27 e 2027\/28<\/strong>.<\/p>\n\n\n\n<p>Molti docenti, soprattutto quelli impegnati su <strong>posto di sostegno<\/strong>, si chiedono se sia necessario richiedere gi\u00e0 adesso la continuit\u00e0 didattica per il prossimo anno scolastico. In realt\u00e0 la domanda GPS <strong>non riguarda la richiesta di riconferma sul sostegno<\/strong>.<\/p>\n\n\n\n<p>Capire cosa fare ora e cosa invece verr\u00e0 richiesto nei prossimi mesi \u00e8 fondamentale per non commettere errori nella procedura delle <strong>supplenze 2026<\/strong>.<\/p>\n\n\n\n<p><\/p>\n\n\n\n<h2>Supplenze 2026: la domanda GPS entro il 16 marzo<\/h2>\n\n\n\n<p>Entro il <strong>16 marzo<\/strong> i docenti devono presentare la domanda per:<\/p>\n\n\n\n<ul>\n<li><strong>inserimento nelle GPS<\/strong><\/li>\n\n\n\n<li><strong>aggiornamento del punteggio<\/strong><\/li>\n\n\n\n<li><strong>conferma della propria posizione<\/strong><\/li>\n\n\n\n<li><strong>eventuale trasferimento di provincia<\/strong><\/li>\n<\/ul>\n\n\n\n<p>Durante questa fase bisogna semplicemente <strong>aggiornare le graduatorie<\/strong>, dichiarando correttamente <strong>titoli e servizi svolti<\/strong>.<\/p>\n\n\n\n<p>Chi lavora su <strong>supplenza di sostegno<\/strong> non deve presentare alcuna richiesta specifica per ottenere la continuit\u00e0 didattica nell\u2019anno scolastico <strong>2026\/27<\/strong>.<\/p>\n\n\n\n<p><\/p>\n\n\n\n<h2>Continuit\u00e0 sul sostegno: quando si presenta la richiesta<\/h2>\n\n\n\n<p>La richiesta di continuit\u00e0 sul sostegno <strong>non si inserisce nella domanda GPS<\/strong>.<\/p>\n\n\n\n<p>La disponibilit\u00e0 alla riconferma verr\u00e0 indicata successivamente, durante la compilazione della <strong>domanda delle 150 preferenze<\/strong>, che di solito il Ministero apre <strong>nel periodo estivo<\/strong>.<\/p>\n\n\n\n<p>In quella fase i docenti potranno:<\/p>\n\n\n\n<ul>\n<li>indicare <strong>le scuole preferite<\/strong><\/li>\n\n\n\n<li>scegliere <strong>le tipologie di supplenza<\/strong><\/li>\n\n\n\n<li>selezionare l\u2019opzione per la <strong>continuit\u00e0 sul sostegno<\/strong><\/li>\n<\/ul>\n\n\n\n<p>Questa procedura riguarda direttamente le <strong>assegnazioni delle supplenze 2026\/27<\/strong>.<\/p>\n\n\n\n<p><\/p>\n\n\n\n<h2>Riconferma del docente di sostegno: cosa prevede la normativa<\/h2>\n\n\n\n<p>La normativa sulla riconferma del docente di sostegno sullo stesso posto occupato nel <strong>2025\/26<\/strong> \u00e8 prevista nell\u2019<strong>Ordinanza Ministeriale n. 27 del 16 febbraio 2026<\/strong>.<\/p>\n\n\n\n<p>La procedura segue passaggi precisi:<\/p>\n\n\n\n<h3>Richiesta della famiglia<\/h3>\n\n\n\n<p>La <strong>famiglia dello studente<\/strong> pu\u00f2 chiedere la continuit\u00e0 didattica con lo stesso insegnante di sostegno.<\/p>\n\n\n\n<h3>Valutazione del dirigente scolastico<\/h3>\n\n\n\n<p>Il <strong>dirigente scolastico<\/strong> analizza la richiesta e decide se attivare la procedura.<\/p>\n\n\n\n<h3>Disponibilit\u00e0 del docente<\/h3>\n\n\n\n<p>Solo dopo l\u2019attivazione nel sistema ministeriale (<strong>SIDI<\/strong>) il docente pu\u00f2 <strong>dichiarare la propria disponibilit\u00e0<\/strong> nella domanda delle 150 preferenze.<\/p>\n\n\n\n<p>Questo significa che <strong>nessuna scelta sulla continuit\u00e0 deve essere indicata nella domanda GPS di marzo<\/strong>.<\/p>\n\n\n\n<p><\/p>\n\n\n\n<h2>Supplenze 2026 e scelta della provincia: attenzione a questo dettaglio<\/h2>\n\n\n\n<p>C\u2019\u00e8 per\u00f2 un aspetto molto importante da valutare <strong>entro il 16 marzo<\/strong>: <strong>la scelta della provincia nelle GPS<\/strong>.<\/p>\n\n\n\n<p>La procedura di riconferma sul sostegno pu\u00f2 avvenire <strong>solo se il docente mantiene la stessa provincia<\/strong> in cui sta lavorando nel <strong>2025\/26<\/strong>.<\/p>\n\n\n\n<p>Se il docente decide di <strong>cambiare provincia<\/strong>:<\/p>\n\n\n\n<ul>\n<li>in estate compiler\u00e0 la <strong>domanda delle 150 preferenze per la nuova provincia<\/strong><\/li>\n\n\n\n<li><strong>non potr\u00e0 chiedere la continuit\u00e0 nella provincia precedente<\/strong><\/li>\n<\/ul>\n\n\n\n<p>La scelta della provincia diventa quindi un elemento strategico per le <strong>supplenze 2026<\/strong>.<\/p>\n\n\n\n<p><\/p>\n\n\n\n<h2>Supplenze 2026: meglio la continuit\u00e0 o il cambio provincia?<\/h2>\n\n\n\n<p>Molti insegnanti stanno valutando se mantenere la stessa provincia per tentare la <strong>riconferma sul sostegno<\/strong> oppure cambiare per cercare nuove opportunit\u00e0.<\/p>\n\n\n\n<p>La continuit\u00e0 didattica pu\u00f2 rappresentare un vantaggio, ma <strong>non \u00e8 garantita<\/strong>. Diversi fattori possono impedirne l\u2019attivazione, ad esempio <strong>la mancanza del posto disponibile<\/strong>.<\/p>\n\n\n\n<p>Chi sta pensando di cambiare provincia potrebbe invece puntare su altri obiettivi:<\/p>\n\n\n\n<ul>\n<li><strong>immissione in ruolo da GPS sostegno prima fascia<\/strong><\/li>\n\n\n\n<li>ottenere una <strong>supplenza pi\u00f9 vantaggiosa<\/strong><\/li>\n\n\n\n<li>migliorare <strong>condizioni personali o logistiche<\/strong><\/li>\n<\/ul>\n\n\n\n<p>Per questo motivo la decisione da prendere entro il <strong>16 marzo<\/strong> \u00e8 una delle pi\u00f9 importanti per chi parteciper\u00e0 alle <strong>supplenze 2026<\/strong>.<\/p>\n\n\n\n<p><\/p>\n\n\n\n<p>Per ulteriori news e approfondimenti sul mondo scuola, segui il\u00a0<strong><a href=\"https:\/\/www.docenti.it\/blog\/\" target=\"_blank\" rel=\"noreferrer noopener\">blog\u00a0<\/a><\/strong>di\u00a0<strong><a href=\"https:\/\/www.docenti.it\/\" target=\"_blank\" rel=\"noreferrer noopener\">Docenti.it<\/a><\/strong><\/p>\n\n\n\n<p><\/p>\n","protected":false},"excerpt":{"rendered":"<p>Supplenze 2026 e continuit\u00e0 sul sostegno: la scadenza del 16 marzo riguarda la domanda [&hellip;]<\/p>\n","protected":false},"author":25,"featured_media":41579,"comment_status":"open","ping_status":"open","sticky":false,"template":"","format":"standard","meta":[],"categories":[4],"tags":[875,1094,1017],"yoast_head":"<!-- This site is optimized with the Yoast SEO plugin v20.4 - https:\/\/yoast.com\/wordpress\/plugins\/seo\/ -->\n<title>Supplenze 2026: cosa fare per la continuit\u00e0 sul sostegno?<\/title>\n<meta name=\"description\" content=\"Supplenze 2026: cosa devono fare i docenti di sostegno, quando si richiede la continuit\u00e0 e perch\u00e9 \u00e8 importante la scelta della provincia.\" \/>\n<meta name=\"robots\" content=\"index, follow, max-snippet:-1, max-image-preview:large, max-video-preview:-1\" \/>\n<link rel=\"canonical\" href=\"https:\/\/www.docenti.it\/blog\/supplenze-2026-cosa-fare-per-la-continuita-sul-sostegno\/\" \/>\n<meta property=\"og:locale\" content=\"it_IT\" \/>\n<meta property=\"og:type\" content=\"article\" \/>\n<meta property=\"og:title\" content=\"Supplenze 2026: cosa fare per la continuit\u00e0 sul sostegno?\" \/>\n<meta property=\"og:description\" content=\"Supplenze 2026: cosa devono fare i docenti di sostegno, quando si richiede la continuit\u00e0 e perch\u00e9 \u00e8 importante la scelta della provincia.\" \/>\n<meta property=\"og:url\" content=\"https:\/\/www.docenti.it\/blog\/supplenze-2026-cosa-fare-per-la-continuita-sul-sostegno\/\" \/>\n<meta property=\"og:site_name\" content=\"Blog | Docenti.it\" \/>\n<meta property=\"article:publisher\" content=\"https:\/\/www.facebook.com\/docenti.it\" \/>\n<meta property=\"article:published_time\" content=\"2026-03-03T17:21:35+00:00\" \/>\n<meta property=\"article:modified_time\" content=\"2026-03-03T17:21:36+00:00\" \/>\n<meta property=\"og:image\" content=\"https:\/\/www.docenti.it\/blog\/wp-content\/uploads\/2022\/12\/people-g29fd937ad_640.jpg\" \/>\n\t<meta property=\"og:image:width\" content=\"640\" \/>\n\t<meta property=\"og:image:height\" content=\"427\" \/>\n\t<meta property=\"og:image:type\" content=\"image\/jpeg\" \/>\n<meta name=\"author\" content=\"Gabriella Capraro\" \/>\n<meta name=\"twitter:card\" content=\"summary_large_image\" \/>\n<meta name=\"twitter:label1\" content=\"Written by\" \/>\n\t<meta name=\"twitter:data1\" content=\"Gabriella Capraro\" \/>\n\t<meta name=\"twitter:label2\" content=\"Est. reading time\" \/>\n\t<meta name=\"twitter:data2\" content=\"3 minuti\" \/>\n<script type=\"application\/ld+json\" class=\"yoast-schema-graph\">{\"@context\":\"https:\/\/schema.org\",\"@graph\":[{\"@type\":\"Article\",\"@id\":\"https:\/\/www.docenti.it\/blog\/supplenze-2026-cosa-fare-per-la-continuita-sul-sostegno\/#article\",\"isPartOf\":{\"@id\":\"https:\/\/www.docenti.it\/blog\/supplenze-2026-cosa-fare-per-la-continuita-sul-sostegno\/\"},\"author\":{\"name\":\"Gabriella Capraro\",\"@id\":\"https:\/\/www.docenti.it\/blog\/#\/schema\/person\/773963d3c0645bd34c150c41a13e5754\"},\"headline\":\"Supplenze 2026: cosa fare per la continuit\u00e0 sul sostegno?\",\"datePublished\":\"2026-03-03T17:21:35+00:00\",\"dateModified\":\"2026-03-03T17:21:36+00:00\",\"mainEntityOfPage\":{\"@id\":\"https:\/\/www.docenti.it\/blog\/supplenze-2026-cosa-fare-per-la-continuita-sul-sostegno\/\"},\"wordCount\":546,\"commentCount\":0,\"publisher\":{\"@id\":\"https:\/\/www.docenti.it\/blog\/#organization\"},\"keywords\":[\"continuit\u00e0 docente di sostegno\",\"sostegno 2026\",\"supplenze 2026\"],\"articleSection\":[\"News\"],\"inLanguage\":\"it-IT\",\"potentialAction\":[{\"@type\":\"CommentAction\",\"name\":\"Comment\",\"target\":[\"https:\/\/www.docenti.it\/blog\/supplenze-2026-cosa-fare-per-la-continuita-sul-sostegno\/#respond\"]}]},{\"@type\":\"WebPage\",\"@id\":\"https:\/\/www.docenti.it\/blog\/supplenze-2026-cosa-fare-per-la-continuita-sul-sostegno\/\",\"url\":\"https:\/\/www.docenti.it\/blog\/supplenze-2026-cosa-fare-per-la-continuita-sul-sostegno\/\",\"name\":\"Supplenze 2026: cosa fare per la continuit\u00e0 sul sostegno?\",\"isPartOf\":{\"@id\":\"https:\/\/www.docenti.it\/blog\/#website\"},\"datePublished\":\"2026-03-03T17:21:35+00:00\",\"dateModified\":\"2026-03-03T17:21:36+00:00\",\"description\":\"Supplenze 2026: cosa devono fare i docenti di sostegno, quando si richiede la continuit\u00e0 e perch\u00e9 \u00e8 importante la scelta della provincia.\",\"breadcrumb\":{\"@id\":\"https:\/\/www.docenti.it\/blog\/supplenze-2026-cosa-fare-per-la-continuita-sul-sostegno\/#breadcrumb\"},\"inLanguage\":\"it-IT\",\"potentialAction\":[{\"@type\":\"ReadAction\",\"target\":[\"https:\/\/www.docenti.it\/blog\/supplenze-2026-cosa-fare-per-la-continuita-sul-sostegno\/\"]}]},{\"@type\":\"BreadcrumbList\",\"@id\":\"https:\/\/www.docenti.it\/blog\/supplenze-2026-cosa-fare-per-la-continuita-sul-sostegno\/#breadcrumb\",\"itemListElement\":[{\"@type\":\"ListItem\",\"position\":1,\"name\":\"Home\",\"item\":\"https:\/\/www.docenti.it\/blog\/\"},{\"@type\":\"ListItem\",\"position\":2,\"name\":\"Supplenze 2026: cosa fare per la continuit\u00e0 sul sostegno?\"}]},{\"@type\":\"WebSite\",\"@id\":\"https:\/\/www.docenti.it\/blog\/#website\",\"url\":\"https:\/\/www.docenti.it\/blog\/\",\"name\":\"Blog | Docenti.it\",\"description\":\"Tutte le notizie e gli aggiornamenti dal mondo della scuola\",\"publisher\":{\"@id\":\"https:\/\/www.docenti.it\/blog\/#organization\"},\"potentialAction\":[{\"@type\":\"SearchAction\",\"target\":{\"@type\":\"EntryPoint\",\"urlTemplate\":\"https:\/\/www.docenti.it\/blog\/?s={search_term_string}\"},\"query-input\":\"required name=search_term_string\"}],\"inLanguage\":\"it-IT\"},{\"@type\":\"Organization\",\"@id\":\"https:\/\/www.docenti.it\/blog\/#organization\",\"name\":\"Blog | Docenti.it\",\"url\":\"https:\/\/www.docenti.it\/blog\/\",\"logo\":{\"@type\":\"ImageObject\",\"inLanguage\":\"it-IT\",\"@id\":\"https:\/\/www.docenti.it\/blog\/#\/schema\/logo\/image\/\",\"url\":\"https:\/\/www.docenti.it\/blog\/wp-content\/uploads\/2025\/06\/fb_mad_img.png\",\"contentUrl\":\"https:\/\/www.docenti.it\/blog\/wp-content\/uploads\/2025\/06\/fb_mad_img.png\",\"width\":1140,\"height\":620,\"caption\":\"Blog | Docenti.it\"},\"image\":{\"@id\":\"https:\/\/www.docenti.it\/blog\/#\/schema\/logo\/image\/\"},\"sameAs\":[\"https:\/\/www.facebook.com\/docenti.it\"]},{\"@type\":\"Person\",\"@id\":\"https:\/\/www.docenti.it\/blog\/#\/schema\/person\/773963d3c0645bd34c150c41a13e5754\",\"name\":\"Gabriella Capraro\",\"image\":{\"@type\":\"ImageObject\",\"inLanguage\":\"it-IT\",\"@id\":\"https:\/\/www.docenti.it\/blog\/#\/schema\/person\/image\/\",\"url\":\"https:\/\/secure.gravatar.com\/avatar\/17e0ab06bea064a8a7c5bef443cb7153?s=96&d=mm&r=g\",\"contentUrl\":\"https:\/\/secure.gravatar.com\/avatar\/17e0ab06bea064a8a7c5bef443cb7153?s=96&d=mm&r=g\",\"caption\":\"Gabriella Capraro\"},\"description\":\"Copywriter e digital strategist, collabora come articolista e autrice per diverse piattaforme online, spaziando da tematiche scolastiche\/istituzionali a letterarie e musicali.\",\"url\":\"https:\/\/www.docenti.it\/blog\/author\/gcapraro\/\"}]}<\/script>\n<!-- \/ Yoast SEO plugin. -->","yoast_head_json":{"title":"Supplenze 2026: cosa fare per la continuit\u00e0 sul sostegno?","description":"Supplenze 2026: cosa devono fare i docenti di sostegno, quando si richiede la continuit\u00e0 e perch\u00e9 \u00e8 importante la scelta della provincia.","robots":{"index":"index","follow":"follow","max-snippet":"max-snippet:-1","max-image-preview":"max-image-preview:large","max-video-preview":"max-video-preview:-1"},"canonical":"https:\/\/www.docenti.it\/blog\/supplenze-2026-cosa-fare-per-la-continuita-sul-sostegno\/","og_locale":"it_IT","og_type":"article","og_title":"Supplenze 2026: cosa fare per la continuit\u00e0 sul sostegno?","og_description":"Supplenze 2026: cosa devono fare i docenti di sostegno, quando si richiede la continuit\u00e0 e perch\u00e9 \u00e8 importante la scelta della provincia.","og_url":"https:\/\/www.docenti.it\/blog\/supplenze-2026-cosa-fare-per-la-continuita-sul-sostegno\/","og_site_name":"Blog | Docenti.it","article_publisher":"https:\/\/www.facebook.com\/docenti.it","article_published_time":"2026-03-03T17:21:35+00:00","article_modified_time":"2026-03-03T17:21:36+00:00","og_image":[{"width":640,"height":427,"url":"https:\/\/www.docenti.it\/blog\/wp-content\/uploads\/2022\/12\/people-g29fd937ad_640.jpg","type":"image\/jpeg"}],"author":"Gabriella Capraro","twitter_card":"summary_large_image","twitter_misc":{"Written by":"Gabriella Capraro","Est. reading time":"3 minuti"},"schema":{"@context":"https:\/\/schema.org","@graph":[{"@type":"Article","@id":"https:\/\/www.docenti.it\/blog\/supplenze-2026-cosa-fare-per-la-continuita-sul-sostegno\/#article","isPartOf":{"@id":"https:\/\/www.docenti.it\/blog\/supplenze-2026-cosa-fare-per-la-continuita-sul-sostegno\/"},"author":{"name":"Gabriella Capraro","@id":"https:\/\/www.docenti.it\/blog\/#\/schema\/person\/773963d3c0645bd34c150c41a13e5754"},"headline":"Supplenze 2026: cosa fare per la continuit\u00e0 sul sostegno?","datePublished":"2026-03-03T17:21:35+00:00","dateModified":"2026-03-03T17:21:36+00:00","mainEntityOfPage":{"@id":"https:\/\/www.docenti.it\/blog\/supplenze-2026-cosa-fare-per-la-continuita-sul-sostegno\/"},"wordCount":546,"commentCount":0,"publisher":{"@id":"https:\/\/www.docenti.it\/blog\/#organization"},"keywords":["continuit\u00e0 docente di sostegno","sostegno 2026","supplenze 2026"],"articleSection":["News"],"inLanguage":"it-IT","potentialAction":[{"@type":"CommentAction","name":"Comment","target":["https:\/\/www.docenti.it\/blog\/supplenze-2026-cosa-fare-per-la-continuita-sul-sostegno\/#respond"]}]},{"@type":"WebPage","@id":"https:\/\/www.docenti.it\/blog\/supplenze-2026-cosa-fare-per-la-continuita-sul-sostegno\/","url":"https:\/\/www.docenti.it\/blog\/supplenze-2026-cosa-fare-per-la-continuita-sul-sostegno\/","name":"Supplenze 2026: cosa fare per la continuit\u00e0 sul sostegno?","isPartOf":{"@id":"https:\/\/www.docenti.it\/blog\/#website"},"datePublished":"2026-03-03T17:21:35+00:00","dateModified":"2026-03-03T17:21:36+00:00","description":"Supplenze 2026: cosa devono fare i docenti di sostegno, quando si richiede la continuit\u00e0 e perch\u00e9 \u00e8 importante la scelta della provincia.","breadcrumb":{"@id":"https:\/\/www.docenti.it\/blog\/supplenze-2026-cosa-fare-per-la-continuita-sul-sostegno\/#breadcrumb"},"inLanguage":"it-IT","potentialAction":[{"@type":"ReadAction","target":["https:\/\/www.docenti.it\/blog\/supplenze-2026-cosa-fare-per-la-continuita-sul-sostegno\/"]}]},{"@type":"BreadcrumbList","@id":"https:\/\/www.docenti.it\/blog\/supplenze-2026-cosa-fare-per-la-continuita-sul-sostegno\/#breadcrumb","itemListElement":[{"@type":"ListItem","position":1,"name":"Home","item":"https:\/\/www.docenti.it\/blog\/"},{"@type":"ListItem","position":2,"name":"Supplenze 2026: cosa fare per la continuit\u00e0 sul sostegno?"}]},{"@type":"WebSite","@id":"https:\/\/www.docenti.it\/blog\/#website","url":"https:\/\/www.docenti.it\/blog\/","name":"Blog | Docenti.it","description":"Tutte le notizie e gli aggiornamenti dal mondo della scuola","publisher":{"@id":"https:\/\/www.docenti.it\/blog\/#organization"},"potentialAction":[{"@type":"SearchAction","target":{"@type":"EntryPoint","urlTemplate":"https:\/\/www.docenti.it\/blog\/?s={search_term_string}"},"query-input":"required name=search_term_string"}],"inLanguage":"it-IT"},{"@type":"Organization","@id":"https:\/\/www.docenti.it\/blog\/#organization","name":"Blog | Docenti.it","url":"https:\/\/www.docenti.it\/blog\/","logo":{"@type":"ImageObject","inLanguage":"it-IT","@id":"https:\/\/www.docenti.it\/blog\/#\/schema\/logo\/image\/","url":"https:\/\/www.docenti.it\/blog\/wp-content\/uploads\/2025\/06\/fb_mad_img.png","contentUrl":"https:\/\/www.docenti.it\/blog\/wp-content\/uploads\/2025\/06\/fb_mad_img.png","width":1140,"height":620,"caption":"Blog | Docenti.it"},"image":{"@id":"https:\/\/www.docenti.it\/blog\/#\/schema\/logo\/image\/"},"sameAs":["https:\/\/www.facebook.com\/docenti.it"]},{"@type":"Person","@id":"https:\/\/www.docenti.it\/blog\/#\/schema\/person\/773963d3c0645bd34c150c41a13e5754","name":"Gabriella Capraro","image":{"@type":"ImageObject","inLanguage":"it-IT","@id":"https:\/\/www.docenti.it\/blog\/#\/schema\/person\/image\/","url":"https:\/\/secure.gravatar.com\/avatar\/17e0ab06bea064a8a7c5bef443cb7153?s=96&d=mm&r=g","contentUrl":"https:\/\/secure.gravatar.com\/avatar\/17e0ab06bea064a8a7c5bef443cb7153?s=96&d=mm&r=g","caption":"Gabriella Capraro"},"description":"Copywriter e digital strategist, collabora come articolista e autrice per diverse piattaforme online, spaziando da tematiche scolastiche\/istituzionali a letterarie e musicali.","url":"https:\/\/www.docenti.it\/blog\/author\/gcapraro\/"}]}},"_links":{"self":[{"href":"https:\/\/www.docenti.it\/blog\/wp-json\/wp\/v2\/posts\/47451"}],"collection":[{"href":"https:\/\/www.docenti.it\/blog\/wp-json\/wp\/v2\/posts"}],"about":[{"href":"https:\/\/www.docenti.it\/blog\/wp-json\/wp\/v2\/types\/post"}],"author":[{"embeddable":true,"href":"https:\/\/www.docenti.it\/blog\/wp-json\/wp\/v2\/users\/25"}],"replies":[{"embeddable":true,"href":"https:\/\/www.docenti.it\/blog\/wp-json\/wp\/v2\/comments?post=47451"}],"version-history":[{"count":1,"href":"https:\/\/www.docenti.it\/blog\/wp-json\/wp\/v2\/posts\/47451\/revisions"}],"predecessor-version":[{"id":47452,"href":"https:\/\/www.docenti.it\/blog\/wp-json\/wp\/v2\/posts\/47451\/revisions\/47452"}],"wp:featuredmedia":[{"embeddable":true,"href":"https:\/\/www.docenti.it\/blog\/wp-json\/wp\/v2\/media\/41579"}],"wp:attachment":[{"href":"https:\/\/www.docenti.it\/blog\/wp-json\/wp\/v2\/media?parent=47451"}],"wp:term":[{"taxonomy":"category","embeddable":true,"href":"https:\/\/www.docenti.it\/blog\/wp-json\/wp\/v2\/categories?post=47451"},{"taxonomy":"post_tag","embeddable":true,"href":"https:\/\/www.docenti.it\/blog\/wp-json\/wp\/v2\/tags?post=47451"}],"curies":[{"name":"wp","href":"https:\/\/api.w.org\/{rel}","templated":true}]}}