{"id":47479,"date":"2026-03-11T17:01:28","date_gmt":"2026-03-11T16:01:28","guid":{"rendered":"https:\/\/www.docenti.it\/blog\/?p=47479"},"modified":"2026-03-11T17:01:28","modified_gmt":"2026-03-11T16:01:28","slug":"mobilita-scuola-2026-cosa-cambia-per-docenti-e-personale-ata","status":"publish","type":"post","link":"https:\/\/www.docenti.it\/blog\/mobilita-scuola-2026-cosa-cambia-per-docenti-e-personale-ata\/","title":{"rendered":"Mobilit\u00e0 scuola 2026: cosa cambia per docenti e personale ATA"},"content":{"rendered":"\n<p>La <strong>mobilit\u00e0 scuola 2026<\/strong> riguarda le procedure di trasferimento e passaggio di sede per <strong>docenti, personale ATA e personale educativo<\/strong> relative all\u2019anno scolastico <strong>2026\/27<\/strong>. <\/p>\n\n\n\n<p>Secondo le prime indicazioni, la procedura potrebbe partire <strong>gi\u00e0 nella seconda met\u00e0 di marzo 2026<\/strong>. <\/p>\n\n\n\n<p>L\u2019avvio effettivo dipender\u00e0 per\u00f2 dalla <strong>firma del nuovo contratto sulla mobilit\u00e0<\/strong> e dalla pubblicazione della relativa <strong>ordinanza ministeriale<\/strong>.<\/p>\n\n\n\n<p>Le date attualmente ipotizzate sono:<\/p>\n\n\n\n<ul>\n<li><strong>dal 16 marzo al 2 aprile 2026<\/strong> per il personale docente<\/li>\n\n\n\n<li><strong>dal 23 marzo al 9 aprile 2026<\/strong> per il personale ATA<\/li>\n<\/ul>\n\n\n\n<p>Si tratta ancora di <strong>una previsione non ufficiale<\/strong>. Il calendario definitivo verr\u00e0 confermato dal Ministero dell\u2019Istruzione e del Merito con l\u2019ordinanza che discipliner\u00e0 la procedura.<\/p>\n\n\n\n<p><\/p>\n\n\n\n<h2>Quando si potr\u00e0 presentare la domanda di mobilit\u00e0 docenti 2026<\/h2>\n\n\n\n<p>La domanda di <strong>mobilit\u00e0 docenti 2026\/27<\/strong> dovrebbe aprirsi subito dopo la conclusione delle procedure relative all\u2019aggiornamento delle <strong>Graduatorie Provinciali per le Supplenze (GPS)<\/strong>.<\/p>\n\n\n\n<p>Questa scelta permette all\u2019amministrazione di evitare la sovrapposizione tra due procedure molto complesse e di gestire in modo pi\u00f9 efficiente le piattaforme digitali utilizzate dal personale scolastico.<\/p>\n\n\n\n<p>In attesa dell\u2019apertura ufficiale delle domande, il Ministero sta lavorando anche a un aggiornamento del <strong>Fascicolo digitale del personale<\/strong>.<\/p>\n\n\n\n<p>Entro <strong>marzo 2026<\/strong> il sistema dovrebbe integrare nuovi dati e automatizzare alcune informazioni gi\u00e0 presenti negli archivi dell\u2019amministrazione.<\/p>\n\n\n\n<h3>Fascicolo digitale e compilazione automatica dei titoli<\/h3>\n\n\n\n<p>Il <strong>Fascicolo digitale del personale<\/strong>, accessibile tramite <strong>SPID o Carta d\u2019Identit\u00e0 Elettronica (CIE)<\/strong>, diventer\u00e0 uno strumento centrale per la gestione della mobilit\u00e0.<\/p>\n\n\n\n<p>L\u2019aggiornamento previsto consentir\u00e0 di:<\/p>\n\n\n\n<ul>\n<li>recuperare automaticamente <strong>titoli di servizio e titoli culturali gi\u00e0 dichiarati<\/strong>;<\/li>\n\n\n\n<li>semplificare la compilazione della domanda;<\/li>\n\n\n\n<li>ridurre il rischio di errori nell\u2019inserimento dei dati;<\/li>\n\n\n\n<li>velocizzare la verifica delle informazioni da parte dell\u2019amministrazione.<\/li>\n<\/ul>\n\n\n\n<p>Grazie a questa integrazione la procedura dovrebbe risultare <strong>pi\u00f9 rapida e meno burocratica<\/strong> rispetto agli anni precedenti.<\/p>\n\n\n\n<p><\/p>\n\n\n\n<h2>Chi pu\u00f2 partecipare alla mobilit\u00e0 scuola 2026<\/h2>\n\n\n\n<p>La normativa sulla <strong>mobilit\u00e0 scuola 2026<\/strong> stabilisce in modo preciso quali docenti possono presentare domanda di trasferimento o passaggio.<\/p>\n\n\n\n<p>Possono partecipare:<\/p>\n\n\n\n<ul>\n<li>i <strong>docenti titolari nella stessa scuola da oltre tre anni<\/strong>, nella medesima classe di concorso o tipologia di posto;<\/li>\n\n\n\n<li>i docenti trasferiti nella scuola di titolarit\u00e0 <strong>da meno di tre anni<\/strong>, ma che sono stati soddisfatti su <strong>preferenza sintetica<\/strong> (comune, distretto o provincia);<\/li>\n\n\n\n<li>i <strong>docenti neoimmessi in ruolo dall\u2019anno scolastico 2023\/24 o precedenti<\/strong>. Chi \u00e8 entrato in ruolo nel 2023\/24 conclude infatti il terzo anno di permanenza proprio nell\u2019anno scolastico in corso;<\/li>\n\n\n\n<li>i <strong>docenti soprannumerari<\/strong> o in <strong>esubero provinciale<\/strong>;<\/li>\n\n\n\n<li>i docenti <strong>trasferiti d\u2019ufficio<\/strong> o con <strong>domanda condizionata<\/strong>, anche se hanno ottenuto una delle preferenze indicate;<\/li>\n\n\n\n<li>i docenti soggetti al <strong>vincolo triennale<\/strong>, ma che possono usufruire di una delle <strong>deroghe previste dalla normativa<\/strong>.<\/li>\n<\/ul>\n\n\n\n<p>Queste categorie rappresentano la parte principale dei partecipanti alla procedura di mobilit\u00e0 ogni anno.<\/p>\n\n\n\n<p><\/p>\n\n\n\n<h2>Il vincolo triennale nella mobilit\u00e0 dei docenti<\/h2>\n\n\n\n<p>Uno degli aspetti pi\u00f9 discussi della mobilit\u00e0 riguarda il <strong>vincolo triennale di permanenza nella scuola di titolarit\u00e0<\/strong>.<\/p>\n\n\n\n<p>La normativa prevede che il docente, dopo aver ottenuto una sede, debba rimanere nella stessa scuola per <strong>almeno tre anni<\/strong> prima di poter richiedere un nuovo trasferimento.<\/p>\n\n\n\n<p>Questo vincolo \u00e8 stato introdotto per garantire <strong>continuit\u00e0 didattica agli studenti<\/strong> e maggiore stabilit\u00e0 agli istituti scolastici. Tuttavia, negli anni il legislatore ha previsto diverse <strong>deroghe<\/strong> per tutelare situazioni familiari o personali particolarmente delicate.<\/p>\n\n\n\n<p><\/p>\n\n\n\n<h2>Deroghe al vincolo triennale nella mobilit\u00e0 scuola 2026<\/h2>\n\n\n\n<p>Le deroghe permettono ai docenti di presentare domanda di mobilit\u00e0 anche se non hanno ancora completato il periodo minimo di permanenza nella sede di titolarit\u00e0.<\/p>\n\n\n\n<p>Negli ultimi anni alcune situazioni specifiche hanno consentito l\u2019accesso alla procedura, tra cui:<\/p>\n\n\n\n<ul>\n<li><strong>genitori con figli minori di 16 anni<\/strong> oppure entro 16 anni dall\u2019ingresso in famiglia in caso di adozione o affido;<\/li>\n\n\n\n<li>personale che rientra nelle tutele previste dagli <strong>articoli 21 e 33 della legge 104\/1992<\/strong>;<\/li>\n\n\n\n<li>lavoratori che usufruiscono dei permessi previsti dall\u2019<strong>articolo 42 del decreto legislativo 151\/2001<\/strong> per assistere familiari con disabilit\u00e0 grave;<\/li>\n\n\n\n<li><strong>coniuge o figlio di mutilato o invalido civile<\/strong> secondo la legge 118\/1971;<\/li>\n\n\n\n<li>figli che assistono <strong>genitori con pi\u00f9 di 65 anni<\/strong>.<\/li>\n<\/ul>\n\n\n\n<p>Queste deroghe hanno permesso negli ultimi anni a molti docenti di <strong>avvicinarsi alla propria famiglia<\/strong> o di gestire situazioni di assistenza e cura.<\/p>\n\n\n\n<p><\/p>\n\n\n\n<h2>Le deroghe gi\u00e0 confermate dal CCNL<\/h2>\n\n\n\n<p>Per la <strong>mobilit\u00e0 scuola 2026\/27<\/strong> alcune deroghe sono gi\u00e0 certe perch\u00e9 previste dal <strong>CCNL 2019-2021<\/strong>, in particolare dall\u2019<strong>articolo 34 comma 8<\/strong>.<\/p>\n\n\n\n<p>Il contratto nazionale consente la partecipazione alla mobilit\u00e0 nei seguenti casi:<\/p>\n\n\n\n<ul>\n<li><strong>ricongiungimento con figli di et\u00e0 inferiore a 12 anni<\/strong>;<\/li>\n\n\n\n<li>assistenza a <strong>persone con disabilit\u00e0<\/strong>, secondo la normativa sui caregiver;<\/li>\n\n\n\n<li>personale tutelato dall\u2019<strong>articolo 21 della legge 104\/1992<\/strong>.<\/li>\n<\/ul>\n\n\n\n<p>Queste situazioni restano quindi valide anche per il prossimo anno scolastico.<\/p>\n\n\n\n<p><\/p>\n\n\n\n<h2>Deroghe ancora in attesa di conferma<\/h2>\n\n\n\n<p>Alcune deroghe applicate nelle ultime procedure <strong>non sono ancora state confermate ufficialmente<\/strong> per il 2026\/27.<\/p>\n\n\n\n<p>In particolare restano in sospeso:<\/p>\n\n\n\n<ul>\n<li>la possibilit\u00e0 di presentare domanda per <strong>genitori con figli minori di 16 anni<\/strong>;<\/li>\n\n\n\n<li>la deroga per i <strong>figli che assistono genitori ultrasessantacinquenni<\/strong>.<\/li>\n<\/ul>\n\n\n\n<p>Su questi aspetti \u00e8 atteso un chiarimento da parte del <strong>Ministero dell\u2019Istruzione e del Merito<\/strong>, anche alla luce del confronto in corso con le organizzazioni sindacali.<\/p>\n\n\n\n<p>Le decisioni definitive potrebbero arrivare proprio durante i prossimi incontri tra amministrazione e sindacati dedicati alla definizione del contratto sulla mobilit\u00e0.<\/p>\n\n\n\n<p><\/p>\n\n\n\n<h2>Perch\u00e9 la mobilit\u00e0 scuola 2026 \u00e8 importante per il personale scolastico<\/h2>\n\n\n\n<p>La mobilit\u00e0 rappresenta uno degli strumenti principali attraverso cui il personale scolastico pu\u00f2 <strong>migliorare la propria condizione lavorativa e personale<\/strong>.<\/p>\n\n\n\n<p>Molti docenti partecipano alla procedura per:<\/p>\n\n\n\n<ul>\n<li>avvicinarsi alla <strong>propria citt\u00e0 di residenza<\/strong>;<\/li>\n\n\n\n<li>ridurre tempi e costi di spostamento;<\/li>\n\n\n\n<li>ricongiungersi con <strong>coniuge, figli o familiari<\/strong>;<\/li>\n\n\n\n<li>trovare una sede pi\u00f9 stabile dopo anni di incarichi lontani da casa.<\/li>\n<\/ul>\n\n\n\n<p>Per questo motivo la <strong>mobilit\u00e0<\/strong> sar\u00e0 seguita con grande attenzione da migliaia di insegnanti e lavoratori ATA, in attesa delle indicazioni ufficiali del Ministero.<\/p>\n\n\n\n<p><em>Se hai trovato utile questo contenuto, prova a dare un&#8217;occhiata a questo: <\/em><\/p>\n\n\n<p><span style=\"color: #800000;\"><em><strong><a style=\"color: #800000;\" href=\"https:\/\/www.docenti.it\/blog\/mobilita-docenti-2026-quali-sono-i-requisiti-per-la-domanda\/\">Mobilit\u00e0 docenti 2026: quali sono i requisiti per la domanda?<\/a><\/strong><\/em><\/span><\/p>\n<p>Per ulteriori news e approfondimenti sul mondo scuola, segui il\u00a0<strong><a href=\"https:\/\/www.docenti.it\/blog\/\" target=\"_blank\" rel=\"noreferrer noopener\">blog\u00a0<\/a><\/strong>di\u00a0<strong><a href=\"https:\/\/www.docenti.it\/\" target=\"_blank\" rel=\"noreferrer noopener\">Docenti.it<\/a><\/strong><\/p>\n\n\n<p><\/p>\n","protected":false},"excerpt":{"rendered":"<p>La mobilit\u00e0 scuola 2026 riguarda le procedure di trasferimento e passaggio di sede per [&hellip;]<\/p>\n","protected":false},"author":25,"featured_media":45263,"comment_status":"open","ping_status":"open","sticky":false,"template":"","format":"standard","meta":[],"categories":[1,4],"tags":[397,1097,1099,1096,1098],"yoast_head":"<!-- This site is optimized with the Yoast SEO plugin v20.4 - https:\/\/yoast.com\/wordpress\/plugins\/seo\/ -->\n<title>Mobilit\u00e0 scuola 2026: cosa cambia per docenti e personale ATA<\/title>\n<meta name=\"description\" content=\"Mobilit\u00e0 scuola 2026: date, requisiti, categorie di docenti e personale ATA, deroghe al vincolo triennale e come presentare domanda.\" \/>\n<meta name=\"robots\" content=\"index, follow, max-snippet:-1, max-image-preview:large, max-video-preview:-1\" \/>\n<link rel=\"canonical\" href=\"https:\/\/www.docenti.it\/blog\/mobilita-scuola-2026-cosa-cambia-per-docenti-e-personale-ata\/\" \/>\n<meta property=\"og:locale\" content=\"it_IT\" \/>\n<meta property=\"og:type\" content=\"article\" \/>\n<meta property=\"og:title\" content=\"Mobilit\u00e0 scuola 2026: cosa cambia per docenti e personale ATA\" \/>\n<meta property=\"og:description\" content=\"Mobilit\u00e0 scuola 2026: date, requisiti, categorie di docenti e personale ATA, deroghe al vincolo triennale e come presentare domanda.\" \/>\n<meta property=\"og:url\" content=\"https:\/\/www.docenti.it\/blog\/mobilita-scuola-2026-cosa-cambia-per-docenti-e-personale-ata\/\" \/>\n<meta property=\"og:site_name\" content=\"Blog | Docenti.it\" \/>\n<meta property=\"article:publisher\" content=\"https:\/\/www.facebook.com\/docenti.it\" \/>\n<meta property=\"article:published_time\" content=\"2026-03-11T16:01:28+00:00\" \/>\n<meta property=\"og:image\" content=\"https:\/\/www.docenti.it\/blog\/wp-content\/uploads\/2023\/07\/laptop-g4ab40a908_1280.jpg\" \/>\n\t<meta property=\"og:image:width\" content=\"1280\" \/>\n\t<meta property=\"og:image:height\" content=\"853\" \/>\n\t<meta property=\"og:image:type\" content=\"image\/jpeg\" \/>\n<meta name=\"author\" content=\"Gabriella Capraro\" \/>\n<meta name=\"twitter:card\" content=\"summary_large_image\" \/>\n<meta name=\"twitter:label1\" content=\"Written by\" \/>\n\t<meta name=\"twitter:data1\" content=\"Gabriella Capraro\" \/>\n\t<meta name=\"twitter:label2\" content=\"Est. reading time\" \/>\n\t<meta name=\"twitter:data2\" content=\"5 minuti\" \/>\n<script type=\"application\/ld+json\" class=\"yoast-schema-graph\">{\"@context\":\"https:\/\/schema.org\",\"@graph\":[{\"@type\":\"Article\",\"@id\":\"https:\/\/www.docenti.it\/blog\/mobilita-scuola-2026-cosa-cambia-per-docenti-e-personale-ata\/#article\",\"isPartOf\":{\"@id\":\"https:\/\/www.docenti.it\/blog\/mobilita-scuola-2026-cosa-cambia-per-docenti-e-personale-ata\/\"},\"author\":{\"name\":\"Gabriella Capraro\",\"@id\":\"https:\/\/www.docenti.it\/blog\/#\/schema\/person\/773963d3c0645bd34c150c41a13e5754\"},\"headline\":\"Mobilit\u00e0 scuola 2026: cosa cambia per docenti e personale ATA\",\"datePublished\":\"2026-03-11T16:01:28+00:00\",\"dateModified\":\"2026-03-11T16:01:28+00:00\",\"mainEntityOfPage\":{\"@id\":\"https:\/\/www.docenti.it\/blog\/mobilita-scuola-2026-cosa-cambia-per-docenti-e-personale-ata\/\"},\"wordCount\":955,\"commentCount\":0,\"publisher\":{\"@id\":\"https:\/\/www.docenti.it\/blog\/#organization\"},\"keywords\":[\"mobilit\u00e0 docenti\",\"mobilit\u00e0 domanda\",\"mobilit\u00e0 scolastica\",\"mobilit\u00e0 scuola 2026\",\"procedura di mobilit\u00e0\"],\"articleSection\":[\"FAQ\",\"News\"],\"inLanguage\":\"it-IT\",\"potentialAction\":[{\"@type\":\"CommentAction\",\"name\":\"Comment\",\"target\":[\"https:\/\/www.docenti.it\/blog\/mobilita-scuola-2026-cosa-cambia-per-docenti-e-personale-ata\/#respond\"]}]},{\"@type\":\"WebPage\",\"@id\":\"https:\/\/www.docenti.it\/blog\/mobilita-scuola-2026-cosa-cambia-per-docenti-e-personale-ata\/\",\"url\":\"https:\/\/www.docenti.it\/blog\/mobilita-scuola-2026-cosa-cambia-per-docenti-e-personale-ata\/\",\"name\":\"Mobilit\u00e0 scuola 2026: cosa cambia per docenti e personale ATA\",\"isPartOf\":{\"@id\":\"https:\/\/www.docenti.it\/blog\/#website\"},\"datePublished\":\"2026-03-11T16:01:28+00:00\",\"dateModified\":\"2026-03-11T16:01:28+00:00\",\"description\":\"Mobilit\u00e0 scuola 2026: date, requisiti, categorie di docenti e personale ATA, deroghe al vincolo triennale e come presentare domanda.\",\"breadcrumb\":{\"@id\":\"https:\/\/www.docenti.it\/blog\/mobilita-scuola-2026-cosa-cambia-per-docenti-e-personale-ata\/#breadcrumb\"},\"inLanguage\":\"it-IT\",\"potentialAction\":[{\"@type\":\"ReadAction\",\"target\":[\"https:\/\/www.docenti.it\/blog\/mobilita-scuola-2026-cosa-cambia-per-docenti-e-personale-ata\/\"]}]},{\"@type\":\"BreadcrumbList\",\"@id\":\"https:\/\/www.docenti.it\/blog\/mobilita-scuola-2026-cosa-cambia-per-docenti-e-personale-ata\/#breadcrumb\",\"itemListElement\":[{\"@type\":\"ListItem\",\"position\":1,\"name\":\"Home\",\"item\":\"https:\/\/www.docenti.it\/blog\/\"},{\"@type\":\"ListItem\",\"position\":2,\"name\":\"Mobilit\u00e0 scuola 2026: cosa cambia per docenti e personale ATA\"}]},{\"@type\":\"WebSite\",\"@id\":\"https:\/\/www.docenti.it\/blog\/#website\",\"url\":\"https:\/\/www.docenti.it\/blog\/\",\"name\":\"Blog | Docenti.it\",\"description\":\"Tutte le notizie e gli aggiornamenti dal mondo della scuola\",\"publisher\":{\"@id\":\"https:\/\/www.docenti.it\/blog\/#organization\"},\"potentialAction\":[{\"@type\":\"SearchAction\",\"target\":{\"@type\":\"EntryPoint\",\"urlTemplate\":\"https:\/\/www.docenti.it\/blog\/?s={search_term_string}\"},\"query-input\":\"required name=search_term_string\"}],\"inLanguage\":\"it-IT\"},{\"@type\":\"Organization\",\"@id\":\"https:\/\/www.docenti.it\/blog\/#organization\",\"name\":\"Blog | Docenti.it\",\"url\":\"https:\/\/www.docenti.it\/blog\/\",\"logo\":{\"@type\":\"ImageObject\",\"inLanguage\":\"it-IT\",\"@id\":\"https:\/\/www.docenti.it\/blog\/#\/schema\/logo\/image\/\",\"url\":\"https:\/\/www.docenti.it\/blog\/wp-content\/uploads\/2025\/06\/fb_mad_img.png\",\"contentUrl\":\"https:\/\/www.docenti.it\/blog\/wp-content\/uploads\/2025\/06\/fb_mad_img.png\",\"width\":1140,\"height\":620,\"caption\":\"Blog | Docenti.it\"},\"image\":{\"@id\":\"https:\/\/www.docenti.it\/blog\/#\/schema\/logo\/image\/\"},\"sameAs\":[\"https:\/\/www.facebook.com\/docenti.it\"]},{\"@type\":\"Person\",\"@id\":\"https:\/\/www.docenti.it\/blog\/#\/schema\/person\/773963d3c0645bd34c150c41a13e5754\",\"name\":\"Gabriella Capraro\",\"image\":{\"@type\":\"ImageObject\",\"inLanguage\":\"it-IT\",\"@id\":\"https:\/\/www.docenti.it\/blog\/#\/schema\/person\/image\/\",\"url\":\"https:\/\/secure.gravatar.com\/avatar\/17e0ab06bea064a8a7c5bef443cb7153?s=96&d=mm&r=g\",\"contentUrl\":\"https:\/\/secure.gravatar.com\/avatar\/17e0ab06bea064a8a7c5bef443cb7153?s=96&d=mm&r=g\",\"caption\":\"Gabriella Capraro\"},\"description\":\"Copywriter e digital strategist, collabora come articolista e autrice per diverse piattaforme online, spaziando da tematiche scolastiche\/istituzionali a letterarie e musicali.\",\"url\":\"https:\/\/www.docenti.it\/blog\/author\/gcapraro\/\"}]}<\/script>\n<!-- \/ Yoast SEO plugin. -->","yoast_head_json":{"title":"Mobilit\u00e0 scuola 2026: cosa cambia per docenti e personale ATA","description":"Mobilit\u00e0 scuola 2026: date, requisiti, categorie di docenti e personale ATA, deroghe al vincolo triennale e come presentare domanda.","robots":{"index":"index","follow":"follow","max-snippet":"max-snippet:-1","max-image-preview":"max-image-preview:large","max-video-preview":"max-video-preview:-1"},"canonical":"https:\/\/www.docenti.it\/blog\/mobilita-scuola-2026-cosa-cambia-per-docenti-e-personale-ata\/","og_locale":"it_IT","og_type":"article","og_title":"Mobilit\u00e0 scuola 2026: cosa cambia per docenti e personale ATA","og_description":"Mobilit\u00e0 scuola 2026: date, requisiti, categorie di docenti e personale ATA, deroghe al vincolo triennale e come presentare domanda.","og_url":"https:\/\/www.docenti.it\/blog\/mobilita-scuola-2026-cosa-cambia-per-docenti-e-personale-ata\/","og_site_name":"Blog | Docenti.it","article_publisher":"https:\/\/www.facebook.com\/docenti.it","article_published_time":"2026-03-11T16:01:28+00:00","og_image":[{"width":1280,"height":853,"url":"https:\/\/www.docenti.it\/blog\/wp-content\/uploads\/2023\/07\/laptop-g4ab40a908_1280.jpg","type":"image\/jpeg"}],"author":"Gabriella Capraro","twitter_card":"summary_large_image","twitter_misc":{"Written by":"Gabriella Capraro","Est. reading time":"5 minuti"},"schema":{"@context":"https:\/\/schema.org","@graph":[{"@type":"Article","@id":"https:\/\/www.docenti.it\/blog\/mobilita-scuola-2026-cosa-cambia-per-docenti-e-personale-ata\/#article","isPartOf":{"@id":"https:\/\/www.docenti.it\/blog\/mobilita-scuola-2026-cosa-cambia-per-docenti-e-personale-ata\/"},"author":{"name":"Gabriella Capraro","@id":"https:\/\/www.docenti.it\/blog\/#\/schema\/person\/773963d3c0645bd34c150c41a13e5754"},"headline":"Mobilit\u00e0 scuola 2026: cosa cambia per docenti e personale ATA","datePublished":"2026-03-11T16:01:28+00:00","dateModified":"2026-03-11T16:01:28+00:00","mainEntityOfPage":{"@id":"https:\/\/www.docenti.it\/blog\/mobilita-scuola-2026-cosa-cambia-per-docenti-e-personale-ata\/"},"wordCount":955,"commentCount":0,"publisher":{"@id":"https:\/\/www.docenti.it\/blog\/#organization"},"keywords":["mobilit\u00e0 docenti","mobilit\u00e0 domanda","mobilit\u00e0 scolastica","mobilit\u00e0 scuola 2026","procedura di mobilit\u00e0"],"articleSection":["FAQ","News"],"inLanguage":"it-IT","potentialAction":[{"@type":"CommentAction","name":"Comment","target":["https:\/\/www.docenti.it\/blog\/mobilita-scuola-2026-cosa-cambia-per-docenti-e-personale-ata\/#respond"]}]},{"@type":"WebPage","@id":"https:\/\/www.docenti.it\/blog\/mobilita-scuola-2026-cosa-cambia-per-docenti-e-personale-ata\/","url":"https:\/\/www.docenti.it\/blog\/mobilita-scuola-2026-cosa-cambia-per-docenti-e-personale-ata\/","name":"Mobilit\u00e0 scuola 2026: cosa cambia per docenti e personale ATA","isPartOf":{"@id":"https:\/\/www.docenti.it\/blog\/#website"},"datePublished":"2026-03-11T16:01:28+00:00","dateModified":"2026-03-11T16:01:28+00:00","description":"Mobilit\u00e0 scuola 2026: date, requisiti, categorie di docenti e personale ATA, deroghe al vincolo triennale e come presentare domanda.","breadcrumb":{"@id":"https:\/\/www.docenti.it\/blog\/mobilita-scuola-2026-cosa-cambia-per-docenti-e-personale-ata\/#breadcrumb"},"inLanguage":"it-IT","potentialAction":[{"@type":"ReadAction","target":["https:\/\/www.docenti.it\/blog\/mobilita-scuola-2026-cosa-cambia-per-docenti-e-personale-ata\/"]}]},{"@type":"BreadcrumbList","@id":"https:\/\/www.docenti.it\/blog\/mobilita-scuola-2026-cosa-cambia-per-docenti-e-personale-ata\/#breadcrumb","itemListElement":[{"@type":"ListItem","position":1,"name":"Home","item":"https:\/\/www.docenti.it\/blog\/"},{"@type":"ListItem","position":2,"name":"Mobilit\u00e0 scuola 2026: cosa cambia per docenti e personale ATA"}]},{"@type":"WebSite","@id":"https:\/\/www.docenti.it\/blog\/#website","url":"https:\/\/www.docenti.it\/blog\/","name":"Blog | Docenti.it","description":"Tutte le notizie e gli aggiornamenti dal mondo della scuola","publisher":{"@id":"https:\/\/www.docenti.it\/blog\/#organization"},"potentialAction":[{"@type":"SearchAction","target":{"@type":"EntryPoint","urlTemplate":"https:\/\/www.docenti.it\/blog\/?s={search_term_string}"},"query-input":"required name=search_term_string"}],"inLanguage":"it-IT"},{"@type":"Organization","@id":"https:\/\/www.docenti.it\/blog\/#organization","name":"Blog | Docenti.it","url":"https:\/\/www.docenti.it\/blog\/","logo":{"@type":"ImageObject","inLanguage":"it-IT","@id":"https:\/\/www.docenti.it\/blog\/#\/schema\/logo\/image\/","url":"https:\/\/www.docenti.it\/blog\/wp-content\/uploads\/2025\/06\/fb_mad_img.png","contentUrl":"https:\/\/www.docenti.it\/blog\/wp-content\/uploads\/2025\/06\/fb_mad_img.png","width":1140,"height":620,"caption":"Blog | Docenti.it"},"image":{"@id":"https:\/\/www.docenti.it\/blog\/#\/schema\/logo\/image\/"},"sameAs":["https:\/\/www.facebook.com\/docenti.it"]},{"@type":"Person","@id":"https:\/\/www.docenti.it\/blog\/#\/schema\/person\/773963d3c0645bd34c150c41a13e5754","name":"Gabriella Capraro","image":{"@type":"ImageObject","inLanguage":"it-IT","@id":"https:\/\/www.docenti.it\/blog\/#\/schema\/person\/image\/","url":"https:\/\/secure.gravatar.com\/avatar\/17e0ab06bea064a8a7c5bef443cb7153?s=96&d=mm&r=g","contentUrl":"https:\/\/secure.gravatar.com\/avatar\/17e0ab06bea064a8a7c5bef443cb7153?s=96&d=mm&r=g","caption":"Gabriella Capraro"},"description":"Copywriter e digital strategist, collabora come articolista e autrice per diverse piattaforme online, spaziando da tematiche scolastiche\/istituzionali a letterarie e musicali.","url":"https:\/\/www.docenti.it\/blog\/author\/gcapraro\/"}]}},"_links":{"self":[{"href":"https:\/\/www.docenti.it\/blog\/wp-json\/wp\/v2\/posts\/47479"}],"collection":[{"href":"https:\/\/www.docenti.it\/blog\/wp-json\/wp\/v2\/posts"}],"about":[{"href":"https:\/\/www.docenti.it\/blog\/wp-json\/wp\/v2\/types\/post"}],"author":[{"embeddable":true,"href":"https:\/\/www.docenti.it\/blog\/wp-json\/wp\/v2\/users\/25"}],"replies":[{"embeddable":true,"href":"https:\/\/www.docenti.it\/blog\/wp-json\/wp\/v2\/comments?post=47479"}],"version-history":[{"count":1,"href":"https:\/\/www.docenti.it\/blog\/wp-json\/wp\/v2\/posts\/47479\/revisions"}],"predecessor-version":[{"id":47480,"href":"https:\/\/www.docenti.it\/blog\/wp-json\/wp\/v2\/posts\/47479\/revisions\/47480"}],"wp:featuredmedia":[{"embeddable":true,"href":"https:\/\/www.docenti.it\/blog\/wp-json\/wp\/v2\/media\/45263"}],"wp:attachment":[{"href":"https:\/\/www.docenti.it\/blog\/wp-json\/wp\/v2\/media?parent=47479"}],"wp:term":[{"taxonomy":"category","embeddable":true,"href":"https:\/\/www.docenti.it\/blog\/wp-json\/wp\/v2\/categories?post=47479"},{"taxonomy":"post_tag","embeddable":true,"href":"https:\/\/www.docenti.it\/blog\/wp-json\/wp\/v2\/tags?post=47479"}],"curies":[{"name":"wp","href":"https:\/\/api.w.org\/{rel}","templated":true}]}}